{"id":244945,"date":"2020-11-27T22:56:25","date_gmt":"2020-11-27T21:56:25","guid":{"rendered":"https:\/\/acefootball.com\/da\/?p=244945"},"modified":"2020-11-27T22:58:11","modified_gmt":"2020-11-27T21:58:11","slug":"barcelona-stjerne-droemmer-om-at-blive-praesident","status":"publish","type":"post","link":"https:\/\/acefootball.com\/da\/fodboldnyheder\/barcelona-stjerne-droemmer-om-at-blive-praesident\/","title":{"rendered":"Barcelona-stjerne dr\u00f8mmer om at blive pr\u00e6sident"},"content":{"rendered":"\n<h2 id=\"h-gerard-piqu-dr-mmer-om-at-blive-pr-sident-i-sit-elskede-fc-barcelona-men-om-det-nogensinde-bliver-aktuelt-er-en-anden-snak\">Gerard Piqu\u00e9 dr\u00f8mmer om at blive pr\u00e6sident i sit elskede FC Barcelona, men om det nogensinde bliver aktuelt er en anden snak<\/h2>\n\n\n\n<p>Der er et pr\u00e6sidentvalg p\u00e5 trapperne i FC Barcelona, efter Josep Bartomeu forlod posten tidligere p\u00e5 efter\u00e5ret, og de forskellige kandidater er i denne tid ved at freml\u00e6gge deres valgprogram.<\/p>\n\n\n\n<p>Hvem der tager over for Bartomeu ved valget i januar er ikke til at vide, men i fremtiden kan klubben m\u00e5ske komme i h\u00e6nderne p\u00e5 en af de store helte.<\/p>\n\n\n\n<p>Gerard Piqu\u00e9 fort\u00e6ller nemlig i programmet Zombados, at han dr\u00f8mmer om at sidde p\u00e5 tronen i Barcelona.<\/p>\n\n\n\n<p>&#8220;Man ved aldrig. Jeg er stor Barcelona-fan, og det ville gl\u00e6de mig at hj\u00e6lpe min hjerteklub, s\u00e5 godt jeg kan. Jeg m\u00e5 v\u00e6re godt forberedt for at tage s\u00e5dan en stilling.&#8221;<\/p>\n\n\n\n<div class=\"wp-block-si-widget wp-block-si-widget--center\"><si-lb-widget widget-id=\"PlayerSeasonStatsSnap\" data-hide-controls=\"false\" width=\"440\" data-player-id=\"37482\" data-card=\"true\" data-theme-appearance=\"dark\"><\/si-lb-widget><\/div>\n\n\n\n<p>&#8220;Hvis jeg en dag oplever, at jeg virkelig kan hj\u00e6lpe klubben, vil jeg g\u00f8re det. Hvis ikke, lader jeg v\u00e6re. Det er en dr\u00f8m, jeg altid har haft, men jeg ved ikke, om det kommer til at ske,&#8221; udtaler Piqu\u00e9 if\u00f8lge <a href=\"https:\/\/www.sport.es\/es\/noticias\/barca\/pique-siempre-hay-esperanza-para-que-messi-siga-barca-8224759\" target=\"_blank\" rel=\"noreferrer noopener\">Sport<\/a>.<\/p>\n\n\n\n<p>Den 33-stopper m\u00e5 dog vente nogle \u00e5r endnu med at stille op, da det ikke er muligt som spiller.<\/p>\n\n\n\n<p>I \u00f8jeblikket m\u00e5 Piqu\u00e9 fokusere p\u00e5 at komme sig over en alvorlig kn\u00e6skade, der formentlig holder ham ude i det meste af s\u00e6sonen.<\/p>\n","protected":false},"excerpt":{"rendered":"<p>Gerard Piqu\u00e9 dr\u00f8mmer om at blive pr\u00e6sident i sit elskede FC Barcelona, men om det nogensinde bliver aktuelt er en anden snak<\/p>\n","protected":false},"author":705,"featured_media":244946,"comment_status":"open","ping_status":"closed","sticky":false,"template":"","format":"standard","meta":{"om_disable_all_campaigns":false,"push_articles_ronaldo":{"active":false,"canonical":0,"publish":false},"force_updates":null},"categories":[8204],"tags":[41,412,303],"enet_tags":{"team":["8634"],"player":["37482"],"league":["87"],"sport_events":[]},"yoast_head":"<!-- This site is optimized with the Yoast SEO plugin v18.3 - https:\/\/yoast.com\/wordpress\/plugins\/seo\/ -->\n<title>Barcelona-stjerne dr\u00f8mmer om at blive pr\u00e6sident<\/title>\n<meta name=\"description\" content=\"Gerard Piqu\u00e9 dr\u00f8mmer om at blive pr\u00e6sident i sit elskede FC Barcelona, men om det nogensinde bliver aktuelt er en anden snak\" \/>\n<meta name=\"robots\" content=\"index, follow, max-snippet:-1, max-image-preview:large, max-video-preview:-1\" \/>\n<link rel=\"canonical\" href=\"https:\/\/acefootball.com\/da\/fodboldnyheder\/barcelona-stjerne-droemmer-om-at-blive-praesident\/\" \/>\n<meta property=\"og:locale\" content=\"en_US\" \/>\n<meta property=\"og:type\" content=\"article\" \/>\n<meta property=\"og:title\" content=\"Barcelona-stjerne dr\u00f8mmer om at blive pr\u00e6sident\" \/>\n<meta property=\"og:description\" content=\"Gerard Piqu\u00e9 dr\u00f8mmer om at blive pr\u00e6sident i sit elskede FC Barcelona, men om det nogensinde bliver aktuelt er en anden snak\" \/>\n<meta property=\"og:url\" content=\"https:\/\/acefootball.com\/da\/fodboldnyheder\/barcelona-stjerne-droemmer-om-at-blive-praesident\/\" \/>\n<meta property=\"og:site_name\" content=\"Ace Football Danmark\" \/>\n<meta property=\"article:publisher\" content=\"https:\/\/www.facebook.com\/acefootballdk\" \/>\n<meta property=\"article:published_time\" content=\"2020-11-27T21:56:25+00:00\" \/>\n<meta property=\"article:modified_time\" content=\"2020-11-27T21:58:11+00:00\" \/>\n<meta property=\"og:image\" content=\"https:\/\/acefootball.com\/da\/wp-content\/uploads\/sites\/2\/2020\/11\/Ace-9-10.jpg\" \/>\n\t<meta property=\"og:image:width\" content=\"1920\" \/>\n\t<meta property=\"og:image:height\" content=\"1008\" \/>\n\t<meta property=\"og:image:type\" content=\"image\/jpeg\" \/>\n<meta name=\"twitter:card\" content=\"summary_large_image\" \/>\n<meta name=\"twitter:label1\" content=\"Written by\" \/>\n\t<meta name=\"twitter:data1\" content=\"Mads Dreyer\" \/>\n\t<meta name=\"twitter:label2\" content=\"Est. reading time\" \/>\n\t<meta name=\"twitter:data2\" content=\"1 minute\" \/>\n<script type=\"application\/ld+json\" class=\"yoast-schema-graph\">{\"@context\":\"https:\/\/schema.org\",\"@graph\":[{\"@type\":\"Organization\",\"@id\":\"https:\/\/acefootball.com\/da\/#organization\",\"name\":\"Ace Football\",\"url\":\"https:\/\/acefootball.com\/da\/\",\"sameAs\":[\"https:\/\/www.facebook.com\/acefootballdk\"],\"logo\":{\"@type\":\"ImageObject\",\"@id\":\"https:\/\/acefootball.com\/da\/#logo\",\"inLanguage\":\"en-US\",\"url\":\"https:\/\/acefootball.com\/da\/wp-content\/uploads\/sites\/2\/2020\/07\/Ace-Football-30-07-2020-2.png\",\"contentUrl\":\"https:\/\/acefootball.com\/da\/wp-content\/uploads\/sites\/2\/2020\/07\/Ace-Football-30-07-2020-2.png\",\"width\":1200,\"height\":600,\"caption\":\"Ace Football\"},\"image\":{\"@id\":\"https:\/\/acefootball.com\/da\/#logo\"}},{\"@type\":\"WebSite\",\"@id\":\"https:\/\/acefootball.com\/da\/#website\",\"url\":\"https:\/\/acefootball.com\/da\/\",\"name\":\"Ace Football Danmark\",\"description\":\"Nyheder, Spiltips &amp; Livescore\",\"publisher\":{\"@id\":\"https:\/\/acefootball.com\/da\/#organization\"},\"potentialAction\":[{\"@type\":\"SearchAction\",\"target\":{\"@type\":\"EntryPoint\",\"urlTemplate\":\"https:\/\/acefootball.com\/da\/?s={search_term_string}\"},\"query-input\":\"required name=search_term_string\"}],\"inLanguage\":\"en-US\"},{\"@type\":\"ImageObject\",\"@id\":\"https:\/\/acefootball.com\/da\/fodboldnyheder\/barcelona-stjerne-droemmer-om-at-blive-praesident\/#primaryimage\",\"inLanguage\":\"en-US\",\"url\":\"https:\/\/acefootball.com\/da\/wp-content\/uploads\/sites\/2\/2020\/11\/Ace-9-10.jpg\",\"contentUrl\":\"https:\/\/acefootball.com\/da\/wp-content\/uploads\/sites\/2\/2020\/11\/Ace-9-10.jpg\",\"width\":1920,\"height\":1008},{\"@type\":\"WebPage\",\"@id\":\"https:\/\/acefootball.com\/da\/fodboldnyheder\/barcelona-stjerne-droemmer-om-at-blive-praesident\/#webpage\",\"url\":\"https:\/\/acefootball.com\/da\/fodboldnyheder\/barcelona-stjerne-droemmer-om-at-blive-praesident\/\",\"name\":\"Barcelona-stjerne dr\u00f8mmer om at blive pr\u00e6sident\",\"isPartOf\":{\"@id\":\"https:\/\/acefootball.com\/da\/#website\"},\"primaryImageOfPage\":{\"@id\":\"https:\/\/acefootball.com\/da\/fodboldnyheder\/barcelona-stjerne-droemmer-om-at-blive-praesident\/#primaryimage\"},\"datePublished\":\"2020-11-27T21:56:25+00:00\",\"dateModified\":\"2020-11-27T21:58:11+00:00\",\"description\":\"Gerard Piqu\u00e9 dr\u00f8mmer om at blive pr\u00e6sident i sit elskede FC Barcelona, men om det nogensinde bliver aktuelt er en anden snak\",\"breadcrumb\":{\"@id\":\"https:\/\/acefootball.com\/da\/fodboldnyheder\/barcelona-stjerne-droemmer-om-at-blive-praesident\/#breadcrumb\"},\"inLanguage\":\"en-US\",\"potentialAction\":[{\"@type\":\"ReadAction\",\"target\":[\"https:\/\/acefootball.com\/da\/fodboldnyheder\/barcelona-stjerne-droemmer-om-at-blive-praesident\/\"]}]},{\"@type\":\"BreadcrumbList\",\"@id\":\"https:\/\/acefootball.com\/da\/fodboldnyheder\/barcelona-stjerne-droemmer-om-at-blive-praesident\/#breadcrumb\",\"itemListElement\":[{\"@type\":\"ListItem\",\"position\":1,\"name\":\"Home\",\"item\":\"https:\/\/acefootball.com\/da\/\"},{\"@type\":\"ListItem\",\"position\":2,\"name\":\"Barcelona-stjerne dr\u00f8mmer om at blive pr\u00e6sident\"}]},{\"@type\":\"Article\",\"@id\":\"https:\/\/acefootball.com\/da\/fodboldnyheder\/barcelona-stjerne-droemmer-om-at-blive-praesident\/#article\",\"isPartOf\":{\"@id\":\"https:\/\/acefootball.com\/da\/fodboldnyheder\/barcelona-stjerne-droemmer-om-at-blive-praesident\/#webpage\"},\"author\":{\"@id\":\"https:\/\/acefootball.com\/da\/#\/schema\/person\/ee67e9cf04a276f144100ffa722f10cd\"},\"headline\":\"Barcelona-stjerne dr\u00f8mmer om at blive pr\u00e6sident\",\"datePublished\":\"2020-11-27T21:56:25+00:00\",\"dateModified\":\"2020-11-27T21:58:11+00:00\",\"mainEntityOfPage\":{\"@id\":\"https:\/\/acefootball.com\/da\/fodboldnyheder\/barcelona-stjerne-droemmer-om-at-blive-praesident\/#webpage\"},\"wordCount\":242,\"commentCount\":0,\"publisher\":{\"@id\":\"https:\/\/acefootball.com\/da\/#organization\"},\"image\":{\"@id\":\"https:\/\/acefootball.com\/da\/fodboldnyheder\/barcelona-stjerne-droemmer-om-at-blive-praesident\/#primaryimage\"},\"thumbnailUrl\":\"https:\/\/acefootball.com\/da\/wp-content\/uploads\/sites\/2\/2020\/11\/GettyImages-1249549504.jpg\",\"keywords\":[\"FC Barcelona\",\"Gerard Piqu\u00e9\",\"La Liga\"],\"articleSection\":[\"Udtalelse\"],\"inLanguage\":\"en-US\",\"potentialAction\":[{\"@type\":\"CommentAction\",\"name\":\"Comment\",\"target\":[\"https:\/\/acefootball.com\/da\/fodboldnyheder\/barcelona-stjerne-droemmer-om-at-blive-praesident\/#respond\"]}]},{\"@type\":\"Person\",\"@id\":\"https:\/\/acefootball.com\/da\/#\/schema\/person\/ee67e9cf04a276f144100ffa722f10cd\",\"name\":\"Mads Dreyer\",\"image\":{\"@type\":\"ImageObject\",\"@id\":\"https:\/\/acefootball.com\/da\/#personlogo\",\"inLanguage\":\"en-US\",\"url\":\"https:\/\/secure.gravatar.com\/avatar\/7c7abf72cfde9902b6a60efe60c88d4c?s=96&d=mm&r=g\",\"contentUrl\":\"https:\/\/secure.gravatar.com\/avatar\/7c7abf72cfde9902b6a60efe60c88d4c?s=96&d=mm&r=g\",\"caption\":\"Mads Dreyer\"},\"description\":\"Skribent og fodboldn\u00f8rd, der lige nu fort\u00e6ller om alt og intet i fodboldverdenen p\u00e5 acefootball.com. Uddannet i kommunikation fra Aalborg Universitet.\",\"sameAs\":[\"https:\/\/www.linkedin.com\/in\/mads-dreyer-b9b08266\/\"],\"url\":\"https:\/\/acefootball.com\/da\/fodboldnyheder\/author\/mdnronaldo\/\"}]}<\/script>\n<!-- \/ Yoast SEO plugin. -->","yoast_head_json":{"title":"Barcelona-stjerne dr\u00f8mmer om at blive pr\u00e6sident","description":"Gerard Piqu\u00e9 dr\u00f8mmer om at blive pr\u00e6sident i sit elskede FC Barcelona, men om det nogensinde bliver aktuelt er en anden snak","robots":{"index":"index","follow":"follow","max-snippet":"max-snippet:-1","max-image-preview":"max-image-preview:large","max-video-preview":"max-video-preview:-1"},"canonical":"https:\/\/acefootball.com\/da\/fodboldnyheder\/barcelona-stjerne-droemmer-om-at-blive-praesident\/","og_locale":"en_US","og_type":"article","og_title":"Barcelona-stjerne dr\u00f8mmer om at blive pr\u00e6sident","og_description":"Gerard Piqu\u00e9 dr\u00f8mmer om at blive pr\u00e6sident i sit elskede FC Barcelona, men om det nogensinde bliver aktuelt er en anden snak","og_url":"https:\/\/acefootball.com\/da\/fodboldnyheder\/barcelona-stjerne-droemmer-om-at-blive-praesident\/","og_site_name":"Ace Football Danmark","article_publisher":"https:\/\/www.facebook.com\/acefootballdk","article_published_time":"2020-11-27T21:56:25+00:00","article_modified_time":"2020-11-27T21:58:11+00:00","og_image":[{"width":1920,"height":1008,"url":"https:\/\/acefootball.com\/da\/wp-content\/uploads\/sites\/2\/2020\/11\/Ace-9-10.jpg","type":"image\/jpeg"}],"twitter_card":"summary_large_image","twitter_misc":{"Written by":"Mads Dreyer","Est. reading time":"1 minute"},"schema":{"@context":"https:\/\/schema.org","@graph":[{"@type":"Organization","@id":"https:\/\/acefootball.com\/da\/#organization","name":"Ace Football","url":"https:\/\/acefootball.com\/da\/","sameAs":["https:\/\/www.facebook.com\/acefootballdk"],"logo":{"@type":"ImageObject","@id":"https:\/\/acefootball.com\/da\/#logo","inLanguage":"en-US","url":"https:\/\/acefootball.com\/da\/wp-content\/uploads\/sites\/2\/2020\/07\/Ace-Football-30-07-2020-2.png","contentUrl":"https:\/\/acefootball.com\/da\/wp-content\/uploads\/sites\/2\/2020\/07\/Ace-Football-30-07-2020-2.png","width":1200,"height":600,"caption":"Ace Football"},"image":{"@id":"https:\/\/acefootball.com\/da\/#logo"}},{"@type":"WebSite","@id":"https:\/\/acefootball.com\/da\/#website","url":"https:\/\/acefootball.com\/da\/","name":"Ace Football Danmark","description":"Nyheder, Spiltips &amp; Livescore","publisher":{"@id":"https:\/\/acefootball.com\/da\/#organization"},"potentialAction":[{"@type":"SearchAction","target":{"@type":"EntryPoint","urlTemplate":"https:\/\/acefootball.com\/da\/?s={search_term_string}"},"query-input":"required name=search_term_string"}],"inLanguage":"en-US"},{"@type":"ImageObject","@id":"https:\/\/acefootball.com\/da\/fodboldnyheder\/barcelona-stjerne-droemmer-om-at-blive-praesident\/#primaryimage","inLanguage":"en-US","url":"https:\/\/acefootball.com\/da\/wp-content\/uploads\/sites\/2\/2020\/11\/Ace-9-10.jpg","contentUrl":"https:\/\/acefootball.com\/da\/wp-content\/uploads\/sites\/2\/2020\/11\/Ace-9-10.jpg","width":1920,"height":1008},{"@type":"WebPage","@id":"https:\/\/acefootball.com\/da\/fodboldnyheder\/barcelona-stjerne-droemmer-om-at-blive-praesident\/#webpage","url":"https:\/\/acefootball.com\/da\/fodboldnyheder\/barcelona-stjerne-droemmer-om-at-blive-praesident\/","name":"Barcelona-stjerne dr\u00f8mmer om at blive pr\u00e6sident","isPartOf":{"@id":"https:\/\/acefootball.com\/da\/#website"},"primaryImageOfPage":{"@id":"https:\/\/acefootball.com\/da\/fodboldnyheder\/barcelona-stjerne-droemmer-om-at-blive-praesident\/#primaryimage"},"datePublished":"2020-11-27T21:56:25+00:00","dateModified":"2020-11-27T21:58:11+00:00","description":"Gerard Piqu\u00e9 dr\u00f8mmer om at blive pr\u00e6sident i sit elskede FC Barcelona, men om det nogensinde bliver aktuelt er en anden snak","breadcrumb":{"@id":"https:\/\/acefootball.com\/da\/fodboldnyheder\/barcelona-stjerne-droemmer-om-at-blive-praesident\/#breadcrumb"},"inLanguage":"en-US","potentialAction":[{"@type":"ReadAction","target":["https:\/\/acefootball.com\/da\/fodboldnyheder\/barcelona-stjerne-droemmer-om-at-blive-praesident\/"]}]},{"@type":"BreadcrumbList","@id":"https:\/\/acefootball.com\/da\/fodboldnyheder\/barcelona-stjerne-droemmer-om-at-blive-praesident\/#breadcrumb","itemListElement":[{"@type":"ListItem","position":1,"name":"Home","item":"https:\/\/acefootball.com\/da\/"},{"@type":"ListItem","position":2,"name":"Barcelona-stjerne dr\u00f8mmer om at blive pr\u00e6sident"}]},{"@type":"Article","@id":"https:\/\/acefootball.com\/da\/fodboldnyheder\/barcelona-stjerne-droemmer-om-at-blive-praesident\/#article","isPartOf":{"@id":"https:\/\/acefootball.com\/da\/fodboldnyheder\/barcelona-stjerne-droemmer-om-at-blive-praesident\/#webpage"},"author":{"@id":"https:\/\/acefootball.com\/da\/#\/schema\/person\/ee67e9cf04a276f144100ffa722f10cd"},"headline":"Barcelona-stjerne dr\u00f8mmer om at blive pr\u00e6sident","datePublished":"2020-11-27T21:56:25+00:00","dateModified":"2020-11-27T21:58:11+00:00","mainEntityOfPage":{"@id":"https:\/\/acefootball.com\/da\/fodboldnyheder\/barcelona-stjerne-droemmer-om-at-blive-praesident\/#webpage"},"wordCount":242,"commentCount":0,"publisher":{"@id":"https:\/\/acefootball.com\/da\/#organization"},"image":{"@id":"https:\/\/acefootball.com\/da\/fodboldnyheder\/barcelona-stjerne-droemmer-om-at-blive-praesident\/#primaryimage"},"thumbnailUrl":"https:\/\/acefootball.com\/da\/wp-content\/uploads\/sites\/2\/2020\/11\/GettyImages-1249549504.jpg","keywords":["FC Barcelona","Gerard Piqu\u00e9","La Liga"],"articleSection":["Udtalelse"],"inLanguage":"en-US","potentialAction":[{"@type":"CommentAction","name":"Comment","target":["https:\/\/acefootball.com\/da\/fodboldnyheder\/barcelona-stjerne-droemmer-om-at-blive-praesident\/#respond"]}]},{"@type":"Person","@id":"https:\/\/acefootball.com\/da\/#\/schema\/person\/ee67e9cf04a276f144100ffa722f10cd","name":"Mads Dreyer","image":{"@type":"ImageObject","@id":"https:\/\/acefootball.com\/da\/#personlogo","inLanguage":"en-US","url":"https:\/\/secure.gravatar.com\/avatar\/7c7abf72cfde9902b6a60efe60c88d4c?s=96&d=mm&r=g","contentUrl":"https:\/\/secure.gravatar.com\/avatar\/7c7abf72cfde9902b6a60efe60c88d4c?s=96&d=mm&r=g","caption":"Mads Dreyer"},"description":"Skribent og fodboldn\u00f8rd, der lige nu fort\u00e6ller om alt og intet i fodboldverdenen p\u00e5 acefootball.com. Uddannet i kommunikation fra Aalborg Universitet.","sameAs":["https:\/\/www.linkedin.com\/in\/mads-dreyer-b9b08266\/"],"url":"https:\/\/acefootball.com\/da\/fodboldnyheder\/author\/mdnronaldo\/"}]}},"fimg_url":"https:\/\/acefootball.com\/da\/wp-content\/uploads\/sites\/2\/2020\/11\/GettyImages-1249549504.jpg","_links":{"self":[{"href":"https:\/\/acefootball.com\/da\/wp-json\/wp\/v2\/posts\/244945"}],"collection":[{"href":"https:\/\/acefootball.com\/da\/wp-json\/wp\/v2\/posts"}],"about":[{"href":"https:\/\/acefootball.com\/da\/wp-json\/wp\/v2\/types\/post"}],"author":[{"embeddable":true,"href":"https:\/\/acefootball.com\/da\/wp-json\/wp\/v2\/users\/705"}],"replies":[{"embeddable":true,"href":"https:\/\/acefootball.com\/da\/wp-json\/wp\/v2\/comments?post=244945"}],"version-history":[{"count":0,"href":"https:\/\/acefootball.com\/da\/wp-json\/wp\/v2\/posts\/244945\/revisions"}],"wp:featuredmedia":[{"embeddable":true,"href":"https:\/\/acefootball.com\/da\/wp-json\/wp\/v2\/media\/244946"}],"wp:attachment":[{"href":"https:\/\/acefootball.com\/da\/wp-json\/wp\/v2\/media?parent=244945"}],"wp:term":[{"taxonomy":"category","embeddable":true,"href":"https:\/\/acefootball.com\/da\/wp-json\/wp\/v2\/categories?post=244945"},{"taxonomy":"post_tag","embeddable":true,"href":"https:\/\/acefootball.com\/da\/wp-json\/wp\/v2\/tags?post=244945"}],"curies":[{"name":"wp","href":"https:\/\/api.w.org\/{rel}","templated":true}]}}