{"id":244820,"date":"2020-11-26T22:11:52","date_gmt":"2020-11-26T21:11:52","guid":{"rendered":"https:\/\/acefootball.com\/da\/?p=244820"},"modified":"2020-11-26T22:11:53","modified_gmt":"2020-11-26T21:11:53","slug":"praesidentkandidat-i-barcelona-med-vilde-loefter-om-messi-og-neymar","status":"publish","type":"post","link":"https:\/\/acefootball.com\/da\/fodboldnyheder\/praesidentkandidat-i-barcelona-med-vilde-loefter-om-messi-og-neymar\/","title":{"rendered":"Pr\u00e6sidentkandidat i Barcelona med vilde l\u00f8fter om Messi og Neymar"},"content":{"rendered":"\n<h2 id=\"h-emili-rousaud-er-kommet-med-lidt-af-nogle-l-fter-til-fansene-hvis-han-bliver-valgt-som-ny-pr-sident-i-fc-barcelona\">Emili Rousaud er kommet med lidt af nogle l\u00f8fter til fansene, hvis han bliver valgt som ny pr\u00e6sident i FC Barcelona<\/h2>\n\n\n\n<p>Om godt og vel to m\u00e5neder er der nyt pr\u00e6sidentvalg i FC Barcelona, efter Josep Bartomeu langt om l\u00e6nge trak stikket.<\/p>\n\n\n\n<p>I januar skal klubbens medlemmer til urnerne for at finde den nye mand i spidsen, og de forskellige kandidater er derfor lige nu i gang med salgstalerne.<\/p>\n\n\n\n<p>Her er den tidligere vicepr\u00e6sident, Emili Rousaud, i blandt, og han har torsdag fremlagt sine valgl\u00f8fter, der m\u00e5 siges at v\u00e6re ganske st\u00e6rke.<\/p>\n\n\n\n<p>Det store emne er selvf\u00f8lgelig Lionel Messi, der formentlig stadig leger med tanken om at forlade Barcelona, n\u00e5r kontrakten l\u00f8ber ud n\u00e6ste sommer, men Rousaud m\u00e5 siges at g\u00f8re, hvad kan kan for at holde p\u00e5 argentineren.<\/p>\n\n\n\n<p>Han vil nemlig, i tilf\u00e6lde af at blive valgt, gennemf\u00f8re en afstemning om, hvorvidt hjemmebanen Camp Nou skal have tilnavnet &#8216;Leo Messi&#8217;.<\/p>\n\n\n\n<figure class=\"wp-block-embed-twitter wp-block-embed is-type-rich is-provider-twitter\"><div class=\"wp-block-embed__wrapper\">\n<blockquote class=\"twitter-tweet\" data-width=\"550\" data-dnt=\"true\"><p lang=\"en\" dir=\"ltr\">This afternoon, Emili Rousaud presented himself as a pre-candidate for the upcoming Presidency elections. He bets on the return of Neymar and he wants to hold a referendum about changing the name of the Camp Nou. He wants to name it &#39;Camp Nou Leo Messi&#39;. [cat radio] <a href=\"https:\/\/t.co\/segFTi3NyH\">pic.twitter.com\/segFTi3NyH<\/a><\/p>&mdash; barcacentre (@barcacentre) <a href=\"https:\/\/twitter.com\/barcacentre\/status\/1331943214929104896?ref_src=twsrc%5Etfw\">November 26, 2020<\/a><\/blockquote><script async src=\"https:\/\/platform.twitter.com\/widgets.js\" charset=\"utf-8\"><\/script>\n<\/div><\/figure>\n\n\n\n<p>Det ville uden tvivl v\u00e6re en stor \u00e6re for Barcelona-kaptajnen, der meget vel kan f\u00f8le sig presset til at blive i klubben, hvis han ender med at l\u00e6gge navn til arenaen.<\/p>\n\n\n\n<p>Ud over Messi er Rousaud dog ogs\u00e5 kommet med et andet interessant l\u00f8fte, der omhandler holdets tidligere spiller Neymar.<\/p>\n\n\n\n<p>If\u00f8lge planen vil pr\u00e6sidentkandidaten nemlig fors\u00f8ge at hente brasilianeren tilbage p\u00e5 adressen. Det er dog ikke f\u00f8rste gang, en pr\u00e6sident har fors\u00f8gt sig, og der k\u00f8rer ogs\u00e5 fortsat en retssag mellem netop Neymar og Barcelona.<\/p>\n\n\n\n<p>Der er dog rygter om, at PSG godt kunne v\u00e6re indstillet p\u00e5 at sende driblekongen videre. L\u00e6s mere om dette herunder.<\/p>\n\n\n\n<figure class=\"wp-block-embed-wordpress wp-block-embed is-type-wp-embed is-provider-ace-football-danmark\"><div class=\"wp-block-embed__wrapper\">\n<blockquote class=\"wp-embedded-content\" data-secret=\"R6JVmu6Eb4\"><a href=\"https:\/\/acefootball.com\/da\/fodboldnyheder\/medie-psg-vil-bruge-penge-fra-neymar-salg-paa-at-forlaenge-med-mbappe\/\">Medie: PSG vil bruge penge fra Neymar-salg p\u00e5 at forl\u00e6nge med Mbapp\u00e9<\/a><\/blockquote><iframe class=\"wp-embedded-content\" sandbox=\"allow-scripts\" security=\"restricted\" style=\"position: absolute; clip: rect(1px, 1px, 1px, 1px);\" title=\"&#8220;Medie: PSG vil bruge penge fra Neymar-salg p\u00e5 at forl\u00e6nge med Mbapp\u00e9&#8221; &#8212; Ace Football Danmark\" src=\"https:\/\/acefootball.com\/da\/fodboldnyheder\/medie-psg-vil-bruge-penge-fra-neymar-salg-paa-at-forlaenge-med-mbappe\/embed\/#?secret=R6JVmu6Eb4\" data-secret=\"R6JVmu6Eb4\" width=\"600\" height=\"338\" frameborder=\"0\" marginwidth=\"0\" marginheight=\"0\" scrolling=\"no\"><\/iframe>\n<\/div><\/figure>\n","protected":false},"excerpt":{"rendered":"<p>Emili Rousaud er kommet med lidt af nogle l\u00f8fter til fansene, hvis han bliver valgt som ny pr\u00e6sident i FC Barcelona<\/p>\n","protected":false},"author":705,"featured_media":238470,"comment_status":"open","ping_status":"closed","sticky":false,"template":"","format":"standard","meta":{"om_disable_all_campaigns":false,"push_articles_ronaldo":{"active":false,"canonical":0,"publish":false},"force_updates":null},"categories":[1],"tags":[41,303,270,189,461],"enet_tags":{"team":["8634","9847"],"league":["87"],"player":["30981","19533"],"sport_events":[]},"yoast_head":"<!-- This site is optimized with the Yoast SEO plugin v18.3 - https:\/\/yoast.com\/wordpress\/plugins\/seo\/ -->\n<title>Pr\u00e6sidentkandidat i Barcelona med vilde l\u00f8fter om Messi og Neymar<\/title>\n<meta name=\"description\" content=\"Emili Rousaud er kommet med lidt af nogle l\u00f8fter til fansene, hvis han bliver valgt som ny pr\u00e6sident i FC Barcelona\" \/>\n<meta name=\"robots\" content=\"index, follow, max-snippet:-1, max-image-preview:large, max-video-preview:-1\" \/>\n<link rel=\"canonical\" href=\"https:\/\/acefootball.com\/da\/fodboldnyheder\/praesidentkandidat-i-barcelona-med-vilde-loefter-om-messi-og-neymar\/\" \/>\n<meta property=\"og:locale\" content=\"en_US\" \/>\n<meta property=\"og:type\" content=\"article\" \/>\n<meta property=\"og:title\" content=\"Pr\u00e6sidentkandidat i Barcelona med vilde l\u00f8fter om Messi og Neymar\" \/>\n<meta property=\"og:description\" content=\"Emili Rousaud er kommet med lidt af nogle l\u00f8fter til fansene, hvis han bliver valgt som ny pr\u00e6sident i FC Barcelona\" \/>\n<meta property=\"og:url\" content=\"https:\/\/acefootball.com\/da\/fodboldnyheder\/praesidentkandidat-i-barcelona-med-vilde-loefter-om-messi-og-neymar\/\" \/>\n<meta property=\"og:site_name\" content=\"Ace Football Danmark\" \/>\n<meta property=\"article:publisher\" content=\"https:\/\/www.facebook.com\/acefootballdk\" \/>\n<meta property=\"article:published_time\" content=\"2020-11-26T21:11:52+00:00\" \/>\n<meta property=\"article:modified_time\" content=\"2020-11-26T21:11:53+00:00\" \/>\n<meta property=\"og:image\" content=\"https:\/\/acefootball.com\/da\/wp-content\/uploads\/sites\/2\/2020\/11\/Ace-8-13.jpg\" \/>\n\t<meta property=\"og:image:width\" content=\"1920\" \/>\n\t<meta property=\"og:image:height\" content=\"1008\" \/>\n\t<meta property=\"og:image:type\" content=\"image\/jpeg\" \/>\n<meta name=\"twitter:card\" content=\"summary_large_image\" \/>\n<meta name=\"twitter:label1\" content=\"Written by\" \/>\n\t<meta name=\"twitter:data1\" content=\"Mads Dreyer\" \/>\n\t<meta name=\"twitter:label2\" content=\"Est. reading time\" \/>\n\t<meta name=\"twitter:data2\" content=\"1 minute\" \/>\n<script type=\"application\/ld+json\" class=\"yoast-schema-graph\">{\"@context\":\"https:\/\/schema.org\",\"@graph\":[{\"@type\":\"Organization\",\"@id\":\"https:\/\/acefootball.com\/da\/#organization\",\"name\":\"Ace Football\",\"url\":\"https:\/\/acefootball.com\/da\/\",\"sameAs\":[\"https:\/\/www.facebook.com\/acefootballdk\"],\"logo\":{\"@type\":\"ImageObject\",\"@id\":\"https:\/\/acefootball.com\/da\/#logo\",\"inLanguage\":\"en-US\",\"url\":\"https:\/\/acefootball.com\/da\/wp-content\/uploads\/sites\/2\/2020\/07\/Ace-Football-30-07-2020-2.png\",\"contentUrl\":\"https:\/\/acefootball.com\/da\/wp-content\/uploads\/sites\/2\/2020\/07\/Ace-Football-30-07-2020-2.png\",\"width\":1200,\"height\":600,\"caption\":\"Ace Football\"},\"image\":{\"@id\":\"https:\/\/acefootball.com\/da\/#logo\"}},{\"@type\":\"WebSite\",\"@id\":\"https:\/\/acefootball.com\/da\/#website\",\"url\":\"https:\/\/acefootball.com\/da\/\",\"name\":\"Ace Football Danmark\",\"description\":\"Nyheder, Spiltips &amp; Livescore\",\"publisher\":{\"@id\":\"https:\/\/acefootball.com\/da\/#organization\"},\"potentialAction\":[{\"@type\":\"SearchAction\",\"target\":{\"@type\":\"EntryPoint\",\"urlTemplate\":\"https:\/\/acefootball.com\/da\/?s={search_term_string}\"},\"query-input\":\"required name=search_term_string\"}],\"inLanguage\":\"en-US\"},{\"@type\":\"ImageObject\",\"@id\":\"https:\/\/acefootball.com\/da\/fodboldnyheder\/praesidentkandidat-i-barcelona-med-vilde-loefter-om-messi-og-neymar\/#primaryimage\",\"inLanguage\":\"en-US\",\"url\":\"https:\/\/acefootball.com\/da\/wp-content\/uploads\/sites\/2\/2020\/11\/Ace-8-13.jpg\",\"contentUrl\":\"https:\/\/acefootball.com\/da\/wp-content\/uploads\/sites\/2\/2020\/11\/Ace-8-13.jpg\",\"width\":1920,\"height\":1008},{\"@type\":\"WebPage\",\"@id\":\"https:\/\/acefootball.com\/da\/fodboldnyheder\/praesidentkandidat-i-barcelona-med-vilde-loefter-om-messi-og-neymar\/#webpage\",\"url\":\"https:\/\/acefootball.com\/da\/fodboldnyheder\/praesidentkandidat-i-barcelona-med-vilde-loefter-om-messi-og-neymar\/\",\"name\":\"Pr\u00e6sidentkandidat i Barcelona med vilde l\u00f8fter om Messi og Neymar\",\"isPartOf\":{\"@id\":\"https:\/\/acefootball.com\/da\/#website\"},\"primaryImageOfPage\":{\"@id\":\"https:\/\/acefootball.com\/da\/fodboldnyheder\/praesidentkandidat-i-barcelona-med-vilde-loefter-om-messi-og-neymar\/#primaryimage\"},\"datePublished\":\"2020-11-26T21:11:52+00:00\",\"dateModified\":\"2020-11-26T21:11:53+00:00\",\"description\":\"Emili Rousaud er kommet med lidt af nogle l\u00f8fter til fansene, hvis han bliver valgt som ny pr\u00e6sident i FC Barcelona\",\"breadcrumb\":{\"@id\":\"https:\/\/acefootball.com\/da\/fodboldnyheder\/praesidentkandidat-i-barcelona-med-vilde-loefter-om-messi-og-neymar\/#breadcrumb\"},\"inLanguage\":\"en-US\",\"potentialAction\":[{\"@type\":\"ReadAction\",\"target\":[\"https:\/\/acefootball.com\/da\/fodboldnyheder\/praesidentkandidat-i-barcelona-med-vilde-loefter-om-messi-og-neymar\/\"]}]},{\"@type\":\"BreadcrumbList\",\"@id\":\"https:\/\/acefootball.com\/da\/fodboldnyheder\/praesidentkandidat-i-barcelona-med-vilde-loefter-om-messi-og-neymar\/#breadcrumb\",\"itemListElement\":[{\"@type\":\"ListItem\",\"position\":1,\"name\":\"Home\",\"item\":\"https:\/\/acefootball.com\/da\/\"},{\"@type\":\"ListItem\",\"position\":2,\"name\":\"Pr\u00e6sidentkandidat i Barcelona med vilde l\u00f8fter om Messi og Neymar\"}]},{\"@type\":\"Article\",\"@id\":\"https:\/\/acefootball.com\/da\/fodboldnyheder\/praesidentkandidat-i-barcelona-med-vilde-loefter-om-messi-og-neymar\/#article\",\"isPartOf\":{\"@id\":\"https:\/\/acefootball.com\/da\/fodboldnyheder\/praesidentkandidat-i-barcelona-med-vilde-loefter-om-messi-og-neymar\/#webpage\"},\"author\":{\"@id\":\"https:\/\/acefootball.com\/da\/#\/schema\/person\/ee67e9cf04a276f144100ffa722f10cd\"},\"headline\":\"Pr\u00e6sidentkandidat i Barcelona med vilde l\u00f8fter om Messi og Neymar\",\"datePublished\":\"2020-11-26T21:11:52+00:00\",\"dateModified\":\"2020-11-26T21:11:53+00:00\",\"mainEntityOfPage\":{\"@id\":\"https:\/\/acefootball.com\/da\/fodboldnyheder\/praesidentkandidat-i-barcelona-med-vilde-loefter-om-messi-og-neymar\/#webpage\"},\"wordCount\":309,\"commentCount\":0,\"publisher\":{\"@id\":\"https:\/\/acefootball.com\/da\/#organization\"},\"image\":{\"@id\":\"https:\/\/acefootball.com\/da\/fodboldnyheder\/praesidentkandidat-i-barcelona-med-vilde-loefter-om-messi-og-neymar\/#primaryimage\"},\"thumbnailUrl\":\"https:\/\/acefootball.com\/da\/wp-content\/uploads\/sites\/2\/2020\/09\/GettyImages-679743906.jpg\",\"keywords\":[\"FC Barcelona\",\"La Liga\",\"Lionel Messi\",\"Neymar\",\"Paris Saint-Germain\"],\"articleSection\":[\"Nyhed\"],\"inLanguage\":\"en-US\",\"potentialAction\":[{\"@type\":\"CommentAction\",\"name\":\"Comment\",\"target\":[\"https:\/\/acefootball.com\/da\/fodboldnyheder\/praesidentkandidat-i-barcelona-med-vilde-loefter-om-messi-og-neymar\/#respond\"]}]},{\"@type\":\"Person\",\"@id\":\"https:\/\/acefootball.com\/da\/#\/schema\/person\/ee67e9cf04a276f144100ffa722f10cd\",\"name\":\"Mads Dreyer\",\"image\":{\"@type\":\"ImageObject\",\"@id\":\"https:\/\/acefootball.com\/da\/#personlogo\",\"inLanguage\":\"en-US\",\"url\":\"https:\/\/secure.gravatar.com\/avatar\/7c7abf72cfde9902b6a60efe60c88d4c?s=96&d=mm&r=g\",\"contentUrl\":\"https:\/\/secure.gravatar.com\/avatar\/7c7abf72cfde9902b6a60efe60c88d4c?s=96&d=mm&r=g\",\"caption\":\"Mads Dreyer\"},\"description\":\"Skribent og fodboldn\u00f8rd, der lige nu fort\u00e6ller om alt og intet i fodboldverdenen p\u00e5 acefootball.com. Uddannet i kommunikation fra Aalborg Universitet.\",\"sameAs\":[\"https:\/\/www.linkedin.com\/in\/mads-dreyer-b9b08266\/\"],\"url\":\"https:\/\/acefootball.com\/da\/fodboldnyheder\/author\/mdnronaldo\/\"}]}<\/script>\n<!-- \/ Yoast SEO plugin. -->","yoast_head_json":{"title":"Pr\u00e6sidentkandidat i Barcelona med vilde l\u00f8fter om Messi og Neymar","description":"Emili Rousaud er kommet med lidt af nogle l\u00f8fter til fansene, hvis han bliver valgt som ny pr\u00e6sident i FC Barcelona","robots":{"index":"index","follow":"follow","max-snippet":"max-snippet:-1","max-image-preview":"max-image-preview:large","max-video-preview":"max-video-preview:-1"},"canonical":"https:\/\/acefootball.com\/da\/fodboldnyheder\/praesidentkandidat-i-barcelona-med-vilde-loefter-om-messi-og-neymar\/","og_locale":"en_US","og_type":"article","og_title":"Pr\u00e6sidentkandidat i Barcelona med vilde l\u00f8fter om Messi og Neymar","og_description":"Emili Rousaud er kommet med lidt af nogle l\u00f8fter til fansene, hvis han bliver valgt som ny pr\u00e6sident i FC Barcelona","og_url":"https:\/\/acefootball.com\/da\/fodboldnyheder\/praesidentkandidat-i-barcelona-med-vilde-loefter-om-messi-og-neymar\/","og_site_name":"Ace Football Danmark","article_publisher":"https:\/\/www.facebook.com\/acefootballdk","article_published_time":"2020-11-26T21:11:52+00:00","article_modified_time":"2020-11-26T21:11:53+00:00","og_image":[{"width":1920,"height":1008,"url":"https:\/\/acefootball.com\/da\/wp-content\/uploads\/sites\/2\/2020\/11\/Ace-8-13.jpg","type":"image\/jpeg"}],"twitter_card":"summary_large_image","twitter_misc":{"Written by":"Mads Dreyer","Est. reading time":"1 minute"},"schema":{"@context":"https:\/\/schema.org","@graph":[{"@type":"Organization","@id":"https:\/\/acefootball.com\/da\/#organization","name":"Ace Football","url":"https:\/\/acefootball.com\/da\/","sameAs":["https:\/\/www.facebook.com\/acefootballdk"],"logo":{"@type":"ImageObject","@id":"https:\/\/acefootball.com\/da\/#logo","inLanguage":"en-US","url":"https:\/\/acefootball.com\/da\/wp-content\/uploads\/sites\/2\/2020\/07\/Ace-Football-30-07-2020-2.png","contentUrl":"https:\/\/acefootball.com\/da\/wp-content\/uploads\/sites\/2\/2020\/07\/Ace-Football-30-07-2020-2.png","width":1200,"height":600,"caption":"Ace Football"},"image":{"@id":"https:\/\/acefootball.com\/da\/#logo"}},{"@type":"WebSite","@id":"https:\/\/acefootball.com\/da\/#website","url":"https:\/\/acefootball.com\/da\/","name":"Ace Football Danmark","description":"Nyheder, Spiltips &amp; Livescore","publisher":{"@id":"https:\/\/acefootball.com\/da\/#organization"},"potentialAction":[{"@type":"SearchAction","target":{"@type":"EntryPoint","urlTemplate":"https:\/\/acefootball.com\/da\/?s={search_term_string}"},"query-input":"required name=search_term_string"}],"inLanguage":"en-US"},{"@type":"ImageObject","@id":"https:\/\/acefootball.com\/da\/fodboldnyheder\/praesidentkandidat-i-barcelona-med-vilde-loefter-om-messi-og-neymar\/#primaryimage","inLanguage":"en-US","url":"https:\/\/acefootball.com\/da\/wp-content\/uploads\/sites\/2\/2020\/11\/Ace-8-13.jpg","contentUrl":"https:\/\/acefootball.com\/da\/wp-content\/uploads\/sites\/2\/2020\/11\/Ace-8-13.jpg","width":1920,"height":1008},{"@type":"WebPage","@id":"https:\/\/acefootball.com\/da\/fodboldnyheder\/praesidentkandidat-i-barcelona-med-vilde-loefter-om-messi-og-neymar\/#webpage","url":"https:\/\/acefootball.com\/da\/fodboldnyheder\/praesidentkandidat-i-barcelona-med-vilde-loefter-om-messi-og-neymar\/","name":"Pr\u00e6sidentkandidat i Barcelona med vilde l\u00f8fter om Messi og Neymar","isPartOf":{"@id":"https:\/\/acefootball.com\/da\/#website"},"primaryImageOfPage":{"@id":"https:\/\/acefootball.com\/da\/fodboldnyheder\/praesidentkandidat-i-barcelona-med-vilde-loefter-om-messi-og-neymar\/#primaryimage"},"datePublished":"2020-11-26T21:11:52+00:00","dateModified":"2020-11-26T21:11:53+00:00","description":"Emili Rousaud er kommet med lidt af nogle l\u00f8fter til fansene, hvis han bliver valgt som ny pr\u00e6sident i FC Barcelona","breadcrumb":{"@id":"https:\/\/acefootball.com\/da\/fodboldnyheder\/praesidentkandidat-i-barcelona-med-vilde-loefter-om-messi-og-neymar\/#breadcrumb"},"inLanguage":"en-US","potentialAction":[{"@type":"ReadAction","target":["https:\/\/acefootball.com\/da\/fodboldnyheder\/praesidentkandidat-i-barcelona-med-vilde-loefter-om-messi-og-neymar\/"]}]},{"@type":"BreadcrumbList","@id":"https:\/\/acefootball.com\/da\/fodboldnyheder\/praesidentkandidat-i-barcelona-med-vilde-loefter-om-messi-og-neymar\/#breadcrumb","itemListElement":[{"@type":"ListItem","position":1,"name":"Home","item":"https:\/\/acefootball.com\/da\/"},{"@type":"ListItem","position":2,"name":"Pr\u00e6sidentkandidat i Barcelona med vilde l\u00f8fter om Messi og Neymar"}]},{"@type":"Article","@id":"https:\/\/acefootball.com\/da\/fodboldnyheder\/praesidentkandidat-i-barcelona-med-vilde-loefter-om-messi-og-neymar\/#article","isPartOf":{"@id":"https:\/\/acefootball.com\/da\/fodboldnyheder\/praesidentkandidat-i-barcelona-med-vilde-loefter-om-messi-og-neymar\/#webpage"},"author":{"@id":"https:\/\/acefootball.com\/da\/#\/schema\/person\/ee67e9cf04a276f144100ffa722f10cd"},"headline":"Pr\u00e6sidentkandidat i Barcelona med vilde l\u00f8fter om Messi og Neymar","datePublished":"2020-11-26T21:11:52+00:00","dateModified":"2020-11-26T21:11:53+00:00","mainEntityOfPage":{"@id":"https:\/\/acefootball.com\/da\/fodboldnyheder\/praesidentkandidat-i-barcelona-med-vilde-loefter-om-messi-og-neymar\/#webpage"},"wordCount":309,"commentCount":0,"publisher":{"@id":"https:\/\/acefootball.com\/da\/#organization"},"image":{"@id":"https:\/\/acefootball.com\/da\/fodboldnyheder\/praesidentkandidat-i-barcelona-med-vilde-loefter-om-messi-og-neymar\/#primaryimage"},"thumbnailUrl":"https:\/\/acefootball.com\/da\/wp-content\/uploads\/sites\/2\/2020\/09\/GettyImages-679743906.jpg","keywords":["FC Barcelona","La Liga","Lionel Messi","Neymar","Paris Saint-Germain"],"articleSection":["Nyhed"],"inLanguage":"en-US","potentialAction":[{"@type":"CommentAction","name":"Comment","target":["https:\/\/acefootball.com\/da\/fodboldnyheder\/praesidentkandidat-i-barcelona-med-vilde-loefter-om-messi-og-neymar\/#respond"]}]},{"@type":"Person","@id":"https:\/\/acefootball.com\/da\/#\/schema\/person\/ee67e9cf04a276f144100ffa722f10cd","name":"Mads Dreyer","image":{"@type":"ImageObject","@id":"https:\/\/acefootball.com\/da\/#personlogo","inLanguage":"en-US","url":"https:\/\/secure.gravatar.com\/avatar\/7c7abf72cfde9902b6a60efe60c88d4c?s=96&d=mm&r=g","contentUrl":"https:\/\/secure.gravatar.com\/avatar\/7c7abf72cfde9902b6a60efe60c88d4c?s=96&d=mm&r=g","caption":"Mads Dreyer"},"description":"Skribent og fodboldn\u00f8rd, der lige nu fort\u00e6ller om alt og intet i fodboldverdenen p\u00e5 acefootball.com. Uddannet i kommunikation fra Aalborg Universitet.","sameAs":["https:\/\/www.linkedin.com\/in\/mads-dreyer-b9b08266\/"],"url":"https:\/\/acefootball.com\/da\/fodboldnyheder\/author\/mdnronaldo\/"}]}},"fimg_url":"https:\/\/acefootball.com\/da\/wp-content\/uploads\/sites\/2\/2020\/09\/GettyImages-679743906.jpg","_links":{"self":[{"href":"https:\/\/acefootball.com\/da\/wp-json\/wp\/v2\/posts\/244820"}],"collection":[{"href":"https:\/\/acefootball.com\/da\/wp-json\/wp\/v2\/posts"}],"about":[{"href":"https:\/\/acefootball.com\/da\/wp-json\/wp\/v2\/types\/post"}],"author":[{"embeddable":true,"href":"https:\/\/acefootball.com\/da\/wp-json\/wp\/v2\/users\/705"}],"replies":[{"embeddable":true,"href":"https:\/\/acefootball.com\/da\/wp-json\/wp\/v2\/comments?post=244820"}],"version-history":[{"count":0,"href":"https:\/\/acefootball.com\/da\/wp-json\/wp\/v2\/posts\/244820\/revisions"}],"wp:featuredmedia":[{"embeddable":true,"href":"https:\/\/acefootball.com\/da\/wp-json\/wp\/v2\/media\/238470"}],"wp:attachment":[{"href":"https:\/\/acefootball.com\/da\/wp-json\/wp\/v2\/media?parent=244820"}],"wp:term":[{"taxonomy":"category","embeddable":true,"href":"https:\/\/acefootball.com\/da\/wp-json\/wp\/v2\/categories?post=244820"},{"taxonomy":"post_tag","embeddable":true,"href":"https:\/\/acefootball.com\/da\/wp-json\/wp\/v2\/tags?post=244820"}],"curies":[{"name":"wp","href":"https:\/\/api.w.org\/{rel}","templated":true}]}}