{"id":244661,"date":"2020-11-25T18:50:51","date_gmt":"2020-11-25T17:50:51","guid":{"rendered":"https:\/\/acefootball.com\/da\/?p=244661"},"modified":"2020-11-25T19:57:04","modified_gmt":"2020-11-25T18:57:04","slug":"se-reaktionerne-fodboldverdenen-tager-afsked-med-maradona","status":"publish","type":"post","link":"https:\/\/acefootball.com\/da\/fodboldnyheder\/se-reaktionerne-fodboldverdenen-tager-afsked-med-maradona\/","title":{"rendered":"Se reaktionerne: Fodboldverdenen tager afsked med Maradona"},"content":{"rendered":"\n<h2 id=\"h-det-argentinske-ikon-diego-maradona-er-i-dag-afg-et-ved-d-den-efter-et-hjertestop-i-hjemmet-og-han-hyldes-nu-fra-vid-og-fjern\">Det argentinske ikon, Diego Maradona, er i dag afg\u00e5et ved d\u00f8den efter et hjertestop i hjemmet, og han hyldes nu fra vid og fjern<\/h2>\n\n\n\n<p>Fodboldverdenen blev i dag ramt af en hjertesk\u00e6rende nyhed, da argentinske medier sent p\u00e5 eftermiddagen meldte om et hjertetilf\u00e6lde hos Diego Maradona.<\/p>\n\n\n\n<p>Redningsfolk blev prompte kaldt til den tidligere verdensstjernes hjem, men da var det allerede en tabt sag.<\/p>\n\n\n\n<figure class=\"wp-block-embed-wordpress wp-block-embed is-type-wp-embed is-provider-ace-football-danmark\"><div class=\"wp-block-embed__wrapper\">\n<blockquote class=\"wp-embedded-content\" data-secret=\"uhsjgRMo13\"><a href=\"https:\/\/acefootball.com\/da\/fodboldnyheder\/breaking-argentinske-medier-melder-maradona-doed\/\">BREAKING: Argentinske medier melder Maradona d\u00f8d<\/a><\/blockquote><iframe class=\"wp-embedded-content\" sandbox=\"allow-scripts\" security=\"restricted\" style=\"position: absolute; clip: rect(1px, 1px, 1px, 1px);\" title=\"&#8220;BREAKING: Argentinske medier melder Maradona d\u00f8d&#8221; &#8212; Ace Football Danmark\" src=\"https:\/\/acefootball.com\/da\/fodboldnyheder\/breaking-argentinske-medier-melder-maradona-doed\/embed\/#?secret=uhsjgRMo13\" data-secret=\"uhsjgRMo13\" width=\"600\" height=\"338\" frameborder=\"0\" marginwidth=\"0\" marginheight=\"0\" scrolling=\"no\"><\/iframe>\n<\/div><\/figure>\n\n\n\n<p>Ulykken kommer ikke engang en m\u00e5ned efter, at Maradona blev ramt af en hjernebl\u00f8dning, der tvang ikonet i gennem en st\u00f8rre operation.<\/p>\n\n\n\n<p>Nu er fodboldverdenen g\u00e5et i sorg, og flere store stjerner og klubber er allerede kort efter nyheden fl\u00f8jet til tasterne for at sende en hyldest afsted mod den argentinske legende.<\/p>\n\n\n\n<p>Du kan se nogle af hilsnerne herunder:<\/p>\n\n\n\n<figure class=\"wp-block-embed-twitter wp-block-embed is-type-rich is-provider-twitter\"><div class=\"wp-block-embed__wrapper\">\n<blockquote class=\"twitter-tweet\" data-width=\"550\" data-dnt=\"true\"><p lang=\"en\" dir=\"ltr\">Reports from Argentina that Diego Armando Maradona has died. By some distance the best player of my generation and arguably the greatest of all time. After a blessed but troubled life, hopefully he\u2019ll finally find some comfort in the hands of God. <a href=\"https:\/\/twitter.com\/hashtag\/RipDiego?src=hash&amp;ref_src=twsrc%5Etfw\">#RipDiego<\/a><\/p>&mdash; Gary Lineker (@GaryLineker) <a href=\"https:\/\/twitter.com\/GaryLineker\/status\/1331637479640870917?ref_src=twsrc%5Etfw\">November 25, 2020<\/a><\/blockquote><script async src=\"https:\/\/platform.twitter.com\/widgets.js\" charset=\"utf-8\"><\/script>\n<\/div><\/figure>\n\n\n\n<figure class=\"wp-block-embed-twitter wp-block-embed is-type-rich is-provider-twitter\"><div class=\"wp-block-embed__wrapper\">\n<blockquote class=\"twitter-tweet\" data-width=\"550\" data-dnt=\"true\"><p lang=\"da\" dir=\"ltr\">Diego Armando Maradona er d\u00f8d.<br><br>En af de helt store i fodboldhistorien. Hans pr\u00e6stationer vil blive husket mange \u00e5r frem.<br><br>\u00c6ret v\u00e6re Diego Maradonas minde og tanker til hans efterladte. \ud83c\udde6\ud83c\uddf7<br><br>\ud83d\udcf8 Per Kj\u00e6rbye, <a href=\"https:\/\/twitter.com\/fbbillederdk?ref_src=twsrc%5Etfw\">@fbbillederdk<\/a> <a href=\"https:\/\/t.co\/UIr54Ez4so\">pic.twitter.com\/UIr54Ez4so<\/a><\/p>&mdash; DBU &#8211; En Del Af Noget St\u00f8rre (@DBUfodbold) <a href=\"https:\/\/twitter.com\/DBUfodbold\/status\/1331645064389554176?ref_src=twsrc%5Etfw\">November 25, 2020<\/a><\/blockquote><script async src=\"https:\/\/platform.twitter.com\/widgets.js\" charset=\"utf-8\"><\/script>\n<\/div><\/figure>\n\n\n\n<figure class=\"wp-block-embed-twitter wp-block-embed is-type-rich is-provider-twitter\"><div class=\"wp-block-embed__wrapper\">\n<blockquote class=\"twitter-tweet\" data-width=\"550\" data-dnt=\"true\"><p lang=\"en\" dir=\"ltr\">A true great of the game.<br><br>Rest in peace, Diego Maradona. <a href=\"https:\/\/t.co\/jImGjnjhUl\">pic.twitter.com\/jImGjnjhUl<\/a><\/p>&mdash; Liverpool FC (@LFC) <a href=\"https:\/\/twitter.com\/LFC\/status\/1331642065801908225?ref_src=twsrc%5Etfw\">November 25, 2020<\/a><\/blockquote><script async src=\"https:\/\/platform.twitter.com\/widgets.js\" charset=\"utf-8\"><\/script>\n<\/div><\/figure>\n\n\n\n<figure class=\"wp-block-embed-twitter wp-block-embed is-type-rich is-provider-twitter\"><div class=\"wp-block-embed__wrapper\">\n<blockquote class=\"twitter-tweet\" data-width=\"550\" data-dnt=\"true\"><p lang=\"en\" dir=\"ltr\">Thank you for everything, Diego <a href=\"https:\/\/t.co\/bJ9l3ixY7A\">pic.twitter.com\/bJ9l3ixY7A<\/a><\/p>&mdash; FC Barcelona (@FCBarcelona) <a href=\"https:\/\/twitter.com\/FCBarcelona\/status\/1331643760703397888?ref_src=twsrc%5Etfw\">November 25, 2020<\/a><\/blockquote><script async src=\"https:\/\/platform.twitter.com\/widgets.js\" charset=\"utf-8\"><\/script>\n<\/div><\/figure>\n\n\n\n<figure class=\"wp-block-embed-twitter wp-block-embed is-type-rich is-provider-twitter\"><div class=\"wp-block-embed__wrapper\">\n<blockquote class=\"twitter-tweet\" data-width=\"550\" data-dnt=\"true\"><p lang=\"en\" dir=\"ltr\">Football has lost one of its greatest icons.<br><br>Rest in peace, Diego Maradona. <a href=\"https:\/\/t.co\/uGIinhLDgf\">pic.twitter.com\/uGIinhLDgf<\/a><\/p>&mdash; Manchester United (@ManUtd) <a href=\"https:\/\/twitter.com\/ManUtd\/status\/1331645650874880002?ref_src=twsrc%5Etfw\">November 25, 2020<\/a><\/blockquote><script async src=\"https:\/\/platform.twitter.com\/widgets.js\" charset=\"utf-8\"><\/script>\n<\/div><\/figure>\n\n\n\n<figure class=\"wp-block-embed-twitter wp-block-embed is-type-rich is-provider-twitter\"><div class=\"wp-block-embed__wrapper\">\n<blockquote class=\"twitter-tweet\" data-width=\"550\" data-dnt=\"true\"><p lang=\"en\" dir=\"ltr\">Privileged to have met him. Very sad news. RIP Diego Maradona. <a href=\"https:\/\/t.co\/x2LcIeQPqr\">pic.twitter.com\/x2LcIeQPqr<\/a><\/p>&mdash; Harry Kane (@HKane) <a href=\"https:\/\/twitter.com\/HKane\/status\/1331642810995499015?ref_src=twsrc%5Etfw\">November 25, 2020<\/a><\/blockquote><script async src=\"https:\/\/platform.twitter.com\/widgets.js\" charset=\"utf-8\"><\/script>\n<\/div><\/figure>\n\n\n\n<figure class=\"wp-block-embed-twitter wp-block-embed is-type-rich is-provider-twitter\"><div class=\"wp-block-embed__wrapper\">\n<blockquote class=\"twitter-tweet\" data-width=\"550\" data-dnt=\"true\"><p lang=\"es\" dir=\"ltr\">Para siempre. \ud83d\udc99 <br>Adi\u00f3s, Diego. <a href=\"https:\/\/t.co\/mWoW9iXQeI\">pic.twitter.com\/mWoW9iXQeI<\/a><\/p>&mdash; Oficial SSC Napoli (@sscnapoliES) <a href=\"https:\/\/twitter.com\/sscnapoliES\/status\/1331642134890475521?ref_src=twsrc%5Etfw\">November 25, 2020<\/a><\/blockquote><script async src=\"https:\/\/platform.twitter.com\/widgets.js\" charset=\"utf-8\"><\/script>\n<\/div><\/figure>\n\n\n\n<figure class=\"wp-block-embed-twitter wp-block-embed is-type-rich is-provider-twitter\"><div class=\"wp-block-embed__wrapper\">\n<blockquote class=\"twitter-tweet\" data-width=\"550\" data-dnt=\"true\"><p lang=\"en\" dir=\"ltr\">You have always given me emotions and smiles. Nothing will undo what you have done for all those who love football. Rest In Peace eternal legend.\u2764\ufe0f\ud83d\ude4f\ud83c\udffb <a href=\"https:\/\/twitter.com\/hashtag\/Maradona?src=hash&amp;ref_src=twsrc%5Etfw\">#Maradona<\/a><a href=\"https:\/\/t.co\/wp3FoUVYZf\">https:\/\/t.co\/wp3FoUVYZf<\/a> <a href=\"https:\/\/t.co\/qvQv12qEcH\">pic.twitter.com\/qvQv12qEcH<\/a><\/p>&mdash; Andriy Shevchenko (@jksheva7) <a href=\"https:\/\/twitter.com\/jksheva7\/status\/1331649627209216001?ref_src=twsrc%5Etfw\">November 25, 2020<\/a><\/blockquote><script async src=\"https:\/\/platform.twitter.com\/widgets.js\" charset=\"utf-8\"><\/script>\n<\/div><\/figure>\n\n\n\n<figure class=\"wp-block-embed-twitter wp-block-embed is-type-rich is-provider-twitter\"><div class=\"wp-block-embed__wrapper\">\n<blockquote class=\"twitter-tweet\" data-width=\"550\" data-dnt=\"true\"><p lang=\"it\" dir=\"ltr\">Se ne va il dio del calcio.. grazie di tutto Diego <a href=\"https:\/\/t.co\/tOvyQxqWnT\">pic.twitter.com\/tOvyQxqWnT<\/a><\/p>&mdash; Andrea Pirlo (@Pirlo_official) <a href=\"https:\/\/twitter.com\/Pirlo_official\/status\/1331649155392032768?ref_src=twsrc%5Etfw\">November 25, 2020<\/a><\/blockquote><script async src=\"https:\/\/platform.twitter.com\/widgets.js\" charset=\"utf-8\"><\/script>\n<\/div><\/figure>\n\n\n\n<figure class=\"wp-block-embed-twitter wp-block-embed is-type-rich is-provider-twitter\"><div class=\"wp-block-embed__wrapper\">\n<blockquote class=\"twitter-tweet\" data-width=\"550\" data-dnt=\"true\"><p lang=\"en\" dir=\"ltr\">Sad to hear Diego Maradona passed away \ud83d\ude25 The man that made number 10 a legendary number to me. Football lost one of its greatest.. You will be missed but forever remembered \u2764\ufe0f\ud83d\udc10 <a href=\"https:\/\/twitter.com\/hashtag\/Maradona?src=hash&amp;ref_src=twsrc%5Etfw\">#Maradona<\/a> #10 <a href=\"https:\/\/t.co\/UEhyDHY6Cu\">pic.twitter.com\/UEhyDHY6Cu<\/a><\/p>&mdash; Rafael van der Vaart (@rafvdvaart) <a href=\"https:\/\/twitter.com\/rafvdvaart\/status\/1331648754122944514?ref_src=twsrc%5Etfw\">November 25, 2020<\/a><\/blockquote><script async src=\"https:\/\/platform.twitter.com\/widgets.js\" charset=\"utf-8\"><\/script>\n<\/div><\/figure>\n\n\n\n<figure class=\"wp-block-embed-twitter wp-block-embed is-type-rich is-provider-twitter\"><div class=\"wp-block-embed__wrapper\">\n<blockquote class=\"twitter-tweet\" data-width=\"550\" data-dnt=\"true\"><p lang=\"pt\" dir=\"ltr\">Que not\u00edcia triste. Eu perdi um grande amigo e o mundo perdeu uma lenda. Ainda h\u00e1 muito a ser dito, mas por agora, que Deus d\u00ea for\u00e7a para os familiares. Um dia, eu espero que possamos jogar bola juntos no c\u00e9u. <a href=\"https:\/\/t.co\/6Li76HTikA\">pic.twitter.com\/6Li76HTikA<\/a><\/p>&mdash; Pel\u00e9 (@Pele) <a href=\"https:\/\/twitter.com\/Pele\/status\/1331649438570442754?ref_src=twsrc%5Etfw\">November 25, 2020<\/a><\/blockquote><script async src=\"https:\/\/platform.twitter.com\/widgets.js\" charset=\"utf-8\"><\/script>\n<\/div><\/figure>\n","protected":false},"excerpt":{"rendered":"<p>Det argentinske ikon, Diego Maradona, er i dag afg\u00e5et ved d\u00f8den efter et hjertestop i hjemmet, og han hyldes nu fra vid og fjern<\/p>\n","protected":false},"author":705,"featured_media":242233,"comment_status":"open","ping_status":"closed","sticky":false,"template":"","format":"standard","meta":{"om_disable_all_campaigns":false,"push_articles_ronaldo":{"active":false,"canonical":0,"publish":false},"force_updates":null},"categories":[2470],"tags":[1043,1463],"enet_tags":{"team":["6706"],"sport_events":[]},"yoast_head":"<!-- This site is optimized with the Yoast SEO plugin v18.3 - https:\/\/yoast.com\/wordpress\/plugins\/seo\/ -->\n<title>Se reaktionerne: Fodboldverdenen tager afsked med Maradona<\/title>\n<meta name=\"description\" content=\"Det argentinske ikon, Diego Maradona, er i dag afg\u00e5et ved d\u00f8den efter et hjertestop i hjemmet, og han hyldes nu fra vid og fjern\" \/>\n<meta name=\"robots\" content=\"index, follow, max-snippet:-1, max-image-preview:large, max-video-preview:-1\" \/>\n<link rel=\"canonical\" href=\"https:\/\/acefootball.com\/da\/fodboldnyheder\/se-reaktionerne-fodboldverdenen-tager-afsked-med-maradona\/\" \/>\n<meta property=\"og:locale\" content=\"en_US\" \/>\n<meta property=\"og:type\" content=\"article\" \/>\n<meta property=\"og:title\" content=\"Se reaktionerne: Fodboldverdenen tager afsked med Maradona\" \/>\n<meta property=\"og:description\" content=\"Det argentinske ikon, Diego Maradona, er i dag afg\u00e5et ved d\u00f8den efter et hjertestop i hjemmet, og han hyldes nu fra vid og fjern\" \/>\n<meta property=\"og:url\" content=\"https:\/\/acefootball.com\/da\/fodboldnyheder\/se-reaktionerne-fodboldverdenen-tager-afsked-med-maradona\/\" \/>\n<meta property=\"og:site_name\" content=\"Ace Football Danmark\" \/>\n<meta property=\"article:publisher\" content=\"https:\/\/www.facebook.com\/acefootballdk\" \/>\n<meta property=\"article:published_time\" content=\"2020-11-25T17:50:51+00:00\" \/>\n<meta property=\"article:modified_time\" content=\"2020-11-25T18:57:04+00:00\" \/>\n<meta property=\"og:image\" content=\"https:\/\/acefootball.com\/da\/wp-content\/uploads\/sites\/2\/2020\/11\/Ace-4-12.jpg\" \/>\n\t<meta property=\"og:image:width\" content=\"1920\" \/>\n\t<meta property=\"og:image:height\" content=\"1008\" \/>\n\t<meta property=\"og:image:type\" content=\"image\/jpeg\" \/>\n<meta name=\"twitter:card\" content=\"summary_large_image\" \/>\n<meta name=\"twitter:label1\" content=\"Written by\" \/>\n\t<meta name=\"twitter:data1\" content=\"Mads Dreyer\" \/>\n\t<meta name=\"twitter:label2\" content=\"Est. reading time\" \/>\n\t<meta name=\"twitter:data2\" content=\"1 minute\" \/>\n<script type=\"application\/ld+json\" class=\"yoast-schema-graph\">{\"@context\":\"https:\/\/schema.org\",\"@graph\":[{\"@type\":\"Organization\",\"@id\":\"https:\/\/acefootball.com\/da\/#organization\",\"name\":\"Ace Football\",\"url\":\"https:\/\/acefootball.com\/da\/\",\"sameAs\":[\"https:\/\/www.facebook.com\/acefootballdk\"],\"logo\":{\"@type\":\"ImageObject\",\"@id\":\"https:\/\/acefootball.com\/da\/#logo\",\"inLanguage\":\"en-US\",\"url\":\"https:\/\/acefootball.com\/da\/wp-content\/uploads\/sites\/2\/2020\/07\/Ace-Football-30-07-2020-2.png\",\"contentUrl\":\"https:\/\/acefootball.com\/da\/wp-content\/uploads\/sites\/2\/2020\/07\/Ace-Football-30-07-2020-2.png\",\"width\":1200,\"height\":600,\"caption\":\"Ace Football\"},\"image\":{\"@id\":\"https:\/\/acefootball.com\/da\/#logo\"}},{\"@type\":\"WebSite\",\"@id\":\"https:\/\/acefootball.com\/da\/#website\",\"url\":\"https:\/\/acefootball.com\/da\/\",\"name\":\"Ace Football Danmark\",\"description\":\"Nyheder, Spiltips &amp; Livescore\",\"publisher\":{\"@id\":\"https:\/\/acefootball.com\/da\/#organization\"},\"potentialAction\":[{\"@type\":\"SearchAction\",\"target\":{\"@type\":\"EntryPoint\",\"urlTemplate\":\"https:\/\/acefootball.com\/da\/?s={search_term_string}\"},\"query-input\":\"required name=search_term_string\"}],\"inLanguage\":\"en-US\"},{\"@type\":\"ImageObject\",\"@id\":\"https:\/\/acefootball.com\/da\/fodboldnyheder\/se-reaktionerne-fodboldverdenen-tager-afsked-med-maradona\/#primaryimage\",\"inLanguage\":\"en-US\",\"url\":\"https:\/\/acefootball.com\/da\/wp-content\/uploads\/sites\/2\/2020\/11\/Ace-4-12.jpg\",\"contentUrl\":\"https:\/\/acefootball.com\/da\/wp-content\/uploads\/sites\/2\/2020\/11\/Ace-4-12.jpg\",\"width\":1920,\"height\":1008},{\"@type\":\"WebPage\",\"@id\":\"https:\/\/acefootball.com\/da\/fodboldnyheder\/se-reaktionerne-fodboldverdenen-tager-afsked-med-maradona\/#webpage\",\"url\":\"https:\/\/acefootball.com\/da\/fodboldnyheder\/se-reaktionerne-fodboldverdenen-tager-afsked-med-maradona\/\",\"name\":\"Se reaktionerne: Fodboldverdenen tager afsked med Maradona\",\"isPartOf\":{\"@id\":\"https:\/\/acefootball.com\/da\/#website\"},\"primaryImageOfPage\":{\"@id\":\"https:\/\/acefootball.com\/da\/fodboldnyheder\/se-reaktionerne-fodboldverdenen-tager-afsked-med-maradona\/#primaryimage\"},\"datePublished\":\"2020-11-25T17:50:51+00:00\",\"dateModified\":\"2020-11-25T18:57:04+00:00\",\"description\":\"Det argentinske ikon, Diego Maradona, er i dag afg\u00e5et ved d\u00f8den efter et hjertestop i hjemmet, og han hyldes nu fra vid og fjern\",\"breadcrumb\":{\"@id\":\"https:\/\/acefootball.com\/da\/fodboldnyheder\/se-reaktionerne-fodboldverdenen-tager-afsked-med-maradona\/#breadcrumb\"},\"inLanguage\":\"en-US\",\"potentialAction\":[{\"@type\":\"ReadAction\",\"target\":[\"https:\/\/acefootball.com\/da\/fodboldnyheder\/se-reaktionerne-fodboldverdenen-tager-afsked-med-maradona\/\"]}]},{\"@type\":\"BreadcrumbList\",\"@id\":\"https:\/\/acefootball.com\/da\/fodboldnyheder\/se-reaktionerne-fodboldverdenen-tager-afsked-med-maradona\/#breadcrumb\",\"itemListElement\":[{\"@type\":\"ListItem\",\"position\":1,\"name\":\"Home\",\"item\":\"https:\/\/acefootball.com\/da\/\"},{\"@type\":\"ListItem\",\"position\":2,\"name\":\"Se reaktionerne: Fodboldverdenen tager afsked med Maradona\"}]},{\"@type\":\"Article\",\"@id\":\"https:\/\/acefootball.com\/da\/fodboldnyheder\/se-reaktionerne-fodboldverdenen-tager-afsked-med-maradona\/#article\",\"isPartOf\":{\"@id\":\"https:\/\/acefootball.com\/da\/fodboldnyheder\/se-reaktionerne-fodboldverdenen-tager-afsked-med-maradona\/#webpage\"},\"author\":{\"@id\":\"https:\/\/acefootball.com\/da\/#\/schema\/person\/ee67e9cf04a276f144100ffa722f10cd\"},\"headline\":\"Se reaktionerne: Fodboldverdenen tager afsked med Maradona\",\"datePublished\":\"2020-11-25T17:50:51+00:00\",\"dateModified\":\"2020-11-25T18:57:04+00:00\",\"mainEntityOfPage\":{\"@id\":\"https:\/\/acefootball.com\/da\/fodboldnyheder\/se-reaktionerne-fodboldverdenen-tager-afsked-med-maradona\/#webpage\"},\"wordCount\":200,\"commentCount\":0,\"publisher\":{\"@id\":\"https:\/\/acefootball.com\/da\/#organization\"},\"image\":{\"@id\":\"https:\/\/acefootball.com\/da\/fodboldnyheder\/se-reaktionerne-fodboldverdenen-tager-afsked-med-maradona\/#primaryimage\"},\"thumbnailUrl\":\"https:\/\/acefootball.com\/da\/wp-content\/uploads\/sites\/2\/2020\/11\/GettyImages-1205709480.jpg\",\"keywords\":[\"Argentina\",\"Diego Maradona\"],\"articleSection\":[\"Offsite\"],\"inLanguage\":\"en-US\",\"potentialAction\":[{\"@type\":\"CommentAction\",\"name\":\"Comment\",\"target\":[\"https:\/\/acefootball.com\/da\/fodboldnyheder\/se-reaktionerne-fodboldverdenen-tager-afsked-med-maradona\/#respond\"]}]},{\"@type\":\"Person\",\"@id\":\"https:\/\/acefootball.com\/da\/#\/schema\/person\/ee67e9cf04a276f144100ffa722f10cd\",\"name\":\"Mads Dreyer\",\"image\":{\"@type\":\"ImageObject\",\"@id\":\"https:\/\/acefootball.com\/da\/#personlogo\",\"inLanguage\":\"en-US\",\"url\":\"https:\/\/secure.gravatar.com\/avatar\/7c7abf72cfde9902b6a60efe60c88d4c?s=96&d=mm&r=g\",\"contentUrl\":\"https:\/\/secure.gravatar.com\/avatar\/7c7abf72cfde9902b6a60efe60c88d4c?s=96&d=mm&r=g\",\"caption\":\"Mads Dreyer\"},\"description\":\"Skribent og fodboldn\u00f8rd, der lige nu fort\u00e6ller om alt og intet i fodboldverdenen p\u00e5 acefootball.com. Uddannet i kommunikation fra Aalborg Universitet.\",\"sameAs\":[\"https:\/\/www.linkedin.com\/in\/mads-dreyer-b9b08266\/\"],\"url\":\"https:\/\/acefootball.com\/da\/fodboldnyheder\/author\/mdnronaldo\/\"}]}<\/script>\n<!-- \/ Yoast SEO plugin. -->","yoast_head_json":{"title":"Se reaktionerne: Fodboldverdenen tager afsked med Maradona","description":"Det argentinske ikon, Diego Maradona, er i dag afg\u00e5et ved d\u00f8den efter et hjertestop i hjemmet, og han hyldes nu fra vid og fjern","robots":{"index":"index","follow":"follow","max-snippet":"max-snippet:-1","max-image-preview":"max-image-preview:large","max-video-preview":"max-video-preview:-1"},"canonical":"https:\/\/acefootball.com\/da\/fodboldnyheder\/se-reaktionerne-fodboldverdenen-tager-afsked-med-maradona\/","og_locale":"en_US","og_type":"article","og_title":"Se reaktionerne: Fodboldverdenen tager afsked med Maradona","og_description":"Det argentinske ikon, Diego Maradona, er i dag afg\u00e5et ved d\u00f8den efter et hjertestop i hjemmet, og han hyldes nu fra vid og fjern","og_url":"https:\/\/acefootball.com\/da\/fodboldnyheder\/se-reaktionerne-fodboldverdenen-tager-afsked-med-maradona\/","og_site_name":"Ace Football Danmark","article_publisher":"https:\/\/www.facebook.com\/acefootballdk","article_published_time":"2020-11-25T17:50:51+00:00","article_modified_time":"2020-11-25T18:57:04+00:00","og_image":[{"width":1920,"height":1008,"url":"https:\/\/acefootball.com\/da\/wp-content\/uploads\/sites\/2\/2020\/11\/Ace-4-12.jpg","type":"image\/jpeg"}],"twitter_card":"summary_large_image","twitter_misc":{"Written by":"Mads Dreyer","Est. reading time":"1 minute"},"schema":{"@context":"https:\/\/schema.org","@graph":[{"@type":"Organization","@id":"https:\/\/acefootball.com\/da\/#organization","name":"Ace Football","url":"https:\/\/acefootball.com\/da\/","sameAs":["https:\/\/www.facebook.com\/acefootballdk"],"logo":{"@type":"ImageObject","@id":"https:\/\/acefootball.com\/da\/#logo","inLanguage":"en-US","url":"https:\/\/acefootball.com\/da\/wp-content\/uploads\/sites\/2\/2020\/07\/Ace-Football-30-07-2020-2.png","contentUrl":"https:\/\/acefootball.com\/da\/wp-content\/uploads\/sites\/2\/2020\/07\/Ace-Football-30-07-2020-2.png","width":1200,"height":600,"caption":"Ace Football"},"image":{"@id":"https:\/\/acefootball.com\/da\/#logo"}},{"@type":"WebSite","@id":"https:\/\/acefootball.com\/da\/#website","url":"https:\/\/acefootball.com\/da\/","name":"Ace Football Danmark","description":"Nyheder, Spiltips &amp; Livescore","publisher":{"@id":"https:\/\/acefootball.com\/da\/#organization"},"potentialAction":[{"@type":"SearchAction","target":{"@type":"EntryPoint","urlTemplate":"https:\/\/acefootball.com\/da\/?s={search_term_string}"},"query-input":"required name=search_term_string"}],"inLanguage":"en-US"},{"@type":"ImageObject","@id":"https:\/\/acefootball.com\/da\/fodboldnyheder\/se-reaktionerne-fodboldverdenen-tager-afsked-med-maradona\/#primaryimage","inLanguage":"en-US","url":"https:\/\/acefootball.com\/da\/wp-content\/uploads\/sites\/2\/2020\/11\/Ace-4-12.jpg","contentUrl":"https:\/\/acefootball.com\/da\/wp-content\/uploads\/sites\/2\/2020\/11\/Ace-4-12.jpg","width":1920,"height":1008},{"@type":"WebPage","@id":"https:\/\/acefootball.com\/da\/fodboldnyheder\/se-reaktionerne-fodboldverdenen-tager-afsked-med-maradona\/#webpage","url":"https:\/\/acefootball.com\/da\/fodboldnyheder\/se-reaktionerne-fodboldverdenen-tager-afsked-med-maradona\/","name":"Se reaktionerne: Fodboldverdenen tager afsked med Maradona","isPartOf":{"@id":"https:\/\/acefootball.com\/da\/#website"},"primaryImageOfPage":{"@id":"https:\/\/acefootball.com\/da\/fodboldnyheder\/se-reaktionerne-fodboldverdenen-tager-afsked-med-maradona\/#primaryimage"},"datePublished":"2020-11-25T17:50:51+00:00","dateModified":"2020-11-25T18:57:04+00:00","description":"Det argentinske ikon, Diego Maradona, er i dag afg\u00e5et ved d\u00f8den efter et hjertestop i hjemmet, og han hyldes nu fra vid og fjern","breadcrumb":{"@id":"https:\/\/acefootball.com\/da\/fodboldnyheder\/se-reaktionerne-fodboldverdenen-tager-afsked-med-maradona\/#breadcrumb"},"inLanguage":"en-US","potentialAction":[{"@type":"ReadAction","target":["https:\/\/acefootball.com\/da\/fodboldnyheder\/se-reaktionerne-fodboldverdenen-tager-afsked-med-maradona\/"]}]},{"@type":"BreadcrumbList","@id":"https:\/\/acefootball.com\/da\/fodboldnyheder\/se-reaktionerne-fodboldverdenen-tager-afsked-med-maradona\/#breadcrumb","itemListElement":[{"@type":"ListItem","position":1,"name":"Home","item":"https:\/\/acefootball.com\/da\/"},{"@type":"ListItem","position":2,"name":"Se reaktionerne: Fodboldverdenen tager afsked med Maradona"}]},{"@type":"Article","@id":"https:\/\/acefootball.com\/da\/fodboldnyheder\/se-reaktionerne-fodboldverdenen-tager-afsked-med-maradona\/#article","isPartOf":{"@id":"https:\/\/acefootball.com\/da\/fodboldnyheder\/se-reaktionerne-fodboldverdenen-tager-afsked-med-maradona\/#webpage"},"author":{"@id":"https:\/\/acefootball.com\/da\/#\/schema\/person\/ee67e9cf04a276f144100ffa722f10cd"},"headline":"Se reaktionerne: Fodboldverdenen tager afsked med Maradona","datePublished":"2020-11-25T17:50:51+00:00","dateModified":"2020-11-25T18:57:04+00:00","mainEntityOfPage":{"@id":"https:\/\/acefootball.com\/da\/fodboldnyheder\/se-reaktionerne-fodboldverdenen-tager-afsked-med-maradona\/#webpage"},"wordCount":200,"commentCount":0,"publisher":{"@id":"https:\/\/acefootball.com\/da\/#organization"},"image":{"@id":"https:\/\/acefootball.com\/da\/fodboldnyheder\/se-reaktionerne-fodboldverdenen-tager-afsked-med-maradona\/#primaryimage"},"thumbnailUrl":"https:\/\/acefootball.com\/da\/wp-content\/uploads\/sites\/2\/2020\/11\/GettyImages-1205709480.jpg","keywords":["Argentina","Diego Maradona"],"articleSection":["Offsite"],"inLanguage":"en-US","potentialAction":[{"@type":"CommentAction","name":"Comment","target":["https:\/\/acefootball.com\/da\/fodboldnyheder\/se-reaktionerne-fodboldverdenen-tager-afsked-med-maradona\/#respond"]}]},{"@type":"Person","@id":"https:\/\/acefootball.com\/da\/#\/schema\/person\/ee67e9cf04a276f144100ffa722f10cd","name":"Mads Dreyer","image":{"@type":"ImageObject","@id":"https:\/\/acefootball.com\/da\/#personlogo","inLanguage":"en-US","url":"https:\/\/secure.gravatar.com\/avatar\/7c7abf72cfde9902b6a60efe60c88d4c?s=96&d=mm&r=g","contentUrl":"https:\/\/secure.gravatar.com\/avatar\/7c7abf72cfde9902b6a60efe60c88d4c?s=96&d=mm&r=g","caption":"Mads Dreyer"},"description":"Skribent og fodboldn\u00f8rd, der lige nu fort\u00e6ller om alt og intet i fodboldverdenen p\u00e5 acefootball.com. Uddannet i kommunikation fra Aalborg Universitet.","sameAs":["https:\/\/www.linkedin.com\/in\/mads-dreyer-b9b08266\/"],"url":"https:\/\/acefootball.com\/da\/fodboldnyheder\/author\/mdnronaldo\/"}]}},"fimg_url":"https:\/\/acefootball.com\/da\/wp-content\/uploads\/sites\/2\/2020\/11\/GettyImages-1205709480.jpg","_links":{"self":[{"href":"https:\/\/acefootball.com\/da\/wp-json\/wp\/v2\/posts\/244661"}],"collection":[{"href":"https:\/\/acefootball.com\/da\/wp-json\/wp\/v2\/posts"}],"about":[{"href":"https:\/\/acefootball.com\/da\/wp-json\/wp\/v2\/types\/post"}],"author":[{"embeddable":true,"href":"https:\/\/acefootball.com\/da\/wp-json\/wp\/v2\/users\/705"}],"replies":[{"embeddable":true,"href":"https:\/\/acefootball.com\/da\/wp-json\/wp\/v2\/comments?post=244661"}],"version-history":[{"count":0,"href":"https:\/\/acefootball.com\/da\/wp-json\/wp\/v2\/posts\/244661\/revisions"}],"wp:featuredmedia":[{"embeddable":true,"href":"https:\/\/acefootball.com\/da\/wp-json\/wp\/v2\/media\/242233"}],"wp:attachment":[{"href":"https:\/\/acefootball.com\/da\/wp-json\/wp\/v2\/media?parent=244661"}],"wp:term":[{"taxonomy":"category","embeddable":true,"href":"https:\/\/acefootball.com\/da\/wp-json\/wp\/v2\/categories?post=244661"},{"taxonomy":"post_tag","embeddable":true,"href":"https:\/\/acefootball.com\/da\/wp-json\/wp\/v2\/tags?post=244661"}],"curies":[{"name":"wp","href":"https:\/\/api.w.org\/{rel}","templated":true}]}}