{"id":244404,"date":"2020-11-23T14:34:31","date_gmt":"2020-11-23T13:34:31","guid":{"rendered":"https:\/\/acefootball.com\/da\/?p=244404"},"modified":"2020-11-23T15:09:10","modified_gmt":"2020-11-23T14:09:10","slug":"anders-dreyer-der-var-interesse-fra-broendby","status":"publish","type":"post","link":"https:\/\/acefootball.com\/da\/fodboldnyheder\/anders-dreyer-der-var-interesse-fra-broendby\/","title":{"rendered":"Anders Dreyer: Der var interesse fra Br\u00f8ndby"},"content":{"rendered":"\n<h2 id=\"h-et-halvt-r-inden-anders-dreyer-skiftede-til-fc-midtjylland-var-br-ndby-ude-med-sn-ren-efter-kantspilleren\">Et halvt \u00e5r inden Anders Dreyer skiftede til FC Midtjylland, var Br\u00f8ndby ude med sn\u00f8ren efter kantspilleren<\/h2>\n\n\n\n<p>I sommeren 2019 havde Anders Dreyer netop afsluttet en halv\u00e5rlig lejeaftale i skotske St. Mirren og var derfor vendt tilbage til Premier League-klubben Brighton.<\/p>\n\n\n\n<p>Det stod dog relativt klart, at det endnu ikke ville blive til en plads i f\u00f8rsteholdstruppen, og i den forbindelse forklarer FCM-spilleren nu, at der var interesse fra andre klubber, heriblandt Br\u00f8ndby, men det blev i stedet til en tur til Holland.<\/p>\n\n\n\n<p>&#8220;Der var lidt i Br\u00f8ndby men ikke noget konkret,&#8221; fort\u00e6ller Dreyer til <a href=\"https:\/\/bit.ly\/12346742\" target=\"_blank\" rel=\"noreferrer noopener\">Eurosport<\/a> og forts\u00e6tter:<\/p>\n\n\n\n<p>&#8220;Der stod lidt om, at Br\u00f8ndby gerne ville have mig, og min agent fortalte mig om det om sommeren &#8211; inden jeg blev lejet ud til Heerenveen &#8211; og der var Brighton ikke villige til at s\u00e6lge mig.&#8221;<\/p>\n\n\n\n<p>Efter et halvt \u00e5r i \u00c6resdivisionen var Dreyer f\u00e6rdig med kortvarige lejeaftaler, og s\u00e5 kom FC Midtjylland p\u00e5 banen.<\/p>\n\n\n\n<figure class=\"wp-block-embed-wordpress wp-block-embed is-type-wp-embed is-provider-ace-football-danmark\"><div class=\"wp-block-embed__wrapper\">\n<blockquote class=\"wp-embedded-content\" data-secret=\"mULdU3ATrg\"><a href=\"https:\/\/acefootball.com\/da\/fodboldnyheder\/quiz-gaet-den-tidligere-broendby-spiller-ud-fra-klubhistorikken\/\">QUIZ: G\u00e6t den tidligere Br\u00f8ndby-spiller ud fra klubhistorikken<\/a><\/blockquote><iframe class=\"wp-embedded-content\" sandbox=\"allow-scripts\" security=\"restricted\" style=\"position: absolute; clip: rect(1px, 1px, 1px, 1px);\" title=\"&#8220;QUIZ: G\u00e6t den tidligere Br\u00f8ndby-spiller ud fra klubhistorikken&#8221; &#8212; Ace Football Danmark\" src=\"https:\/\/acefootball.com\/da\/fodboldnyheder\/quiz-gaet-den-tidligere-broendby-spiller-ud-fra-klubhistorikken\/embed\/#?secret=mULdU3ATrg\" data-secret=\"mULdU3ATrg\" width=\"600\" height=\"338\" frameborder=\"0\" marginwidth=\"0\" marginheight=\"0\" scrolling=\"no\"><\/iframe>\n<\/div><\/figure>\n\n\n\n<p>&#8220;Der var andre steder, hvor folk ogs\u00e5 ville leje mig, men jeg var ikke helt s\u00e5 meget p\u00e5 det med at blive lejet ud. Det havde jeg pr\u00f8vet to gange. Jeg var mere til at komme et sted hen permanent og pr\u00f8ve at se, om jeg kunne bide mig fast d\u00e9r.&#8221;<\/p>\n\n\n\n<p>Det har da ogs\u00e5 v\u00e6ret en fremragende beslutning for den unge kantspiller, der hurtigt har etableret sig som en profil p\u00e5 heden. Det er i alt blevet til 11 m\u00e5l og 11 opl\u00e6g i sine 31 kampe.<\/p>\n","protected":false},"excerpt":{"rendered":"<p>Et halvt \u00e5r inden Anders Dreyer skiftede til FC Midtjylland, var Br\u00f8ndby ude med sn\u00f8ren efter kantspilleren<\/p>\n","protected":false},"author":705,"featured_media":241490,"comment_status":"open","ping_status":"closed","sticky":false,"template":"","format":"standard","meta":{"om_disable_all_campaigns":false,"push_articles_ronaldo":{"active":false,"canonical":0,"publish":false},"force_updates":null},"categories":[8204],"tags":[2129,53,51,588],"enet_tags":{"player":["641344"],"team":["8595","8113"],"league":["46"],"sport_events":[]},"yoast_head":"<!-- This site is optimized with the Yoast SEO plugin v18.3 - https:\/\/yoast.com\/wordpress\/plugins\/seo\/ -->\n<title>Anders Dreyer: Der var interesse fra Br\u00f8ndby<\/title>\n<meta name=\"description\" content=\"Et halvt \u00e5r inden Anders Dreyer skiftede til FC Midtjylland, var Br\u00f8ndby ude med sn\u00f8ren efter kantspilleren\" \/>\n<meta name=\"robots\" content=\"index, follow, max-snippet:-1, max-image-preview:large, max-video-preview:-1\" \/>\n<link rel=\"canonical\" href=\"https:\/\/acefootball.com\/da\/fodboldnyheder\/anders-dreyer-der-var-interesse-fra-broendby\/\" \/>\n<meta property=\"og:locale\" content=\"en_US\" \/>\n<meta property=\"og:type\" content=\"article\" \/>\n<meta property=\"og:title\" content=\"Anders Dreyer: Der var interesse fra Br\u00f8ndby\" \/>\n<meta property=\"og:description\" content=\"Et halvt \u00e5r inden Anders Dreyer skiftede til FC Midtjylland, var Br\u00f8ndby ude med sn\u00f8ren efter kantspilleren\" \/>\n<meta property=\"og:url\" content=\"https:\/\/acefootball.com\/da\/fodboldnyheder\/anders-dreyer-der-var-interesse-fra-broendby\/\" \/>\n<meta property=\"og:site_name\" content=\"Ace Football Danmark\" \/>\n<meta property=\"article:publisher\" content=\"https:\/\/www.facebook.com\/acefootballdk\" \/>\n<meta property=\"article:published_time\" content=\"2020-11-23T13:34:31+00:00\" \/>\n<meta property=\"article:modified_time\" content=\"2020-11-23T14:09:10+00:00\" \/>\n<meta property=\"og:image\" content=\"https:\/\/acefootball.com\/da\/wp-content\/uploads\/sites\/2\/2020\/11\/Ace-31-6.jpg\" \/>\n\t<meta property=\"og:image:width\" content=\"1920\" \/>\n\t<meta property=\"og:image:height\" content=\"1008\" \/>\n\t<meta property=\"og:image:type\" content=\"image\/jpeg\" \/>\n<meta name=\"twitter:card\" content=\"summary_large_image\" \/>\n<meta name=\"twitter:label1\" content=\"Written by\" \/>\n\t<meta name=\"twitter:data1\" content=\"Mads Dreyer\" \/>\n\t<meta name=\"twitter:label2\" content=\"Est. reading time\" \/>\n\t<meta name=\"twitter:data2\" content=\"1 minute\" \/>\n<script type=\"application\/ld+json\" class=\"yoast-schema-graph\">{\"@context\":\"https:\/\/schema.org\",\"@graph\":[{\"@type\":\"Organization\",\"@id\":\"https:\/\/acefootball.com\/da\/#organization\",\"name\":\"Ace Football\",\"url\":\"https:\/\/acefootball.com\/da\/\",\"sameAs\":[\"https:\/\/www.facebook.com\/acefootballdk\"],\"logo\":{\"@type\":\"ImageObject\",\"@id\":\"https:\/\/acefootball.com\/da\/#logo\",\"inLanguage\":\"en-US\",\"url\":\"https:\/\/acefootball.com\/da\/wp-content\/uploads\/sites\/2\/2020\/07\/Ace-Football-30-07-2020-2.png\",\"contentUrl\":\"https:\/\/acefootball.com\/da\/wp-content\/uploads\/sites\/2\/2020\/07\/Ace-Football-30-07-2020-2.png\",\"width\":1200,\"height\":600,\"caption\":\"Ace Football\"},\"image\":{\"@id\":\"https:\/\/acefootball.com\/da\/#logo\"}},{\"@type\":\"WebSite\",\"@id\":\"https:\/\/acefootball.com\/da\/#website\",\"url\":\"https:\/\/acefootball.com\/da\/\",\"name\":\"Ace Football Danmark\",\"description\":\"Nyheder, Spiltips &amp; Livescore\",\"publisher\":{\"@id\":\"https:\/\/acefootball.com\/da\/#organization\"},\"potentialAction\":[{\"@type\":\"SearchAction\",\"target\":{\"@type\":\"EntryPoint\",\"urlTemplate\":\"https:\/\/acefootball.com\/da\/?s={search_term_string}\"},\"query-input\":\"required name=search_term_string\"}],\"inLanguage\":\"en-US\"},{\"@type\":\"ImageObject\",\"@id\":\"https:\/\/acefootball.com\/da\/fodboldnyheder\/anders-dreyer-der-var-interesse-fra-broendby\/#primaryimage\",\"inLanguage\":\"en-US\",\"url\":\"https:\/\/acefootball.com\/da\/wp-content\/uploads\/sites\/2\/2020\/11\/Ace-31-6.jpg\",\"contentUrl\":\"https:\/\/acefootball.com\/da\/wp-content\/uploads\/sites\/2\/2020\/11\/Ace-31-6.jpg\",\"width\":1920,\"height\":1008},{\"@type\":\"WebPage\",\"@id\":\"https:\/\/acefootball.com\/da\/fodboldnyheder\/anders-dreyer-der-var-interesse-fra-broendby\/#webpage\",\"url\":\"https:\/\/acefootball.com\/da\/fodboldnyheder\/anders-dreyer-der-var-interesse-fra-broendby\/\",\"name\":\"Anders Dreyer: Der var interesse fra Br\u00f8ndby\",\"isPartOf\":{\"@id\":\"https:\/\/acefootball.com\/da\/#website\"},\"primaryImageOfPage\":{\"@id\":\"https:\/\/acefootball.com\/da\/fodboldnyheder\/anders-dreyer-der-var-interesse-fra-broendby\/#primaryimage\"},\"datePublished\":\"2020-11-23T13:34:31+00:00\",\"dateModified\":\"2020-11-23T14:09:10+00:00\",\"description\":\"Et halvt \u00e5r inden Anders Dreyer skiftede til FC Midtjylland, var Br\u00f8ndby ude med sn\u00f8ren efter kantspilleren\",\"breadcrumb\":{\"@id\":\"https:\/\/acefootball.com\/da\/fodboldnyheder\/anders-dreyer-der-var-interesse-fra-broendby\/#breadcrumb\"},\"inLanguage\":\"en-US\",\"potentialAction\":[{\"@type\":\"ReadAction\",\"target\":[\"https:\/\/acefootball.com\/da\/fodboldnyheder\/anders-dreyer-der-var-interesse-fra-broendby\/\"]}]},{\"@type\":\"BreadcrumbList\",\"@id\":\"https:\/\/acefootball.com\/da\/fodboldnyheder\/anders-dreyer-der-var-interesse-fra-broendby\/#breadcrumb\",\"itemListElement\":[{\"@type\":\"ListItem\",\"position\":1,\"name\":\"Home\",\"item\":\"https:\/\/acefootball.com\/da\/\"},{\"@type\":\"ListItem\",\"position\":2,\"name\":\"Anders Dreyer: Der var interesse fra Br\u00f8ndby\"}]},{\"@type\":\"Article\",\"@id\":\"https:\/\/acefootball.com\/da\/fodboldnyheder\/anders-dreyer-der-var-interesse-fra-broendby\/#article\",\"isPartOf\":{\"@id\":\"https:\/\/acefootball.com\/da\/fodboldnyheder\/anders-dreyer-der-var-interesse-fra-broendby\/#webpage\"},\"author\":{\"@id\":\"https:\/\/acefootball.com\/da\/#\/schema\/person\/ee67e9cf04a276f144100ffa722f10cd\"},\"headline\":\"Anders Dreyer: Der var interesse fra Br\u00f8ndby\",\"datePublished\":\"2020-11-23T13:34:31+00:00\",\"dateModified\":\"2020-11-23T14:09:10+00:00\",\"mainEntityOfPage\":{\"@id\":\"https:\/\/acefootball.com\/da\/fodboldnyheder\/anders-dreyer-der-var-interesse-fra-broendby\/#webpage\"},\"wordCount\":270,\"commentCount\":0,\"publisher\":{\"@id\":\"https:\/\/acefootball.com\/da\/#organization\"},\"image\":{\"@id\":\"https:\/\/acefootball.com\/da\/fodboldnyheder\/anders-dreyer-der-var-interesse-fra-broendby\/#primaryimage\"},\"thumbnailUrl\":\"https:\/\/acefootball.com\/da\/wp-content\/uploads\/sites\/2\/2020\/10\/GettyImages-1229259976.jpg\",\"keywords\":[\"Anders Dreyer\",\"Br\u00f8ndby IF\",\"FC Midtjylland\",\"Superligaen\"],\"articleSection\":[\"Udtalelse\"],\"inLanguage\":\"en-US\",\"potentialAction\":[{\"@type\":\"CommentAction\",\"name\":\"Comment\",\"target\":[\"https:\/\/acefootball.com\/da\/fodboldnyheder\/anders-dreyer-der-var-interesse-fra-broendby\/#respond\"]}]},{\"@type\":\"Person\",\"@id\":\"https:\/\/acefootball.com\/da\/#\/schema\/person\/ee67e9cf04a276f144100ffa722f10cd\",\"name\":\"Mads Dreyer\",\"image\":{\"@type\":\"ImageObject\",\"@id\":\"https:\/\/acefootball.com\/da\/#personlogo\",\"inLanguage\":\"en-US\",\"url\":\"https:\/\/secure.gravatar.com\/avatar\/7c7abf72cfde9902b6a60efe60c88d4c?s=96&d=mm&r=g\",\"contentUrl\":\"https:\/\/secure.gravatar.com\/avatar\/7c7abf72cfde9902b6a60efe60c88d4c?s=96&d=mm&r=g\",\"caption\":\"Mads Dreyer\"},\"description\":\"Skribent og fodboldn\u00f8rd, der lige nu fort\u00e6ller om alt og intet i fodboldverdenen p\u00e5 acefootball.com. Uddannet i kommunikation fra Aalborg Universitet.\",\"sameAs\":[\"https:\/\/www.linkedin.com\/in\/mads-dreyer-b9b08266\/\"],\"url\":\"https:\/\/acefootball.com\/da\/fodboldnyheder\/author\/mdnronaldo\/\"}]}<\/script>\n<!-- \/ Yoast SEO plugin. -->","yoast_head_json":{"title":"Anders Dreyer: Der var interesse fra Br\u00f8ndby","description":"Et halvt \u00e5r inden Anders Dreyer skiftede til FC Midtjylland, var Br\u00f8ndby ude med sn\u00f8ren efter kantspilleren","robots":{"index":"index","follow":"follow","max-snippet":"max-snippet:-1","max-image-preview":"max-image-preview:large","max-video-preview":"max-video-preview:-1"},"canonical":"https:\/\/acefootball.com\/da\/fodboldnyheder\/anders-dreyer-der-var-interesse-fra-broendby\/","og_locale":"en_US","og_type":"article","og_title":"Anders Dreyer: Der var interesse fra Br\u00f8ndby","og_description":"Et halvt \u00e5r inden Anders Dreyer skiftede til FC Midtjylland, var Br\u00f8ndby ude med sn\u00f8ren efter kantspilleren","og_url":"https:\/\/acefootball.com\/da\/fodboldnyheder\/anders-dreyer-der-var-interesse-fra-broendby\/","og_site_name":"Ace Football Danmark","article_publisher":"https:\/\/www.facebook.com\/acefootballdk","article_published_time":"2020-11-23T13:34:31+00:00","article_modified_time":"2020-11-23T14:09:10+00:00","og_image":[{"width":1920,"height":1008,"url":"https:\/\/acefootball.com\/da\/wp-content\/uploads\/sites\/2\/2020\/11\/Ace-31-6.jpg","type":"image\/jpeg"}],"twitter_card":"summary_large_image","twitter_misc":{"Written by":"Mads Dreyer","Est. reading time":"1 minute"},"schema":{"@context":"https:\/\/schema.org","@graph":[{"@type":"Organization","@id":"https:\/\/acefootball.com\/da\/#organization","name":"Ace Football","url":"https:\/\/acefootball.com\/da\/","sameAs":["https:\/\/www.facebook.com\/acefootballdk"],"logo":{"@type":"ImageObject","@id":"https:\/\/acefootball.com\/da\/#logo","inLanguage":"en-US","url":"https:\/\/acefootball.com\/da\/wp-content\/uploads\/sites\/2\/2020\/07\/Ace-Football-30-07-2020-2.png","contentUrl":"https:\/\/acefootball.com\/da\/wp-content\/uploads\/sites\/2\/2020\/07\/Ace-Football-30-07-2020-2.png","width":1200,"height":600,"caption":"Ace Football"},"image":{"@id":"https:\/\/acefootball.com\/da\/#logo"}},{"@type":"WebSite","@id":"https:\/\/acefootball.com\/da\/#website","url":"https:\/\/acefootball.com\/da\/","name":"Ace Football Danmark","description":"Nyheder, Spiltips &amp; Livescore","publisher":{"@id":"https:\/\/acefootball.com\/da\/#organization"},"potentialAction":[{"@type":"SearchAction","target":{"@type":"EntryPoint","urlTemplate":"https:\/\/acefootball.com\/da\/?s={search_term_string}"},"query-input":"required name=search_term_string"}],"inLanguage":"en-US"},{"@type":"ImageObject","@id":"https:\/\/acefootball.com\/da\/fodboldnyheder\/anders-dreyer-der-var-interesse-fra-broendby\/#primaryimage","inLanguage":"en-US","url":"https:\/\/acefootball.com\/da\/wp-content\/uploads\/sites\/2\/2020\/11\/Ace-31-6.jpg","contentUrl":"https:\/\/acefootball.com\/da\/wp-content\/uploads\/sites\/2\/2020\/11\/Ace-31-6.jpg","width":1920,"height":1008},{"@type":"WebPage","@id":"https:\/\/acefootball.com\/da\/fodboldnyheder\/anders-dreyer-der-var-interesse-fra-broendby\/#webpage","url":"https:\/\/acefootball.com\/da\/fodboldnyheder\/anders-dreyer-der-var-interesse-fra-broendby\/","name":"Anders Dreyer: Der var interesse fra Br\u00f8ndby","isPartOf":{"@id":"https:\/\/acefootball.com\/da\/#website"},"primaryImageOfPage":{"@id":"https:\/\/acefootball.com\/da\/fodboldnyheder\/anders-dreyer-der-var-interesse-fra-broendby\/#primaryimage"},"datePublished":"2020-11-23T13:34:31+00:00","dateModified":"2020-11-23T14:09:10+00:00","description":"Et halvt \u00e5r inden Anders Dreyer skiftede til FC Midtjylland, var Br\u00f8ndby ude med sn\u00f8ren efter kantspilleren","breadcrumb":{"@id":"https:\/\/acefootball.com\/da\/fodboldnyheder\/anders-dreyer-der-var-interesse-fra-broendby\/#breadcrumb"},"inLanguage":"en-US","potentialAction":[{"@type":"ReadAction","target":["https:\/\/acefootball.com\/da\/fodboldnyheder\/anders-dreyer-der-var-interesse-fra-broendby\/"]}]},{"@type":"BreadcrumbList","@id":"https:\/\/acefootball.com\/da\/fodboldnyheder\/anders-dreyer-der-var-interesse-fra-broendby\/#breadcrumb","itemListElement":[{"@type":"ListItem","position":1,"name":"Home","item":"https:\/\/acefootball.com\/da\/"},{"@type":"ListItem","position":2,"name":"Anders Dreyer: Der var interesse fra Br\u00f8ndby"}]},{"@type":"Article","@id":"https:\/\/acefootball.com\/da\/fodboldnyheder\/anders-dreyer-der-var-interesse-fra-broendby\/#article","isPartOf":{"@id":"https:\/\/acefootball.com\/da\/fodboldnyheder\/anders-dreyer-der-var-interesse-fra-broendby\/#webpage"},"author":{"@id":"https:\/\/acefootball.com\/da\/#\/schema\/person\/ee67e9cf04a276f144100ffa722f10cd"},"headline":"Anders Dreyer: Der var interesse fra Br\u00f8ndby","datePublished":"2020-11-23T13:34:31+00:00","dateModified":"2020-11-23T14:09:10+00:00","mainEntityOfPage":{"@id":"https:\/\/acefootball.com\/da\/fodboldnyheder\/anders-dreyer-der-var-interesse-fra-broendby\/#webpage"},"wordCount":270,"commentCount":0,"publisher":{"@id":"https:\/\/acefootball.com\/da\/#organization"},"image":{"@id":"https:\/\/acefootball.com\/da\/fodboldnyheder\/anders-dreyer-der-var-interesse-fra-broendby\/#primaryimage"},"thumbnailUrl":"https:\/\/acefootball.com\/da\/wp-content\/uploads\/sites\/2\/2020\/10\/GettyImages-1229259976.jpg","keywords":["Anders Dreyer","Br\u00f8ndby IF","FC Midtjylland","Superligaen"],"articleSection":["Udtalelse"],"inLanguage":"en-US","potentialAction":[{"@type":"CommentAction","name":"Comment","target":["https:\/\/acefootball.com\/da\/fodboldnyheder\/anders-dreyer-der-var-interesse-fra-broendby\/#respond"]}]},{"@type":"Person","@id":"https:\/\/acefootball.com\/da\/#\/schema\/person\/ee67e9cf04a276f144100ffa722f10cd","name":"Mads Dreyer","image":{"@type":"ImageObject","@id":"https:\/\/acefootball.com\/da\/#personlogo","inLanguage":"en-US","url":"https:\/\/secure.gravatar.com\/avatar\/7c7abf72cfde9902b6a60efe60c88d4c?s=96&d=mm&r=g","contentUrl":"https:\/\/secure.gravatar.com\/avatar\/7c7abf72cfde9902b6a60efe60c88d4c?s=96&d=mm&r=g","caption":"Mads Dreyer"},"description":"Skribent og fodboldn\u00f8rd, der lige nu fort\u00e6ller om alt og intet i fodboldverdenen p\u00e5 acefootball.com. Uddannet i kommunikation fra Aalborg Universitet.","sameAs":["https:\/\/www.linkedin.com\/in\/mads-dreyer-b9b08266\/"],"url":"https:\/\/acefootball.com\/da\/fodboldnyheder\/author\/mdnronaldo\/"}]}},"fimg_url":"https:\/\/acefootball.com\/da\/wp-content\/uploads\/sites\/2\/2020\/10\/GettyImages-1229259976.jpg","_links":{"self":[{"href":"https:\/\/acefootball.com\/da\/wp-json\/wp\/v2\/posts\/244404"}],"collection":[{"href":"https:\/\/acefootball.com\/da\/wp-json\/wp\/v2\/posts"}],"about":[{"href":"https:\/\/acefootball.com\/da\/wp-json\/wp\/v2\/types\/post"}],"author":[{"embeddable":true,"href":"https:\/\/acefootball.com\/da\/wp-json\/wp\/v2\/users\/705"}],"replies":[{"embeddable":true,"href":"https:\/\/acefootball.com\/da\/wp-json\/wp\/v2\/comments?post=244404"}],"version-history":[{"count":0,"href":"https:\/\/acefootball.com\/da\/wp-json\/wp\/v2\/posts\/244404\/revisions"}],"wp:featuredmedia":[{"embeddable":true,"href":"https:\/\/acefootball.com\/da\/wp-json\/wp\/v2\/media\/241490"}],"wp:attachment":[{"href":"https:\/\/acefootball.com\/da\/wp-json\/wp\/v2\/media?parent=244404"}],"wp:term":[{"taxonomy":"category","embeddable":true,"href":"https:\/\/acefootball.com\/da\/wp-json\/wp\/v2\/categories?post=244404"},{"taxonomy":"post_tag","embeddable":true,"href":"https:\/\/acefootball.com\/da\/wp-json\/wp\/v2\/tags?post=244404"}],"curies":[{"name":"wp","href":"https:\/\/api.w.org\/{rel}","templated":true}]}}