{"id":244338,"date":"2020-11-23T10:09:18","date_gmt":"2020-11-23T09:09:18","guid":{"rendered":"https:\/\/acefootball.com\/da\/?p=244338"},"modified":"2020-11-23T10:09:19","modified_gmt":"2020-11-23T09:09:19","slug":"broendby-fans-undrer-sig-over-maxsoe-hvad-fanden-er-der-sket","status":"publish","type":"post","link":"https:\/\/acefootball.com\/da\/fodboldnyheder\/broendby-fans-undrer-sig-over-maxsoe-hvad-fanden-er-der-sket\/","title":{"rendered":"Br\u00f8ndby-fans undrer sig over Maxs\u00f8: &#8220;Hvad fanden er der sket?&#8221;"},"content":{"rendered":"\n<h2 id=\"h-flere-br-ndby-fans-ytrer-bekymring-over-de-seneste-pr-stationer-fra-andreas-maxs-efter-s-ndagens-kamp-mod-vejle\">Flere Br\u00f8ndby-fans ytrer bekymring over de seneste pr\u00e6stationer fra Andreas Maxs\u00f8 efter s\u00f8ndagens kamp mod Vejle<\/h2>\n\n\n\n<div class=\"wp-block-si-widget wp-block-si-widget--center\"><si-lb-widget widget-id=\"MatchInfoWithOdds\" data-nopadding=\"true\" data-card=\"true\" width=\"440\" data-event-id=\"3389125\" data-theme-appearance=\"dark\"><\/si-lb-widget><\/div>\n\n\n\n<p>Br\u00f8ndby IF hentede endnu en sejr i Superligaen s\u00f8ndag aften, da man slog Vejle Boldklub med 2-0 p\u00e5 udebane.<\/p>\n\n\n\n<p>Det var tilmed de bl\u00e5gules f\u00f8rste clean sheet i s\u00e6sonen, og derfor skulle man tro, at der var stor tilfredshed med defensiven, men p\u00e5 Twitter lufter flere fans bekymring over Andreas Maxs\u00f8.<\/p>\n\n\n\n<p>If\u00f8lge tilh\u00e6ngerne har forsvarsgeneralen ikke v\u00e6ret p\u00e5 sit vanlige niveau i denne s\u00e6son, og anf\u00f8reren havde da ogs\u00e5 visse problemer med den unge Vejle-angriber Wahid Faghir, der virkede til at v\u00e6re en stor mundfuld.<\/p>\n\n\n\n<div class=\"wp-block-si-widget wp-block-si-widget--center\"><si-lb-widget widget-id=\"PlayerSeasonProfileOPTA\" width=\"440\" data-player-id=\"408570\" data-season-id=\"15429\" data-card=\"true\" data-theme-appearance=\"dark\"><\/si-lb-widget><\/div>\n\n\n\n<p>Du kan se nogle af kommentarerne herunder.<\/p>\n\n\n\n<ul><li>&#8220;Fandme en l\u00e6kker sejr. F\u00e5r vi noget ro p\u00e5 forsvaret. S\u00e5 kan det her blive rigtig rigtig godt. &#8211; hvis nogen i \u00f8vrigt har info p\u00e5 hvad d\u00e6len der er sket med Maxs\u00f8. S\u00e5 skriv endelig. Han er s\u00e5 usikker og vinder ikke n\u00e6r de n\u00e6rkampe han gjorde for bare f\u00e5 mdr siden.&#8221;<\/li><li>&#8220;Hvad fanden er der sket med Maxs\u00f8?&#8221;<\/li><li>&#8220;M\u00e5ske kontroversielt, men jeg syntes ikke Maxs\u00f8 er i n\u00e6rheden af det niveau vi s\u00e5 sidste s\u00e6son.&#8221;<\/li><li>&#8220;Helt enig, slet ikke s\u00e5 sikker i duellerne\/ p\u00e5 bolden som han plejer.&#8221;<\/li><li>&#8220;Den vil jeg k\u00f8be ind p\u00e5, han er faldet i niveau i denne s\u00e6son.&#8221;<\/li><li>&#8220;Skr\u00e6kkeligt s\u00e5 ringe Rosted og Maxs\u00f8 er.&#8221;<\/li><\/ul>\n\n\n\n<p>Anderledes godt g\u00e5r det for Jesper Lindstr\u00f8m, der m\u00e5ske snart kan v\u00e6re p\u00e5 vej mod et stort skifte. F\u00e5 Br\u00f8ndby-talentets seneste udtalelse herunder.<\/p>\n\n\n\n<figure class=\"wp-block-embed-wordpress wp-block-embed is-type-wp-embed is-provider-ace-football-danmark\"><div class=\"wp-block-embed__wrapper\">\n<blockquote class=\"wp-embedded-content\" data-secret=\"sO3du2h1U3\"><a href=\"https:\/\/acefootball.com\/da\/fodboldnyheder\/lindstroem-om-tidlig-broendby-afgang-jeg-ved-det-sgu-ikke\/\">Lindstr\u00f8m om tidlig Br\u00f8ndby-afgang: Jeg ved det sgu ikke<\/a><\/blockquote><iframe class=\"wp-embedded-content\" sandbox=\"allow-scripts\" security=\"restricted\" style=\"position: absolute; clip: rect(1px, 1px, 1px, 1px);\" title=\"&#8220;Lindstr\u00f8m om tidlig Br\u00f8ndby-afgang: Jeg ved det sgu ikke&#8221; &#8212; Ace Football Danmark\" src=\"https:\/\/acefootball.com\/da\/fodboldnyheder\/lindstroem-om-tidlig-broendby-afgang-jeg-ved-det-sgu-ikke\/embed\/#?secret=sO3du2h1U3\" data-secret=\"sO3du2h1U3\" width=\"600\" height=\"338\" frameborder=\"0\" marginwidth=\"0\" marginheight=\"0\" scrolling=\"no\"><\/iframe>\n<\/div><\/figure>\n","protected":false},"excerpt":{"rendered":"<p>Flere Br\u00f8ndby-fans ytrer bekymring over de seneste pr\u00e6stationer fra Andreas Maxs\u00f8 efter s\u00f8ndagens kamp mod Vejle<\/p>\n","protected":false},"author":705,"featured_media":244353,"comment_status":"open","ping_status":"closed","sticky":false,"template":"","format":"standard","meta":{"om_disable_all_campaigns":false,"push_articles_ronaldo":{"active":false,"canonical":0,"publish":false},"force_updates":null},"categories":[8060],"tags":[429,53,588],"enet_tags":{"player":["408570"],"team":["8595"],"league":["46"],"sport_events":[3389125]},"yoast_head":"<!-- This site is optimized with the Yoast SEO plugin v18.3 - https:\/\/yoast.com\/wordpress\/plugins\/seo\/ -->\n<title>Br\u00f8ndby-fans undrer sig over Maxs\u00f8: &quot;Hvad fanden er der sket?&quot;<\/title>\n<meta name=\"description\" content=\"Flere Br\u00f8ndby-fans ytrer bekymring over de seneste pr\u00e6stationer fra Andreas Maxs\u00f8 efter s\u00f8ndagens kamp mod Vejle\" \/>\n<meta name=\"robots\" content=\"index, follow, max-snippet:-1, max-image-preview:large, max-video-preview:-1\" \/>\n<link rel=\"canonical\" href=\"https:\/\/acefootball.com\/da\/fodboldnyheder\/broendby-fans-undrer-sig-over-maxsoe-hvad-fanden-er-der-sket\/\" \/>\n<meta property=\"og:locale\" content=\"en_US\" \/>\n<meta property=\"og:type\" content=\"article\" \/>\n<meta property=\"og:title\" content=\"Br\u00f8ndby-fans undrer sig over Maxs\u00f8: &quot;Hvad fanden er der sket?&quot;\" \/>\n<meta property=\"og:description\" content=\"Flere Br\u00f8ndby-fans ytrer bekymring over de seneste pr\u00e6stationer fra Andreas Maxs\u00f8 efter s\u00f8ndagens kamp mod Vejle\" \/>\n<meta property=\"og:url\" content=\"https:\/\/acefootball.com\/da\/fodboldnyheder\/broendby-fans-undrer-sig-over-maxsoe-hvad-fanden-er-der-sket\/\" \/>\n<meta property=\"og:site_name\" content=\"Ace Football Danmark\" \/>\n<meta property=\"article:publisher\" content=\"https:\/\/www.facebook.com\/acefootballdk\" \/>\n<meta property=\"article:published_time\" content=\"2020-11-23T09:09:18+00:00\" \/>\n<meta property=\"article:modified_time\" content=\"2020-11-23T09:09:19+00:00\" \/>\n<meta property=\"og:image\" content=\"https:\/\/acefootball.com\/da\/wp-content\/uploads\/sites\/2\/2020\/11\/Brondby-4.jpg\" \/>\n\t<meta property=\"og:image:width\" content=\"1920\" \/>\n\t<meta property=\"og:image:height\" content=\"1008\" \/>\n\t<meta property=\"og:image:type\" content=\"image\/jpeg\" \/>\n<meta name=\"twitter:card\" content=\"summary_large_image\" \/>\n<meta name=\"twitter:label1\" content=\"Written by\" \/>\n\t<meta name=\"twitter:data1\" content=\"Mads Dreyer\" \/>\n\t<meta name=\"twitter:label2\" content=\"Est. reading time\" \/>\n\t<meta name=\"twitter:data2\" content=\"1 minute\" \/>\n<script type=\"application\/ld+json\" class=\"yoast-schema-graph\">{\"@context\":\"https:\/\/schema.org\",\"@graph\":[{\"@type\":\"Organization\",\"@id\":\"https:\/\/acefootball.com\/da\/#organization\",\"name\":\"Ace Football\",\"url\":\"https:\/\/acefootball.com\/da\/\",\"sameAs\":[\"https:\/\/www.facebook.com\/acefootballdk\"],\"logo\":{\"@type\":\"ImageObject\",\"@id\":\"https:\/\/acefootball.com\/da\/#logo\",\"inLanguage\":\"en-US\",\"url\":\"https:\/\/acefootball.com\/da\/wp-content\/uploads\/sites\/2\/2020\/07\/Ace-Football-30-07-2020-2.png\",\"contentUrl\":\"https:\/\/acefootball.com\/da\/wp-content\/uploads\/sites\/2\/2020\/07\/Ace-Football-30-07-2020-2.png\",\"width\":1200,\"height\":600,\"caption\":\"Ace Football\"},\"image\":{\"@id\":\"https:\/\/acefootball.com\/da\/#logo\"}},{\"@type\":\"WebSite\",\"@id\":\"https:\/\/acefootball.com\/da\/#website\",\"url\":\"https:\/\/acefootball.com\/da\/\",\"name\":\"Ace Football Danmark\",\"description\":\"Nyheder, Spiltips &amp; Livescore\",\"publisher\":{\"@id\":\"https:\/\/acefootball.com\/da\/#organization\"},\"potentialAction\":[{\"@type\":\"SearchAction\",\"target\":{\"@type\":\"EntryPoint\",\"urlTemplate\":\"https:\/\/acefootball.com\/da\/?s={search_term_string}\"},\"query-input\":\"required name=search_term_string\"}],\"inLanguage\":\"en-US\"},{\"@type\":\"ImageObject\",\"@id\":\"https:\/\/acefootball.com\/da\/fodboldnyheder\/broendby-fans-undrer-sig-over-maxsoe-hvad-fanden-er-der-sket\/#primaryimage\",\"inLanguage\":\"en-US\",\"url\":\"https:\/\/acefootball.com\/da\/wp-content\/uploads\/sites\/2\/2020\/11\/Brondby-4.jpg\",\"contentUrl\":\"https:\/\/acefootball.com\/da\/wp-content\/uploads\/sites\/2\/2020\/11\/Brondby-4.jpg\",\"width\":1920,\"height\":1008},{\"@type\":\"WebPage\",\"@id\":\"https:\/\/acefootball.com\/da\/fodboldnyheder\/broendby-fans-undrer-sig-over-maxsoe-hvad-fanden-er-der-sket\/#webpage\",\"url\":\"https:\/\/acefootball.com\/da\/fodboldnyheder\/broendby-fans-undrer-sig-over-maxsoe-hvad-fanden-er-der-sket\/\",\"name\":\"Br\u00f8ndby-fans undrer sig over Maxs\u00f8: \\\"Hvad fanden er der sket?\\\"\",\"isPartOf\":{\"@id\":\"https:\/\/acefootball.com\/da\/#website\"},\"primaryImageOfPage\":{\"@id\":\"https:\/\/acefootball.com\/da\/fodboldnyheder\/broendby-fans-undrer-sig-over-maxsoe-hvad-fanden-er-der-sket\/#primaryimage\"},\"datePublished\":\"2020-11-23T09:09:18+00:00\",\"dateModified\":\"2020-11-23T09:09:19+00:00\",\"description\":\"Flere Br\u00f8ndby-fans ytrer bekymring over de seneste pr\u00e6stationer fra Andreas Maxs\u00f8 efter s\u00f8ndagens kamp mod Vejle\",\"breadcrumb\":{\"@id\":\"https:\/\/acefootball.com\/da\/fodboldnyheder\/broendby-fans-undrer-sig-over-maxsoe-hvad-fanden-er-der-sket\/#breadcrumb\"},\"inLanguage\":\"en-US\",\"potentialAction\":[{\"@type\":\"ReadAction\",\"target\":[\"https:\/\/acefootball.com\/da\/fodboldnyheder\/broendby-fans-undrer-sig-over-maxsoe-hvad-fanden-er-der-sket\/\"]}]},{\"@type\":\"BreadcrumbList\",\"@id\":\"https:\/\/acefootball.com\/da\/fodboldnyheder\/broendby-fans-undrer-sig-over-maxsoe-hvad-fanden-er-der-sket\/#breadcrumb\",\"itemListElement\":[{\"@type\":\"ListItem\",\"position\":1,\"name\":\"Home\",\"item\":\"https:\/\/acefootball.com\/da\/\"},{\"@type\":\"ListItem\",\"position\":2,\"name\":\"Br\u00f8ndby-fans undrer sig over Maxs\u00f8: &#8220;Hvad fanden er der sket?&#8221;\"}]},{\"@type\":\"Article\",\"@id\":\"https:\/\/acefootball.com\/da\/fodboldnyheder\/broendby-fans-undrer-sig-over-maxsoe-hvad-fanden-er-der-sket\/#article\",\"isPartOf\":{\"@id\":\"https:\/\/acefootball.com\/da\/fodboldnyheder\/broendby-fans-undrer-sig-over-maxsoe-hvad-fanden-er-der-sket\/#webpage\"},\"author\":{\"@id\":\"https:\/\/acefootball.com\/da\/#\/schema\/person\/ee67e9cf04a276f144100ffa722f10cd\"},\"headline\":\"Br\u00f8ndby-fans undrer sig over Maxs\u00f8: &#8220;Hvad fanden er der sket?&#8221;\",\"datePublished\":\"2020-11-23T09:09:18+00:00\",\"dateModified\":\"2020-11-23T09:09:19+00:00\",\"mainEntityOfPage\":{\"@id\":\"https:\/\/acefootball.com\/da\/fodboldnyheder\/broendby-fans-undrer-sig-over-maxsoe-hvad-fanden-er-der-sket\/#webpage\"},\"wordCount\":289,\"commentCount\":0,\"publisher\":{\"@id\":\"https:\/\/acefootball.com\/da\/#organization\"},\"image\":{\"@id\":\"https:\/\/acefootball.com\/da\/fodboldnyheder\/broendby-fans-undrer-sig-over-maxsoe-hvad-fanden-er-der-sket\/#primaryimage\"},\"thumbnailUrl\":\"https:\/\/acefootball.com\/da\/wp-content\/uploads\/sites\/2\/2020\/11\/GettyImages-1229404943.jpg\",\"keywords\":[\"Andreas Maxs\u00f8\",\"Br\u00f8ndby IF\",\"Superligaen\"],\"articleSection\":[\"Reaktion\"],\"inLanguage\":\"en-US\",\"potentialAction\":[{\"@type\":\"CommentAction\",\"name\":\"Comment\",\"target\":[\"https:\/\/acefootball.com\/da\/fodboldnyheder\/broendby-fans-undrer-sig-over-maxsoe-hvad-fanden-er-der-sket\/#respond\"]}]},{\"@type\":\"Person\",\"@id\":\"https:\/\/acefootball.com\/da\/#\/schema\/person\/ee67e9cf04a276f144100ffa722f10cd\",\"name\":\"Mads Dreyer\",\"image\":{\"@type\":\"ImageObject\",\"@id\":\"https:\/\/acefootball.com\/da\/#personlogo\",\"inLanguage\":\"en-US\",\"url\":\"https:\/\/secure.gravatar.com\/avatar\/7c7abf72cfde9902b6a60efe60c88d4c?s=96&d=mm&r=g\",\"contentUrl\":\"https:\/\/secure.gravatar.com\/avatar\/7c7abf72cfde9902b6a60efe60c88d4c?s=96&d=mm&r=g\",\"caption\":\"Mads Dreyer\"},\"description\":\"Skribent og fodboldn\u00f8rd, der lige nu fort\u00e6ller om alt og intet i fodboldverdenen p\u00e5 acefootball.com. Uddannet i kommunikation fra Aalborg Universitet.\",\"sameAs\":[\"https:\/\/www.linkedin.com\/in\/mads-dreyer-b9b08266\/\"],\"url\":\"https:\/\/acefootball.com\/da\/fodboldnyheder\/author\/mdnronaldo\/\"}]}<\/script>\n<!-- \/ Yoast SEO plugin. -->","yoast_head_json":{"title":"Br\u00f8ndby-fans undrer sig over Maxs\u00f8: \"Hvad fanden er der sket?\"","description":"Flere Br\u00f8ndby-fans ytrer bekymring over de seneste pr\u00e6stationer fra Andreas Maxs\u00f8 efter s\u00f8ndagens kamp mod Vejle","robots":{"index":"index","follow":"follow","max-snippet":"max-snippet:-1","max-image-preview":"max-image-preview:large","max-video-preview":"max-video-preview:-1"},"canonical":"https:\/\/acefootball.com\/da\/fodboldnyheder\/broendby-fans-undrer-sig-over-maxsoe-hvad-fanden-er-der-sket\/","og_locale":"en_US","og_type":"article","og_title":"Br\u00f8ndby-fans undrer sig over Maxs\u00f8: \"Hvad fanden er der sket?\"","og_description":"Flere Br\u00f8ndby-fans ytrer bekymring over de seneste pr\u00e6stationer fra Andreas Maxs\u00f8 efter s\u00f8ndagens kamp mod Vejle","og_url":"https:\/\/acefootball.com\/da\/fodboldnyheder\/broendby-fans-undrer-sig-over-maxsoe-hvad-fanden-er-der-sket\/","og_site_name":"Ace Football Danmark","article_publisher":"https:\/\/www.facebook.com\/acefootballdk","article_published_time":"2020-11-23T09:09:18+00:00","article_modified_time":"2020-11-23T09:09:19+00:00","og_image":[{"width":1920,"height":1008,"url":"https:\/\/acefootball.com\/da\/wp-content\/uploads\/sites\/2\/2020\/11\/Brondby-4.jpg","type":"image\/jpeg"}],"twitter_card":"summary_large_image","twitter_misc":{"Written by":"Mads Dreyer","Est. reading time":"1 minute"},"schema":{"@context":"https:\/\/schema.org","@graph":[{"@type":"Organization","@id":"https:\/\/acefootball.com\/da\/#organization","name":"Ace Football","url":"https:\/\/acefootball.com\/da\/","sameAs":["https:\/\/www.facebook.com\/acefootballdk"],"logo":{"@type":"ImageObject","@id":"https:\/\/acefootball.com\/da\/#logo","inLanguage":"en-US","url":"https:\/\/acefootball.com\/da\/wp-content\/uploads\/sites\/2\/2020\/07\/Ace-Football-30-07-2020-2.png","contentUrl":"https:\/\/acefootball.com\/da\/wp-content\/uploads\/sites\/2\/2020\/07\/Ace-Football-30-07-2020-2.png","width":1200,"height":600,"caption":"Ace Football"},"image":{"@id":"https:\/\/acefootball.com\/da\/#logo"}},{"@type":"WebSite","@id":"https:\/\/acefootball.com\/da\/#website","url":"https:\/\/acefootball.com\/da\/","name":"Ace Football Danmark","description":"Nyheder, Spiltips &amp; Livescore","publisher":{"@id":"https:\/\/acefootball.com\/da\/#organization"},"potentialAction":[{"@type":"SearchAction","target":{"@type":"EntryPoint","urlTemplate":"https:\/\/acefootball.com\/da\/?s={search_term_string}"},"query-input":"required name=search_term_string"}],"inLanguage":"en-US"},{"@type":"ImageObject","@id":"https:\/\/acefootball.com\/da\/fodboldnyheder\/broendby-fans-undrer-sig-over-maxsoe-hvad-fanden-er-der-sket\/#primaryimage","inLanguage":"en-US","url":"https:\/\/acefootball.com\/da\/wp-content\/uploads\/sites\/2\/2020\/11\/Brondby-4.jpg","contentUrl":"https:\/\/acefootball.com\/da\/wp-content\/uploads\/sites\/2\/2020\/11\/Brondby-4.jpg","width":1920,"height":1008},{"@type":"WebPage","@id":"https:\/\/acefootball.com\/da\/fodboldnyheder\/broendby-fans-undrer-sig-over-maxsoe-hvad-fanden-er-der-sket\/#webpage","url":"https:\/\/acefootball.com\/da\/fodboldnyheder\/broendby-fans-undrer-sig-over-maxsoe-hvad-fanden-er-der-sket\/","name":"Br\u00f8ndby-fans undrer sig over Maxs\u00f8: \"Hvad fanden er der sket?\"","isPartOf":{"@id":"https:\/\/acefootball.com\/da\/#website"},"primaryImageOfPage":{"@id":"https:\/\/acefootball.com\/da\/fodboldnyheder\/broendby-fans-undrer-sig-over-maxsoe-hvad-fanden-er-der-sket\/#primaryimage"},"datePublished":"2020-11-23T09:09:18+00:00","dateModified":"2020-11-23T09:09:19+00:00","description":"Flere Br\u00f8ndby-fans ytrer bekymring over de seneste pr\u00e6stationer fra Andreas Maxs\u00f8 efter s\u00f8ndagens kamp mod Vejle","breadcrumb":{"@id":"https:\/\/acefootball.com\/da\/fodboldnyheder\/broendby-fans-undrer-sig-over-maxsoe-hvad-fanden-er-der-sket\/#breadcrumb"},"inLanguage":"en-US","potentialAction":[{"@type":"ReadAction","target":["https:\/\/acefootball.com\/da\/fodboldnyheder\/broendby-fans-undrer-sig-over-maxsoe-hvad-fanden-er-der-sket\/"]}]},{"@type":"BreadcrumbList","@id":"https:\/\/acefootball.com\/da\/fodboldnyheder\/broendby-fans-undrer-sig-over-maxsoe-hvad-fanden-er-der-sket\/#breadcrumb","itemListElement":[{"@type":"ListItem","position":1,"name":"Home","item":"https:\/\/acefootball.com\/da\/"},{"@type":"ListItem","position":2,"name":"Br\u00f8ndby-fans undrer sig over Maxs\u00f8: &#8220;Hvad fanden er der sket?&#8221;"}]},{"@type":"Article","@id":"https:\/\/acefootball.com\/da\/fodboldnyheder\/broendby-fans-undrer-sig-over-maxsoe-hvad-fanden-er-der-sket\/#article","isPartOf":{"@id":"https:\/\/acefootball.com\/da\/fodboldnyheder\/broendby-fans-undrer-sig-over-maxsoe-hvad-fanden-er-der-sket\/#webpage"},"author":{"@id":"https:\/\/acefootball.com\/da\/#\/schema\/person\/ee67e9cf04a276f144100ffa722f10cd"},"headline":"Br\u00f8ndby-fans undrer sig over Maxs\u00f8: &#8220;Hvad fanden er der sket?&#8221;","datePublished":"2020-11-23T09:09:18+00:00","dateModified":"2020-11-23T09:09:19+00:00","mainEntityOfPage":{"@id":"https:\/\/acefootball.com\/da\/fodboldnyheder\/broendby-fans-undrer-sig-over-maxsoe-hvad-fanden-er-der-sket\/#webpage"},"wordCount":289,"commentCount":0,"publisher":{"@id":"https:\/\/acefootball.com\/da\/#organization"},"image":{"@id":"https:\/\/acefootball.com\/da\/fodboldnyheder\/broendby-fans-undrer-sig-over-maxsoe-hvad-fanden-er-der-sket\/#primaryimage"},"thumbnailUrl":"https:\/\/acefootball.com\/da\/wp-content\/uploads\/sites\/2\/2020\/11\/GettyImages-1229404943.jpg","keywords":["Andreas Maxs\u00f8","Br\u00f8ndby IF","Superligaen"],"articleSection":["Reaktion"],"inLanguage":"en-US","potentialAction":[{"@type":"CommentAction","name":"Comment","target":["https:\/\/acefootball.com\/da\/fodboldnyheder\/broendby-fans-undrer-sig-over-maxsoe-hvad-fanden-er-der-sket\/#respond"]}]},{"@type":"Person","@id":"https:\/\/acefootball.com\/da\/#\/schema\/person\/ee67e9cf04a276f144100ffa722f10cd","name":"Mads Dreyer","image":{"@type":"ImageObject","@id":"https:\/\/acefootball.com\/da\/#personlogo","inLanguage":"en-US","url":"https:\/\/secure.gravatar.com\/avatar\/7c7abf72cfde9902b6a60efe60c88d4c?s=96&d=mm&r=g","contentUrl":"https:\/\/secure.gravatar.com\/avatar\/7c7abf72cfde9902b6a60efe60c88d4c?s=96&d=mm&r=g","caption":"Mads Dreyer"},"description":"Skribent og fodboldn\u00f8rd, der lige nu fort\u00e6ller om alt og intet i fodboldverdenen p\u00e5 acefootball.com. Uddannet i kommunikation fra Aalborg Universitet.","sameAs":["https:\/\/www.linkedin.com\/in\/mads-dreyer-b9b08266\/"],"url":"https:\/\/acefootball.com\/da\/fodboldnyheder\/author\/mdnronaldo\/"}]}},"fimg_url":"https:\/\/acefootball.com\/da\/wp-content\/uploads\/sites\/2\/2020\/11\/GettyImages-1229404943.jpg","_links":{"self":[{"href":"https:\/\/acefootball.com\/da\/wp-json\/wp\/v2\/posts\/244338"}],"collection":[{"href":"https:\/\/acefootball.com\/da\/wp-json\/wp\/v2\/posts"}],"about":[{"href":"https:\/\/acefootball.com\/da\/wp-json\/wp\/v2\/types\/post"}],"author":[{"embeddable":true,"href":"https:\/\/acefootball.com\/da\/wp-json\/wp\/v2\/users\/705"}],"replies":[{"embeddable":true,"href":"https:\/\/acefootball.com\/da\/wp-json\/wp\/v2\/comments?post=244338"}],"version-history":[{"count":0,"href":"https:\/\/acefootball.com\/da\/wp-json\/wp\/v2\/posts\/244338\/revisions"}],"wp:featuredmedia":[{"embeddable":true,"href":"https:\/\/acefootball.com\/da\/wp-json\/wp\/v2\/media\/244353"}],"wp:attachment":[{"href":"https:\/\/acefootball.com\/da\/wp-json\/wp\/v2\/media?parent=244338"}],"wp:term":[{"taxonomy":"category","embeddable":true,"href":"https:\/\/acefootball.com\/da\/wp-json\/wp\/v2\/categories?post=244338"},{"taxonomy":"post_tag","embeddable":true,"href":"https:\/\/acefootball.com\/da\/wp-json\/wp\/v2\/tags?post=244338"}],"curies":[{"name":"wp","href":"https:\/\/api.w.org\/{rel}","templated":true}]}}