{"id":244310,"date":"2020-11-23T09:02:16","date_gmt":"2020-11-23T08:02:16","guid":{"rendered":"https:\/\/acefootball.com\/da\/?p=244310"},"modified":"2020-11-23T09:02:17","modified_gmt":"2020-11-23T08:02:17","slug":"lindstroem-om-tidlig-broendby-afgang-jeg-ved-det-sgu-ikke","status":"publish","type":"post","link":"https:\/\/acefootball.com\/da\/fodboldnyheder\/lindstroem-om-tidlig-broendby-afgang-jeg-ved-det-sgu-ikke\/","title":{"rendered":"Lindstr\u00f8m om tidlig Br\u00f8ndby-afgang: Jeg ved det sgu ikke"},"content":{"rendered":"\n<h2 id=\"h-br-ndbys-guldfugl-jesper-lindstr-m-har-interesse-fra-serie-a-og-han-vil-ikke-udelukke-at-der-kan-v-re-et-skifte-under-opsejling-i-en-n-r-fremtid\">Br\u00f8ndbys guldfugl Jesper Lindstr\u00f8m har interesse fra Serie A, og han vil ikke udelukke, at der kan v\u00e6re et skifte under opsejling i en n\u00e6r fremtid<\/h2>\n\n\n\n<div class=\"wp-block-si-widget wp-block-si-widget--center\"><si-lb-widget widget-id=\"MatchInfo\" width=\"440\" data-nopadding=\"true\" data-card=\"true\" data-event-id=\"3389125\" data-theme-appearance=\"dark\"><\/si-lb-widget><\/div>\n\n\n\n<p>Br\u00f8ndby IF tog i g\u00e5r en stensikker sejr, da de p\u00e5 udebane m\u00f8dte oprykkerne fra Vejle i niende runde af 3F Superligaen.<\/p>\n\n\n\n<p>Kampens f\u00f8rste m\u00e5l blev scoret af stortalentet Jesper Lindstr\u00f8m, der har v\u00e6ret brandvarm i denne s\u00e6son, og derfor er det heller ikke s\u00e5 underligt, at der er bud p\u00e5 ham fra udlandet.<\/p>\n\n\n\n<figure class=\"wp-block-embed-wordpress wp-block-embed is-type-wp-embed is-provider-ace-football-danmark\"><div class=\"wp-block-embed__wrapper\">\n<blockquote class=\"wp-embedded-content\" data-secret=\"X2k9oC1C7x\"><a href=\"https:\/\/acefootball.com\/da\/fodboldnyheder\/medie-serie-a-klub-vil-have-fingrene-i-jesper-lindstroem\/\">Medie: Serie A-klub vil have fingrene i Jesper Lindstr\u00f8m<\/a><\/blockquote><iframe class=\"wp-embedded-content\" sandbox=\"allow-scripts\" security=\"restricted\" style=\"position: absolute; clip: rect(1px, 1px, 1px, 1px);\" title=\"&#8220;Medie: Serie A-klub vil have fingrene i Jesper Lindstr\u00f8m&#8221; &#8212; Ace Football Danmark\" src=\"https:\/\/acefootball.com\/da\/fodboldnyheder\/medie-serie-a-klub-vil-have-fingrene-i-jesper-lindstroem\/embed\/#?secret=X2k9oC1C7x\" data-secret=\"X2k9oC1C7x\" width=\"600\" height=\"338\" frameborder=\"0\" marginwidth=\"0\" marginheight=\"0\" scrolling=\"no\"><\/iframe>\n<\/div><\/figure>\n\n\n\n<p>&#8216;Jobbe&#8217; blev dog selv en smule overrasket over rygterne og fort\u00e6ller, at han selv h\u00f8rte om dem p\u00e5 Facebook. Alligevel vil han ikke afvise, at det kan blive tilf\u00e6ldet, at han forlader Br\u00f8ndby inden l\u00e6nge.<\/p>\n\n\n\n<p>Efter kampen blev Br\u00f8ndby-talentet spurgt ind til, om det er for tidligt at tage til udlandet allerede nu.<\/p>\n\n\n\n<p>&#8220;Det ved jeg sgu ikke. Jeg er glad for at v\u00e6re i Br\u00f8ndby, som alle ved. Jeg elsker at spille her og elsker at spille sammen med de gutter her, s\u00e5 meget mere har jeg ikke at sige om det,&#8221; svarer Lindstr\u00f8m if\u00f8lge <a href=\"https:\/\/www.bold.dk\/fodbold\/nyheder\/komet-efter-serie-a-rygter-elsker-at-vaere-i-bif\/\" target=\"_blank\" rel=\"noreferrer noopener\">bold.dk<\/a>.<\/p>\n\n\n\n<p>Lindstr\u00f8m har med g\u00e5rsdagens kasse scoret fem m\u00e5l i ni kampe for de bl\u00e5gule.<\/p>\n\n\n\n<div class=\"wp-block-si-widget wp-block-si-widget--center\"><si-lb-widget widget-id=\"PlayerSeasonProfile\" width=\"440\" data-player-id=\"958335\" data-theme-appearance=\"dark\" data-card=\"true\"><\/si-lb-widget><\/div>\n","protected":false},"excerpt":{"rendered":"<p>Br\u00f8ndbys Jesper Lindstr\u00f8m har interesse fra Serie A, og han vil ikke udelukke, at der kan v\u00e6re et skifte under opsejling i en n\u00e6r fremtid<\/p>\n","protected":false},"author":74,"featured_media":244092,"comment_status":"open","ping_status":"closed","sticky":false,"template":"","format":"standard","meta":{"om_disable_all_campaigns":false,"push_articles_ronaldo":{"active":false,"canonical":0,"publish":false},"force_updates":null},"categories":[8204],"tags":[53,7164,588],"enet_tags":{"team":["8595"],"player":["958335"],"league":["46"],"sport_events":[3389125]},"yoast_head":"<!-- This site is optimized with the Yoast SEO plugin v18.3 - https:\/\/yoast.com\/wordpress\/plugins\/seo\/ -->\n<title>Lindstr\u00f8m om tidlig Br\u00f8ndby-afgang: Jeg ved det sgu ikke<\/title>\n<meta name=\"description\" content=\"Br\u00f8ndbys Jesper Lindstr\u00f8m har interesse fra Serie A, og han vil ikke udelukke, at der kan v\u00e6re et skifte under opsejling i en n\u00e6r fremtid\" \/>\n<meta name=\"robots\" content=\"index, follow, max-snippet:-1, max-image-preview:large, max-video-preview:-1\" \/>\n<link rel=\"canonical\" href=\"https:\/\/acefootball.com\/da\/fodboldnyheder\/lindstroem-om-tidlig-broendby-afgang-jeg-ved-det-sgu-ikke\/\" \/>\n<meta property=\"og:locale\" content=\"en_US\" \/>\n<meta property=\"og:type\" content=\"article\" \/>\n<meta property=\"og:title\" content=\"Lindstr\u00f8m om tidlig Br\u00f8ndby-afgang: Jeg ved det sgu ikke\" \/>\n<meta property=\"og:description\" content=\"Br\u00f8ndbys Jesper Lindstr\u00f8m har interesse fra Serie A, og han vil ikke udelukke, at der kan v\u00e6re et skifte under opsejling i en n\u00e6r fremtid\" \/>\n<meta property=\"og:url\" content=\"https:\/\/acefootball.com\/da\/fodboldnyheder\/lindstroem-om-tidlig-broendby-afgang-jeg-ved-det-sgu-ikke\/\" \/>\n<meta property=\"og:site_name\" content=\"Ace Football Danmark\" \/>\n<meta property=\"article:publisher\" content=\"https:\/\/www.facebook.com\/acefootballdk\" \/>\n<meta property=\"article:published_time\" content=\"2020-11-23T08:02:16+00:00\" \/>\n<meta property=\"article:modified_time\" content=\"2020-11-23T08:02:17+00:00\" \/>\n<meta property=\"og:image\" content=\"https:\/\/acefootball.com\/da\/wp-content\/uploads\/sites\/2\/2020\/11\/Brondby.jpg\" \/>\n\t<meta property=\"og:image:width\" content=\"1920\" \/>\n\t<meta property=\"og:image:height\" content=\"1008\" \/>\n\t<meta property=\"og:image:type\" content=\"image\/jpeg\" \/>\n<meta name=\"twitter:card\" content=\"summary_large_image\" \/>\n<meta name=\"twitter:label1\" content=\"Written by\" \/>\n\t<meta name=\"twitter:data1\" content=\"Patrick Hesselb\u00e6k\" \/>\n\t<meta name=\"twitter:label2\" content=\"Est. reading time\" \/>\n\t<meta name=\"twitter:data2\" content=\"1 minute\" \/>\n<script type=\"application\/ld+json\" class=\"yoast-schema-graph\">{\"@context\":\"https:\/\/schema.org\",\"@graph\":[{\"@type\":\"Organization\",\"@id\":\"https:\/\/acefootball.com\/da\/#organization\",\"name\":\"Ace Football\",\"url\":\"https:\/\/acefootball.com\/da\/\",\"sameAs\":[\"https:\/\/www.facebook.com\/acefootballdk\"],\"logo\":{\"@type\":\"ImageObject\",\"@id\":\"https:\/\/acefootball.com\/da\/#logo\",\"inLanguage\":\"en-US\",\"url\":\"https:\/\/acefootball.com\/da\/wp-content\/uploads\/sites\/2\/2020\/07\/Ace-Football-30-07-2020-2.png\",\"contentUrl\":\"https:\/\/acefootball.com\/da\/wp-content\/uploads\/sites\/2\/2020\/07\/Ace-Football-30-07-2020-2.png\",\"width\":1200,\"height\":600,\"caption\":\"Ace Football\"},\"image\":{\"@id\":\"https:\/\/acefootball.com\/da\/#logo\"}},{\"@type\":\"WebSite\",\"@id\":\"https:\/\/acefootball.com\/da\/#website\",\"url\":\"https:\/\/acefootball.com\/da\/\",\"name\":\"Ace Football Danmark\",\"description\":\"Nyheder, Spiltips &amp; Livescore\",\"publisher\":{\"@id\":\"https:\/\/acefootball.com\/da\/#organization\"},\"potentialAction\":[{\"@type\":\"SearchAction\",\"target\":{\"@type\":\"EntryPoint\",\"urlTemplate\":\"https:\/\/acefootball.com\/da\/?s={search_term_string}\"},\"query-input\":\"required name=search_term_string\"}],\"inLanguage\":\"en-US\"},{\"@type\":\"ImageObject\",\"@id\":\"https:\/\/acefootball.com\/da\/fodboldnyheder\/lindstroem-om-tidlig-broendby-afgang-jeg-ved-det-sgu-ikke\/#primaryimage\",\"inLanguage\":\"en-US\",\"url\":\"https:\/\/acefootball.com\/da\/wp-content\/uploads\/sites\/2\/2020\/11\/Brondby.jpg\",\"contentUrl\":\"https:\/\/acefootball.com\/da\/wp-content\/uploads\/sites\/2\/2020\/11\/Brondby.jpg\",\"width\":1920,\"height\":1008},{\"@type\":\"WebPage\",\"@id\":\"https:\/\/acefootball.com\/da\/fodboldnyheder\/lindstroem-om-tidlig-broendby-afgang-jeg-ved-det-sgu-ikke\/#webpage\",\"url\":\"https:\/\/acefootball.com\/da\/fodboldnyheder\/lindstroem-om-tidlig-broendby-afgang-jeg-ved-det-sgu-ikke\/\",\"name\":\"Lindstr\u00f8m om tidlig Br\u00f8ndby-afgang: Jeg ved det sgu ikke\",\"isPartOf\":{\"@id\":\"https:\/\/acefootball.com\/da\/#website\"},\"primaryImageOfPage\":{\"@id\":\"https:\/\/acefootball.com\/da\/fodboldnyheder\/lindstroem-om-tidlig-broendby-afgang-jeg-ved-det-sgu-ikke\/#primaryimage\"},\"datePublished\":\"2020-11-23T08:02:16+00:00\",\"dateModified\":\"2020-11-23T08:02:17+00:00\",\"description\":\"Br\u00f8ndbys Jesper Lindstr\u00f8m har interesse fra Serie A, og han vil ikke udelukke, at der kan v\u00e6re et skifte under opsejling i en n\u00e6r fremtid\",\"breadcrumb\":{\"@id\":\"https:\/\/acefootball.com\/da\/fodboldnyheder\/lindstroem-om-tidlig-broendby-afgang-jeg-ved-det-sgu-ikke\/#breadcrumb\"},\"inLanguage\":\"en-US\",\"potentialAction\":[{\"@type\":\"ReadAction\",\"target\":[\"https:\/\/acefootball.com\/da\/fodboldnyheder\/lindstroem-om-tidlig-broendby-afgang-jeg-ved-det-sgu-ikke\/\"]}]},{\"@type\":\"BreadcrumbList\",\"@id\":\"https:\/\/acefootball.com\/da\/fodboldnyheder\/lindstroem-om-tidlig-broendby-afgang-jeg-ved-det-sgu-ikke\/#breadcrumb\",\"itemListElement\":[{\"@type\":\"ListItem\",\"position\":1,\"name\":\"Home\",\"item\":\"https:\/\/acefootball.com\/da\/\"},{\"@type\":\"ListItem\",\"position\":2,\"name\":\"Lindstr\u00f8m om tidlig Br\u00f8ndby-afgang: Jeg ved det sgu ikke\"}]},{\"@type\":\"Article\",\"@id\":\"https:\/\/acefootball.com\/da\/fodboldnyheder\/lindstroem-om-tidlig-broendby-afgang-jeg-ved-det-sgu-ikke\/#article\",\"isPartOf\":{\"@id\":\"https:\/\/acefootball.com\/da\/fodboldnyheder\/lindstroem-om-tidlig-broendby-afgang-jeg-ved-det-sgu-ikke\/#webpage\"},\"author\":{\"@id\":\"https:\/\/acefootball.com\/da\/#\/schema\/person\/fd6223a1c033400b41da7853ddf88c84\"},\"headline\":\"Lindstr\u00f8m om tidlig Br\u00f8ndby-afgang: Jeg ved det sgu ikke\",\"datePublished\":\"2020-11-23T08:02:16+00:00\",\"dateModified\":\"2020-11-23T08:02:17+00:00\",\"mainEntityOfPage\":{\"@id\":\"https:\/\/acefootball.com\/da\/fodboldnyheder\/lindstroem-om-tidlig-broendby-afgang-jeg-ved-det-sgu-ikke\/#webpage\"},\"wordCount\":235,\"commentCount\":0,\"publisher\":{\"@id\":\"https:\/\/acefootball.com\/da\/#organization\"},\"image\":{\"@id\":\"https:\/\/acefootball.com\/da\/fodboldnyheder\/lindstroem-om-tidlig-broendby-afgang-jeg-ved-det-sgu-ikke\/#primaryimage\"},\"thumbnailUrl\":\"https:\/\/acefootball.com\/da\/wp-content\/uploads\/sites\/2\/2020\/11\/GettyImages-1228616282.jpg\",\"keywords\":[\"Br\u00f8ndby IF\",\"Jesper Lindstr\u00f8m\",\"Superligaen\"],\"articleSection\":[\"Udtalelse\"],\"inLanguage\":\"en-US\",\"potentialAction\":[{\"@type\":\"CommentAction\",\"name\":\"Comment\",\"target\":[\"https:\/\/acefootball.com\/da\/fodboldnyheder\/lindstroem-om-tidlig-broendby-afgang-jeg-ved-det-sgu-ikke\/#respond\"]}]},{\"@type\":\"Person\",\"@id\":\"https:\/\/acefootball.com\/da\/#\/schema\/person\/fd6223a1c033400b41da7853ddf88c84\",\"name\":\"Patrick Hesselb\u00e6k\",\"image\":{\"@type\":\"ImageObject\",\"@id\":\"https:\/\/acefootball.com\/da\/#personlogo\",\"inLanguage\":\"en-US\",\"url\":\"https:\/\/secure.gravatar.com\/avatar\/7919060992759bffbffb199d6cbdce6f?s=96&d=mm&r=g\",\"contentUrl\":\"https:\/\/secure.gravatar.com\/avatar\/7919060992759bffbffb199d6cbdce6f?s=96&d=mm&r=g\",\"caption\":\"Patrick Hesselb\u00e6k\"},\"description\":\"Redakt\u00f8r p\u00e5 den danske Ace Football-redaktion. Uddannet i kommunikation fra Aalborg Universitet. Prim\u00e6rt fokus p\u00e5 den danske 3F Superliga og de st\u00f8rste europ\u00e6iske turneringer.\",\"sameAs\":[\"https:\/\/www.linkedin.com\/in\/patrick-hesselbk-2a4b1711a\/\"],\"url\":\"https:\/\/acefootball.com\/da\/fodboldnyheder\/author\/patrickhesselbaek\/\"}]}<\/script>\n<!-- \/ Yoast SEO plugin. -->","yoast_head_json":{"title":"Lindstr\u00f8m om tidlig Br\u00f8ndby-afgang: Jeg ved det sgu ikke","description":"Br\u00f8ndbys Jesper Lindstr\u00f8m har interesse fra Serie A, og han vil ikke udelukke, at der kan v\u00e6re et skifte under opsejling i en n\u00e6r fremtid","robots":{"index":"index","follow":"follow","max-snippet":"max-snippet:-1","max-image-preview":"max-image-preview:large","max-video-preview":"max-video-preview:-1"},"canonical":"https:\/\/acefootball.com\/da\/fodboldnyheder\/lindstroem-om-tidlig-broendby-afgang-jeg-ved-det-sgu-ikke\/","og_locale":"en_US","og_type":"article","og_title":"Lindstr\u00f8m om tidlig Br\u00f8ndby-afgang: Jeg ved det sgu ikke","og_description":"Br\u00f8ndbys Jesper Lindstr\u00f8m har interesse fra Serie A, og han vil ikke udelukke, at der kan v\u00e6re et skifte under opsejling i en n\u00e6r fremtid","og_url":"https:\/\/acefootball.com\/da\/fodboldnyheder\/lindstroem-om-tidlig-broendby-afgang-jeg-ved-det-sgu-ikke\/","og_site_name":"Ace Football Danmark","article_publisher":"https:\/\/www.facebook.com\/acefootballdk","article_published_time":"2020-11-23T08:02:16+00:00","article_modified_time":"2020-11-23T08:02:17+00:00","og_image":[{"width":1920,"height":1008,"url":"https:\/\/acefootball.com\/da\/wp-content\/uploads\/sites\/2\/2020\/11\/Brondby.jpg","type":"image\/jpeg"}],"twitter_card":"summary_large_image","twitter_misc":{"Written by":"Patrick Hesselb\u00e6k","Est. reading time":"1 minute"},"schema":{"@context":"https:\/\/schema.org","@graph":[{"@type":"Organization","@id":"https:\/\/acefootball.com\/da\/#organization","name":"Ace Football","url":"https:\/\/acefootball.com\/da\/","sameAs":["https:\/\/www.facebook.com\/acefootballdk"],"logo":{"@type":"ImageObject","@id":"https:\/\/acefootball.com\/da\/#logo","inLanguage":"en-US","url":"https:\/\/acefootball.com\/da\/wp-content\/uploads\/sites\/2\/2020\/07\/Ace-Football-30-07-2020-2.png","contentUrl":"https:\/\/acefootball.com\/da\/wp-content\/uploads\/sites\/2\/2020\/07\/Ace-Football-30-07-2020-2.png","width":1200,"height":600,"caption":"Ace Football"},"image":{"@id":"https:\/\/acefootball.com\/da\/#logo"}},{"@type":"WebSite","@id":"https:\/\/acefootball.com\/da\/#website","url":"https:\/\/acefootball.com\/da\/","name":"Ace Football Danmark","description":"Nyheder, Spiltips &amp; Livescore","publisher":{"@id":"https:\/\/acefootball.com\/da\/#organization"},"potentialAction":[{"@type":"SearchAction","target":{"@type":"EntryPoint","urlTemplate":"https:\/\/acefootball.com\/da\/?s={search_term_string}"},"query-input":"required name=search_term_string"}],"inLanguage":"en-US"},{"@type":"ImageObject","@id":"https:\/\/acefootball.com\/da\/fodboldnyheder\/lindstroem-om-tidlig-broendby-afgang-jeg-ved-det-sgu-ikke\/#primaryimage","inLanguage":"en-US","url":"https:\/\/acefootball.com\/da\/wp-content\/uploads\/sites\/2\/2020\/11\/Brondby.jpg","contentUrl":"https:\/\/acefootball.com\/da\/wp-content\/uploads\/sites\/2\/2020\/11\/Brondby.jpg","width":1920,"height":1008},{"@type":"WebPage","@id":"https:\/\/acefootball.com\/da\/fodboldnyheder\/lindstroem-om-tidlig-broendby-afgang-jeg-ved-det-sgu-ikke\/#webpage","url":"https:\/\/acefootball.com\/da\/fodboldnyheder\/lindstroem-om-tidlig-broendby-afgang-jeg-ved-det-sgu-ikke\/","name":"Lindstr\u00f8m om tidlig Br\u00f8ndby-afgang: Jeg ved det sgu ikke","isPartOf":{"@id":"https:\/\/acefootball.com\/da\/#website"},"primaryImageOfPage":{"@id":"https:\/\/acefootball.com\/da\/fodboldnyheder\/lindstroem-om-tidlig-broendby-afgang-jeg-ved-det-sgu-ikke\/#primaryimage"},"datePublished":"2020-11-23T08:02:16+00:00","dateModified":"2020-11-23T08:02:17+00:00","description":"Br\u00f8ndbys Jesper Lindstr\u00f8m har interesse fra Serie A, og han vil ikke udelukke, at der kan v\u00e6re et skifte under opsejling i en n\u00e6r fremtid","breadcrumb":{"@id":"https:\/\/acefootball.com\/da\/fodboldnyheder\/lindstroem-om-tidlig-broendby-afgang-jeg-ved-det-sgu-ikke\/#breadcrumb"},"inLanguage":"en-US","potentialAction":[{"@type":"ReadAction","target":["https:\/\/acefootball.com\/da\/fodboldnyheder\/lindstroem-om-tidlig-broendby-afgang-jeg-ved-det-sgu-ikke\/"]}]},{"@type":"BreadcrumbList","@id":"https:\/\/acefootball.com\/da\/fodboldnyheder\/lindstroem-om-tidlig-broendby-afgang-jeg-ved-det-sgu-ikke\/#breadcrumb","itemListElement":[{"@type":"ListItem","position":1,"name":"Home","item":"https:\/\/acefootball.com\/da\/"},{"@type":"ListItem","position":2,"name":"Lindstr\u00f8m om tidlig Br\u00f8ndby-afgang: Jeg ved det sgu ikke"}]},{"@type":"Article","@id":"https:\/\/acefootball.com\/da\/fodboldnyheder\/lindstroem-om-tidlig-broendby-afgang-jeg-ved-det-sgu-ikke\/#article","isPartOf":{"@id":"https:\/\/acefootball.com\/da\/fodboldnyheder\/lindstroem-om-tidlig-broendby-afgang-jeg-ved-det-sgu-ikke\/#webpage"},"author":{"@id":"https:\/\/acefootball.com\/da\/#\/schema\/person\/fd6223a1c033400b41da7853ddf88c84"},"headline":"Lindstr\u00f8m om tidlig Br\u00f8ndby-afgang: Jeg ved det sgu ikke","datePublished":"2020-11-23T08:02:16+00:00","dateModified":"2020-11-23T08:02:17+00:00","mainEntityOfPage":{"@id":"https:\/\/acefootball.com\/da\/fodboldnyheder\/lindstroem-om-tidlig-broendby-afgang-jeg-ved-det-sgu-ikke\/#webpage"},"wordCount":235,"commentCount":0,"publisher":{"@id":"https:\/\/acefootball.com\/da\/#organization"},"image":{"@id":"https:\/\/acefootball.com\/da\/fodboldnyheder\/lindstroem-om-tidlig-broendby-afgang-jeg-ved-det-sgu-ikke\/#primaryimage"},"thumbnailUrl":"https:\/\/acefootball.com\/da\/wp-content\/uploads\/sites\/2\/2020\/11\/GettyImages-1228616282.jpg","keywords":["Br\u00f8ndby IF","Jesper Lindstr\u00f8m","Superligaen"],"articleSection":["Udtalelse"],"inLanguage":"en-US","potentialAction":[{"@type":"CommentAction","name":"Comment","target":["https:\/\/acefootball.com\/da\/fodboldnyheder\/lindstroem-om-tidlig-broendby-afgang-jeg-ved-det-sgu-ikke\/#respond"]}]},{"@type":"Person","@id":"https:\/\/acefootball.com\/da\/#\/schema\/person\/fd6223a1c033400b41da7853ddf88c84","name":"Patrick Hesselb\u00e6k","image":{"@type":"ImageObject","@id":"https:\/\/acefootball.com\/da\/#personlogo","inLanguage":"en-US","url":"https:\/\/secure.gravatar.com\/avatar\/7919060992759bffbffb199d6cbdce6f?s=96&d=mm&r=g","contentUrl":"https:\/\/secure.gravatar.com\/avatar\/7919060992759bffbffb199d6cbdce6f?s=96&d=mm&r=g","caption":"Patrick Hesselb\u00e6k"},"description":"Redakt\u00f8r p\u00e5 den danske Ace Football-redaktion. Uddannet i kommunikation fra Aalborg Universitet. Prim\u00e6rt fokus p\u00e5 den danske 3F Superliga og de st\u00f8rste europ\u00e6iske turneringer.","sameAs":["https:\/\/www.linkedin.com\/in\/patrick-hesselbk-2a4b1711a\/"],"url":"https:\/\/acefootball.com\/da\/fodboldnyheder\/author\/patrickhesselbaek\/"}]}},"fimg_url":"https:\/\/acefootball.com\/da\/wp-content\/uploads\/sites\/2\/2020\/11\/GettyImages-1228616282.jpg","_links":{"self":[{"href":"https:\/\/acefootball.com\/da\/wp-json\/wp\/v2\/posts\/244310"}],"collection":[{"href":"https:\/\/acefootball.com\/da\/wp-json\/wp\/v2\/posts"}],"about":[{"href":"https:\/\/acefootball.com\/da\/wp-json\/wp\/v2\/types\/post"}],"author":[{"embeddable":true,"href":"https:\/\/acefootball.com\/da\/wp-json\/wp\/v2\/users\/74"}],"replies":[{"embeddable":true,"href":"https:\/\/acefootball.com\/da\/wp-json\/wp\/v2\/comments?post=244310"}],"version-history":[{"count":0,"href":"https:\/\/acefootball.com\/da\/wp-json\/wp\/v2\/posts\/244310\/revisions"}],"wp:featuredmedia":[{"embeddable":true,"href":"https:\/\/acefootball.com\/da\/wp-json\/wp\/v2\/media\/244092"}],"wp:attachment":[{"href":"https:\/\/acefootball.com\/da\/wp-json\/wp\/v2\/media?parent=244310"}],"wp:term":[{"taxonomy":"category","embeddable":true,"href":"https:\/\/acefootball.com\/da\/wp-json\/wp\/v2\/categories?post=244310"},{"taxonomy":"post_tag","embeddable":true,"href":"https:\/\/acefootball.com\/da\/wp-json\/wp\/v2\/tags?post=244310"}],"curies":[{"name":"wp","href":"https:\/\/api.w.org\/{rel}","templated":true}]}}