{"id":244307,"date":"2020-11-22T22:59:04","date_gmt":"2020-11-22T21:59:04","guid":{"rendered":"https:\/\/acefootball.com\/da\/?p=244307"},"modified":"2020-11-22T22:59:08","modified_gmt":"2020-11-22T21:59:08","slug":"staale-forsvarer-kvist-han-er-paa-dybt-vand","status":"publish","type":"post","link":"https:\/\/acefootball.com\/da\/fodboldnyheder\/staale-forsvarer-kvist-han-er-paa-dybt-vand\/","title":{"rendered":"St\u00e5le forsvarer Kvist: Han er p\u00e5 dybt vand"},"content":{"rendered":"\n<h2 id=\"h-st-le-solbakken-tager-william-kvist-i-forsvar-og-tror-ikke-at-den-tidligere-fc-k-benhavn-spiller-har-haft-noget-med-fyringen-at-g-re\">St\u00e5le Solbakken tager William Kvist i forsvar og tror ikke, at den tidligere FC K\u00f8benhavn-spiller har haft noget med fyringen at g\u00f8re<\/h2>\n\n\n\n<p>I det store interview med St\u00e5le Solbakken falder snakken naturligvis ogs\u00e5 p\u00e5 William Kvist, som har haft et blandet forhold til sin tidligere tr\u00e6ner i FC K\u00f8benhavn.<\/p>\n\n\n\n<p>I den sidste tid som aktiv fik den tidligere midtbanemand ikke meget spilletid under Solbakken, og derfor har det v\u00e6ret spekuleret i, om fyringen kunne v\u00e6re en form for h\u00e6vn.<\/p>\n\n\n\n<p>Nu er Kvist at finde i bestyrelsen og har v\u00e6ret en stor del af klubbens ansigt udadtil i forbindelse med fyringen af Solbakken, men nordmanden tror ikke, at han har haft en finger med i spillet.<\/p>\n\n\n\n<p>&#8220;Jeg mener, at han er placeret i en rolle, som han ikke har foruds\u00e6tninger for at klare eller v\u00e6re i. Jeg synes, det er synd for William. Jeg synes ikke, han skal st\u00e5 der og v\u00e6re ukomfortabel,&#8221; forklarer Solbakken til Viasat.<\/p>\n\n\n\n<p>&#8220;Jeg har ikke noget ondt at sige om William. Han havde det jo sv\u00e6rt i det sidste halve \u00e5r som spiller, fordi der var mange spillere, som var bedre. Det sker jo for alle.&#8221;<\/p>\n\n\n\n<figure class=\"wp-block-embed-wordpress wp-block-embed is-type-wp-embed is-provider-ace-football-danmark\"><div class=\"wp-block-embed__wrapper\">\n<blockquote class=\"wp-embedded-content\" data-secret=\"22FLwMx2SQ\"><a href=\"https:\/\/acefootball.com\/da\/fodboldnyheder\/staale-de-har-ingen-anelse-om-hvad-fck-dna-er\/\">St\u00e5le: De har ingen anelse om hvad FCK-DNA er<\/a><\/blockquote><iframe class=\"wp-embedded-content\" sandbox=\"allow-scripts\" security=\"restricted\" style=\"position: absolute; clip: rect(1px, 1px, 1px, 1px);\" title=\"&#8220;St\u00e5le: De har ingen anelse om hvad FCK-DNA er&#8221; &#8212; Ace Football Danmark\" src=\"https:\/\/acefootball.com\/da\/fodboldnyheder\/staale-de-har-ingen-anelse-om-hvad-fck-dna-er\/embed\/#?secret=22FLwMx2SQ\" data-secret=\"22FLwMx2SQ\" width=\"600\" height=\"338\" frameborder=\"0\" marginwidth=\"0\" marginheight=\"0\" scrolling=\"no\"><\/iframe>\n<\/div><\/figure>\n\n\n\n<p>&#8220;Og det er jo derfor, han sidder i bestyrelsen i dag, netop fordi han ikke kunne opfylde den sportslige kontrakt. Det skal bestyrelsen have ros for. Hele klubben. At de tog sig af William og fandt en ny rolle til ham. Det var godt.&#8221;<\/p>\n\n\n\n<p>&#8220;Jeg har ikke snakket med William. Jeg har ikke set William p\u00e5 tr\u00e6ningsanl\u00e6gget, siden han stoppede. Han har m\u00e5ske v\u00e6ret der en eller to gange, s\u00e5 jeg har ikke haft nogen dialog med William, siden han stoppede.&#8221;<\/p>\n\n\n\n<p>&#8220;Jeg v\u00e6lger at se p\u00e5 William som \u00e9n, der har gjort rigtig meget for FCK. Han har kastet sig ud p\u00e5 dybt vand her. Alt for dybt vand. Jeg kunne sige meget om dette, men det v\u00e6lger jeg at afsl\u00e5.&#8221;<\/p>\n","protected":false},"excerpt":{"rendered":"<p>St\u00e5le Solbakken tager William Kvist i forsvar og tror ikke, at den tidligere FC K\u00f8benhavn-spiller har haft noget med fyringen at g\u00f8re<\/p>\n","protected":false},"author":705,"featured_media":234178,"comment_status":"open","ping_status":"closed","sticky":false,"template":"","format":"standard","meta":{"om_disable_all_campaigns":false,"push_articles_ronaldo":{"active":false,"canonical":0,"publish":false},"force_updates":null},"categories":[8204],"tags":[16,182,588],"enet_tags":{"team":["8391"],"player":["78638"],"league":["46"],"sport_events":[]},"yoast_head":"<!-- This site is optimized with the Yoast SEO plugin v18.3 - https:\/\/yoast.com\/wordpress\/plugins\/seo\/ -->\n<title>St\u00e5le forsvarer Kvist: Han er p\u00e5 dybt vand<\/title>\n<meta name=\"description\" content=\"St\u00e5le Solbakken tager William Kvist i forsvar og tror ikke, at den tidligere FC K\u00f8benhavn-spiller har haft noget med fyringen at g\u00f8re\" \/>\n<meta name=\"robots\" content=\"index, follow, max-snippet:-1, max-image-preview:large, max-video-preview:-1\" \/>\n<link rel=\"canonical\" href=\"https:\/\/acefootball.com\/da\/fodboldnyheder\/staale-forsvarer-kvist-han-er-paa-dybt-vand\/\" \/>\n<meta property=\"og:locale\" content=\"en_US\" \/>\n<meta property=\"og:type\" content=\"article\" \/>\n<meta property=\"og:title\" content=\"St\u00e5le forsvarer Kvist: Han er p\u00e5 dybt vand\" \/>\n<meta property=\"og:description\" content=\"St\u00e5le Solbakken tager William Kvist i forsvar og tror ikke, at den tidligere FC K\u00f8benhavn-spiller har haft noget med fyringen at g\u00f8re\" \/>\n<meta property=\"og:url\" content=\"https:\/\/acefootball.com\/da\/fodboldnyheder\/staale-forsvarer-kvist-han-er-paa-dybt-vand\/\" \/>\n<meta property=\"og:site_name\" content=\"Ace Football Danmark\" \/>\n<meta property=\"article:publisher\" content=\"https:\/\/www.facebook.com\/acefootballdk\" \/>\n<meta property=\"article:published_time\" content=\"2020-11-22T21:59:04+00:00\" \/>\n<meta property=\"article:modified_time\" content=\"2020-11-22T21:59:08+00:00\" \/>\n<meta property=\"og:image\" content=\"https:\/\/acefootball.com\/da\/wp-content\/uploads\/sites\/2\/2020\/11\/Ace-9-8.jpg\" \/>\n\t<meta property=\"og:image:width\" content=\"1920\" \/>\n\t<meta property=\"og:image:height\" content=\"1008\" \/>\n\t<meta property=\"og:image:type\" content=\"image\/jpeg\" \/>\n<meta name=\"twitter:card\" content=\"summary_large_image\" \/>\n<meta name=\"twitter:label1\" content=\"Written by\" \/>\n\t<meta name=\"twitter:data1\" content=\"Mads Dreyer\" \/>\n\t<meta name=\"twitter:label2\" content=\"Est. reading time\" \/>\n\t<meta name=\"twitter:data2\" content=\"2 minutes\" \/>\n<script type=\"application\/ld+json\" class=\"yoast-schema-graph\">{\"@context\":\"https:\/\/schema.org\",\"@graph\":[{\"@type\":\"Organization\",\"@id\":\"https:\/\/acefootball.com\/da\/#organization\",\"name\":\"Ace Football\",\"url\":\"https:\/\/acefootball.com\/da\/\",\"sameAs\":[\"https:\/\/www.facebook.com\/acefootballdk\"],\"logo\":{\"@type\":\"ImageObject\",\"@id\":\"https:\/\/acefootball.com\/da\/#logo\",\"inLanguage\":\"en-US\",\"url\":\"https:\/\/acefootball.com\/da\/wp-content\/uploads\/sites\/2\/2020\/07\/Ace-Football-30-07-2020-2.png\",\"contentUrl\":\"https:\/\/acefootball.com\/da\/wp-content\/uploads\/sites\/2\/2020\/07\/Ace-Football-30-07-2020-2.png\",\"width\":1200,\"height\":600,\"caption\":\"Ace Football\"},\"image\":{\"@id\":\"https:\/\/acefootball.com\/da\/#logo\"}},{\"@type\":\"WebSite\",\"@id\":\"https:\/\/acefootball.com\/da\/#website\",\"url\":\"https:\/\/acefootball.com\/da\/\",\"name\":\"Ace Football Danmark\",\"description\":\"Nyheder, Spiltips &amp; Livescore\",\"publisher\":{\"@id\":\"https:\/\/acefootball.com\/da\/#organization\"},\"potentialAction\":[{\"@type\":\"SearchAction\",\"target\":{\"@type\":\"EntryPoint\",\"urlTemplate\":\"https:\/\/acefootball.com\/da\/?s={search_term_string}\"},\"query-input\":\"required name=search_term_string\"}],\"inLanguage\":\"en-US\"},{\"@type\":\"ImageObject\",\"@id\":\"https:\/\/acefootball.com\/da\/fodboldnyheder\/staale-forsvarer-kvist-han-er-paa-dybt-vand\/#primaryimage\",\"inLanguage\":\"en-US\",\"url\":\"https:\/\/acefootball.com\/da\/wp-content\/uploads\/sites\/2\/2020\/11\/Ace-9-8.jpg\",\"contentUrl\":\"https:\/\/acefootball.com\/da\/wp-content\/uploads\/sites\/2\/2020\/11\/Ace-9-8.jpg\",\"width\":1920,\"height\":1008},{\"@type\":\"WebPage\",\"@id\":\"https:\/\/acefootball.com\/da\/fodboldnyheder\/staale-forsvarer-kvist-han-er-paa-dybt-vand\/#webpage\",\"url\":\"https:\/\/acefootball.com\/da\/fodboldnyheder\/staale-forsvarer-kvist-han-er-paa-dybt-vand\/\",\"name\":\"St\u00e5le forsvarer Kvist: Han er p\u00e5 dybt vand\",\"isPartOf\":{\"@id\":\"https:\/\/acefootball.com\/da\/#website\"},\"primaryImageOfPage\":{\"@id\":\"https:\/\/acefootball.com\/da\/fodboldnyheder\/staale-forsvarer-kvist-han-er-paa-dybt-vand\/#primaryimage\"},\"datePublished\":\"2020-11-22T21:59:04+00:00\",\"dateModified\":\"2020-11-22T21:59:08+00:00\",\"description\":\"St\u00e5le Solbakken tager William Kvist i forsvar og tror ikke, at den tidligere FC K\u00f8benhavn-spiller har haft noget med fyringen at g\u00f8re\",\"breadcrumb\":{\"@id\":\"https:\/\/acefootball.com\/da\/fodboldnyheder\/staale-forsvarer-kvist-han-er-paa-dybt-vand\/#breadcrumb\"},\"inLanguage\":\"en-US\",\"potentialAction\":[{\"@type\":\"ReadAction\",\"target\":[\"https:\/\/acefootball.com\/da\/fodboldnyheder\/staale-forsvarer-kvist-han-er-paa-dybt-vand\/\"]}]},{\"@type\":\"BreadcrumbList\",\"@id\":\"https:\/\/acefootball.com\/da\/fodboldnyheder\/staale-forsvarer-kvist-han-er-paa-dybt-vand\/#breadcrumb\",\"itemListElement\":[{\"@type\":\"ListItem\",\"position\":1,\"name\":\"Home\",\"item\":\"https:\/\/acefootball.com\/da\/\"},{\"@type\":\"ListItem\",\"position\":2,\"name\":\"St\u00e5le forsvarer Kvist: Han er p\u00e5 dybt vand\"}]},{\"@type\":\"Article\",\"@id\":\"https:\/\/acefootball.com\/da\/fodboldnyheder\/staale-forsvarer-kvist-han-er-paa-dybt-vand\/#article\",\"isPartOf\":{\"@id\":\"https:\/\/acefootball.com\/da\/fodboldnyheder\/staale-forsvarer-kvist-han-er-paa-dybt-vand\/#webpage\"},\"author\":{\"@id\":\"https:\/\/acefootball.com\/da\/#\/schema\/person\/ee67e9cf04a276f144100ffa722f10cd\"},\"headline\":\"St\u00e5le forsvarer Kvist: Han er p\u00e5 dybt vand\",\"datePublished\":\"2020-11-22T21:59:04+00:00\",\"dateModified\":\"2020-11-22T21:59:08+00:00\",\"mainEntityOfPage\":{\"@id\":\"https:\/\/acefootball.com\/da\/fodboldnyheder\/staale-forsvarer-kvist-han-er-paa-dybt-vand\/#webpage\"},\"wordCount\":346,\"commentCount\":0,\"publisher\":{\"@id\":\"https:\/\/acefootball.com\/da\/#organization\"},\"image\":{\"@id\":\"https:\/\/acefootball.com\/da\/fodboldnyheder\/staale-forsvarer-kvist-han-er-paa-dybt-vand\/#primaryimage\"},\"thumbnailUrl\":\"https:\/\/acefootball.com\/da\/wp-content\/uploads\/sites\/2\/2020\/08\/GettyImages-1265091892.jpg\",\"keywords\":[\"FC K\u00f8benhavn\",\"St\u00e5le Solbakken\",\"Superligaen\"],\"articleSection\":[\"Udtalelse\"],\"inLanguage\":\"en-US\",\"potentialAction\":[{\"@type\":\"CommentAction\",\"name\":\"Comment\",\"target\":[\"https:\/\/acefootball.com\/da\/fodboldnyheder\/staale-forsvarer-kvist-han-er-paa-dybt-vand\/#respond\"]}]},{\"@type\":\"Person\",\"@id\":\"https:\/\/acefootball.com\/da\/#\/schema\/person\/ee67e9cf04a276f144100ffa722f10cd\",\"name\":\"Mads Dreyer\",\"image\":{\"@type\":\"ImageObject\",\"@id\":\"https:\/\/acefootball.com\/da\/#personlogo\",\"inLanguage\":\"en-US\",\"url\":\"https:\/\/secure.gravatar.com\/avatar\/7c7abf72cfde9902b6a60efe60c88d4c?s=96&d=mm&r=g\",\"contentUrl\":\"https:\/\/secure.gravatar.com\/avatar\/7c7abf72cfde9902b6a60efe60c88d4c?s=96&d=mm&r=g\",\"caption\":\"Mads Dreyer\"},\"description\":\"Skribent og fodboldn\u00f8rd, der lige nu fort\u00e6ller om alt og intet i fodboldverdenen p\u00e5 acefootball.com. Uddannet i kommunikation fra Aalborg Universitet.\",\"sameAs\":[\"https:\/\/www.linkedin.com\/in\/mads-dreyer-b9b08266\/\"],\"url\":\"https:\/\/acefootball.com\/da\/fodboldnyheder\/author\/mdnronaldo\/\"}]}<\/script>\n<!-- \/ Yoast SEO plugin. -->","yoast_head_json":{"title":"St\u00e5le forsvarer Kvist: Han er p\u00e5 dybt vand","description":"St\u00e5le Solbakken tager William Kvist i forsvar og tror ikke, at den tidligere FC K\u00f8benhavn-spiller har haft noget med fyringen at g\u00f8re","robots":{"index":"index","follow":"follow","max-snippet":"max-snippet:-1","max-image-preview":"max-image-preview:large","max-video-preview":"max-video-preview:-1"},"canonical":"https:\/\/acefootball.com\/da\/fodboldnyheder\/staale-forsvarer-kvist-han-er-paa-dybt-vand\/","og_locale":"en_US","og_type":"article","og_title":"St\u00e5le forsvarer Kvist: Han er p\u00e5 dybt vand","og_description":"St\u00e5le Solbakken tager William Kvist i forsvar og tror ikke, at den tidligere FC K\u00f8benhavn-spiller har haft noget med fyringen at g\u00f8re","og_url":"https:\/\/acefootball.com\/da\/fodboldnyheder\/staale-forsvarer-kvist-han-er-paa-dybt-vand\/","og_site_name":"Ace Football Danmark","article_publisher":"https:\/\/www.facebook.com\/acefootballdk","article_published_time":"2020-11-22T21:59:04+00:00","article_modified_time":"2020-11-22T21:59:08+00:00","og_image":[{"width":1920,"height":1008,"url":"https:\/\/acefootball.com\/da\/wp-content\/uploads\/sites\/2\/2020\/11\/Ace-9-8.jpg","type":"image\/jpeg"}],"twitter_card":"summary_large_image","twitter_misc":{"Written by":"Mads Dreyer","Est. reading time":"2 minutes"},"schema":{"@context":"https:\/\/schema.org","@graph":[{"@type":"Organization","@id":"https:\/\/acefootball.com\/da\/#organization","name":"Ace Football","url":"https:\/\/acefootball.com\/da\/","sameAs":["https:\/\/www.facebook.com\/acefootballdk"],"logo":{"@type":"ImageObject","@id":"https:\/\/acefootball.com\/da\/#logo","inLanguage":"en-US","url":"https:\/\/acefootball.com\/da\/wp-content\/uploads\/sites\/2\/2020\/07\/Ace-Football-30-07-2020-2.png","contentUrl":"https:\/\/acefootball.com\/da\/wp-content\/uploads\/sites\/2\/2020\/07\/Ace-Football-30-07-2020-2.png","width":1200,"height":600,"caption":"Ace Football"},"image":{"@id":"https:\/\/acefootball.com\/da\/#logo"}},{"@type":"WebSite","@id":"https:\/\/acefootball.com\/da\/#website","url":"https:\/\/acefootball.com\/da\/","name":"Ace Football Danmark","description":"Nyheder, Spiltips &amp; Livescore","publisher":{"@id":"https:\/\/acefootball.com\/da\/#organization"},"potentialAction":[{"@type":"SearchAction","target":{"@type":"EntryPoint","urlTemplate":"https:\/\/acefootball.com\/da\/?s={search_term_string}"},"query-input":"required name=search_term_string"}],"inLanguage":"en-US"},{"@type":"ImageObject","@id":"https:\/\/acefootball.com\/da\/fodboldnyheder\/staale-forsvarer-kvist-han-er-paa-dybt-vand\/#primaryimage","inLanguage":"en-US","url":"https:\/\/acefootball.com\/da\/wp-content\/uploads\/sites\/2\/2020\/11\/Ace-9-8.jpg","contentUrl":"https:\/\/acefootball.com\/da\/wp-content\/uploads\/sites\/2\/2020\/11\/Ace-9-8.jpg","width":1920,"height":1008},{"@type":"WebPage","@id":"https:\/\/acefootball.com\/da\/fodboldnyheder\/staale-forsvarer-kvist-han-er-paa-dybt-vand\/#webpage","url":"https:\/\/acefootball.com\/da\/fodboldnyheder\/staale-forsvarer-kvist-han-er-paa-dybt-vand\/","name":"St\u00e5le forsvarer Kvist: Han er p\u00e5 dybt vand","isPartOf":{"@id":"https:\/\/acefootball.com\/da\/#website"},"primaryImageOfPage":{"@id":"https:\/\/acefootball.com\/da\/fodboldnyheder\/staale-forsvarer-kvist-han-er-paa-dybt-vand\/#primaryimage"},"datePublished":"2020-11-22T21:59:04+00:00","dateModified":"2020-11-22T21:59:08+00:00","description":"St\u00e5le Solbakken tager William Kvist i forsvar og tror ikke, at den tidligere FC K\u00f8benhavn-spiller har haft noget med fyringen at g\u00f8re","breadcrumb":{"@id":"https:\/\/acefootball.com\/da\/fodboldnyheder\/staale-forsvarer-kvist-han-er-paa-dybt-vand\/#breadcrumb"},"inLanguage":"en-US","potentialAction":[{"@type":"ReadAction","target":["https:\/\/acefootball.com\/da\/fodboldnyheder\/staale-forsvarer-kvist-han-er-paa-dybt-vand\/"]}]},{"@type":"BreadcrumbList","@id":"https:\/\/acefootball.com\/da\/fodboldnyheder\/staale-forsvarer-kvist-han-er-paa-dybt-vand\/#breadcrumb","itemListElement":[{"@type":"ListItem","position":1,"name":"Home","item":"https:\/\/acefootball.com\/da\/"},{"@type":"ListItem","position":2,"name":"St\u00e5le forsvarer Kvist: Han er p\u00e5 dybt vand"}]},{"@type":"Article","@id":"https:\/\/acefootball.com\/da\/fodboldnyheder\/staale-forsvarer-kvist-han-er-paa-dybt-vand\/#article","isPartOf":{"@id":"https:\/\/acefootball.com\/da\/fodboldnyheder\/staale-forsvarer-kvist-han-er-paa-dybt-vand\/#webpage"},"author":{"@id":"https:\/\/acefootball.com\/da\/#\/schema\/person\/ee67e9cf04a276f144100ffa722f10cd"},"headline":"St\u00e5le forsvarer Kvist: Han er p\u00e5 dybt vand","datePublished":"2020-11-22T21:59:04+00:00","dateModified":"2020-11-22T21:59:08+00:00","mainEntityOfPage":{"@id":"https:\/\/acefootball.com\/da\/fodboldnyheder\/staale-forsvarer-kvist-han-er-paa-dybt-vand\/#webpage"},"wordCount":346,"commentCount":0,"publisher":{"@id":"https:\/\/acefootball.com\/da\/#organization"},"image":{"@id":"https:\/\/acefootball.com\/da\/fodboldnyheder\/staale-forsvarer-kvist-han-er-paa-dybt-vand\/#primaryimage"},"thumbnailUrl":"https:\/\/acefootball.com\/da\/wp-content\/uploads\/sites\/2\/2020\/08\/GettyImages-1265091892.jpg","keywords":["FC K\u00f8benhavn","St\u00e5le Solbakken","Superligaen"],"articleSection":["Udtalelse"],"inLanguage":"en-US","potentialAction":[{"@type":"CommentAction","name":"Comment","target":["https:\/\/acefootball.com\/da\/fodboldnyheder\/staale-forsvarer-kvist-han-er-paa-dybt-vand\/#respond"]}]},{"@type":"Person","@id":"https:\/\/acefootball.com\/da\/#\/schema\/person\/ee67e9cf04a276f144100ffa722f10cd","name":"Mads Dreyer","image":{"@type":"ImageObject","@id":"https:\/\/acefootball.com\/da\/#personlogo","inLanguage":"en-US","url":"https:\/\/secure.gravatar.com\/avatar\/7c7abf72cfde9902b6a60efe60c88d4c?s=96&d=mm&r=g","contentUrl":"https:\/\/secure.gravatar.com\/avatar\/7c7abf72cfde9902b6a60efe60c88d4c?s=96&d=mm&r=g","caption":"Mads Dreyer"},"description":"Skribent og fodboldn\u00f8rd, der lige nu fort\u00e6ller om alt og intet i fodboldverdenen p\u00e5 acefootball.com. Uddannet i kommunikation fra Aalborg Universitet.","sameAs":["https:\/\/www.linkedin.com\/in\/mads-dreyer-b9b08266\/"],"url":"https:\/\/acefootball.com\/da\/fodboldnyheder\/author\/mdnronaldo\/"}]}},"fimg_url":"https:\/\/acefootball.com\/da\/wp-content\/uploads\/sites\/2\/2020\/08\/GettyImages-1265091892.jpg","_links":{"self":[{"href":"https:\/\/acefootball.com\/da\/wp-json\/wp\/v2\/posts\/244307"}],"collection":[{"href":"https:\/\/acefootball.com\/da\/wp-json\/wp\/v2\/posts"}],"about":[{"href":"https:\/\/acefootball.com\/da\/wp-json\/wp\/v2\/types\/post"}],"author":[{"embeddable":true,"href":"https:\/\/acefootball.com\/da\/wp-json\/wp\/v2\/users\/705"}],"replies":[{"embeddable":true,"href":"https:\/\/acefootball.com\/da\/wp-json\/wp\/v2\/comments?post=244307"}],"version-history":[{"count":0,"href":"https:\/\/acefootball.com\/da\/wp-json\/wp\/v2\/posts\/244307\/revisions"}],"wp:featuredmedia":[{"embeddable":true,"href":"https:\/\/acefootball.com\/da\/wp-json\/wp\/v2\/media\/234178"}],"wp:attachment":[{"href":"https:\/\/acefootball.com\/da\/wp-json\/wp\/v2\/media?parent=244307"}],"wp:term":[{"taxonomy":"category","embeddable":true,"href":"https:\/\/acefootball.com\/da\/wp-json\/wp\/v2\/categories?post=244307"},{"taxonomy":"post_tag","embeddable":true,"href":"https:\/\/acefootball.com\/da\/wp-json\/wp\/v2\/tags?post=244307"}],"curies":[{"name":"wp","href":"https:\/\/api.w.org\/{rel}","templated":true}]}}