{"id":244291,"date":"2020-11-22T19:47:59","date_gmt":"2020-11-22T18:47:59","guid":{"rendered":"https:\/\/acefootball.com\/da\/?p=244291"},"modified":"2020-11-22T19:48:01","modified_gmt":"2020-11-22T18:48:01","slug":"inden-stort-interview-staale-stillede-kun-et-krav","status":"publish","type":"post","link":"https:\/\/acefootball.com\/da\/fodboldnyheder\/inden-stort-interview-staale-stillede-kun-et-krav\/","title":{"rendered":"Inden stort interview: St\u00e5le stillede kun \u00e9t krav"},"content":{"rendered":"\n<h2 id=\"h-st-le-solbakken-taler-for-f-rste-gang-ud-om-fyringen-i-fc-k-benhavn-til-viasat-i-et-interview-der-sendes-p-tv3-s-ndag-aften\">St\u00e5le Solbakken taler for f\u00f8rste gang ud om fyringen i FC K\u00f8benhavn til Viasat i et interview, der sendes p\u00e5 TV3+ s\u00f8ndag aften<\/h2>\n\n\n\n<p>S\u00f8ndag aften kan danske fodboldfans for f\u00f8rste gang h\u00f8re St\u00e5le Solbakken udtale sig om fyringen i FC K\u00f8benhavn, da nordmanden har indvilget i at deltage i et interview til Viasat.<\/p>\n\n\n\n<p>Det vises i aftenens udgave af Onside, som sendes p\u00e5 TV3+ klokken 20.30, hvor Solbakken fort\u00e6ller sin version til Camilla Martin og Jesper Gr\u00f8nkj\u00e6r.<\/p>\n\n\n\n<p>Man skulle derfor tro, at den tidligere FCK-tr\u00e6ner har kr\u00e6vet deltagelsen af sin tidligere spiller, men s\u00e5dan har det ikke v\u00e6ret. Faktisk har der kun v\u00e6ret \u00e9t krav til interviewet.<\/p>\n\n\n\n\n        <div class=\"svf-video-single only-video\">\n            <div class=\"svf-video-container svf-embedded embedded\">\n                <script>(function(){const el = document.createElement('iframe');el.allow = 'autoplay';el.frameBorder = '0';el.classList.add('svf-video');el.allowFullscreen = true;document.currentScript.parentNode.style.display = 'none';el.src = \"https:\/\/www.viafree.dk\/embed\/sport\/id\/1433aa1e-68a2-490b-98ae-303f1589bbb8?partnerId=a788403f-2c83-488f-adb0-2650ac7278a3\";el.addEventListener( 'load', function(){ this.parentNode.style.display = ''; });document.currentScript.parentNode.insertBefore(el, document.currentScript.nextSibling);})();<\/script>\n                <noscript><iframe allow=\"autoplay\" allowfullscreen frameborder=\"0\" class=\"svf-video\" src=\"https:\/\/www.viafree.dk\/embed\/sport\/id\/1433aa1e-68a2-490b-98ae-303f1589bbb8?partnerId=a788403f-2c83-488f-adb0-2650ac7278a3\"><\/iframe><\/noscript>\n            <\/div>\n                    <\/div>\n        \n\n\n\n<p><\/p>\n\n\n\n<p>&#8220;St\u00e5le ville gerne have plads og tid til at uddybe sine pointer, men ellers har han ikke stillet et eneste krav til konditionerne for det interview,&#8221; siger sportschef hos TV3 Sport, Kim Mikkelsen, til <a href=\"https:\/\/ekstrabladet.dk\/sport\/fodbold\/dansk_fodbold\/superligaen\/fc_koebenhavn\/foer-interview-ingen-betingelser-fra-staale\/8375879\" target=\"_blank\" rel=\"noreferrer noopener\">Ekstra Bladet<\/a>.<\/p>\n\n\n\n<p>Derfor kan man ogs\u00e5 forvente et l\u00e6ngere interview p\u00e5 op mod to timer, skriver mediet.<\/p>\n","protected":false},"excerpt":{"rendered":"<p>St\u00e5le Solbakken taler for f\u00f8rste gang ud om fyringen i FC K\u00f8benhavn til Viasat i et interview, der sendes p\u00e5 TV3+ s\u00f8ndag aften<\/p>\n","protected":false},"author":705,"featured_media":237149,"comment_status":"open","ping_status":"closed","sticky":false,"template":"","format":"standard","meta":{"om_disable_all_campaigns":false,"push_articles_ronaldo":{"active":false,"canonical":0,"publish":false},"force_updates":null},"categories":[1],"tags":[16,182,588],"enet_tags":{"team":["8391"],"player":["78638"],"league":["46"],"sport_events":[]},"yoast_head":"<!-- This site is optimized with the Yoast SEO plugin v18.3 - https:\/\/yoast.com\/wordpress\/plugins\/seo\/ -->\n<title>Inden stort interview: St\u00e5le stillede kun \u00e9t krav<\/title>\n<meta name=\"description\" content=\"St\u00e5le Solbakken taler for f\u00f8rste gang ud om fyringen i FC K\u00f8benhavn til Viasat i et interview, der sendes p\u00e5 TV3+ s\u00f8ndag aften\" \/>\n<meta name=\"robots\" content=\"index, follow, max-snippet:-1, max-image-preview:large, max-video-preview:-1\" \/>\n<link rel=\"canonical\" href=\"https:\/\/acefootball.com\/da\/fodboldnyheder\/inden-stort-interview-staale-stillede-kun-et-krav\/\" \/>\n<meta property=\"og:locale\" content=\"en_US\" \/>\n<meta property=\"og:type\" content=\"article\" \/>\n<meta property=\"og:title\" content=\"Inden stort interview: St\u00e5le stillede kun \u00e9t krav\" \/>\n<meta property=\"og:description\" content=\"St\u00e5le Solbakken taler for f\u00f8rste gang ud om fyringen i FC K\u00f8benhavn til Viasat i et interview, der sendes p\u00e5 TV3+ s\u00f8ndag aften\" \/>\n<meta property=\"og:url\" content=\"https:\/\/acefootball.com\/da\/fodboldnyheder\/inden-stort-interview-staale-stillede-kun-et-krav\/\" \/>\n<meta property=\"og:site_name\" content=\"Ace Football Danmark\" \/>\n<meta property=\"article:publisher\" content=\"https:\/\/www.facebook.com\/acefootballdk\" \/>\n<meta property=\"article:published_time\" content=\"2020-11-22T18:47:59+00:00\" \/>\n<meta property=\"article:modified_time\" content=\"2020-11-22T18:48:01+00:00\" \/>\n<meta property=\"og:image\" content=\"https:\/\/acefootball.com\/da\/wp-content\/uploads\/sites\/2\/2020\/11\/Ace-6-12.jpg\" \/>\n\t<meta property=\"og:image:width\" content=\"1920\" \/>\n\t<meta property=\"og:image:height\" content=\"1008\" \/>\n\t<meta property=\"og:image:type\" content=\"image\/jpeg\" \/>\n<meta name=\"twitter:card\" content=\"summary_large_image\" \/>\n<meta name=\"twitter:label1\" content=\"Written by\" \/>\n\t<meta name=\"twitter:data1\" content=\"Mads Dreyer\" \/>\n\t<meta name=\"twitter:label2\" content=\"Est. reading time\" \/>\n\t<meta name=\"twitter:data2\" content=\"1 minute\" \/>\n<script type=\"application\/ld+json\" class=\"yoast-schema-graph\">{\"@context\":\"https:\/\/schema.org\",\"@graph\":[{\"@type\":\"Organization\",\"@id\":\"https:\/\/acefootball.com\/da\/#organization\",\"name\":\"Ace Football\",\"url\":\"https:\/\/acefootball.com\/da\/\",\"sameAs\":[\"https:\/\/www.facebook.com\/acefootballdk\"],\"logo\":{\"@type\":\"ImageObject\",\"@id\":\"https:\/\/acefootball.com\/da\/#logo\",\"inLanguage\":\"en-US\",\"url\":\"https:\/\/acefootball.com\/da\/wp-content\/uploads\/sites\/2\/2020\/07\/Ace-Football-30-07-2020-2.png\",\"contentUrl\":\"https:\/\/acefootball.com\/da\/wp-content\/uploads\/sites\/2\/2020\/07\/Ace-Football-30-07-2020-2.png\",\"width\":1200,\"height\":600,\"caption\":\"Ace Football\"},\"image\":{\"@id\":\"https:\/\/acefootball.com\/da\/#logo\"}},{\"@type\":\"WebSite\",\"@id\":\"https:\/\/acefootball.com\/da\/#website\",\"url\":\"https:\/\/acefootball.com\/da\/\",\"name\":\"Ace Football Danmark\",\"description\":\"Nyheder, Spiltips &amp; Livescore\",\"publisher\":{\"@id\":\"https:\/\/acefootball.com\/da\/#organization\"},\"potentialAction\":[{\"@type\":\"SearchAction\",\"target\":{\"@type\":\"EntryPoint\",\"urlTemplate\":\"https:\/\/acefootball.com\/da\/?s={search_term_string}\"},\"query-input\":\"required name=search_term_string\"}],\"inLanguage\":\"en-US\"},{\"@type\":\"ImageObject\",\"@id\":\"https:\/\/acefootball.com\/da\/fodboldnyheder\/inden-stort-interview-staale-stillede-kun-et-krav\/#primaryimage\",\"inLanguage\":\"en-US\",\"url\":\"https:\/\/acefootball.com\/da\/wp-content\/uploads\/sites\/2\/2020\/11\/Ace-6-12.jpg\",\"contentUrl\":\"https:\/\/acefootball.com\/da\/wp-content\/uploads\/sites\/2\/2020\/11\/Ace-6-12.jpg\",\"width\":1920,\"height\":1008},{\"@type\":\"WebPage\",\"@id\":\"https:\/\/acefootball.com\/da\/fodboldnyheder\/inden-stort-interview-staale-stillede-kun-et-krav\/#webpage\",\"url\":\"https:\/\/acefootball.com\/da\/fodboldnyheder\/inden-stort-interview-staale-stillede-kun-et-krav\/\",\"name\":\"Inden stort interview: St\u00e5le stillede kun \u00e9t krav\",\"isPartOf\":{\"@id\":\"https:\/\/acefootball.com\/da\/#website\"},\"primaryImageOfPage\":{\"@id\":\"https:\/\/acefootball.com\/da\/fodboldnyheder\/inden-stort-interview-staale-stillede-kun-et-krav\/#primaryimage\"},\"datePublished\":\"2020-11-22T18:47:59+00:00\",\"dateModified\":\"2020-11-22T18:48:01+00:00\",\"description\":\"St\u00e5le Solbakken taler for f\u00f8rste gang ud om fyringen i FC K\u00f8benhavn til Viasat i et interview, der sendes p\u00e5 TV3+ s\u00f8ndag aften\",\"breadcrumb\":{\"@id\":\"https:\/\/acefootball.com\/da\/fodboldnyheder\/inden-stort-interview-staale-stillede-kun-et-krav\/#breadcrumb\"},\"inLanguage\":\"en-US\",\"potentialAction\":[{\"@type\":\"ReadAction\",\"target\":[\"https:\/\/acefootball.com\/da\/fodboldnyheder\/inden-stort-interview-staale-stillede-kun-et-krav\/\"]}]},{\"@type\":\"BreadcrumbList\",\"@id\":\"https:\/\/acefootball.com\/da\/fodboldnyheder\/inden-stort-interview-staale-stillede-kun-et-krav\/#breadcrumb\",\"itemListElement\":[{\"@type\":\"ListItem\",\"position\":1,\"name\":\"Home\",\"item\":\"https:\/\/acefootball.com\/da\/\"},{\"@type\":\"ListItem\",\"position\":2,\"name\":\"Inden stort interview: St\u00e5le stillede kun \u00e9t krav\"}]},{\"@type\":\"Article\",\"@id\":\"https:\/\/acefootball.com\/da\/fodboldnyheder\/inden-stort-interview-staale-stillede-kun-et-krav\/#article\",\"isPartOf\":{\"@id\":\"https:\/\/acefootball.com\/da\/fodboldnyheder\/inden-stort-interview-staale-stillede-kun-et-krav\/#webpage\"},\"author\":{\"@id\":\"https:\/\/acefootball.com\/da\/#\/schema\/person\/ee67e9cf04a276f144100ffa722f10cd\"},\"headline\":\"Inden stort interview: St\u00e5le stillede kun \u00e9t krav\",\"datePublished\":\"2020-11-22T18:47:59+00:00\",\"dateModified\":\"2020-11-22T18:48:01+00:00\",\"mainEntityOfPage\":{\"@id\":\"https:\/\/acefootball.com\/da\/fodboldnyheder\/inden-stort-interview-staale-stillede-kun-et-krav\/#webpage\"},\"wordCount\":198,\"commentCount\":0,\"publisher\":{\"@id\":\"https:\/\/acefootball.com\/da\/#organization\"},\"image\":{\"@id\":\"https:\/\/acefootball.com\/da\/fodboldnyheder\/inden-stort-interview-staale-stillede-kun-et-krav\/#primaryimage\"},\"thumbnailUrl\":\"https:\/\/acefootball.com\/da\/wp-content\/uploads\/sites\/2\/2020\/09\/GettyImages-1228496352.jpg\",\"keywords\":[\"FC K\u00f8benhavn\",\"St\u00e5le Solbakken\",\"Superligaen\"],\"articleSection\":[\"Nyhed\"],\"inLanguage\":\"en-US\",\"potentialAction\":[{\"@type\":\"CommentAction\",\"name\":\"Comment\",\"target\":[\"https:\/\/acefootball.com\/da\/fodboldnyheder\/inden-stort-interview-staale-stillede-kun-et-krav\/#respond\"]}]},{\"@type\":\"Person\",\"@id\":\"https:\/\/acefootball.com\/da\/#\/schema\/person\/ee67e9cf04a276f144100ffa722f10cd\",\"name\":\"Mads Dreyer\",\"image\":{\"@type\":\"ImageObject\",\"@id\":\"https:\/\/acefootball.com\/da\/#personlogo\",\"inLanguage\":\"en-US\",\"url\":\"https:\/\/secure.gravatar.com\/avatar\/7c7abf72cfde9902b6a60efe60c88d4c?s=96&d=mm&r=g\",\"contentUrl\":\"https:\/\/secure.gravatar.com\/avatar\/7c7abf72cfde9902b6a60efe60c88d4c?s=96&d=mm&r=g\",\"caption\":\"Mads Dreyer\"},\"description\":\"Skribent og fodboldn\u00f8rd, der lige nu fort\u00e6ller om alt og intet i fodboldverdenen p\u00e5 acefootball.com. Uddannet i kommunikation fra Aalborg Universitet.\",\"sameAs\":[\"https:\/\/www.linkedin.com\/in\/mads-dreyer-b9b08266\/\"],\"url\":\"https:\/\/acefootball.com\/da\/fodboldnyheder\/author\/mdnronaldo\/\"}]}<\/script>\n<!-- \/ Yoast SEO plugin. -->","yoast_head_json":{"title":"Inden stort interview: St\u00e5le stillede kun \u00e9t krav","description":"St\u00e5le Solbakken taler for f\u00f8rste gang ud om fyringen i FC K\u00f8benhavn til Viasat i et interview, der sendes p\u00e5 TV3+ s\u00f8ndag aften","robots":{"index":"index","follow":"follow","max-snippet":"max-snippet:-1","max-image-preview":"max-image-preview:large","max-video-preview":"max-video-preview:-1"},"canonical":"https:\/\/acefootball.com\/da\/fodboldnyheder\/inden-stort-interview-staale-stillede-kun-et-krav\/","og_locale":"en_US","og_type":"article","og_title":"Inden stort interview: St\u00e5le stillede kun \u00e9t krav","og_description":"St\u00e5le Solbakken taler for f\u00f8rste gang ud om fyringen i FC K\u00f8benhavn til Viasat i et interview, der sendes p\u00e5 TV3+ s\u00f8ndag aften","og_url":"https:\/\/acefootball.com\/da\/fodboldnyheder\/inden-stort-interview-staale-stillede-kun-et-krav\/","og_site_name":"Ace Football Danmark","article_publisher":"https:\/\/www.facebook.com\/acefootballdk","article_published_time":"2020-11-22T18:47:59+00:00","article_modified_time":"2020-11-22T18:48:01+00:00","og_image":[{"width":1920,"height":1008,"url":"https:\/\/acefootball.com\/da\/wp-content\/uploads\/sites\/2\/2020\/11\/Ace-6-12.jpg","type":"image\/jpeg"}],"twitter_card":"summary_large_image","twitter_misc":{"Written by":"Mads Dreyer","Est. reading time":"1 minute"},"schema":{"@context":"https:\/\/schema.org","@graph":[{"@type":"Organization","@id":"https:\/\/acefootball.com\/da\/#organization","name":"Ace Football","url":"https:\/\/acefootball.com\/da\/","sameAs":["https:\/\/www.facebook.com\/acefootballdk"],"logo":{"@type":"ImageObject","@id":"https:\/\/acefootball.com\/da\/#logo","inLanguage":"en-US","url":"https:\/\/acefootball.com\/da\/wp-content\/uploads\/sites\/2\/2020\/07\/Ace-Football-30-07-2020-2.png","contentUrl":"https:\/\/acefootball.com\/da\/wp-content\/uploads\/sites\/2\/2020\/07\/Ace-Football-30-07-2020-2.png","width":1200,"height":600,"caption":"Ace Football"},"image":{"@id":"https:\/\/acefootball.com\/da\/#logo"}},{"@type":"WebSite","@id":"https:\/\/acefootball.com\/da\/#website","url":"https:\/\/acefootball.com\/da\/","name":"Ace Football Danmark","description":"Nyheder, Spiltips &amp; Livescore","publisher":{"@id":"https:\/\/acefootball.com\/da\/#organization"},"potentialAction":[{"@type":"SearchAction","target":{"@type":"EntryPoint","urlTemplate":"https:\/\/acefootball.com\/da\/?s={search_term_string}"},"query-input":"required name=search_term_string"}],"inLanguage":"en-US"},{"@type":"ImageObject","@id":"https:\/\/acefootball.com\/da\/fodboldnyheder\/inden-stort-interview-staale-stillede-kun-et-krav\/#primaryimage","inLanguage":"en-US","url":"https:\/\/acefootball.com\/da\/wp-content\/uploads\/sites\/2\/2020\/11\/Ace-6-12.jpg","contentUrl":"https:\/\/acefootball.com\/da\/wp-content\/uploads\/sites\/2\/2020\/11\/Ace-6-12.jpg","width":1920,"height":1008},{"@type":"WebPage","@id":"https:\/\/acefootball.com\/da\/fodboldnyheder\/inden-stort-interview-staale-stillede-kun-et-krav\/#webpage","url":"https:\/\/acefootball.com\/da\/fodboldnyheder\/inden-stort-interview-staale-stillede-kun-et-krav\/","name":"Inden stort interview: St\u00e5le stillede kun \u00e9t krav","isPartOf":{"@id":"https:\/\/acefootball.com\/da\/#website"},"primaryImageOfPage":{"@id":"https:\/\/acefootball.com\/da\/fodboldnyheder\/inden-stort-interview-staale-stillede-kun-et-krav\/#primaryimage"},"datePublished":"2020-11-22T18:47:59+00:00","dateModified":"2020-11-22T18:48:01+00:00","description":"St\u00e5le Solbakken taler for f\u00f8rste gang ud om fyringen i FC K\u00f8benhavn til Viasat i et interview, der sendes p\u00e5 TV3+ s\u00f8ndag aften","breadcrumb":{"@id":"https:\/\/acefootball.com\/da\/fodboldnyheder\/inden-stort-interview-staale-stillede-kun-et-krav\/#breadcrumb"},"inLanguage":"en-US","potentialAction":[{"@type":"ReadAction","target":["https:\/\/acefootball.com\/da\/fodboldnyheder\/inden-stort-interview-staale-stillede-kun-et-krav\/"]}]},{"@type":"BreadcrumbList","@id":"https:\/\/acefootball.com\/da\/fodboldnyheder\/inden-stort-interview-staale-stillede-kun-et-krav\/#breadcrumb","itemListElement":[{"@type":"ListItem","position":1,"name":"Home","item":"https:\/\/acefootball.com\/da\/"},{"@type":"ListItem","position":2,"name":"Inden stort interview: St\u00e5le stillede kun \u00e9t krav"}]},{"@type":"Article","@id":"https:\/\/acefootball.com\/da\/fodboldnyheder\/inden-stort-interview-staale-stillede-kun-et-krav\/#article","isPartOf":{"@id":"https:\/\/acefootball.com\/da\/fodboldnyheder\/inden-stort-interview-staale-stillede-kun-et-krav\/#webpage"},"author":{"@id":"https:\/\/acefootball.com\/da\/#\/schema\/person\/ee67e9cf04a276f144100ffa722f10cd"},"headline":"Inden stort interview: St\u00e5le stillede kun \u00e9t krav","datePublished":"2020-11-22T18:47:59+00:00","dateModified":"2020-11-22T18:48:01+00:00","mainEntityOfPage":{"@id":"https:\/\/acefootball.com\/da\/fodboldnyheder\/inden-stort-interview-staale-stillede-kun-et-krav\/#webpage"},"wordCount":198,"commentCount":0,"publisher":{"@id":"https:\/\/acefootball.com\/da\/#organization"},"image":{"@id":"https:\/\/acefootball.com\/da\/fodboldnyheder\/inden-stort-interview-staale-stillede-kun-et-krav\/#primaryimage"},"thumbnailUrl":"https:\/\/acefootball.com\/da\/wp-content\/uploads\/sites\/2\/2020\/09\/GettyImages-1228496352.jpg","keywords":["FC K\u00f8benhavn","St\u00e5le Solbakken","Superligaen"],"articleSection":["Nyhed"],"inLanguage":"en-US","potentialAction":[{"@type":"CommentAction","name":"Comment","target":["https:\/\/acefootball.com\/da\/fodboldnyheder\/inden-stort-interview-staale-stillede-kun-et-krav\/#respond"]}]},{"@type":"Person","@id":"https:\/\/acefootball.com\/da\/#\/schema\/person\/ee67e9cf04a276f144100ffa722f10cd","name":"Mads Dreyer","image":{"@type":"ImageObject","@id":"https:\/\/acefootball.com\/da\/#personlogo","inLanguage":"en-US","url":"https:\/\/secure.gravatar.com\/avatar\/7c7abf72cfde9902b6a60efe60c88d4c?s=96&d=mm&r=g","contentUrl":"https:\/\/secure.gravatar.com\/avatar\/7c7abf72cfde9902b6a60efe60c88d4c?s=96&d=mm&r=g","caption":"Mads Dreyer"},"description":"Skribent og fodboldn\u00f8rd, der lige nu fort\u00e6ller om alt og intet i fodboldverdenen p\u00e5 acefootball.com. Uddannet i kommunikation fra Aalborg Universitet.","sameAs":["https:\/\/www.linkedin.com\/in\/mads-dreyer-b9b08266\/"],"url":"https:\/\/acefootball.com\/da\/fodboldnyheder\/author\/mdnronaldo\/"}]}},"fimg_url":"https:\/\/acefootball.com\/da\/wp-content\/uploads\/sites\/2\/2020\/09\/GettyImages-1228496352.jpg","_links":{"self":[{"href":"https:\/\/acefootball.com\/da\/wp-json\/wp\/v2\/posts\/244291"}],"collection":[{"href":"https:\/\/acefootball.com\/da\/wp-json\/wp\/v2\/posts"}],"about":[{"href":"https:\/\/acefootball.com\/da\/wp-json\/wp\/v2\/types\/post"}],"author":[{"embeddable":true,"href":"https:\/\/acefootball.com\/da\/wp-json\/wp\/v2\/users\/705"}],"replies":[{"embeddable":true,"href":"https:\/\/acefootball.com\/da\/wp-json\/wp\/v2\/comments?post=244291"}],"version-history":[{"count":0,"href":"https:\/\/acefootball.com\/da\/wp-json\/wp\/v2\/posts\/244291\/revisions"}],"wp:featuredmedia":[{"embeddable":true,"href":"https:\/\/acefootball.com\/da\/wp-json\/wp\/v2\/media\/237149"}],"wp:attachment":[{"href":"https:\/\/acefootball.com\/da\/wp-json\/wp\/v2\/media?parent=244291"}],"wp:term":[{"taxonomy":"category","embeddable":true,"href":"https:\/\/acefootball.com\/da\/wp-json\/wp\/v2\/categories?post=244291"},{"taxonomy":"post_tag","embeddable":true,"href":"https:\/\/acefootball.com\/da\/wp-json\/wp\/v2\/tags?post=244291"}],"curies":[{"name":"wp","href":"https:\/\/api.w.org\/{rel}","templated":true}]}}