{"id":244256,"date":"2020-11-22T17:05:45","date_gmt":"2020-11-22T16:05:45","guid":{"rendered":"https:\/\/acefootball.com\/da\/?p=244256"},"modified":"2020-11-22T17:09:29","modified_gmt":"2020-11-22T16:09:29","slug":"startopstillinger-ungdommen-erstatter-skadet-broendby-duo","status":"publish","type":"post","link":"https:\/\/acefootball.com\/da\/fodboldnyheder\/startopstillinger-ungdommen-erstatter-skadet-broendby-duo\/","title":{"rendered":"Startopstillinger: Ungdommen erstatter skadet Br\u00f8ndby-duo"},"content":{"rendered":"\n<h2 id=\"h-vejle-boldklub-og-br-ndby-if-har-startopstillingerne-p-plads-til-s-ndagens-sene-kamp-i-superligaen-du-kan-se-dem-her\">Vejle Boldklub og Br\u00f8ndby IF har startopstillingerne p\u00e5 plads til s\u00f8ndagens sene kamp i Superligaen. Du kan se dem her<\/h2>\n\n\n\n<div class=\"wp-block-si-widget wp-block-si-widget--center\"><si-lb-widget widget-id=\"MatchInfoWithOdds\" data-nopadding=\"true\" data-card=\"true\" width=\"440\" data-event-id=\"3389125\" data-provider=\"mrgreen\" data-theme-appearance=\"dark\"><\/si-lb-widget><\/div>\n\n\n\n<p>S\u00f8ndagens sidste duel i Superligaen finder sted i Vejle, hvor det r\u00f8de hjemmehold tager imod de bl\u00e5gule fra Br\u00f8ndby IF.<\/p>\n\n\n\n<p>I seneste kamp mod OB m\u00e5tte Niels Frederiksen indkassere et par skader til Blas Riveros og Rezan Corlu, og de er derfor taget ud af startopstillingen til dagens opg\u00f8r.<\/p>\n\n\n\n<p>De bliver erstattet af Peter Bjur og Andreas Bruus, mens ogs\u00e5 Sigurd Rosted er tilbage i startformationen.<\/p>\n\n\n\n<p>Eneste \u00e6ndring hos Vejle er Arthur Yamga, som erstatter Lucas Jensen.<\/p>\n\n\n\n<figure class=\"wp-block-embed-twitter wp-block-embed is-type-rich is-provider-twitter\"><div class=\"wp-block-embed__wrapper\">\n<blockquote class=\"twitter-tweet\" data-width=\"550\" data-dnt=\"true\"><p lang=\"da\" dir=\"ltr\">Der er tre \u00e6ndringer i startopstillingen i forhold til seneste kamp mod FC Nordsj\u00e6lland, n\u00e5r VB er v\u00e6rter for Br\u00f8ndby IF i 3F Superligaen fra kl. 18.00. Montiel, Yamga og Milosevic er tilbage. <a href=\"https:\/\/twitter.com\/hashtag\/VejleB?src=hash&amp;ref_src=twsrc%5Etfw\">#VejleB<\/a> <a href=\"https:\/\/twitter.com\/hashtag\/VBBIF?src=hash&amp;ref_src=twsrc%5Etfw\">#VBBIF<\/a> <a href=\"https:\/\/twitter.com\/hashtag\/sldk?src=hash&amp;ref_src=twsrc%5Etfw\">#sldk<\/a> <a href=\"https:\/\/t.co\/Xuro7xGA1u\">pic.twitter.com\/Xuro7xGA1u<\/a><\/p>&mdash; Vejle Boldklub (@Vejle_B) <a href=\"https:\/\/twitter.com\/Vejle_B\/status\/1330543153288523778?ref_src=twsrc%5Etfw\">November 22, 2020<\/a><\/blockquote><script async src=\"https:\/\/platform.twitter.com\/widgets.js\" charset=\"utf-8\"><\/script>\n<\/div><\/figure>\n\n\n\n<figure class=\"wp-block-embed-twitter wp-block-embed is-type-rich is-provider-twitter\"><div class=\"wp-block-embed__wrapper\">\n<blockquote class=\"twitter-tweet\" data-width=\"550\" data-dnt=\"true\"><p lang=\"da\" dir=\"ltr\">Startopstillingen til aftenens opg\u00f8r mod Vejle BK, der starter om en time, er klar, og cheftr\u00e6ner Niels Frederiksen har valgt f\u00f8lgende 11 spillere, der skal v\u00e6re klar fra f\u00f8rste fl\u00f8jt \ud83d\udc9b\ud83d\udc99 <a href=\"https:\/\/twitter.com\/hashtag\/Br%C3%B8ndby?src=hash&amp;ref_src=twsrc%5Etfw\">#Br\u00f8ndby<\/a> <a href=\"https:\/\/t.co\/XIixUOk602\">pic.twitter.com\/XIixUOk602<\/a><\/p>&mdash; BrondbyIF (@BrondbyIF) <a href=\"https:\/\/twitter.com\/BrondbyIF\/status\/1330541978317180929?ref_src=twsrc%5Etfw\">November 22, 2020<\/a><\/blockquote><script async src=\"https:\/\/platform.twitter.com\/widgets.js\" charset=\"utf-8\"><\/script>\n<\/div><\/figure>\n\n\n\n<p>Du kan ogs\u00e5 stadig n\u00e5 at spille p\u00e5 kampen, hvor der blandt andet tilbydes et gratis spil p\u00e5 50 kroner. L\u00e6s mere i artiklen herunder.<\/p>\n\n\n\n<figure class=\"wp-block-embed-wordpress wp-block-embed is-type-wp-embed is-provider-ace-football-danmark\"><div class=\"wp-block-embed__wrapper\">\n<blockquote class=\"wp-embedded-content\" data-secret=\"YNB5F0A1Qk\"><a href=\"https:\/\/acefootball.com\/da\/fodboldnyheder\/spiltip-vejle-og-broendby-gaar-til-angreb\/\">Spiltip: Vejle og Br\u00f8ndby g\u00e5r til angreb<\/a><\/blockquote><iframe class=\"wp-embedded-content\" sandbox=\"allow-scripts\" security=\"restricted\" style=\"position: absolute; clip: rect(1px, 1px, 1px, 1px);\" title=\"&#8220;Spiltip: Vejle og Br\u00f8ndby g\u00e5r til angreb&#8221; &#8212; Ace Football Danmark\" src=\"https:\/\/acefootball.com\/da\/fodboldnyheder\/spiltip-vejle-og-broendby-gaar-til-angreb\/embed\/#?secret=YNB5F0A1Qk\" data-secret=\"YNB5F0A1Qk\" width=\"600\" height=\"338\" frameborder=\"0\" marginwidth=\"0\" marginheight=\"0\" scrolling=\"no\"><\/iframe>\n<\/div><\/figure>\n","protected":false},"excerpt":{"rendered":"<p>Vejle Boldklub og Br\u00f8ndby IF har startopstillingerne p\u00e5 plads til s\u00f8ndagens sene kamp i Superligaen. Du kan se dem her<\/p>\n","protected":false},"author":705,"featured_media":235214,"comment_status":"open","ping_status":"closed","sticky":false,"template":"","format":"standard","meta":{"om_disable_all_campaigns":false,"push_articles_ronaldo":{"active":false,"canonical":0,"publish":false},"force_updates":null},"categories":[8062],"tags":[53,588,521],"enet_tags":{"team":["8595","8231"],"league":["46"],"sport_events":[3389125]},"yoast_head":"<!-- This site is optimized with the Yoast SEO plugin v18.3 - https:\/\/yoast.com\/wordpress\/plugins\/seo\/ -->\n<title>Startopstillinger: Ungdommen erstatter skadet Br\u00f8ndby-duo<\/title>\n<meta name=\"description\" content=\"Vejle Boldklub og Br\u00f8ndby IF har startopstillingerne p\u00e5 plads til s\u00f8ndagens sene kamp i Superligaen. Du kan se dem her\" \/>\n<meta name=\"robots\" content=\"index, follow, max-snippet:-1, max-image-preview:large, max-video-preview:-1\" \/>\n<link rel=\"canonical\" href=\"https:\/\/acefootball.com\/da\/fodboldnyheder\/startopstillinger-ungdommen-erstatter-skadet-broendby-duo\/\" \/>\n<meta property=\"og:locale\" content=\"en_US\" \/>\n<meta property=\"og:type\" content=\"article\" \/>\n<meta property=\"og:title\" content=\"Startopstillinger: Ungdommen erstatter skadet Br\u00f8ndby-duo\" \/>\n<meta property=\"og:description\" content=\"Vejle Boldklub og Br\u00f8ndby IF har startopstillingerne p\u00e5 plads til s\u00f8ndagens sene kamp i Superligaen. Du kan se dem her\" \/>\n<meta property=\"og:url\" content=\"https:\/\/acefootball.com\/da\/fodboldnyheder\/startopstillinger-ungdommen-erstatter-skadet-broendby-duo\/\" \/>\n<meta property=\"og:site_name\" content=\"Ace Football Danmark\" \/>\n<meta property=\"article:publisher\" content=\"https:\/\/www.facebook.com\/acefootballdk\" \/>\n<meta property=\"article:published_time\" content=\"2020-11-22T16:05:45+00:00\" \/>\n<meta property=\"article:modified_time\" content=\"2020-11-22T16:09:29+00:00\" \/>\n<meta property=\"og:image\" content=\"https:\/\/acefootball.com\/da\/wp-content\/uploads\/sites\/2\/2020\/11\/Broendby-11.jpg\" \/>\n\t<meta property=\"og:image:width\" content=\"1920\" \/>\n\t<meta property=\"og:image:height\" content=\"1008\" \/>\n\t<meta property=\"og:image:type\" content=\"image\/jpeg\" \/>\n<meta name=\"twitter:card\" content=\"summary_large_image\" \/>\n<meta name=\"twitter:label1\" content=\"Written by\" \/>\n\t<meta name=\"twitter:data1\" content=\"Mads Dreyer\" \/>\n\t<meta name=\"twitter:label2\" content=\"Est. reading time\" \/>\n\t<meta name=\"twitter:data2\" content=\"1 minute\" \/>\n<script type=\"application\/ld+json\" class=\"yoast-schema-graph\">{\"@context\":\"https:\/\/schema.org\",\"@graph\":[{\"@type\":\"Organization\",\"@id\":\"https:\/\/acefootball.com\/da\/#organization\",\"name\":\"Ace Football\",\"url\":\"https:\/\/acefootball.com\/da\/\",\"sameAs\":[\"https:\/\/www.facebook.com\/acefootballdk\"],\"logo\":{\"@type\":\"ImageObject\",\"@id\":\"https:\/\/acefootball.com\/da\/#logo\",\"inLanguage\":\"en-US\",\"url\":\"https:\/\/acefootball.com\/da\/wp-content\/uploads\/sites\/2\/2020\/07\/Ace-Football-30-07-2020-2.png\",\"contentUrl\":\"https:\/\/acefootball.com\/da\/wp-content\/uploads\/sites\/2\/2020\/07\/Ace-Football-30-07-2020-2.png\",\"width\":1200,\"height\":600,\"caption\":\"Ace Football\"},\"image\":{\"@id\":\"https:\/\/acefootball.com\/da\/#logo\"}},{\"@type\":\"WebSite\",\"@id\":\"https:\/\/acefootball.com\/da\/#website\",\"url\":\"https:\/\/acefootball.com\/da\/\",\"name\":\"Ace Football Danmark\",\"description\":\"Nyheder, Spiltips &amp; Livescore\",\"publisher\":{\"@id\":\"https:\/\/acefootball.com\/da\/#organization\"},\"potentialAction\":[{\"@type\":\"SearchAction\",\"target\":{\"@type\":\"EntryPoint\",\"urlTemplate\":\"https:\/\/acefootball.com\/da\/?s={search_term_string}\"},\"query-input\":\"required name=search_term_string\"}],\"inLanguage\":\"en-US\"},{\"@type\":\"ImageObject\",\"@id\":\"https:\/\/acefootball.com\/da\/fodboldnyheder\/startopstillinger-ungdommen-erstatter-skadet-broendby-duo\/#primaryimage\",\"inLanguage\":\"en-US\",\"url\":\"https:\/\/acefootball.com\/da\/wp-content\/uploads\/sites\/2\/2020\/11\/Broendby-11.jpg\",\"contentUrl\":\"https:\/\/acefootball.com\/da\/wp-content\/uploads\/sites\/2\/2020\/11\/Broendby-11.jpg\",\"width\":1920,\"height\":1008},{\"@type\":\"WebPage\",\"@id\":\"https:\/\/acefootball.com\/da\/fodboldnyheder\/startopstillinger-ungdommen-erstatter-skadet-broendby-duo\/#webpage\",\"url\":\"https:\/\/acefootball.com\/da\/fodboldnyheder\/startopstillinger-ungdommen-erstatter-skadet-broendby-duo\/\",\"name\":\"Startopstillinger: Ungdommen erstatter skadet Br\u00f8ndby-duo\",\"isPartOf\":{\"@id\":\"https:\/\/acefootball.com\/da\/#website\"},\"primaryImageOfPage\":{\"@id\":\"https:\/\/acefootball.com\/da\/fodboldnyheder\/startopstillinger-ungdommen-erstatter-skadet-broendby-duo\/#primaryimage\"},\"datePublished\":\"2020-11-22T16:05:45+00:00\",\"dateModified\":\"2020-11-22T16:09:29+00:00\",\"description\":\"Vejle Boldklub og Br\u00f8ndby IF har startopstillingerne p\u00e5 plads til s\u00f8ndagens sene kamp i Superligaen. Du kan se dem her\",\"breadcrumb\":{\"@id\":\"https:\/\/acefootball.com\/da\/fodboldnyheder\/startopstillinger-ungdommen-erstatter-skadet-broendby-duo\/#breadcrumb\"},\"inLanguage\":\"en-US\",\"potentialAction\":[{\"@type\":\"ReadAction\",\"target\":[\"https:\/\/acefootball.com\/da\/fodboldnyheder\/startopstillinger-ungdommen-erstatter-skadet-broendby-duo\/\"]}]},{\"@type\":\"BreadcrumbList\",\"@id\":\"https:\/\/acefootball.com\/da\/fodboldnyheder\/startopstillinger-ungdommen-erstatter-skadet-broendby-duo\/#breadcrumb\",\"itemListElement\":[{\"@type\":\"ListItem\",\"position\":1,\"name\":\"Home\",\"item\":\"https:\/\/acefootball.com\/da\/\"},{\"@type\":\"ListItem\",\"position\":2,\"name\":\"Startopstillinger: Ungdommen erstatter skadet Br\u00f8ndby-duo\"}]},{\"@type\":\"Article\",\"@id\":\"https:\/\/acefootball.com\/da\/fodboldnyheder\/startopstillinger-ungdommen-erstatter-skadet-broendby-duo\/#article\",\"isPartOf\":{\"@id\":\"https:\/\/acefootball.com\/da\/fodboldnyheder\/startopstillinger-ungdommen-erstatter-skadet-broendby-duo\/#webpage\"},\"author\":{\"@id\":\"https:\/\/acefootball.com\/da\/#\/schema\/person\/ee67e9cf04a276f144100ffa722f10cd\"},\"headline\":\"Startopstillinger: Ungdommen erstatter skadet Br\u00f8ndby-duo\",\"datePublished\":\"2020-11-22T16:05:45+00:00\",\"dateModified\":\"2020-11-22T16:09:29+00:00\",\"mainEntityOfPage\":{\"@id\":\"https:\/\/acefootball.com\/da\/fodboldnyheder\/startopstillinger-ungdommen-erstatter-skadet-broendby-duo\/#webpage\"},\"wordCount\":153,\"commentCount\":0,\"publisher\":{\"@id\":\"https:\/\/acefootball.com\/da\/#organization\"},\"image\":{\"@id\":\"https:\/\/acefootball.com\/da\/fodboldnyheder\/startopstillinger-ungdommen-erstatter-skadet-broendby-duo\/#primaryimage\"},\"thumbnailUrl\":\"https:\/\/acefootball.com\/da\/wp-content\/uploads\/sites\/2\/2020\/08\/GettyImages-1204364047.jpg\",\"keywords\":[\"Br\u00f8ndby IF\",\"Superligaen\",\"Vejle Boldklub\"],\"articleSection\":[\"Kamp\"],\"inLanguage\":\"en-US\",\"potentialAction\":[{\"@type\":\"CommentAction\",\"name\":\"Comment\",\"target\":[\"https:\/\/acefootball.com\/da\/fodboldnyheder\/startopstillinger-ungdommen-erstatter-skadet-broendby-duo\/#respond\"]}]},{\"@type\":\"Person\",\"@id\":\"https:\/\/acefootball.com\/da\/#\/schema\/person\/ee67e9cf04a276f144100ffa722f10cd\",\"name\":\"Mads Dreyer\",\"image\":{\"@type\":\"ImageObject\",\"@id\":\"https:\/\/acefootball.com\/da\/#personlogo\",\"inLanguage\":\"en-US\",\"url\":\"https:\/\/secure.gravatar.com\/avatar\/7c7abf72cfde9902b6a60efe60c88d4c?s=96&d=mm&r=g\",\"contentUrl\":\"https:\/\/secure.gravatar.com\/avatar\/7c7abf72cfde9902b6a60efe60c88d4c?s=96&d=mm&r=g\",\"caption\":\"Mads Dreyer\"},\"description\":\"Skribent og fodboldn\u00f8rd, der lige nu fort\u00e6ller om alt og intet i fodboldverdenen p\u00e5 acefootball.com. Uddannet i kommunikation fra Aalborg Universitet.\",\"sameAs\":[\"https:\/\/www.linkedin.com\/in\/mads-dreyer-b9b08266\/\"],\"url\":\"https:\/\/acefootball.com\/da\/fodboldnyheder\/author\/mdnronaldo\/\"}]}<\/script>\n<!-- \/ Yoast SEO plugin. -->","yoast_head_json":{"title":"Startopstillinger: Ungdommen erstatter skadet Br\u00f8ndby-duo","description":"Vejle Boldklub og Br\u00f8ndby IF har startopstillingerne p\u00e5 plads til s\u00f8ndagens sene kamp i Superligaen. Du kan se dem her","robots":{"index":"index","follow":"follow","max-snippet":"max-snippet:-1","max-image-preview":"max-image-preview:large","max-video-preview":"max-video-preview:-1"},"canonical":"https:\/\/acefootball.com\/da\/fodboldnyheder\/startopstillinger-ungdommen-erstatter-skadet-broendby-duo\/","og_locale":"en_US","og_type":"article","og_title":"Startopstillinger: Ungdommen erstatter skadet Br\u00f8ndby-duo","og_description":"Vejle Boldklub og Br\u00f8ndby IF har startopstillingerne p\u00e5 plads til s\u00f8ndagens sene kamp i Superligaen. Du kan se dem her","og_url":"https:\/\/acefootball.com\/da\/fodboldnyheder\/startopstillinger-ungdommen-erstatter-skadet-broendby-duo\/","og_site_name":"Ace Football Danmark","article_publisher":"https:\/\/www.facebook.com\/acefootballdk","article_published_time":"2020-11-22T16:05:45+00:00","article_modified_time":"2020-11-22T16:09:29+00:00","og_image":[{"width":1920,"height":1008,"url":"https:\/\/acefootball.com\/da\/wp-content\/uploads\/sites\/2\/2020\/11\/Broendby-11.jpg","type":"image\/jpeg"}],"twitter_card":"summary_large_image","twitter_misc":{"Written by":"Mads Dreyer","Est. reading time":"1 minute"},"schema":{"@context":"https:\/\/schema.org","@graph":[{"@type":"Organization","@id":"https:\/\/acefootball.com\/da\/#organization","name":"Ace Football","url":"https:\/\/acefootball.com\/da\/","sameAs":["https:\/\/www.facebook.com\/acefootballdk"],"logo":{"@type":"ImageObject","@id":"https:\/\/acefootball.com\/da\/#logo","inLanguage":"en-US","url":"https:\/\/acefootball.com\/da\/wp-content\/uploads\/sites\/2\/2020\/07\/Ace-Football-30-07-2020-2.png","contentUrl":"https:\/\/acefootball.com\/da\/wp-content\/uploads\/sites\/2\/2020\/07\/Ace-Football-30-07-2020-2.png","width":1200,"height":600,"caption":"Ace Football"},"image":{"@id":"https:\/\/acefootball.com\/da\/#logo"}},{"@type":"WebSite","@id":"https:\/\/acefootball.com\/da\/#website","url":"https:\/\/acefootball.com\/da\/","name":"Ace Football Danmark","description":"Nyheder, Spiltips &amp; Livescore","publisher":{"@id":"https:\/\/acefootball.com\/da\/#organization"},"potentialAction":[{"@type":"SearchAction","target":{"@type":"EntryPoint","urlTemplate":"https:\/\/acefootball.com\/da\/?s={search_term_string}"},"query-input":"required name=search_term_string"}],"inLanguage":"en-US"},{"@type":"ImageObject","@id":"https:\/\/acefootball.com\/da\/fodboldnyheder\/startopstillinger-ungdommen-erstatter-skadet-broendby-duo\/#primaryimage","inLanguage":"en-US","url":"https:\/\/acefootball.com\/da\/wp-content\/uploads\/sites\/2\/2020\/11\/Broendby-11.jpg","contentUrl":"https:\/\/acefootball.com\/da\/wp-content\/uploads\/sites\/2\/2020\/11\/Broendby-11.jpg","width":1920,"height":1008},{"@type":"WebPage","@id":"https:\/\/acefootball.com\/da\/fodboldnyheder\/startopstillinger-ungdommen-erstatter-skadet-broendby-duo\/#webpage","url":"https:\/\/acefootball.com\/da\/fodboldnyheder\/startopstillinger-ungdommen-erstatter-skadet-broendby-duo\/","name":"Startopstillinger: Ungdommen erstatter skadet Br\u00f8ndby-duo","isPartOf":{"@id":"https:\/\/acefootball.com\/da\/#website"},"primaryImageOfPage":{"@id":"https:\/\/acefootball.com\/da\/fodboldnyheder\/startopstillinger-ungdommen-erstatter-skadet-broendby-duo\/#primaryimage"},"datePublished":"2020-11-22T16:05:45+00:00","dateModified":"2020-11-22T16:09:29+00:00","description":"Vejle Boldklub og Br\u00f8ndby IF har startopstillingerne p\u00e5 plads til s\u00f8ndagens sene kamp i Superligaen. Du kan se dem her","breadcrumb":{"@id":"https:\/\/acefootball.com\/da\/fodboldnyheder\/startopstillinger-ungdommen-erstatter-skadet-broendby-duo\/#breadcrumb"},"inLanguage":"en-US","potentialAction":[{"@type":"ReadAction","target":["https:\/\/acefootball.com\/da\/fodboldnyheder\/startopstillinger-ungdommen-erstatter-skadet-broendby-duo\/"]}]},{"@type":"BreadcrumbList","@id":"https:\/\/acefootball.com\/da\/fodboldnyheder\/startopstillinger-ungdommen-erstatter-skadet-broendby-duo\/#breadcrumb","itemListElement":[{"@type":"ListItem","position":1,"name":"Home","item":"https:\/\/acefootball.com\/da\/"},{"@type":"ListItem","position":2,"name":"Startopstillinger: Ungdommen erstatter skadet Br\u00f8ndby-duo"}]},{"@type":"Article","@id":"https:\/\/acefootball.com\/da\/fodboldnyheder\/startopstillinger-ungdommen-erstatter-skadet-broendby-duo\/#article","isPartOf":{"@id":"https:\/\/acefootball.com\/da\/fodboldnyheder\/startopstillinger-ungdommen-erstatter-skadet-broendby-duo\/#webpage"},"author":{"@id":"https:\/\/acefootball.com\/da\/#\/schema\/person\/ee67e9cf04a276f144100ffa722f10cd"},"headline":"Startopstillinger: Ungdommen erstatter skadet Br\u00f8ndby-duo","datePublished":"2020-11-22T16:05:45+00:00","dateModified":"2020-11-22T16:09:29+00:00","mainEntityOfPage":{"@id":"https:\/\/acefootball.com\/da\/fodboldnyheder\/startopstillinger-ungdommen-erstatter-skadet-broendby-duo\/#webpage"},"wordCount":153,"commentCount":0,"publisher":{"@id":"https:\/\/acefootball.com\/da\/#organization"},"image":{"@id":"https:\/\/acefootball.com\/da\/fodboldnyheder\/startopstillinger-ungdommen-erstatter-skadet-broendby-duo\/#primaryimage"},"thumbnailUrl":"https:\/\/acefootball.com\/da\/wp-content\/uploads\/sites\/2\/2020\/08\/GettyImages-1204364047.jpg","keywords":["Br\u00f8ndby IF","Superligaen","Vejle Boldklub"],"articleSection":["Kamp"],"inLanguage":"en-US","potentialAction":[{"@type":"CommentAction","name":"Comment","target":["https:\/\/acefootball.com\/da\/fodboldnyheder\/startopstillinger-ungdommen-erstatter-skadet-broendby-duo\/#respond"]}]},{"@type":"Person","@id":"https:\/\/acefootball.com\/da\/#\/schema\/person\/ee67e9cf04a276f144100ffa722f10cd","name":"Mads Dreyer","image":{"@type":"ImageObject","@id":"https:\/\/acefootball.com\/da\/#personlogo","inLanguage":"en-US","url":"https:\/\/secure.gravatar.com\/avatar\/7c7abf72cfde9902b6a60efe60c88d4c?s=96&d=mm&r=g","contentUrl":"https:\/\/secure.gravatar.com\/avatar\/7c7abf72cfde9902b6a60efe60c88d4c?s=96&d=mm&r=g","caption":"Mads Dreyer"},"description":"Skribent og fodboldn\u00f8rd, der lige nu fort\u00e6ller om alt og intet i fodboldverdenen p\u00e5 acefootball.com. Uddannet i kommunikation fra Aalborg Universitet.","sameAs":["https:\/\/www.linkedin.com\/in\/mads-dreyer-b9b08266\/"],"url":"https:\/\/acefootball.com\/da\/fodboldnyheder\/author\/mdnronaldo\/"}]}},"fimg_url":"https:\/\/acefootball.com\/da\/wp-content\/uploads\/sites\/2\/2020\/08\/GettyImages-1204364047.jpg","_links":{"self":[{"href":"https:\/\/acefootball.com\/da\/wp-json\/wp\/v2\/posts\/244256"}],"collection":[{"href":"https:\/\/acefootball.com\/da\/wp-json\/wp\/v2\/posts"}],"about":[{"href":"https:\/\/acefootball.com\/da\/wp-json\/wp\/v2\/types\/post"}],"author":[{"embeddable":true,"href":"https:\/\/acefootball.com\/da\/wp-json\/wp\/v2\/users\/705"}],"replies":[{"embeddable":true,"href":"https:\/\/acefootball.com\/da\/wp-json\/wp\/v2\/comments?post=244256"}],"version-history":[{"count":0,"href":"https:\/\/acefootball.com\/da\/wp-json\/wp\/v2\/posts\/244256\/revisions"}],"wp:featuredmedia":[{"embeddable":true,"href":"https:\/\/acefootball.com\/da\/wp-json\/wp\/v2\/media\/235214"}],"wp:attachment":[{"href":"https:\/\/acefootball.com\/da\/wp-json\/wp\/v2\/media?parent=244256"}],"wp:term":[{"taxonomy":"category","embeddable":true,"href":"https:\/\/acefootball.com\/da\/wp-json\/wp\/v2\/categories?post=244256"},{"taxonomy":"post_tag","embeddable":true,"href":"https:\/\/acefootball.com\/da\/wp-json\/wp\/v2\/tags?post=244256"}],"curies":[{"name":"wp","href":"https:\/\/api.w.org\/{rel}","templated":true}]}}