{"id":244192,"date":"2020-11-22T08:50:10","date_gmt":"2020-11-22T07:50:10","guid":{"rendered":"https:\/\/acefootball.com\/da\/?p=244192"},"modified":"2020-11-22T08:50:11","modified_gmt":"2020-11-22T07:50:11","slug":"conte-afviser-kritik-eriksen-har-faaet-rigeligt-med-muligheder","status":"publish","type":"post","link":"https:\/\/acefootball.com\/da\/fodboldnyheder\/conte-afviser-kritik-eriksen-har-faaet-rigeligt-med-muligheder\/","title":{"rendered":"Conte afviser kritik: Eriksen har f\u00e5et rigeligt med muligheder"},"content":{"rendered":"\n<h2 id=\"h-inters-cheftr-ner-antonio-conte-erkl-rer-sig-uenig-med-de-fans-der-synes-at-christian-eriksen-har-f-et-for-f-chancer-til-at-vise-sit-v-rd\">Inters cheftr\u00e6ner Antonio Conte erkl\u00e6rer sig uenig med de fans, der synes, at Christian Eriksen har f\u00e5et for f\u00e5 chancer til at vise sit v\u00e6rd <\/h2>\n\n\n\n<div class=\"wp-block-si-widget wp-block-si-widget--center\"><si-lb-widget widget-id=\"MatchInfoWithOdds\" data-nopadding=\"true\" data-card=\"true\" width=\"440\" data-event-id=\"3429029\" data-provider=\"mrgreen\" data-theme-appearance=\"dark\"><\/si-lb-widget><\/div>\n\n\n\n<p>Christian Eriksen har siden sit skifte til Inter i begyndelsen af 2020 haft s\u00e6rdeles sv\u00e6rt ved at tilspille sig en fast plads i det italienske mandskabs startopstilling.<\/p>\n\n\n\n<p>Cheftr\u00e6ner Antonio Conte har i langt de fleste kampe valgt andre alternativer til sin offensive midtbane.<\/p>\n\n\n\n<p>Det har f\u00e5et flere Inter-fans til at kritisere cheftr\u00e6neren. Den kritik preller dog af p\u00e5 Conte, som mener, at Eriksen allerede har haft rigeligt med muligheder for at vise, hvad han dur til.<\/p>\n\n\n\n<p>&#8220;Jeg synes, at Christian har haft rigeligt med muligheder. Han har spillet mere end andre spillere. Han vil starte eller komme ind fra b\u00e6nken, n\u00e5r jeg synes, at det er passende,&#8221; lyder den kontante udmelding fra Conte p\u00e5 et pressem\u00f8de forud for Inters kamp mod Torino s\u00f8ndag. <\/p>\n\n\n\n<p>Danskeren har i alt f\u00e5et spilletid i fem af Inters indtil videre syv ligakampe, hvoraf tre af disse har v\u00e6ret fra start. <\/p>\n\n\n\n<div class=\"wp-block-si-widget wp-block-si-widget--center\"><si-lb-widget widget-id=\"PlayerSeasonProfile\" width=\"440\" data-player-id=\"157723\"><\/si-lb-widget><\/div>\n","protected":false},"excerpt":{"rendered":"<p>Inters cheftr\u00e6ner Antonio Conte erkl\u00e6rer sig uenig med de fans, der synes, at Christian Eriksen har f\u00e5et for f\u00e5 chancer til at vise sit v\u00e6rd <\/p>\n","protected":false},"author":347,"featured_media":244193,"comment_status":"open","ping_status":"closed","sticky":false,"template":"","format":"standard","meta":{"om_disable_all_campaigns":false,"push_articles_ronaldo":{"active":false,"canonical":0,"publish":false},"force_updates":null},"categories":[8204],"tags":[203,478,394,131],"enet_tags":{"player":["174265","157723"],"team":["8636"],"league":["55"],"sport_events":[3429029]},"yoast_head":"<!-- This site is optimized with the Yoast SEO plugin v18.3 - https:\/\/yoast.com\/wordpress\/plugins\/seo\/ -->\n<title>Conte afviser kritik: Eriksen har f\u00e5et rigeligt med muligheder<\/title>\n<meta name=\"description\" content=\"Inters cheftr\u00e6ner Antonio Conte erkl\u00e6rer sig uenig med de fans, der synes, at Christian Eriksen har f\u00e5et for f\u00e5 chancer til at vise sit v\u00e6rd\" \/>\n<meta name=\"robots\" content=\"index, follow, max-snippet:-1, max-image-preview:large, max-video-preview:-1\" \/>\n<link rel=\"canonical\" href=\"https:\/\/acefootball.com\/da\/fodboldnyheder\/conte-afviser-kritik-eriksen-har-faaet-rigeligt-med-muligheder\/\" \/>\n<meta property=\"og:locale\" content=\"en_US\" \/>\n<meta property=\"og:type\" content=\"article\" \/>\n<meta property=\"og:title\" content=\"Conte afviser kritik: Eriksen har f\u00e5et rigeligt med muligheder\" \/>\n<meta property=\"og:description\" content=\"Inters cheftr\u00e6ner Antonio Conte erkl\u00e6rer sig uenig med de fans, der synes, at Christian Eriksen har f\u00e5et for f\u00e5 chancer til at vise sit v\u00e6rd\" \/>\n<meta property=\"og:url\" content=\"https:\/\/acefootball.com\/da\/fodboldnyheder\/conte-afviser-kritik-eriksen-har-faaet-rigeligt-med-muligheder\/\" \/>\n<meta property=\"og:site_name\" content=\"Ace Football Danmark\" \/>\n<meta property=\"article:publisher\" content=\"https:\/\/www.facebook.com\/acefootballdk\" \/>\n<meta property=\"article:published_time\" content=\"2020-11-22T07:50:10+00:00\" \/>\n<meta property=\"article:modified_time\" content=\"2020-11-22T07:50:11+00:00\" \/>\n<meta property=\"og:image\" content=\"https:\/\/acefootball.com\/da\/wp-content\/uploads\/sites\/2\/2020\/11\/Ace-55-3.jpg\" \/>\n\t<meta property=\"og:image:width\" content=\"1920\" \/>\n\t<meta property=\"og:image:height\" content=\"1008\" \/>\n\t<meta property=\"og:image:type\" content=\"image\/jpeg\" \/>\n<meta name=\"twitter:card\" content=\"summary_large_image\" \/>\n<meta name=\"twitter:label1\" content=\"Written by\" \/>\n\t<meta name=\"twitter:data1\" content=\"Nicolaj M. J\u00f8rgensen\" \/>\n\t<meta name=\"twitter:label2\" content=\"Est. reading time\" \/>\n\t<meta name=\"twitter:data2\" content=\"1 minute\" \/>\n<script type=\"application\/ld+json\" class=\"yoast-schema-graph\">{\"@context\":\"https:\/\/schema.org\",\"@graph\":[{\"@type\":\"Organization\",\"@id\":\"https:\/\/acefootball.com\/da\/#organization\",\"name\":\"Ace Football\",\"url\":\"https:\/\/acefootball.com\/da\/\",\"sameAs\":[\"https:\/\/www.facebook.com\/acefootballdk\"],\"logo\":{\"@type\":\"ImageObject\",\"@id\":\"https:\/\/acefootball.com\/da\/#logo\",\"inLanguage\":\"en-US\",\"url\":\"https:\/\/acefootball.com\/da\/wp-content\/uploads\/sites\/2\/2020\/07\/Ace-Football-30-07-2020-2.png\",\"contentUrl\":\"https:\/\/acefootball.com\/da\/wp-content\/uploads\/sites\/2\/2020\/07\/Ace-Football-30-07-2020-2.png\",\"width\":1200,\"height\":600,\"caption\":\"Ace Football\"},\"image\":{\"@id\":\"https:\/\/acefootball.com\/da\/#logo\"}},{\"@type\":\"WebSite\",\"@id\":\"https:\/\/acefootball.com\/da\/#website\",\"url\":\"https:\/\/acefootball.com\/da\/\",\"name\":\"Ace Football Danmark\",\"description\":\"Nyheder, Spiltips &amp; Livescore\",\"publisher\":{\"@id\":\"https:\/\/acefootball.com\/da\/#organization\"},\"potentialAction\":[{\"@type\":\"SearchAction\",\"target\":{\"@type\":\"EntryPoint\",\"urlTemplate\":\"https:\/\/acefootball.com\/da\/?s={search_term_string}\"},\"query-input\":\"required name=search_term_string\"}],\"inLanguage\":\"en-US\"},{\"@type\":\"ImageObject\",\"@id\":\"https:\/\/acefootball.com\/da\/fodboldnyheder\/conte-afviser-kritik-eriksen-har-faaet-rigeligt-med-muligheder\/#primaryimage\",\"inLanguage\":\"en-US\",\"url\":\"https:\/\/acefootball.com\/da\/wp-content\/uploads\/sites\/2\/2020\/11\/Ace-55-3.jpg\",\"contentUrl\":\"https:\/\/acefootball.com\/da\/wp-content\/uploads\/sites\/2\/2020\/11\/Ace-55-3.jpg\",\"width\":1920,\"height\":1008},{\"@type\":\"WebPage\",\"@id\":\"https:\/\/acefootball.com\/da\/fodboldnyheder\/conte-afviser-kritik-eriksen-har-faaet-rigeligt-med-muligheder\/#webpage\",\"url\":\"https:\/\/acefootball.com\/da\/fodboldnyheder\/conte-afviser-kritik-eriksen-har-faaet-rigeligt-med-muligheder\/\",\"name\":\"Conte afviser kritik: Eriksen har f\u00e5et rigeligt med muligheder\",\"isPartOf\":{\"@id\":\"https:\/\/acefootball.com\/da\/#website\"},\"primaryImageOfPage\":{\"@id\":\"https:\/\/acefootball.com\/da\/fodboldnyheder\/conte-afviser-kritik-eriksen-har-faaet-rigeligt-med-muligheder\/#primaryimage\"},\"datePublished\":\"2020-11-22T07:50:10+00:00\",\"dateModified\":\"2020-11-22T07:50:11+00:00\",\"description\":\"Inters cheftr\u00e6ner Antonio Conte erkl\u00e6rer sig uenig med de fans, der synes, at Christian Eriksen har f\u00e5et for f\u00e5 chancer til at vise sit v\u00e6rd\",\"breadcrumb\":{\"@id\":\"https:\/\/acefootball.com\/da\/fodboldnyheder\/conte-afviser-kritik-eriksen-har-faaet-rigeligt-med-muligheder\/#breadcrumb\"},\"inLanguage\":\"en-US\",\"potentialAction\":[{\"@type\":\"ReadAction\",\"target\":[\"https:\/\/acefootball.com\/da\/fodboldnyheder\/conte-afviser-kritik-eriksen-har-faaet-rigeligt-med-muligheder\/\"]}]},{\"@type\":\"BreadcrumbList\",\"@id\":\"https:\/\/acefootball.com\/da\/fodboldnyheder\/conte-afviser-kritik-eriksen-har-faaet-rigeligt-med-muligheder\/#breadcrumb\",\"itemListElement\":[{\"@type\":\"ListItem\",\"position\":1,\"name\":\"Home\",\"item\":\"https:\/\/acefootball.com\/da\/\"},{\"@type\":\"ListItem\",\"position\":2,\"name\":\"Conte afviser kritik: Eriksen har f\u00e5et rigeligt med muligheder\"}]},{\"@type\":\"Article\",\"@id\":\"https:\/\/acefootball.com\/da\/fodboldnyheder\/conte-afviser-kritik-eriksen-har-faaet-rigeligt-med-muligheder\/#article\",\"isPartOf\":{\"@id\":\"https:\/\/acefootball.com\/da\/fodboldnyheder\/conte-afviser-kritik-eriksen-har-faaet-rigeligt-med-muligheder\/#webpage\"},\"author\":{\"@id\":\"https:\/\/acefootball.com\/da\/#\/schema\/person\/cc86c6803d8c93f30230e4dbed2a3844\"},\"headline\":\"Conte afviser kritik: Eriksen har f\u00e5et rigeligt med muligheder\",\"datePublished\":\"2020-11-22T07:50:10+00:00\",\"dateModified\":\"2020-11-22T07:50:11+00:00\",\"mainEntityOfPage\":{\"@id\":\"https:\/\/acefootball.com\/da\/fodboldnyheder\/conte-afviser-kritik-eriksen-har-faaet-rigeligt-med-muligheder\/#webpage\"},\"wordCount\":194,\"commentCount\":0,\"publisher\":{\"@id\":\"https:\/\/acefootball.com\/da\/#organization\"},\"image\":{\"@id\":\"https:\/\/acefootball.com\/da\/fodboldnyheder\/conte-afviser-kritik-eriksen-har-faaet-rigeligt-med-muligheder\/#primaryimage\"},\"thumbnailUrl\":\"https:\/\/acefootball.com\/da\/wp-content\/uploads\/sites\/2\/2020\/11\/GettyImages-1197383995.jpg\",\"keywords\":[\"Antonio Conte\",\"Christian Eriksen\",\"Inter Milan\",\"Serie A\"],\"articleSection\":[\"Udtalelse\"],\"inLanguage\":\"en-US\",\"potentialAction\":[{\"@type\":\"CommentAction\",\"name\":\"Comment\",\"target\":[\"https:\/\/acefootball.com\/da\/fodboldnyheder\/conte-afviser-kritik-eriksen-har-faaet-rigeligt-med-muligheder\/#respond\"]}]},{\"@type\":\"Person\",\"@id\":\"https:\/\/acefootball.com\/da\/#\/schema\/person\/cc86c6803d8c93f30230e4dbed2a3844\",\"name\":\"Nicolaj M. J\u00f8rgensen\",\"image\":{\"@type\":\"ImageObject\",\"@id\":\"https:\/\/acefootball.com\/da\/#personlogo\",\"inLanguage\":\"en-US\",\"url\":\"https:\/\/secure.gravatar.com\/avatar\/757fd92a7fd5c1d31c37aee3425e7f74?s=96&d=mm&r=g\",\"contentUrl\":\"https:\/\/secure.gravatar.com\/avatar\/757fd92a7fd5c1d31c37aee3425e7f74?s=96&d=mm&r=g\",\"caption\":\"Nicolaj M. J\u00f8rgensen\"},\"url\":\"https:\/\/acefootball.com\/da\/fodboldnyheder\/author\/nicolajmortenj\/\"}]}<\/script>\n<!-- \/ Yoast SEO plugin. -->","yoast_head_json":{"title":"Conte afviser kritik: Eriksen har f\u00e5et rigeligt med muligheder","description":"Inters cheftr\u00e6ner Antonio Conte erkl\u00e6rer sig uenig med de fans, der synes, at Christian Eriksen har f\u00e5et for f\u00e5 chancer til at vise sit v\u00e6rd","robots":{"index":"index","follow":"follow","max-snippet":"max-snippet:-1","max-image-preview":"max-image-preview:large","max-video-preview":"max-video-preview:-1"},"canonical":"https:\/\/acefootball.com\/da\/fodboldnyheder\/conte-afviser-kritik-eriksen-har-faaet-rigeligt-med-muligheder\/","og_locale":"en_US","og_type":"article","og_title":"Conte afviser kritik: Eriksen har f\u00e5et rigeligt med muligheder","og_description":"Inters cheftr\u00e6ner Antonio Conte erkl\u00e6rer sig uenig med de fans, der synes, at Christian Eriksen har f\u00e5et for f\u00e5 chancer til at vise sit v\u00e6rd","og_url":"https:\/\/acefootball.com\/da\/fodboldnyheder\/conte-afviser-kritik-eriksen-har-faaet-rigeligt-med-muligheder\/","og_site_name":"Ace Football Danmark","article_publisher":"https:\/\/www.facebook.com\/acefootballdk","article_published_time":"2020-11-22T07:50:10+00:00","article_modified_time":"2020-11-22T07:50:11+00:00","og_image":[{"width":1920,"height":1008,"url":"https:\/\/acefootball.com\/da\/wp-content\/uploads\/sites\/2\/2020\/11\/Ace-55-3.jpg","type":"image\/jpeg"}],"twitter_card":"summary_large_image","twitter_misc":{"Written by":"Nicolaj M. J\u00f8rgensen","Est. reading time":"1 minute"},"schema":{"@context":"https:\/\/schema.org","@graph":[{"@type":"Organization","@id":"https:\/\/acefootball.com\/da\/#organization","name":"Ace Football","url":"https:\/\/acefootball.com\/da\/","sameAs":["https:\/\/www.facebook.com\/acefootballdk"],"logo":{"@type":"ImageObject","@id":"https:\/\/acefootball.com\/da\/#logo","inLanguage":"en-US","url":"https:\/\/acefootball.com\/da\/wp-content\/uploads\/sites\/2\/2020\/07\/Ace-Football-30-07-2020-2.png","contentUrl":"https:\/\/acefootball.com\/da\/wp-content\/uploads\/sites\/2\/2020\/07\/Ace-Football-30-07-2020-2.png","width":1200,"height":600,"caption":"Ace Football"},"image":{"@id":"https:\/\/acefootball.com\/da\/#logo"}},{"@type":"WebSite","@id":"https:\/\/acefootball.com\/da\/#website","url":"https:\/\/acefootball.com\/da\/","name":"Ace Football Danmark","description":"Nyheder, Spiltips &amp; Livescore","publisher":{"@id":"https:\/\/acefootball.com\/da\/#organization"},"potentialAction":[{"@type":"SearchAction","target":{"@type":"EntryPoint","urlTemplate":"https:\/\/acefootball.com\/da\/?s={search_term_string}"},"query-input":"required name=search_term_string"}],"inLanguage":"en-US"},{"@type":"ImageObject","@id":"https:\/\/acefootball.com\/da\/fodboldnyheder\/conte-afviser-kritik-eriksen-har-faaet-rigeligt-med-muligheder\/#primaryimage","inLanguage":"en-US","url":"https:\/\/acefootball.com\/da\/wp-content\/uploads\/sites\/2\/2020\/11\/Ace-55-3.jpg","contentUrl":"https:\/\/acefootball.com\/da\/wp-content\/uploads\/sites\/2\/2020\/11\/Ace-55-3.jpg","width":1920,"height":1008},{"@type":"WebPage","@id":"https:\/\/acefootball.com\/da\/fodboldnyheder\/conte-afviser-kritik-eriksen-har-faaet-rigeligt-med-muligheder\/#webpage","url":"https:\/\/acefootball.com\/da\/fodboldnyheder\/conte-afviser-kritik-eriksen-har-faaet-rigeligt-med-muligheder\/","name":"Conte afviser kritik: Eriksen har f\u00e5et rigeligt med muligheder","isPartOf":{"@id":"https:\/\/acefootball.com\/da\/#website"},"primaryImageOfPage":{"@id":"https:\/\/acefootball.com\/da\/fodboldnyheder\/conte-afviser-kritik-eriksen-har-faaet-rigeligt-med-muligheder\/#primaryimage"},"datePublished":"2020-11-22T07:50:10+00:00","dateModified":"2020-11-22T07:50:11+00:00","description":"Inters cheftr\u00e6ner Antonio Conte erkl\u00e6rer sig uenig med de fans, der synes, at Christian Eriksen har f\u00e5et for f\u00e5 chancer til at vise sit v\u00e6rd","breadcrumb":{"@id":"https:\/\/acefootball.com\/da\/fodboldnyheder\/conte-afviser-kritik-eriksen-har-faaet-rigeligt-med-muligheder\/#breadcrumb"},"inLanguage":"en-US","potentialAction":[{"@type":"ReadAction","target":["https:\/\/acefootball.com\/da\/fodboldnyheder\/conte-afviser-kritik-eriksen-har-faaet-rigeligt-med-muligheder\/"]}]},{"@type":"BreadcrumbList","@id":"https:\/\/acefootball.com\/da\/fodboldnyheder\/conte-afviser-kritik-eriksen-har-faaet-rigeligt-med-muligheder\/#breadcrumb","itemListElement":[{"@type":"ListItem","position":1,"name":"Home","item":"https:\/\/acefootball.com\/da\/"},{"@type":"ListItem","position":2,"name":"Conte afviser kritik: Eriksen har f\u00e5et rigeligt med muligheder"}]},{"@type":"Article","@id":"https:\/\/acefootball.com\/da\/fodboldnyheder\/conte-afviser-kritik-eriksen-har-faaet-rigeligt-med-muligheder\/#article","isPartOf":{"@id":"https:\/\/acefootball.com\/da\/fodboldnyheder\/conte-afviser-kritik-eriksen-har-faaet-rigeligt-med-muligheder\/#webpage"},"author":{"@id":"https:\/\/acefootball.com\/da\/#\/schema\/person\/cc86c6803d8c93f30230e4dbed2a3844"},"headline":"Conte afviser kritik: Eriksen har f\u00e5et rigeligt med muligheder","datePublished":"2020-11-22T07:50:10+00:00","dateModified":"2020-11-22T07:50:11+00:00","mainEntityOfPage":{"@id":"https:\/\/acefootball.com\/da\/fodboldnyheder\/conte-afviser-kritik-eriksen-har-faaet-rigeligt-med-muligheder\/#webpage"},"wordCount":194,"commentCount":0,"publisher":{"@id":"https:\/\/acefootball.com\/da\/#organization"},"image":{"@id":"https:\/\/acefootball.com\/da\/fodboldnyheder\/conte-afviser-kritik-eriksen-har-faaet-rigeligt-med-muligheder\/#primaryimage"},"thumbnailUrl":"https:\/\/acefootball.com\/da\/wp-content\/uploads\/sites\/2\/2020\/11\/GettyImages-1197383995.jpg","keywords":["Antonio Conte","Christian Eriksen","Inter Milan","Serie A"],"articleSection":["Udtalelse"],"inLanguage":"en-US","potentialAction":[{"@type":"CommentAction","name":"Comment","target":["https:\/\/acefootball.com\/da\/fodboldnyheder\/conte-afviser-kritik-eriksen-har-faaet-rigeligt-med-muligheder\/#respond"]}]},{"@type":"Person","@id":"https:\/\/acefootball.com\/da\/#\/schema\/person\/cc86c6803d8c93f30230e4dbed2a3844","name":"Nicolaj M. J\u00f8rgensen","image":{"@type":"ImageObject","@id":"https:\/\/acefootball.com\/da\/#personlogo","inLanguage":"en-US","url":"https:\/\/secure.gravatar.com\/avatar\/757fd92a7fd5c1d31c37aee3425e7f74?s=96&d=mm&r=g","contentUrl":"https:\/\/secure.gravatar.com\/avatar\/757fd92a7fd5c1d31c37aee3425e7f74?s=96&d=mm&r=g","caption":"Nicolaj M. J\u00f8rgensen"},"url":"https:\/\/acefootball.com\/da\/fodboldnyheder\/author\/nicolajmortenj\/"}]}},"fimg_url":"https:\/\/acefootball.com\/da\/wp-content\/uploads\/sites\/2\/2020\/11\/GettyImages-1197383995.jpg","_links":{"self":[{"href":"https:\/\/acefootball.com\/da\/wp-json\/wp\/v2\/posts\/244192"}],"collection":[{"href":"https:\/\/acefootball.com\/da\/wp-json\/wp\/v2\/posts"}],"about":[{"href":"https:\/\/acefootball.com\/da\/wp-json\/wp\/v2\/types\/post"}],"author":[{"embeddable":true,"href":"https:\/\/acefootball.com\/da\/wp-json\/wp\/v2\/users\/347"}],"replies":[{"embeddable":true,"href":"https:\/\/acefootball.com\/da\/wp-json\/wp\/v2\/comments?post=244192"}],"version-history":[{"count":0,"href":"https:\/\/acefootball.com\/da\/wp-json\/wp\/v2\/posts\/244192\/revisions"}],"wp:featuredmedia":[{"embeddable":true,"href":"https:\/\/acefootball.com\/da\/wp-json\/wp\/v2\/media\/244193"}],"wp:attachment":[{"href":"https:\/\/acefootball.com\/da\/wp-json\/wp\/v2\/media?parent=244192"}],"wp:term":[{"taxonomy":"category","embeddable":true,"href":"https:\/\/acefootball.com\/da\/wp-json\/wp\/v2\/categories?post=244192"},{"taxonomy":"post_tag","embeddable":true,"href":"https:\/\/acefootball.com\/da\/wp-json\/wp\/v2\/tags?post=244192"}],"curies":[{"name":"wp","href":"https:\/\/api.w.org\/{rel}","templated":true}]}}