{"id":244042,"date":"2020-11-19T19:35:06","date_gmt":"2020-11-19T18:35:06","guid":{"rendered":"https:\/\/acefootball.com\/da\/?p=244042"},"modified":"2020-11-19T19:37:23","modified_gmt":"2020-11-19T18:37:23","slug":"vilde-rygter-james-rodriguez-i-naevekamp-efter-fadaese","status":"publish","type":"post","link":"https:\/\/acefootball.com\/da\/fodboldnyheder\/vilde-rygter-james-rodriguez-i-naevekamp-efter-fadaese\/","title":{"rendered":"Vilde rygter: James Rodr\u00edguez i n\u00e6vekamp efter fad\u00e6se"},"content":{"rendered":"\n<h2 id=\"h-der-g-r-lige-nu-rygter-om-at-de-colombianske-stjerner-james-rodr-guez-og-jefferson-lerma-r-g-i-totterne-p-hinanden-efter-nederlaget-til-ecuador\">Der g\u00e5r lige nu rygter om, at de colombianske stjerner James Rodr\u00edguez og Jefferson Lerma r\u00f8g i totterne p\u00e5 hinanden efter nederlaget til Ecuador<\/h2>\n\n\n\n<div class=\"wp-block-si-widget wp-block-si-widget--center\"><si-lb-widget widget-id=\"MatchInfoWithOdds\" data-nopadding=\"true\" data-card=\"true\" width=\"440\" data-event-id=\"3238994\" data-theme-appearance=\"dark\"><\/si-lb-widget><\/div>\n\n\n\n<p>Det har ikke g\u00e5et som smurt for det colombianske landshold i den seneste landskampsrunde, da man har lidt nederlag til b\u00e5de Uruguay og Ecuador.<\/p>\n\n\n\n<p>Specielt tirsdagens afklapsning p\u00e5 1-6 til naboerne fra Ecuador har vakt opsigt, og nu rammer endnu en d\u00e5rlig nyhed den tr\u00e6ngte fodboldnation.<\/p>\n\n\n\n<p>If\u00f8lge det lokale medie <a href=\"https:\/\/www.bluradio.com\/deportes\/que-esta-pasando-en-la-seleccion-colombia-las-fuertes-revelaciones-de-blog-deportivo\" target=\"_blank\" rel=\"noreferrer noopener\">Blu Radio<\/a> har der nemlig v\u00e6ret stor uro i omkl\u00e6dningsrummet efter tirsdagens kamp, og der skulle endda v\u00e6ret blevet uddelt knytn\u00e6veslag.<\/p>\n\n\n\n<figure class=\"wp-block-embed-youtube wp-block-embed is-type-video is-provider-youtube wp-embed-aspect-16-9 wp-has-aspect-ratio\"><div class=\"wp-block-embed__wrapper\">\n<iframe loading=\"lazy\" title=\"Eliminatorias | Ecuador vs Colombia | Fecha 4\" width=\"640\" height=\"360\" src=\"https:\/\/www.youtube.com\/embed\/RHHkWzUZbcw?feature=oembed\" frameborder=\"0\" allow=\"accelerometer; autoplay; clipboard-write; encrypted-media; gyroscope; picture-in-picture\" allowfullscreen><\/iframe>\n<\/div><\/figure>\n\n\n\n<p>Et andet medie, <a href=\"https:\/\/twitter.com\/CaracolRadio\" target=\"_blank\" rel=\"noreferrer noopener\">Caracol Radio<\/a>, har efterf\u00f8lgende kunne afsl\u00f8re, at der var tale om stjernerne James Rodr\u00edguez og Jefferson Lerma, som havde en diskussion, der udviklede sig til h\u00e5ndgem\u00e6ng.<\/p>\n\n\n\n<p>Intet er endnu bekr\u00e6ftet, men noget er sandsynligvis h\u00e6ndt, da landstr\u00e6ner Carlos Quieroz efter sigende har meddelt forbundet, at han er klar til at forlade posten. Det skriver det portugisiske medie <a href=\"https:\/\/www.record.pt\/internacional\/detalhe\/carlos-queiroz-deixa-colombia-por-2-milhoes-de-dolares\" target=\"_blank\" rel=\"noreferrer noopener\">Record<\/a>.<\/p>\n\n\n\n<p>Efter fire kampe i den sydamerikanske VM-kvalifikation ligger Colombia lige nu nummer syv med fire point.<\/p>\n","protected":false},"excerpt":{"rendered":"<p>Der g\u00e5r lige nu rygter om, at de colombianske stjerner James Rodr\u00edguez og Jefferson Lerma r\u00f8g i totterne p\u00e5 hinanden efter nederlaget til Ecuador<\/p>\n","protected":false},"author":705,"featured_media":241646,"comment_status":"open","ping_status":"closed","sticky":false,"template":"","format":"standard","meta":{"om_disable_all_campaigns":false,"push_articles_ronaldo":{"active":false,"canonical":0,"publish":false},"force_updates":null},"categories":[1],"tags":[1842,2646,212,86,4697],"enet_tags":{"team":["8678","8258","8668"],"player":["164684","466672"],"sport_events":[3238994]},"yoast_head":"<!-- This site is optimized with the Yoast SEO plugin v18.3 - https:\/\/yoast.com\/wordpress\/plugins\/seo\/ -->\n<title>Vilde rygter: James Rodr\u00edguez i n\u00e6vekamp efter fad\u00e6se<\/title>\n<meta name=\"description\" content=\"Der g\u00e5r lige nu rygter om, at de colombianske stjerner James Rodr\u00edguez og Jefferson Lerma r\u00f8g i totterne p\u00e5 hinanden efter seneste nederlag\" \/>\n<meta name=\"robots\" content=\"index, follow, max-snippet:-1, max-image-preview:large, max-video-preview:-1\" \/>\n<link rel=\"canonical\" href=\"https:\/\/acefootball.com\/da\/fodboldnyheder\/vilde-rygter-james-rodriguez-i-naevekamp-efter-fadaese\/\" \/>\n<meta property=\"og:locale\" content=\"en_US\" \/>\n<meta property=\"og:type\" content=\"article\" \/>\n<meta property=\"og:title\" content=\"Vilde rygter: James Rodr\u00edguez i n\u00e6vekamp efter fad\u00e6se\" \/>\n<meta property=\"og:description\" content=\"Der g\u00e5r lige nu rygter om, at de colombianske stjerner James Rodr\u00edguez og Jefferson Lerma r\u00f8g i totterne p\u00e5 hinanden efter seneste nederlag\" \/>\n<meta property=\"og:url\" content=\"https:\/\/acefootball.com\/da\/fodboldnyheder\/vilde-rygter-james-rodriguez-i-naevekamp-efter-fadaese\/\" \/>\n<meta property=\"og:site_name\" content=\"Ace Football Danmark\" \/>\n<meta property=\"article:publisher\" content=\"https:\/\/www.facebook.com\/acefootballdk\" \/>\n<meta property=\"article:published_time\" content=\"2020-11-19T18:35:06+00:00\" \/>\n<meta property=\"article:modified_time\" content=\"2020-11-19T18:37:23+00:00\" \/>\n<meta property=\"og:image\" content=\"https:\/\/acefootball.com\/da\/wp-content\/uploads\/sites\/2\/2020\/10\/Ace-5-1.jpg\" \/>\n\t<meta property=\"og:image:width\" content=\"1920\" \/>\n\t<meta property=\"og:image:height\" content=\"1008\" \/>\n\t<meta property=\"og:image:type\" content=\"image\/jpeg\" \/>\n<meta name=\"twitter:card\" content=\"summary_large_image\" \/>\n<meta name=\"twitter:label1\" content=\"Written by\" \/>\n\t<meta name=\"twitter:data1\" content=\"Mads Dreyer\" \/>\n\t<meta name=\"twitter:label2\" content=\"Est. reading time\" \/>\n\t<meta name=\"twitter:data2\" content=\"1 minute\" \/>\n<script type=\"application\/ld+json\" class=\"yoast-schema-graph\">{\"@context\":\"https:\/\/schema.org\",\"@graph\":[{\"@type\":\"Organization\",\"@id\":\"https:\/\/acefootball.com\/da\/#organization\",\"name\":\"Ace Football\",\"url\":\"https:\/\/acefootball.com\/da\/\",\"sameAs\":[\"https:\/\/www.facebook.com\/acefootballdk\"],\"logo\":{\"@type\":\"ImageObject\",\"@id\":\"https:\/\/acefootball.com\/da\/#logo\",\"inLanguage\":\"en-US\",\"url\":\"https:\/\/acefootball.com\/da\/wp-content\/uploads\/sites\/2\/2020\/07\/Ace-Football-30-07-2020-2.png\",\"contentUrl\":\"https:\/\/acefootball.com\/da\/wp-content\/uploads\/sites\/2\/2020\/07\/Ace-Football-30-07-2020-2.png\",\"width\":1200,\"height\":600,\"caption\":\"Ace Football\"},\"image\":{\"@id\":\"https:\/\/acefootball.com\/da\/#logo\"}},{\"@type\":\"WebSite\",\"@id\":\"https:\/\/acefootball.com\/da\/#website\",\"url\":\"https:\/\/acefootball.com\/da\/\",\"name\":\"Ace Football Danmark\",\"description\":\"Nyheder, Spiltips &amp; Livescore\",\"publisher\":{\"@id\":\"https:\/\/acefootball.com\/da\/#organization\"},\"potentialAction\":[{\"@type\":\"SearchAction\",\"target\":{\"@type\":\"EntryPoint\",\"urlTemplate\":\"https:\/\/acefootball.com\/da\/?s={search_term_string}\"},\"query-input\":\"required name=search_term_string\"}],\"inLanguage\":\"en-US\"},{\"@type\":\"ImageObject\",\"@id\":\"https:\/\/acefootball.com\/da\/fodboldnyheder\/vilde-rygter-james-rodriguez-i-naevekamp-efter-fadaese\/#primaryimage\",\"inLanguage\":\"en-US\",\"url\":\"https:\/\/acefootball.com\/da\/wp-content\/uploads\/sites\/2\/2020\/10\/Ace-5-1.jpg\",\"contentUrl\":\"https:\/\/acefootball.com\/da\/wp-content\/uploads\/sites\/2\/2020\/10\/Ace-5-1.jpg\",\"width\":1920,\"height\":1008,\"caption\":\"LIVERPOOL, ENGLAND - OCTOBER 17: James Rodriguez of Everton reacts during the Premier League match between Everton and Liverpool at Goodison Park on October 17, 2020 in Liverpool, England. Sporting stadiums around the UK remain under strict restrictions due to the Coronavirus Pandemic as Government social distancing laws prohibit fans inside venues resulting in games being played behind closed doors. (Photo by Catherine Ivill\/Getty Images)\"},{\"@type\":\"WebPage\",\"@id\":\"https:\/\/acefootball.com\/da\/fodboldnyheder\/vilde-rygter-james-rodriguez-i-naevekamp-efter-fadaese\/#webpage\",\"url\":\"https:\/\/acefootball.com\/da\/fodboldnyheder\/vilde-rygter-james-rodriguez-i-naevekamp-efter-fadaese\/\",\"name\":\"Vilde rygter: James Rodr\u00edguez i n\u00e6vekamp efter fad\u00e6se\",\"isPartOf\":{\"@id\":\"https:\/\/acefootball.com\/da\/#website\"},\"primaryImageOfPage\":{\"@id\":\"https:\/\/acefootball.com\/da\/fodboldnyheder\/vilde-rygter-james-rodriguez-i-naevekamp-efter-fadaese\/#primaryimage\"},\"datePublished\":\"2020-11-19T18:35:06+00:00\",\"dateModified\":\"2020-11-19T18:37:23+00:00\",\"description\":\"Der g\u00e5r lige nu rygter om, at de colombianske stjerner James Rodr\u00edguez og Jefferson Lerma r\u00f8g i totterne p\u00e5 hinanden efter seneste nederlag\",\"breadcrumb\":{\"@id\":\"https:\/\/acefootball.com\/da\/fodboldnyheder\/vilde-rygter-james-rodriguez-i-naevekamp-efter-fadaese\/#breadcrumb\"},\"inLanguage\":\"en-US\",\"potentialAction\":[{\"@type\":\"ReadAction\",\"target\":[\"https:\/\/acefootball.com\/da\/fodboldnyheder\/vilde-rygter-james-rodriguez-i-naevekamp-efter-fadaese\/\"]}]},{\"@type\":\"BreadcrumbList\",\"@id\":\"https:\/\/acefootball.com\/da\/fodboldnyheder\/vilde-rygter-james-rodriguez-i-naevekamp-efter-fadaese\/#breadcrumb\",\"itemListElement\":[{\"@type\":\"ListItem\",\"position\":1,\"name\":\"Home\",\"item\":\"https:\/\/acefootball.com\/da\/\"},{\"@type\":\"ListItem\",\"position\":2,\"name\":\"Vilde rygter: James Rodr\u00edguez i n\u00e6vekamp efter fad\u00e6se\"}]},{\"@type\":\"Article\",\"@id\":\"https:\/\/acefootball.com\/da\/fodboldnyheder\/vilde-rygter-james-rodriguez-i-naevekamp-efter-fadaese\/#article\",\"isPartOf\":{\"@id\":\"https:\/\/acefootball.com\/da\/fodboldnyheder\/vilde-rygter-james-rodriguez-i-naevekamp-efter-fadaese\/#webpage\"},\"author\":{\"@id\":\"https:\/\/acefootball.com\/da\/#\/schema\/person\/ee67e9cf04a276f144100ffa722f10cd\"},\"headline\":\"Vilde rygter: James Rodr\u00edguez i n\u00e6vekamp efter fad\u00e6se\",\"datePublished\":\"2020-11-19T18:35:06+00:00\",\"dateModified\":\"2020-11-19T18:37:23+00:00\",\"mainEntityOfPage\":{\"@id\":\"https:\/\/acefootball.com\/da\/fodboldnyheder\/vilde-rygter-james-rodriguez-i-naevekamp-efter-fadaese\/#webpage\"},\"wordCount\":210,\"commentCount\":0,\"publisher\":{\"@id\":\"https:\/\/acefootball.com\/da\/#organization\"},\"image\":{\"@id\":\"https:\/\/acefootball.com\/da\/fodboldnyheder\/vilde-rygter-james-rodriguez-i-naevekamp-efter-fadaese\/#primaryimage\"},\"thumbnailUrl\":\"https:\/\/acefootball.com\/da\/wp-content\/uploads\/sites\/2\/2020\/10\/GettyImages-1280744088.jpg\",\"keywords\":[\"Bournemouth\",\"Colombia\",\"Everton\",\"James Rodr\u00edguez\",\"Jefferson Lerma\"],\"articleSection\":[\"Nyhed\"],\"inLanguage\":\"en-US\",\"potentialAction\":[{\"@type\":\"CommentAction\",\"name\":\"Comment\",\"target\":[\"https:\/\/acefootball.com\/da\/fodboldnyheder\/vilde-rygter-james-rodriguez-i-naevekamp-efter-fadaese\/#respond\"]}]},{\"@type\":\"Person\",\"@id\":\"https:\/\/acefootball.com\/da\/#\/schema\/person\/ee67e9cf04a276f144100ffa722f10cd\",\"name\":\"Mads Dreyer\",\"image\":{\"@type\":\"ImageObject\",\"@id\":\"https:\/\/acefootball.com\/da\/#personlogo\",\"inLanguage\":\"en-US\",\"url\":\"https:\/\/secure.gravatar.com\/avatar\/7c7abf72cfde9902b6a60efe60c88d4c?s=96&d=mm&r=g\",\"contentUrl\":\"https:\/\/secure.gravatar.com\/avatar\/7c7abf72cfde9902b6a60efe60c88d4c?s=96&d=mm&r=g\",\"caption\":\"Mads Dreyer\"},\"description\":\"Skribent og fodboldn\u00f8rd, der lige nu fort\u00e6ller om alt og intet i fodboldverdenen p\u00e5 acefootball.com. Uddannet i kommunikation fra Aalborg Universitet.\",\"sameAs\":[\"https:\/\/www.linkedin.com\/in\/mads-dreyer-b9b08266\/\"],\"url\":\"https:\/\/acefootball.com\/da\/fodboldnyheder\/author\/mdnronaldo\/\"}]}<\/script>\n<!-- \/ Yoast SEO plugin. -->","yoast_head_json":{"title":"Vilde rygter: James Rodr\u00edguez i n\u00e6vekamp efter fad\u00e6se","description":"Der g\u00e5r lige nu rygter om, at de colombianske stjerner James Rodr\u00edguez og Jefferson Lerma r\u00f8g i totterne p\u00e5 hinanden efter seneste nederlag","robots":{"index":"index","follow":"follow","max-snippet":"max-snippet:-1","max-image-preview":"max-image-preview:large","max-video-preview":"max-video-preview:-1"},"canonical":"https:\/\/acefootball.com\/da\/fodboldnyheder\/vilde-rygter-james-rodriguez-i-naevekamp-efter-fadaese\/","og_locale":"en_US","og_type":"article","og_title":"Vilde rygter: James Rodr\u00edguez i n\u00e6vekamp efter fad\u00e6se","og_description":"Der g\u00e5r lige nu rygter om, at de colombianske stjerner James Rodr\u00edguez og Jefferson Lerma r\u00f8g i totterne p\u00e5 hinanden efter seneste nederlag","og_url":"https:\/\/acefootball.com\/da\/fodboldnyheder\/vilde-rygter-james-rodriguez-i-naevekamp-efter-fadaese\/","og_site_name":"Ace Football Danmark","article_publisher":"https:\/\/www.facebook.com\/acefootballdk","article_published_time":"2020-11-19T18:35:06+00:00","article_modified_time":"2020-11-19T18:37:23+00:00","og_image":[{"width":1920,"height":1008,"url":"https:\/\/acefootball.com\/da\/wp-content\/uploads\/sites\/2\/2020\/10\/Ace-5-1.jpg","type":"image\/jpeg"}],"twitter_card":"summary_large_image","twitter_misc":{"Written by":"Mads Dreyer","Est. reading time":"1 minute"},"schema":{"@context":"https:\/\/schema.org","@graph":[{"@type":"Organization","@id":"https:\/\/acefootball.com\/da\/#organization","name":"Ace Football","url":"https:\/\/acefootball.com\/da\/","sameAs":["https:\/\/www.facebook.com\/acefootballdk"],"logo":{"@type":"ImageObject","@id":"https:\/\/acefootball.com\/da\/#logo","inLanguage":"en-US","url":"https:\/\/acefootball.com\/da\/wp-content\/uploads\/sites\/2\/2020\/07\/Ace-Football-30-07-2020-2.png","contentUrl":"https:\/\/acefootball.com\/da\/wp-content\/uploads\/sites\/2\/2020\/07\/Ace-Football-30-07-2020-2.png","width":1200,"height":600,"caption":"Ace Football"},"image":{"@id":"https:\/\/acefootball.com\/da\/#logo"}},{"@type":"WebSite","@id":"https:\/\/acefootball.com\/da\/#website","url":"https:\/\/acefootball.com\/da\/","name":"Ace Football Danmark","description":"Nyheder, Spiltips &amp; Livescore","publisher":{"@id":"https:\/\/acefootball.com\/da\/#organization"},"potentialAction":[{"@type":"SearchAction","target":{"@type":"EntryPoint","urlTemplate":"https:\/\/acefootball.com\/da\/?s={search_term_string}"},"query-input":"required name=search_term_string"}],"inLanguage":"en-US"},{"@type":"ImageObject","@id":"https:\/\/acefootball.com\/da\/fodboldnyheder\/vilde-rygter-james-rodriguez-i-naevekamp-efter-fadaese\/#primaryimage","inLanguage":"en-US","url":"https:\/\/acefootball.com\/da\/wp-content\/uploads\/sites\/2\/2020\/10\/Ace-5-1.jpg","contentUrl":"https:\/\/acefootball.com\/da\/wp-content\/uploads\/sites\/2\/2020\/10\/Ace-5-1.jpg","width":1920,"height":1008,"caption":"LIVERPOOL, ENGLAND - OCTOBER 17: James Rodriguez of Everton reacts during the Premier League match between Everton and Liverpool at Goodison Park on October 17, 2020 in Liverpool, England. Sporting stadiums around the UK remain under strict restrictions due to the Coronavirus Pandemic as Government social distancing laws prohibit fans inside venues resulting in games being played behind closed doors. (Photo by Catherine Ivill\/Getty Images)"},{"@type":"WebPage","@id":"https:\/\/acefootball.com\/da\/fodboldnyheder\/vilde-rygter-james-rodriguez-i-naevekamp-efter-fadaese\/#webpage","url":"https:\/\/acefootball.com\/da\/fodboldnyheder\/vilde-rygter-james-rodriguez-i-naevekamp-efter-fadaese\/","name":"Vilde rygter: James Rodr\u00edguez i n\u00e6vekamp efter fad\u00e6se","isPartOf":{"@id":"https:\/\/acefootball.com\/da\/#website"},"primaryImageOfPage":{"@id":"https:\/\/acefootball.com\/da\/fodboldnyheder\/vilde-rygter-james-rodriguez-i-naevekamp-efter-fadaese\/#primaryimage"},"datePublished":"2020-11-19T18:35:06+00:00","dateModified":"2020-11-19T18:37:23+00:00","description":"Der g\u00e5r lige nu rygter om, at de colombianske stjerner James Rodr\u00edguez og Jefferson Lerma r\u00f8g i totterne p\u00e5 hinanden efter seneste nederlag","breadcrumb":{"@id":"https:\/\/acefootball.com\/da\/fodboldnyheder\/vilde-rygter-james-rodriguez-i-naevekamp-efter-fadaese\/#breadcrumb"},"inLanguage":"en-US","potentialAction":[{"@type":"ReadAction","target":["https:\/\/acefootball.com\/da\/fodboldnyheder\/vilde-rygter-james-rodriguez-i-naevekamp-efter-fadaese\/"]}]},{"@type":"BreadcrumbList","@id":"https:\/\/acefootball.com\/da\/fodboldnyheder\/vilde-rygter-james-rodriguez-i-naevekamp-efter-fadaese\/#breadcrumb","itemListElement":[{"@type":"ListItem","position":1,"name":"Home","item":"https:\/\/acefootball.com\/da\/"},{"@type":"ListItem","position":2,"name":"Vilde rygter: James Rodr\u00edguez i n\u00e6vekamp efter fad\u00e6se"}]},{"@type":"Article","@id":"https:\/\/acefootball.com\/da\/fodboldnyheder\/vilde-rygter-james-rodriguez-i-naevekamp-efter-fadaese\/#article","isPartOf":{"@id":"https:\/\/acefootball.com\/da\/fodboldnyheder\/vilde-rygter-james-rodriguez-i-naevekamp-efter-fadaese\/#webpage"},"author":{"@id":"https:\/\/acefootball.com\/da\/#\/schema\/person\/ee67e9cf04a276f144100ffa722f10cd"},"headline":"Vilde rygter: James Rodr\u00edguez i n\u00e6vekamp efter fad\u00e6se","datePublished":"2020-11-19T18:35:06+00:00","dateModified":"2020-11-19T18:37:23+00:00","mainEntityOfPage":{"@id":"https:\/\/acefootball.com\/da\/fodboldnyheder\/vilde-rygter-james-rodriguez-i-naevekamp-efter-fadaese\/#webpage"},"wordCount":210,"commentCount":0,"publisher":{"@id":"https:\/\/acefootball.com\/da\/#organization"},"image":{"@id":"https:\/\/acefootball.com\/da\/fodboldnyheder\/vilde-rygter-james-rodriguez-i-naevekamp-efter-fadaese\/#primaryimage"},"thumbnailUrl":"https:\/\/acefootball.com\/da\/wp-content\/uploads\/sites\/2\/2020\/10\/GettyImages-1280744088.jpg","keywords":["Bournemouth","Colombia","Everton","James Rodr\u00edguez","Jefferson Lerma"],"articleSection":["Nyhed"],"inLanguage":"en-US","potentialAction":[{"@type":"CommentAction","name":"Comment","target":["https:\/\/acefootball.com\/da\/fodboldnyheder\/vilde-rygter-james-rodriguez-i-naevekamp-efter-fadaese\/#respond"]}]},{"@type":"Person","@id":"https:\/\/acefootball.com\/da\/#\/schema\/person\/ee67e9cf04a276f144100ffa722f10cd","name":"Mads Dreyer","image":{"@type":"ImageObject","@id":"https:\/\/acefootball.com\/da\/#personlogo","inLanguage":"en-US","url":"https:\/\/secure.gravatar.com\/avatar\/7c7abf72cfde9902b6a60efe60c88d4c?s=96&d=mm&r=g","contentUrl":"https:\/\/secure.gravatar.com\/avatar\/7c7abf72cfde9902b6a60efe60c88d4c?s=96&d=mm&r=g","caption":"Mads Dreyer"},"description":"Skribent og fodboldn\u00f8rd, der lige nu fort\u00e6ller om alt og intet i fodboldverdenen p\u00e5 acefootball.com. Uddannet i kommunikation fra Aalborg Universitet.","sameAs":["https:\/\/www.linkedin.com\/in\/mads-dreyer-b9b08266\/"],"url":"https:\/\/acefootball.com\/da\/fodboldnyheder\/author\/mdnronaldo\/"}]}},"fimg_url":"https:\/\/acefootball.com\/da\/wp-content\/uploads\/sites\/2\/2020\/10\/GettyImages-1280744088.jpg","_links":{"self":[{"href":"https:\/\/acefootball.com\/da\/wp-json\/wp\/v2\/posts\/244042"}],"collection":[{"href":"https:\/\/acefootball.com\/da\/wp-json\/wp\/v2\/posts"}],"about":[{"href":"https:\/\/acefootball.com\/da\/wp-json\/wp\/v2\/types\/post"}],"author":[{"embeddable":true,"href":"https:\/\/acefootball.com\/da\/wp-json\/wp\/v2\/users\/705"}],"replies":[{"embeddable":true,"href":"https:\/\/acefootball.com\/da\/wp-json\/wp\/v2\/comments?post=244042"}],"version-history":[{"count":0,"href":"https:\/\/acefootball.com\/da\/wp-json\/wp\/v2\/posts\/244042\/revisions"}],"wp:featuredmedia":[{"embeddable":true,"href":"https:\/\/acefootball.com\/da\/wp-json\/wp\/v2\/media\/241646"}],"wp:attachment":[{"href":"https:\/\/acefootball.com\/da\/wp-json\/wp\/v2\/media?parent=244042"}],"wp:term":[{"taxonomy":"category","embeddable":true,"href":"https:\/\/acefootball.com\/da\/wp-json\/wp\/v2\/categories?post=244042"},{"taxonomy":"post_tag","embeddable":true,"href":"https:\/\/acefootball.com\/da\/wp-json\/wp\/v2\/tags?post=244042"}],"curies":[{"name":"wp","href":"https:\/\/api.w.org\/{rel}","templated":true}]}}