{"id":244031,"date":"2020-11-19T17:22:09","date_gmt":"2020-11-19T16:22:09","guid":{"rendered":"https:\/\/acefootball.com\/da\/?p=244031"},"modified":"2020-11-19T17:22:10","modified_gmt":"2020-11-19T16:22:10","slug":"nyt-initiativ-fck-sponsorer-ogsaa-paa-banen-med-bannere","status":"publish","type":"post","link":"https:\/\/acefootball.com\/da\/fodboldnyheder\/nyt-initiativ-fck-sponsorer-ogsaa-paa-banen-med-bannere\/","title":{"rendered":"Nyt initiativ: FCK-sponsorer ogs\u00e5 p\u00e5 banen med bannere"},"content":{"rendered":"\n<h2 id=\"h-en-gruppe-sponsorer-i-fc-k-benhavn-har-bidraget-med-bannere-i-bl-t-og-hvidt-til-mandagens-superliga-kamp-mod-randers-fc\">En gruppe sponsorer i FC K\u00f8benhavn har bidraget med bannere i bl\u00e5t og hvidt til mandagens Superliga-kamp mod Randers FC<\/h2>\n\n\n\n<div class=\"wp-block-si-widget wp-block-si-widget--center\"><si-lb-widget widget-id=\"MatchInfoWithOdds\" data-nopadding=\"true\" data-card=\"true\" width=\"440\" data-event-id=\"3389120\" data-provider=\"mrgreen\" data-theme-appearance=\"dark\"><\/si-lb-widget><\/div>\n\n\n\n<p>I sidste uge igangsatte FC K\u00f8benhavn-fangrupperne FCKFC og Sektion 12 et initiativ, der skulle indsamle midler til at st\u00f8tte klubben i en \u00f8konomisk sv\u00e6r tid.<\/p>\n\n\n\n<p>Pengene skulle g\u00e5 til stadionfremmende aktiviteter, hvor Nedre B-tribunen blandt andet bliver prydet af en fan-mosaik, men nu vil hovedstadsklubbens sponsorer ogs\u00e5 v\u00e6re med.<\/p>\n\n\n\n<p>FCK meddeler s\u00e5ledes p\u00e5 sin hjemmeside, at en r\u00e6kke sponsorer er g\u00e5et sammen for at give en \u00f8konomisk h\u00e5ndsretning og samtidig \u00f8ge egen eksponering.<\/p>\n\n\n\n<p>Til mandagens hjemmekamp mod Randers FC kommer der nemlig store bl\u00e5 og hvide bannere med sponsorernes logoer p\u00e5 Nede C-tribunen, som skal bidrage til det visuelle indtryk i Parken.<\/p>\n\n\n\n<figure class=\"wp-block-embed-twitter wp-block-embed is-type-rich is-provider-twitter\"><div class=\"wp-block-embed__wrapper\">\n<blockquote class=\"twitter-tweet\" data-width=\"550\" data-dnt=\"true\"><p lang=\"da\" dir=\"ltr\">En r\u00e6kke af vores sponsorer bidrager til, at det halve af Nedre C-tribunen bliver kl\u00e6dt i hvidt og bl\u00e5t til mandagens hjemmekamp mod Randers FC <a href=\"https:\/\/twitter.com\/hashtag\/fcklive?src=hash&amp;ref_src=twsrc%5Etfw\">#fcklive<\/a> <a href=\"https:\/\/twitter.com\/hashtag\/fckrfc?src=hash&amp;ref_src=twsrc%5Etfw\">#fckrfc<\/a> <a href=\"https:\/\/twitter.com\/hashtag\/sldk?src=hash&amp;ref_src=twsrc%5Etfw\">#sldk<\/a> <a href=\"https:\/\/t.co\/K3fZm6PJxq\">https:\/\/t.co\/K3fZm6PJxq<\/a><\/p>&mdash; F.C. K\u00f8benhavn (@FCKobenhavn) <a href=\"https:\/\/twitter.com\/FCKobenhavn\/status\/1329455139086868487?ref_src=twsrc%5Etfw\">November 19, 2020<\/a><\/blockquote><script async src=\"https:\/\/platform.twitter.com\/widgets.js\" charset=\"utf-8\"><\/script>\n<\/div><\/figure>\n\n\n\n<p>&#8220;Vi er utroligt taknemmelige for den opbakning, som vores sponsorer viser p\u00e5 denne m\u00e5de. Intet kan erstatte flere fans p\u00e5 stadion, men begge disse tiltag giver os b\u00e5de \u00f8konomisk og visuelt en dejlig opmuntring i det daglige arbejde,&#8221; lyder det fra en glad direkt\u00f8r, Lars Bo Jeppesen.<\/p>\n\n\n\n<figure class=\"wp-block-embed-wordpress wp-block-embed is-type-wp-embed is-provider-ace-football-danmark\"><div class=\"wp-block-embed__wrapper\">\n<blockquote class=\"wp-embedded-content\" data-secret=\"xAY42XGxKp\"><a href=\"https:\/\/acefootball.com\/da\/fodboldnyheder\/fck-guldfugl-spaas-gigantisk-fremtid-ham-her-er-anderledes\/\">FCK-guldfugl sp\u00e5s gigantisk fremtid: Ham her er anderledes<\/a><\/blockquote><iframe class=\"wp-embedded-content\" sandbox=\"allow-scripts\" security=\"restricted\" style=\"position: absolute; clip: rect(1px, 1px, 1px, 1px);\" title=\"&#8220;FCK-guldfugl sp\u00e5s gigantisk fremtid: Ham her er anderledes&#8221; &#8212; Ace Football Danmark\" src=\"https:\/\/acefootball.com\/da\/fodboldnyheder\/fck-guldfugl-spaas-gigantisk-fremtid-ham-her-er-anderledes\/embed\/#?secret=xAY42XGxKp\" data-secret=\"xAY42XGxKp\" width=\"600\" height=\"338\" frameborder=\"0\" marginwidth=\"0\" marginheight=\"0\" scrolling=\"no\"><\/iframe>\n<\/div><\/figure>\n","protected":false},"excerpt":{"rendered":"<p>En gruppe sponsorer i FC K\u00f8benhavn har bidraget med bannere i bl\u00e5t og hvidt til mandagens Superliga-kamp mod Randers FC<\/p>\n","protected":false},"author":705,"featured_media":243370,"comment_status":"open","ping_status":"closed","sticky":false,"template":"","format":"standard","meta":{"om_disable_all_campaigns":false,"push_articles_ronaldo":{"active":false,"canonical":0,"publish":false},"force_updates":null},"categories":[1],"tags":[16,588],"enet_tags":{"team":["8391"],"league":["46"],"sport_events":[3389120]},"yoast_head":"<!-- This site is optimized with the Yoast SEO plugin v18.3 - https:\/\/yoast.com\/wordpress\/plugins\/seo\/ -->\n<title>Nyt initiativ: FCK-sponsorer ogs\u00e5 p\u00e5 banen med bannere<\/title>\n<meta name=\"description\" content=\"En gruppe sponsorer i FC K\u00f8benhavn har bidraget med bannere i bl\u00e5t og hvidt til mandagens Superliga-kamp mod Randers FC\" \/>\n<meta name=\"robots\" content=\"index, follow, max-snippet:-1, max-image-preview:large, max-video-preview:-1\" \/>\n<link rel=\"canonical\" href=\"https:\/\/acefootball.com\/da\/fodboldnyheder\/nyt-initiativ-fck-sponsorer-ogsaa-paa-banen-med-bannere\/\" \/>\n<meta property=\"og:locale\" content=\"en_US\" \/>\n<meta property=\"og:type\" content=\"article\" \/>\n<meta property=\"og:title\" content=\"Nyt initiativ: FCK-sponsorer ogs\u00e5 p\u00e5 banen med bannere\" \/>\n<meta property=\"og:description\" content=\"En gruppe sponsorer i FC K\u00f8benhavn har bidraget med bannere i bl\u00e5t og hvidt til mandagens Superliga-kamp mod Randers FC\" \/>\n<meta property=\"og:url\" content=\"https:\/\/acefootball.com\/da\/fodboldnyheder\/nyt-initiativ-fck-sponsorer-ogsaa-paa-banen-med-bannere\/\" \/>\n<meta property=\"og:site_name\" content=\"Ace Football Danmark\" \/>\n<meta property=\"article:publisher\" content=\"https:\/\/www.facebook.com\/acefootballdk\" \/>\n<meta property=\"article:published_time\" content=\"2020-11-19T16:22:09+00:00\" \/>\n<meta property=\"article:modified_time\" content=\"2020-11-19T16:22:10+00:00\" \/>\n<meta property=\"og:image\" content=\"https:\/\/acefootball.com\/da\/wp-content\/uploads\/sites\/2\/2020\/11\/FCK-2-3.jpg\" \/>\n\t<meta property=\"og:image:width\" content=\"1920\" \/>\n\t<meta property=\"og:image:height\" content=\"1008\" \/>\n\t<meta property=\"og:image:type\" content=\"image\/jpeg\" \/>\n<meta name=\"twitter:card\" content=\"summary_large_image\" \/>\n<meta name=\"twitter:label1\" content=\"Written by\" \/>\n\t<meta name=\"twitter:data1\" content=\"Mads Dreyer\" \/>\n\t<meta name=\"twitter:label2\" content=\"Est. reading time\" \/>\n\t<meta name=\"twitter:data2\" content=\"1 minute\" \/>\n<script type=\"application\/ld+json\" class=\"yoast-schema-graph\">{\"@context\":\"https:\/\/schema.org\",\"@graph\":[{\"@type\":\"Organization\",\"@id\":\"https:\/\/acefootball.com\/da\/#organization\",\"name\":\"Ace Football\",\"url\":\"https:\/\/acefootball.com\/da\/\",\"sameAs\":[\"https:\/\/www.facebook.com\/acefootballdk\"],\"logo\":{\"@type\":\"ImageObject\",\"@id\":\"https:\/\/acefootball.com\/da\/#logo\",\"inLanguage\":\"en-US\",\"url\":\"https:\/\/acefootball.com\/da\/wp-content\/uploads\/sites\/2\/2020\/07\/Ace-Football-30-07-2020-2.png\",\"contentUrl\":\"https:\/\/acefootball.com\/da\/wp-content\/uploads\/sites\/2\/2020\/07\/Ace-Football-30-07-2020-2.png\",\"width\":1200,\"height\":600,\"caption\":\"Ace Football\"},\"image\":{\"@id\":\"https:\/\/acefootball.com\/da\/#logo\"}},{\"@type\":\"WebSite\",\"@id\":\"https:\/\/acefootball.com\/da\/#website\",\"url\":\"https:\/\/acefootball.com\/da\/\",\"name\":\"Ace Football Danmark\",\"description\":\"Nyheder, Spiltips &amp; Livescore\",\"publisher\":{\"@id\":\"https:\/\/acefootball.com\/da\/#organization\"},\"potentialAction\":[{\"@type\":\"SearchAction\",\"target\":{\"@type\":\"EntryPoint\",\"urlTemplate\":\"https:\/\/acefootball.com\/da\/?s={search_term_string}\"},\"query-input\":\"required name=search_term_string\"}],\"inLanguage\":\"en-US\"},{\"@type\":\"ImageObject\",\"@id\":\"https:\/\/acefootball.com\/da\/fodboldnyheder\/nyt-initiativ-fck-sponsorer-ogsaa-paa-banen-med-bannere\/#primaryimage\",\"inLanguage\":\"en-US\",\"url\":\"https:\/\/acefootball.com\/da\/wp-content\/uploads\/sites\/2\/2020\/11\/FCK-2-3.jpg\",\"contentUrl\":\"https:\/\/acefootball.com\/da\/wp-content\/uploads\/sites\/2\/2020\/11\/FCK-2-3.jpg\",\"width\":1920,\"height\":1008},{\"@type\":\"WebPage\",\"@id\":\"https:\/\/acefootball.com\/da\/fodboldnyheder\/nyt-initiativ-fck-sponsorer-ogsaa-paa-banen-med-bannere\/#webpage\",\"url\":\"https:\/\/acefootball.com\/da\/fodboldnyheder\/nyt-initiativ-fck-sponsorer-ogsaa-paa-banen-med-bannere\/\",\"name\":\"Nyt initiativ: FCK-sponsorer ogs\u00e5 p\u00e5 banen med bannere\",\"isPartOf\":{\"@id\":\"https:\/\/acefootball.com\/da\/#website\"},\"primaryImageOfPage\":{\"@id\":\"https:\/\/acefootball.com\/da\/fodboldnyheder\/nyt-initiativ-fck-sponsorer-ogsaa-paa-banen-med-bannere\/#primaryimage\"},\"datePublished\":\"2020-11-19T16:22:09+00:00\",\"dateModified\":\"2020-11-19T16:22:10+00:00\",\"description\":\"En gruppe sponsorer i FC K\u00f8benhavn har bidraget med bannere i bl\u00e5t og hvidt til mandagens Superliga-kamp mod Randers FC\",\"breadcrumb\":{\"@id\":\"https:\/\/acefootball.com\/da\/fodboldnyheder\/nyt-initiativ-fck-sponsorer-ogsaa-paa-banen-med-bannere\/#breadcrumb\"},\"inLanguage\":\"en-US\",\"potentialAction\":[{\"@type\":\"ReadAction\",\"target\":[\"https:\/\/acefootball.com\/da\/fodboldnyheder\/nyt-initiativ-fck-sponsorer-ogsaa-paa-banen-med-bannere\/\"]}]},{\"@type\":\"BreadcrumbList\",\"@id\":\"https:\/\/acefootball.com\/da\/fodboldnyheder\/nyt-initiativ-fck-sponsorer-ogsaa-paa-banen-med-bannere\/#breadcrumb\",\"itemListElement\":[{\"@type\":\"ListItem\",\"position\":1,\"name\":\"Home\",\"item\":\"https:\/\/acefootball.com\/da\/\"},{\"@type\":\"ListItem\",\"position\":2,\"name\":\"Nyt initiativ: FCK-sponsorer ogs\u00e5 p\u00e5 banen med bannere\"}]},{\"@type\":\"Article\",\"@id\":\"https:\/\/acefootball.com\/da\/fodboldnyheder\/nyt-initiativ-fck-sponsorer-ogsaa-paa-banen-med-bannere\/#article\",\"isPartOf\":{\"@id\":\"https:\/\/acefootball.com\/da\/fodboldnyheder\/nyt-initiativ-fck-sponsorer-ogsaa-paa-banen-med-bannere\/#webpage\"},\"author\":{\"@id\":\"https:\/\/acefootball.com\/da\/#\/schema\/person\/ee67e9cf04a276f144100ffa722f10cd\"},\"headline\":\"Nyt initiativ: FCK-sponsorer ogs\u00e5 p\u00e5 banen med bannere\",\"datePublished\":\"2020-11-19T16:22:09+00:00\",\"dateModified\":\"2020-11-19T16:22:10+00:00\",\"mainEntityOfPage\":{\"@id\":\"https:\/\/acefootball.com\/da\/fodboldnyheder\/nyt-initiativ-fck-sponsorer-ogsaa-paa-banen-med-bannere\/#webpage\"},\"wordCount\":200,\"commentCount\":0,\"publisher\":{\"@id\":\"https:\/\/acefootball.com\/da\/#organization\"},\"image\":{\"@id\":\"https:\/\/acefootball.com\/da\/fodboldnyheder\/nyt-initiativ-fck-sponsorer-ogsaa-paa-banen-med-bannere\/#primaryimage\"},\"thumbnailUrl\":\"https:\/\/acefootball.com\/da\/wp-content\/uploads\/sites\/2\/2020\/11\/GettyImages-1188128449.jpg\",\"keywords\":[\"FC K\u00f8benhavn\",\"Superligaen\"],\"articleSection\":[\"Nyhed\"],\"inLanguage\":\"en-US\",\"potentialAction\":[{\"@type\":\"CommentAction\",\"name\":\"Comment\",\"target\":[\"https:\/\/acefootball.com\/da\/fodboldnyheder\/nyt-initiativ-fck-sponsorer-ogsaa-paa-banen-med-bannere\/#respond\"]}]},{\"@type\":\"Person\",\"@id\":\"https:\/\/acefootball.com\/da\/#\/schema\/person\/ee67e9cf04a276f144100ffa722f10cd\",\"name\":\"Mads Dreyer\",\"image\":{\"@type\":\"ImageObject\",\"@id\":\"https:\/\/acefootball.com\/da\/#personlogo\",\"inLanguage\":\"en-US\",\"url\":\"https:\/\/secure.gravatar.com\/avatar\/7c7abf72cfde9902b6a60efe60c88d4c?s=96&d=mm&r=g\",\"contentUrl\":\"https:\/\/secure.gravatar.com\/avatar\/7c7abf72cfde9902b6a60efe60c88d4c?s=96&d=mm&r=g\",\"caption\":\"Mads Dreyer\"},\"description\":\"Skribent og fodboldn\u00f8rd, der lige nu fort\u00e6ller om alt og intet i fodboldverdenen p\u00e5 acefootball.com. Uddannet i kommunikation fra Aalborg Universitet.\",\"sameAs\":[\"https:\/\/www.linkedin.com\/in\/mads-dreyer-b9b08266\/\"],\"url\":\"https:\/\/acefootball.com\/da\/fodboldnyheder\/author\/mdnronaldo\/\"}]}<\/script>\n<!-- \/ Yoast SEO plugin. -->","yoast_head_json":{"title":"Nyt initiativ: FCK-sponsorer ogs\u00e5 p\u00e5 banen med bannere","description":"En gruppe sponsorer i FC K\u00f8benhavn har bidraget med bannere i bl\u00e5t og hvidt til mandagens Superliga-kamp mod Randers FC","robots":{"index":"index","follow":"follow","max-snippet":"max-snippet:-1","max-image-preview":"max-image-preview:large","max-video-preview":"max-video-preview:-1"},"canonical":"https:\/\/acefootball.com\/da\/fodboldnyheder\/nyt-initiativ-fck-sponsorer-ogsaa-paa-banen-med-bannere\/","og_locale":"en_US","og_type":"article","og_title":"Nyt initiativ: FCK-sponsorer ogs\u00e5 p\u00e5 banen med bannere","og_description":"En gruppe sponsorer i FC K\u00f8benhavn har bidraget med bannere i bl\u00e5t og hvidt til mandagens Superliga-kamp mod Randers FC","og_url":"https:\/\/acefootball.com\/da\/fodboldnyheder\/nyt-initiativ-fck-sponsorer-ogsaa-paa-banen-med-bannere\/","og_site_name":"Ace Football Danmark","article_publisher":"https:\/\/www.facebook.com\/acefootballdk","article_published_time":"2020-11-19T16:22:09+00:00","article_modified_time":"2020-11-19T16:22:10+00:00","og_image":[{"width":1920,"height":1008,"url":"https:\/\/acefootball.com\/da\/wp-content\/uploads\/sites\/2\/2020\/11\/FCK-2-3.jpg","type":"image\/jpeg"}],"twitter_card":"summary_large_image","twitter_misc":{"Written by":"Mads Dreyer","Est. reading time":"1 minute"},"schema":{"@context":"https:\/\/schema.org","@graph":[{"@type":"Organization","@id":"https:\/\/acefootball.com\/da\/#organization","name":"Ace Football","url":"https:\/\/acefootball.com\/da\/","sameAs":["https:\/\/www.facebook.com\/acefootballdk"],"logo":{"@type":"ImageObject","@id":"https:\/\/acefootball.com\/da\/#logo","inLanguage":"en-US","url":"https:\/\/acefootball.com\/da\/wp-content\/uploads\/sites\/2\/2020\/07\/Ace-Football-30-07-2020-2.png","contentUrl":"https:\/\/acefootball.com\/da\/wp-content\/uploads\/sites\/2\/2020\/07\/Ace-Football-30-07-2020-2.png","width":1200,"height":600,"caption":"Ace Football"},"image":{"@id":"https:\/\/acefootball.com\/da\/#logo"}},{"@type":"WebSite","@id":"https:\/\/acefootball.com\/da\/#website","url":"https:\/\/acefootball.com\/da\/","name":"Ace Football Danmark","description":"Nyheder, Spiltips &amp; Livescore","publisher":{"@id":"https:\/\/acefootball.com\/da\/#organization"},"potentialAction":[{"@type":"SearchAction","target":{"@type":"EntryPoint","urlTemplate":"https:\/\/acefootball.com\/da\/?s={search_term_string}"},"query-input":"required name=search_term_string"}],"inLanguage":"en-US"},{"@type":"ImageObject","@id":"https:\/\/acefootball.com\/da\/fodboldnyheder\/nyt-initiativ-fck-sponsorer-ogsaa-paa-banen-med-bannere\/#primaryimage","inLanguage":"en-US","url":"https:\/\/acefootball.com\/da\/wp-content\/uploads\/sites\/2\/2020\/11\/FCK-2-3.jpg","contentUrl":"https:\/\/acefootball.com\/da\/wp-content\/uploads\/sites\/2\/2020\/11\/FCK-2-3.jpg","width":1920,"height":1008},{"@type":"WebPage","@id":"https:\/\/acefootball.com\/da\/fodboldnyheder\/nyt-initiativ-fck-sponsorer-ogsaa-paa-banen-med-bannere\/#webpage","url":"https:\/\/acefootball.com\/da\/fodboldnyheder\/nyt-initiativ-fck-sponsorer-ogsaa-paa-banen-med-bannere\/","name":"Nyt initiativ: FCK-sponsorer ogs\u00e5 p\u00e5 banen med bannere","isPartOf":{"@id":"https:\/\/acefootball.com\/da\/#website"},"primaryImageOfPage":{"@id":"https:\/\/acefootball.com\/da\/fodboldnyheder\/nyt-initiativ-fck-sponsorer-ogsaa-paa-banen-med-bannere\/#primaryimage"},"datePublished":"2020-11-19T16:22:09+00:00","dateModified":"2020-11-19T16:22:10+00:00","description":"En gruppe sponsorer i FC K\u00f8benhavn har bidraget med bannere i bl\u00e5t og hvidt til mandagens Superliga-kamp mod Randers FC","breadcrumb":{"@id":"https:\/\/acefootball.com\/da\/fodboldnyheder\/nyt-initiativ-fck-sponsorer-ogsaa-paa-banen-med-bannere\/#breadcrumb"},"inLanguage":"en-US","potentialAction":[{"@type":"ReadAction","target":["https:\/\/acefootball.com\/da\/fodboldnyheder\/nyt-initiativ-fck-sponsorer-ogsaa-paa-banen-med-bannere\/"]}]},{"@type":"BreadcrumbList","@id":"https:\/\/acefootball.com\/da\/fodboldnyheder\/nyt-initiativ-fck-sponsorer-ogsaa-paa-banen-med-bannere\/#breadcrumb","itemListElement":[{"@type":"ListItem","position":1,"name":"Home","item":"https:\/\/acefootball.com\/da\/"},{"@type":"ListItem","position":2,"name":"Nyt initiativ: FCK-sponsorer ogs\u00e5 p\u00e5 banen med bannere"}]},{"@type":"Article","@id":"https:\/\/acefootball.com\/da\/fodboldnyheder\/nyt-initiativ-fck-sponsorer-ogsaa-paa-banen-med-bannere\/#article","isPartOf":{"@id":"https:\/\/acefootball.com\/da\/fodboldnyheder\/nyt-initiativ-fck-sponsorer-ogsaa-paa-banen-med-bannere\/#webpage"},"author":{"@id":"https:\/\/acefootball.com\/da\/#\/schema\/person\/ee67e9cf04a276f144100ffa722f10cd"},"headline":"Nyt initiativ: FCK-sponsorer ogs\u00e5 p\u00e5 banen med bannere","datePublished":"2020-11-19T16:22:09+00:00","dateModified":"2020-11-19T16:22:10+00:00","mainEntityOfPage":{"@id":"https:\/\/acefootball.com\/da\/fodboldnyheder\/nyt-initiativ-fck-sponsorer-ogsaa-paa-banen-med-bannere\/#webpage"},"wordCount":200,"commentCount":0,"publisher":{"@id":"https:\/\/acefootball.com\/da\/#organization"},"image":{"@id":"https:\/\/acefootball.com\/da\/fodboldnyheder\/nyt-initiativ-fck-sponsorer-ogsaa-paa-banen-med-bannere\/#primaryimage"},"thumbnailUrl":"https:\/\/acefootball.com\/da\/wp-content\/uploads\/sites\/2\/2020\/11\/GettyImages-1188128449.jpg","keywords":["FC K\u00f8benhavn","Superligaen"],"articleSection":["Nyhed"],"inLanguage":"en-US","potentialAction":[{"@type":"CommentAction","name":"Comment","target":["https:\/\/acefootball.com\/da\/fodboldnyheder\/nyt-initiativ-fck-sponsorer-ogsaa-paa-banen-med-bannere\/#respond"]}]},{"@type":"Person","@id":"https:\/\/acefootball.com\/da\/#\/schema\/person\/ee67e9cf04a276f144100ffa722f10cd","name":"Mads Dreyer","image":{"@type":"ImageObject","@id":"https:\/\/acefootball.com\/da\/#personlogo","inLanguage":"en-US","url":"https:\/\/secure.gravatar.com\/avatar\/7c7abf72cfde9902b6a60efe60c88d4c?s=96&d=mm&r=g","contentUrl":"https:\/\/secure.gravatar.com\/avatar\/7c7abf72cfde9902b6a60efe60c88d4c?s=96&d=mm&r=g","caption":"Mads Dreyer"},"description":"Skribent og fodboldn\u00f8rd, der lige nu fort\u00e6ller om alt og intet i fodboldverdenen p\u00e5 acefootball.com. Uddannet i kommunikation fra Aalborg Universitet.","sameAs":["https:\/\/www.linkedin.com\/in\/mads-dreyer-b9b08266\/"],"url":"https:\/\/acefootball.com\/da\/fodboldnyheder\/author\/mdnronaldo\/"}]}},"fimg_url":"https:\/\/acefootball.com\/da\/wp-content\/uploads\/sites\/2\/2020\/11\/GettyImages-1188128449.jpg","_links":{"self":[{"href":"https:\/\/acefootball.com\/da\/wp-json\/wp\/v2\/posts\/244031"}],"collection":[{"href":"https:\/\/acefootball.com\/da\/wp-json\/wp\/v2\/posts"}],"about":[{"href":"https:\/\/acefootball.com\/da\/wp-json\/wp\/v2\/types\/post"}],"author":[{"embeddable":true,"href":"https:\/\/acefootball.com\/da\/wp-json\/wp\/v2\/users\/705"}],"replies":[{"embeddable":true,"href":"https:\/\/acefootball.com\/da\/wp-json\/wp\/v2\/comments?post=244031"}],"version-history":[{"count":0,"href":"https:\/\/acefootball.com\/da\/wp-json\/wp\/v2\/posts\/244031\/revisions"}],"wp:featuredmedia":[{"embeddable":true,"href":"https:\/\/acefootball.com\/da\/wp-json\/wp\/v2\/media\/243370"}],"wp:attachment":[{"href":"https:\/\/acefootball.com\/da\/wp-json\/wp\/v2\/media?parent=244031"}],"wp:term":[{"taxonomy":"category","embeddable":true,"href":"https:\/\/acefootball.com\/da\/wp-json\/wp\/v2\/categories?post=244031"},{"taxonomy":"post_tag","embeddable":true,"href":"https:\/\/acefootball.com\/da\/wp-json\/wp\/v2\/tags?post=244031"}],"curies":[{"name":"wp","href":"https:\/\/api.w.org\/{rel}","templated":true}]}}