{"id":244029,"date":"2020-11-19T16:43:45","date_gmt":"2020-11-19T15:43:45","guid":{"rendered":"https:\/\/acefootball.com\/da\/?p=244029"},"modified":"2020-11-19T16:43:46","modified_gmt":"2020-11-19T15:43:46","slug":"uheldig-broendby-spiller-takker-holdkammerater-og-fans","status":"publish","type":"post","link":"https:\/\/acefootball.com\/da\/fodboldnyheder\/uheldig-broendby-spiller-takker-holdkammerater-og-fans\/","title":{"rendered":"Uheldig Br\u00f8ndby-spiller takker holdkammerater og fans"},"content":{"rendered":"\n<h2 id=\"h-blas-riveros-takker-holdkammerater-og-fans-i-br-ndby-for-st-tten-oven-p-sin-forf-rdelige-skade-i-superliga-debuten-mod-ob\">Blas Riveros takker holdkammerater og fans i Br\u00f8ndby for st\u00f8tten oven p\u00e5 sin forf\u00e6rdelige skade i Superliga-debuten mod OB<\/h2>\n\n\n\n<p>Det var ikke mange minutter, Blas Riveros n\u00e5ede p\u00e5 banen efter sit skifte til Br\u00f8ndby IF, inden han l\u00f8b ind i en alvorlig skade i f\u00f8rste Superliga-kamp mod OB.<\/p>\n\n\n\n<p>Heller ikke den efterf\u00f8lgende dom var s\u00e6rligt opl\u00f8ftende, da paraguayaneren m\u00e5 holde sig p\u00e5 sidelinjen i resten af s\u00e6sonen.<\/p>\n\n\n\n<p>Det har naturligvis v\u00e6ret et h\u00e5rdt slag for den nye Br\u00f8ndby-spiller, men heldigvis har han haft gode holdkammerater omkring sig til at holde hum\u00f8ret oppe.<\/p>\n\n\n\n<p>&#8220;Jeg f\u00f8ler, at jeg falder bedre til for hver dag, og det betyder rigtig meget for at kunne slappe af og ikke stresse. Hver dag l\u00e6rer jeg ogs\u00e5 holdkammeraterne, staben og alle i klubben bedre at kende. Fra f\u00f8rste dag er jeg blevet taget godt imod, og jeg er taknemmelig for mine holdkammerater,&#8221; siger Riveros if\u00f8lge <a href=\"https:\/\/brondby.com\/nyhed\/2020\/11\/19\/blas-riveros-tak-for-jeres-kaerlighed-og-beskeder\" target=\"_blank\" rel=\"noreferrer noopener\">Br\u00f8ndbys hjemmeside<\/a>.<\/p>\n\n\n\n<figure class=\"wp-block-embed-wordpress wp-block-embed is-type-wp-embed is-provider-ace-football-danmark\"><div class=\"wp-block-embed__wrapper\">\n<blockquote class=\"wp-embedded-content\" data-secret=\"DcOOCDR50o\"><a href=\"https:\/\/acefootball.com\/da\/fodboldnyheder\/traener-tvivl-i-broendby-er-cv-paa-udkig-efter-en-anden-type-end-niels-f\/\">Tr\u00e6ner-tvivl i Br\u00f8ndby: Er CV p\u00e5 udkig efter en anden type end Niels F.?<\/a><\/blockquote><iframe class=\"wp-embedded-content\" sandbox=\"allow-scripts\" security=\"restricted\" style=\"position: absolute; clip: rect(1px, 1px, 1px, 1px);\" title=\"&#8220;Tr\u00e6ner-tvivl i Br\u00f8ndby: Er CV p\u00e5 udkig efter en anden type end Niels F.?&#8221; &#8212; Ace Football Danmark\" src=\"https:\/\/acefootball.com\/da\/fodboldnyheder\/traener-tvivl-i-broendby-er-cv-paa-udkig-efter-en-anden-type-end-niels-f\/embed\/#?secret=DcOOCDR50o\" data-secret=\"DcOOCDR50o\" width=\"600\" height=\"338\" frameborder=\"0\" marginwidth=\"0\" marginheight=\"0\" scrolling=\"no\"><\/iframe>\n<\/div><\/figure>\n\n\n\n<p>Ogs\u00e5 fansene har haft en positiv indflydelse p\u00e5 hum\u00f8ret i de f\u00f8rste uger efter skaden, og derfor vil venstrebacken ogs\u00e5 sende en tak for st\u00f8tten til de mange Br\u00f8ndby-tilh\u00e6ngere.<\/p>\n\n\n\n<p>&#8220;F\u00f8rst og fremmest vil jeg sige tak for jeres k\u00e6rlighed og beskeder, som jeg har modtaget. Jeg g\u00e5r igennem en meget sv\u00e6r tid med mange udfordringer, og derfor betyder det ekstra meget for mig. jeg er langt v\u00e6k hjemmefra, men I f\u00e5r mig til at f\u00f8le mig hjemme. Jeg vil gerne takke jer af hele mit hjerte, og jeg kan ikke vente med at komme tilbage p\u00e5 banen og spille foran jer alle sammen.&#8221;<\/p>\n","protected":false},"excerpt":{"rendered":"<p>Blas Riveros takker holdkammerater og fans i Br\u00f8ndby for st\u00f8tten oven p\u00e5 sin forf\u00e6rdelige skade i Superliga-debuten mod OB<\/p>\n","protected":false},"author":705,"featured_media":242998,"comment_status":"open","ping_status":"closed","sticky":false,"template":"","format":"standard","meta":{"om_disable_all_campaigns":false,"push_articles_ronaldo":{"active":false,"canonical":0,"publish":false},"force_updates":null},"categories":[8204],"tags":[2901,53,588],"enet_tags":{"player":["729090"],"team":["8595"],"league":["46"],"sport_events":[]},"yoast_head":"<!-- This site is optimized with the Yoast SEO plugin v18.3 - https:\/\/yoast.com\/wordpress\/plugins\/seo\/ -->\n<title>Uheldig Br\u00f8ndby-spiller takker holdkammerater og fans<\/title>\n<meta name=\"description\" content=\"Blas Riveros takker holdkammerater og fans i Br\u00f8ndby for st\u00f8tten oven p\u00e5 sin forf\u00e6rdelige skade i Superliga-debuten mod OB\" \/>\n<meta name=\"robots\" content=\"index, follow, max-snippet:-1, max-image-preview:large, max-video-preview:-1\" \/>\n<link rel=\"canonical\" href=\"https:\/\/acefootball.com\/da\/fodboldnyheder\/uheldig-broendby-spiller-takker-holdkammerater-og-fans\/\" \/>\n<meta property=\"og:locale\" content=\"en_US\" \/>\n<meta property=\"og:type\" content=\"article\" \/>\n<meta property=\"og:title\" content=\"Uheldig Br\u00f8ndby-spiller takker holdkammerater og fans\" \/>\n<meta property=\"og:description\" content=\"Blas Riveros takker holdkammerater og fans i Br\u00f8ndby for st\u00f8tten oven p\u00e5 sin forf\u00e6rdelige skade i Superliga-debuten mod OB\" \/>\n<meta property=\"og:url\" content=\"https:\/\/acefootball.com\/da\/fodboldnyheder\/uheldig-broendby-spiller-takker-holdkammerater-og-fans\/\" \/>\n<meta property=\"og:site_name\" content=\"Ace Football Danmark\" \/>\n<meta property=\"article:publisher\" content=\"https:\/\/www.facebook.com\/acefootballdk\" \/>\n<meta property=\"article:published_time\" content=\"2020-11-19T15:43:45+00:00\" \/>\n<meta property=\"article:modified_time\" content=\"2020-11-19T15:43:46+00:00\" \/>\n<meta property=\"og:image\" content=\"https:\/\/acefootball.com\/da\/wp-content\/uploads\/sites\/2\/2020\/11\/Broendby-11-2.jpg\" \/>\n\t<meta property=\"og:image:width\" content=\"1920\" \/>\n\t<meta property=\"og:image:height\" content=\"1008\" \/>\n\t<meta property=\"og:image:type\" content=\"image\/jpeg\" \/>\n<meta name=\"twitter:card\" content=\"summary_large_image\" \/>\n<meta name=\"twitter:label1\" content=\"Written by\" \/>\n\t<meta name=\"twitter:data1\" content=\"Mads Dreyer\" \/>\n\t<meta name=\"twitter:label2\" content=\"Est. reading time\" \/>\n\t<meta name=\"twitter:data2\" content=\"1 minute\" \/>\n<script type=\"application\/ld+json\" class=\"yoast-schema-graph\">{\"@context\":\"https:\/\/schema.org\",\"@graph\":[{\"@type\":\"Organization\",\"@id\":\"https:\/\/acefootball.com\/da\/#organization\",\"name\":\"Ace Football\",\"url\":\"https:\/\/acefootball.com\/da\/\",\"sameAs\":[\"https:\/\/www.facebook.com\/acefootballdk\"],\"logo\":{\"@type\":\"ImageObject\",\"@id\":\"https:\/\/acefootball.com\/da\/#logo\",\"inLanguage\":\"en-US\",\"url\":\"https:\/\/acefootball.com\/da\/wp-content\/uploads\/sites\/2\/2020\/07\/Ace-Football-30-07-2020-2.png\",\"contentUrl\":\"https:\/\/acefootball.com\/da\/wp-content\/uploads\/sites\/2\/2020\/07\/Ace-Football-30-07-2020-2.png\",\"width\":1200,\"height\":600,\"caption\":\"Ace Football\"},\"image\":{\"@id\":\"https:\/\/acefootball.com\/da\/#logo\"}},{\"@type\":\"WebSite\",\"@id\":\"https:\/\/acefootball.com\/da\/#website\",\"url\":\"https:\/\/acefootball.com\/da\/\",\"name\":\"Ace Football Danmark\",\"description\":\"Nyheder, Spiltips &amp; Livescore\",\"publisher\":{\"@id\":\"https:\/\/acefootball.com\/da\/#organization\"},\"potentialAction\":[{\"@type\":\"SearchAction\",\"target\":{\"@type\":\"EntryPoint\",\"urlTemplate\":\"https:\/\/acefootball.com\/da\/?s={search_term_string}\"},\"query-input\":\"required name=search_term_string\"}],\"inLanguage\":\"en-US\"},{\"@type\":\"ImageObject\",\"@id\":\"https:\/\/acefootball.com\/da\/fodboldnyheder\/uheldig-broendby-spiller-takker-holdkammerater-og-fans\/#primaryimage\",\"inLanguage\":\"en-US\",\"url\":\"https:\/\/acefootball.com\/da\/wp-content\/uploads\/sites\/2\/2020\/11\/Broendby-11-2.jpg\",\"contentUrl\":\"https:\/\/acefootball.com\/da\/wp-content\/uploads\/sites\/2\/2020\/11\/Broendby-11-2.jpg\",\"width\":1920,\"height\":1008},{\"@type\":\"WebPage\",\"@id\":\"https:\/\/acefootball.com\/da\/fodboldnyheder\/uheldig-broendby-spiller-takker-holdkammerater-og-fans\/#webpage\",\"url\":\"https:\/\/acefootball.com\/da\/fodboldnyheder\/uheldig-broendby-spiller-takker-holdkammerater-og-fans\/\",\"name\":\"Uheldig Br\u00f8ndby-spiller takker holdkammerater og fans\",\"isPartOf\":{\"@id\":\"https:\/\/acefootball.com\/da\/#website\"},\"primaryImageOfPage\":{\"@id\":\"https:\/\/acefootball.com\/da\/fodboldnyheder\/uheldig-broendby-spiller-takker-holdkammerater-og-fans\/#primaryimage\"},\"datePublished\":\"2020-11-19T15:43:45+00:00\",\"dateModified\":\"2020-11-19T15:43:46+00:00\",\"description\":\"Blas Riveros takker holdkammerater og fans i Br\u00f8ndby for st\u00f8tten oven p\u00e5 sin forf\u00e6rdelige skade i Superliga-debuten mod OB\",\"breadcrumb\":{\"@id\":\"https:\/\/acefootball.com\/da\/fodboldnyheder\/uheldig-broendby-spiller-takker-holdkammerater-og-fans\/#breadcrumb\"},\"inLanguage\":\"en-US\",\"potentialAction\":[{\"@type\":\"ReadAction\",\"target\":[\"https:\/\/acefootball.com\/da\/fodboldnyheder\/uheldig-broendby-spiller-takker-holdkammerater-og-fans\/\"]}]},{\"@type\":\"BreadcrumbList\",\"@id\":\"https:\/\/acefootball.com\/da\/fodboldnyheder\/uheldig-broendby-spiller-takker-holdkammerater-og-fans\/#breadcrumb\",\"itemListElement\":[{\"@type\":\"ListItem\",\"position\":1,\"name\":\"Home\",\"item\":\"https:\/\/acefootball.com\/da\/\"},{\"@type\":\"ListItem\",\"position\":2,\"name\":\"Uheldig Br\u00f8ndby-spiller takker holdkammerater og fans\"}]},{\"@type\":\"Article\",\"@id\":\"https:\/\/acefootball.com\/da\/fodboldnyheder\/uheldig-broendby-spiller-takker-holdkammerater-og-fans\/#article\",\"isPartOf\":{\"@id\":\"https:\/\/acefootball.com\/da\/fodboldnyheder\/uheldig-broendby-spiller-takker-holdkammerater-og-fans\/#webpage\"},\"author\":{\"@id\":\"https:\/\/acefootball.com\/da\/#\/schema\/person\/ee67e9cf04a276f144100ffa722f10cd\"},\"headline\":\"Uheldig Br\u00f8ndby-spiller takker holdkammerater og fans\",\"datePublished\":\"2020-11-19T15:43:45+00:00\",\"dateModified\":\"2020-11-19T15:43:46+00:00\",\"mainEntityOfPage\":{\"@id\":\"https:\/\/acefootball.com\/da\/fodboldnyheder\/uheldig-broendby-spiller-takker-holdkammerater-og-fans\/#webpage\"},\"wordCount\":298,\"commentCount\":0,\"publisher\":{\"@id\":\"https:\/\/acefootball.com\/da\/#organization\"},\"image\":{\"@id\":\"https:\/\/acefootball.com\/da\/fodboldnyheder\/uheldig-broendby-spiller-takker-holdkammerater-og-fans\/#primaryimage\"},\"thumbnailUrl\":\"https:\/\/acefootball.com\/da\/wp-content\/uploads\/sites\/2\/2020\/11\/GettyImages-1229538699.jpg\",\"keywords\":[\"Blas Riveros\",\"Br\u00f8ndby IF\",\"Superligaen\"],\"articleSection\":[\"Udtalelse\"],\"inLanguage\":\"en-US\",\"potentialAction\":[{\"@type\":\"CommentAction\",\"name\":\"Comment\",\"target\":[\"https:\/\/acefootball.com\/da\/fodboldnyheder\/uheldig-broendby-spiller-takker-holdkammerater-og-fans\/#respond\"]}]},{\"@type\":\"Person\",\"@id\":\"https:\/\/acefootball.com\/da\/#\/schema\/person\/ee67e9cf04a276f144100ffa722f10cd\",\"name\":\"Mads Dreyer\",\"image\":{\"@type\":\"ImageObject\",\"@id\":\"https:\/\/acefootball.com\/da\/#personlogo\",\"inLanguage\":\"en-US\",\"url\":\"https:\/\/secure.gravatar.com\/avatar\/7c7abf72cfde9902b6a60efe60c88d4c?s=96&d=mm&r=g\",\"contentUrl\":\"https:\/\/secure.gravatar.com\/avatar\/7c7abf72cfde9902b6a60efe60c88d4c?s=96&d=mm&r=g\",\"caption\":\"Mads Dreyer\"},\"description\":\"Skribent og fodboldn\u00f8rd, der lige nu fort\u00e6ller om alt og intet i fodboldverdenen p\u00e5 acefootball.com. Uddannet i kommunikation fra Aalborg Universitet.\",\"sameAs\":[\"https:\/\/www.linkedin.com\/in\/mads-dreyer-b9b08266\/\"],\"url\":\"https:\/\/acefootball.com\/da\/fodboldnyheder\/author\/mdnronaldo\/\"}]}<\/script>\n<!-- \/ Yoast SEO plugin. -->","yoast_head_json":{"title":"Uheldig Br\u00f8ndby-spiller takker holdkammerater og fans","description":"Blas Riveros takker holdkammerater og fans i Br\u00f8ndby for st\u00f8tten oven p\u00e5 sin forf\u00e6rdelige skade i Superliga-debuten mod OB","robots":{"index":"index","follow":"follow","max-snippet":"max-snippet:-1","max-image-preview":"max-image-preview:large","max-video-preview":"max-video-preview:-1"},"canonical":"https:\/\/acefootball.com\/da\/fodboldnyheder\/uheldig-broendby-spiller-takker-holdkammerater-og-fans\/","og_locale":"en_US","og_type":"article","og_title":"Uheldig Br\u00f8ndby-spiller takker holdkammerater og fans","og_description":"Blas Riveros takker holdkammerater og fans i Br\u00f8ndby for st\u00f8tten oven p\u00e5 sin forf\u00e6rdelige skade i Superliga-debuten mod OB","og_url":"https:\/\/acefootball.com\/da\/fodboldnyheder\/uheldig-broendby-spiller-takker-holdkammerater-og-fans\/","og_site_name":"Ace Football Danmark","article_publisher":"https:\/\/www.facebook.com\/acefootballdk","article_published_time":"2020-11-19T15:43:45+00:00","article_modified_time":"2020-11-19T15:43:46+00:00","og_image":[{"width":1920,"height":1008,"url":"https:\/\/acefootball.com\/da\/wp-content\/uploads\/sites\/2\/2020\/11\/Broendby-11-2.jpg","type":"image\/jpeg"}],"twitter_card":"summary_large_image","twitter_misc":{"Written by":"Mads Dreyer","Est. reading time":"1 minute"},"schema":{"@context":"https:\/\/schema.org","@graph":[{"@type":"Organization","@id":"https:\/\/acefootball.com\/da\/#organization","name":"Ace Football","url":"https:\/\/acefootball.com\/da\/","sameAs":["https:\/\/www.facebook.com\/acefootballdk"],"logo":{"@type":"ImageObject","@id":"https:\/\/acefootball.com\/da\/#logo","inLanguage":"en-US","url":"https:\/\/acefootball.com\/da\/wp-content\/uploads\/sites\/2\/2020\/07\/Ace-Football-30-07-2020-2.png","contentUrl":"https:\/\/acefootball.com\/da\/wp-content\/uploads\/sites\/2\/2020\/07\/Ace-Football-30-07-2020-2.png","width":1200,"height":600,"caption":"Ace Football"},"image":{"@id":"https:\/\/acefootball.com\/da\/#logo"}},{"@type":"WebSite","@id":"https:\/\/acefootball.com\/da\/#website","url":"https:\/\/acefootball.com\/da\/","name":"Ace Football Danmark","description":"Nyheder, Spiltips &amp; Livescore","publisher":{"@id":"https:\/\/acefootball.com\/da\/#organization"},"potentialAction":[{"@type":"SearchAction","target":{"@type":"EntryPoint","urlTemplate":"https:\/\/acefootball.com\/da\/?s={search_term_string}"},"query-input":"required name=search_term_string"}],"inLanguage":"en-US"},{"@type":"ImageObject","@id":"https:\/\/acefootball.com\/da\/fodboldnyheder\/uheldig-broendby-spiller-takker-holdkammerater-og-fans\/#primaryimage","inLanguage":"en-US","url":"https:\/\/acefootball.com\/da\/wp-content\/uploads\/sites\/2\/2020\/11\/Broendby-11-2.jpg","contentUrl":"https:\/\/acefootball.com\/da\/wp-content\/uploads\/sites\/2\/2020\/11\/Broendby-11-2.jpg","width":1920,"height":1008},{"@type":"WebPage","@id":"https:\/\/acefootball.com\/da\/fodboldnyheder\/uheldig-broendby-spiller-takker-holdkammerater-og-fans\/#webpage","url":"https:\/\/acefootball.com\/da\/fodboldnyheder\/uheldig-broendby-spiller-takker-holdkammerater-og-fans\/","name":"Uheldig Br\u00f8ndby-spiller takker holdkammerater og fans","isPartOf":{"@id":"https:\/\/acefootball.com\/da\/#website"},"primaryImageOfPage":{"@id":"https:\/\/acefootball.com\/da\/fodboldnyheder\/uheldig-broendby-spiller-takker-holdkammerater-og-fans\/#primaryimage"},"datePublished":"2020-11-19T15:43:45+00:00","dateModified":"2020-11-19T15:43:46+00:00","description":"Blas Riveros takker holdkammerater og fans i Br\u00f8ndby for st\u00f8tten oven p\u00e5 sin forf\u00e6rdelige skade i Superliga-debuten mod OB","breadcrumb":{"@id":"https:\/\/acefootball.com\/da\/fodboldnyheder\/uheldig-broendby-spiller-takker-holdkammerater-og-fans\/#breadcrumb"},"inLanguage":"en-US","potentialAction":[{"@type":"ReadAction","target":["https:\/\/acefootball.com\/da\/fodboldnyheder\/uheldig-broendby-spiller-takker-holdkammerater-og-fans\/"]}]},{"@type":"BreadcrumbList","@id":"https:\/\/acefootball.com\/da\/fodboldnyheder\/uheldig-broendby-spiller-takker-holdkammerater-og-fans\/#breadcrumb","itemListElement":[{"@type":"ListItem","position":1,"name":"Home","item":"https:\/\/acefootball.com\/da\/"},{"@type":"ListItem","position":2,"name":"Uheldig Br\u00f8ndby-spiller takker holdkammerater og fans"}]},{"@type":"Article","@id":"https:\/\/acefootball.com\/da\/fodboldnyheder\/uheldig-broendby-spiller-takker-holdkammerater-og-fans\/#article","isPartOf":{"@id":"https:\/\/acefootball.com\/da\/fodboldnyheder\/uheldig-broendby-spiller-takker-holdkammerater-og-fans\/#webpage"},"author":{"@id":"https:\/\/acefootball.com\/da\/#\/schema\/person\/ee67e9cf04a276f144100ffa722f10cd"},"headline":"Uheldig Br\u00f8ndby-spiller takker holdkammerater og fans","datePublished":"2020-11-19T15:43:45+00:00","dateModified":"2020-11-19T15:43:46+00:00","mainEntityOfPage":{"@id":"https:\/\/acefootball.com\/da\/fodboldnyheder\/uheldig-broendby-spiller-takker-holdkammerater-og-fans\/#webpage"},"wordCount":298,"commentCount":0,"publisher":{"@id":"https:\/\/acefootball.com\/da\/#organization"},"image":{"@id":"https:\/\/acefootball.com\/da\/fodboldnyheder\/uheldig-broendby-spiller-takker-holdkammerater-og-fans\/#primaryimage"},"thumbnailUrl":"https:\/\/acefootball.com\/da\/wp-content\/uploads\/sites\/2\/2020\/11\/GettyImages-1229538699.jpg","keywords":["Blas Riveros","Br\u00f8ndby IF","Superligaen"],"articleSection":["Udtalelse"],"inLanguage":"en-US","potentialAction":[{"@type":"CommentAction","name":"Comment","target":["https:\/\/acefootball.com\/da\/fodboldnyheder\/uheldig-broendby-spiller-takker-holdkammerater-og-fans\/#respond"]}]},{"@type":"Person","@id":"https:\/\/acefootball.com\/da\/#\/schema\/person\/ee67e9cf04a276f144100ffa722f10cd","name":"Mads Dreyer","image":{"@type":"ImageObject","@id":"https:\/\/acefootball.com\/da\/#personlogo","inLanguage":"en-US","url":"https:\/\/secure.gravatar.com\/avatar\/7c7abf72cfde9902b6a60efe60c88d4c?s=96&d=mm&r=g","contentUrl":"https:\/\/secure.gravatar.com\/avatar\/7c7abf72cfde9902b6a60efe60c88d4c?s=96&d=mm&r=g","caption":"Mads Dreyer"},"description":"Skribent og fodboldn\u00f8rd, der lige nu fort\u00e6ller om alt og intet i fodboldverdenen p\u00e5 acefootball.com. Uddannet i kommunikation fra Aalborg Universitet.","sameAs":["https:\/\/www.linkedin.com\/in\/mads-dreyer-b9b08266\/"],"url":"https:\/\/acefootball.com\/da\/fodboldnyheder\/author\/mdnronaldo\/"}]}},"fimg_url":"https:\/\/acefootball.com\/da\/wp-content\/uploads\/sites\/2\/2020\/11\/GettyImages-1229538699.jpg","_links":{"self":[{"href":"https:\/\/acefootball.com\/da\/wp-json\/wp\/v2\/posts\/244029"}],"collection":[{"href":"https:\/\/acefootball.com\/da\/wp-json\/wp\/v2\/posts"}],"about":[{"href":"https:\/\/acefootball.com\/da\/wp-json\/wp\/v2\/types\/post"}],"author":[{"embeddable":true,"href":"https:\/\/acefootball.com\/da\/wp-json\/wp\/v2\/users\/705"}],"replies":[{"embeddable":true,"href":"https:\/\/acefootball.com\/da\/wp-json\/wp\/v2\/comments?post=244029"}],"version-history":[{"count":0,"href":"https:\/\/acefootball.com\/da\/wp-json\/wp\/v2\/posts\/244029\/revisions"}],"wp:featuredmedia":[{"embeddable":true,"href":"https:\/\/acefootball.com\/da\/wp-json\/wp\/v2\/media\/242998"}],"wp:attachment":[{"href":"https:\/\/acefootball.com\/da\/wp-json\/wp\/v2\/media?parent=244029"}],"wp:term":[{"taxonomy":"category","embeddable":true,"href":"https:\/\/acefootball.com\/da\/wp-json\/wp\/v2\/categories?post=244029"},{"taxonomy":"post_tag","embeddable":true,"href":"https:\/\/acefootball.com\/da\/wp-json\/wp\/v2\/tags?post=244029"}],"curies":[{"name":"wp","href":"https:\/\/api.w.org\/{rel}","templated":true}]}}