{"id":243884,"date":"2020-11-18T15:06:34","date_gmt":"2020-11-18T14:06:34","guid":{"rendered":"https:\/\/acefootball.com\/da\/?p=243884"},"modified":"2020-11-18T15:06:35","modified_gmt":"2020-11-18T14:06:35","slug":"medie-fenerbahce-holder-oeje-med-profileret-superliga-trio","status":"publish","type":"post","link":"https:\/\/acefootball.com\/da\/fodboldnyheder\/medie-fenerbahce-holder-oeje-med-profileret-superliga-trio\/","title":{"rendered":"Medie: Fenerbahce holder \u00f8je med profileret Superliga-trio"},"content":{"rendered":"\n<h2 id=\"h-fenerbahce-havde-if-lge-et-tyrkisk-medie-en-talentspejder-til-at-kigge-n-rmere-p-tre-superliga-spillere-under-landskampen-mod-sverige\">Fenerbahce havde if\u00f8lge et tyrkisk medie en talentspejder til at kigge n\u00e6rmere p\u00e5 tre Superliga-spillere under landskampen mod Sverige<\/h2>\n\n\n\n<p>Flere spillere fra Superligaen fik forleden chancen for at vise deres v\u00e6rd p\u00e5 det danske landshold i testkampen mod Sverige, og det endte som bekendt lykkeligt med en 2-0 sejr til danskerne.<\/p>\n\n\n\n<p>Tre af de spillere, som for alvor viste sig frem i l\u00f8bet af 90 minutter, var S\u00f8nderjyskE&#8217;s Alexander Bah, FC K\u00f8benhavns Jonas Wind og AaB&#8217;s Lucas Andersen. <\/p>\n\n\n\n<p>De tre spilleres pr\u00e6stationer blev fremh\u00e6vet i den danske presse efter kampen, men ogs\u00e5 i udlandet har man lagt m\u00e6rke til Superliga-profilerne. <\/p>\n\n\n\n<p>If\u00f8lge det tyrkiske medie <a href=\"https:\/\/www.hurriyet.com.tr\/sporarena\/son-dakika-transfer-haberi-fenerbahce-lucas-andersen-alexander-bah-ve-jonas-windi-izledi-41663578\" target=\"_blank\" rel=\"noreferrer noopener\">Spor Arena<\/a> havde Fenerbahce, p\u00e5 eftersp\u00f8rgsel fra sportsdirekt\u00f8r Emre Bel\u00f6zo\u011flu, faktisk en repr\u00e6sentant til at kigge n\u00e6rmere p\u00e5 Bah, Wind og Andersen under kampen.<\/p>\n\n\n\n<div class=\"wp-block-si-widget wp-block-si-widget--center\"><si-lb-widget widget-id=\"ThreePlayersToWatchOPTA\" data-agregate-by-avg=\"false\" width=\"440\" data-player-id-startnumbersoneendnumbers=\"734287\" data-season-id-startnumbersoneendnumbers=\"15429\" data-profile-type-startnumbersoneendnumbers=\"midfielder\" data-player-id-startnumberstwoendnumbers=\"889785\" data-season-id-startnumberstwoendnumbers=\"15429\" data-profile-type-startnumberstwoendnumbers=\"forward\" data-player-id-startnumbersthreeendnumbers=\"252969\" data-season-id-startnumbersthreeendnumbers=\"15429\" data-profile-type-startnumbersthreeendnumbers=\"midfielder\"><\/si-lb-widget><\/div>\n\n\n\n<p>Historien melder ikke noget om, hvad tilbagemeldingen til den tyrkiske storklub har v\u00e6ret, men med tanke p\u00e5 spillernes pr\u00e6stationer er det ikke ut\u00e6nkeligt, at de har f\u00e5et et stort plus i bogen. <\/p>\n","protected":false},"excerpt":{"rendered":"<p>Fenerbahce havde if\u00f8lge tyrkisk medie en talentspejder til at kigge n\u00e6rmere p\u00e5 tre Superliga-spillere under landskampen mod Sverige<\/p>\n","protected":false},"author":347,"featured_media":243886,"comment_status":"open","ping_status":"closed","sticky":false,"template":"","format":"standard","meta":{"om_disable_all_campaigns":false,"push_articles_ronaldo":{"active":false,"canonical":0,"publish":false},"force_updates":null},"categories":[7],"tags":[17,4716,16,2167,3055,24,588],"enet_tags":{"team":["8470","8391","8487"],"player":["734287","889785","252969"],"league":["46"],"sport_events":[]},"yoast_head":"<!-- This site is optimized with the Yoast SEO plugin v18.3 - https:\/\/yoast.com\/wordpress\/plugins\/seo\/ -->\n<title>Medie: Fenerbahce holder \u00f8je med profileret Superliga-trio<\/title>\n<meta name=\"description\" content=\"Fenerbahce havde if\u00f8lge tyrkisk medie en talentspejder til at kigge n\u00e6rmere p\u00e5 tre Superliga-spillere under landskampen mod Sverige\" \/>\n<meta name=\"robots\" content=\"index, follow, max-snippet:-1, max-image-preview:large, max-video-preview:-1\" \/>\n<link rel=\"canonical\" href=\"https:\/\/acefootball.com\/da\/fodboldnyheder\/medie-fenerbahce-holder-oeje-med-profileret-superliga-trio\/\" \/>\n<meta property=\"og:locale\" content=\"en_US\" \/>\n<meta property=\"og:type\" content=\"article\" \/>\n<meta property=\"og:title\" content=\"Medie: Fenerbahce holder \u00f8je med profileret Superliga-trio\" \/>\n<meta property=\"og:description\" content=\"Fenerbahce havde if\u00f8lge tyrkisk medie en talentspejder til at kigge n\u00e6rmere p\u00e5 tre Superliga-spillere under landskampen mod Sverige\" \/>\n<meta property=\"og:url\" content=\"https:\/\/acefootball.com\/da\/fodboldnyheder\/medie-fenerbahce-holder-oeje-med-profileret-superliga-trio\/\" \/>\n<meta property=\"og:site_name\" content=\"Ace Football Danmark\" \/>\n<meta property=\"article:publisher\" content=\"https:\/\/www.facebook.com\/acefootballdk\" \/>\n<meta property=\"article:published_time\" content=\"2020-11-18T14:06:34+00:00\" \/>\n<meta property=\"article:modified_time\" content=\"2020-11-18T14:06:35+00:00\" \/>\n<meta property=\"og:image\" content=\"https:\/\/acefootball.com\/da\/wp-content\/uploads\/sites\/2\/2020\/11\/Ace-46-2.jpg\" \/>\n\t<meta property=\"og:image:width\" content=\"1920\" \/>\n\t<meta property=\"og:image:height\" content=\"1008\" \/>\n\t<meta property=\"og:image:type\" content=\"image\/jpeg\" \/>\n<meta name=\"twitter:card\" content=\"summary_large_image\" \/>\n<meta name=\"twitter:label1\" content=\"Written by\" \/>\n\t<meta name=\"twitter:data1\" content=\"Nicolaj M. J\u00f8rgensen\" \/>\n\t<meta name=\"twitter:label2\" content=\"Est. reading time\" \/>\n\t<meta name=\"twitter:data2\" content=\"1 minute\" \/>\n<script type=\"application\/ld+json\" class=\"yoast-schema-graph\">{\"@context\":\"https:\/\/schema.org\",\"@graph\":[{\"@type\":\"Organization\",\"@id\":\"https:\/\/acefootball.com\/da\/#organization\",\"name\":\"Ace Football\",\"url\":\"https:\/\/acefootball.com\/da\/\",\"sameAs\":[\"https:\/\/www.facebook.com\/acefootballdk\"],\"logo\":{\"@type\":\"ImageObject\",\"@id\":\"https:\/\/acefootball.com\/da\/#logo\",\"inLanguage\":\"en-US\",\"url\":\"https:\/\/acefootball.com\/da\/wp-content\/uploads\/sites\/2\/2020\/07\/Ace-Football-30-07-2020-2.png\",\"contentUrl\":\"https:\/\/acefootball.com\/da\/wp-content\/uploads\/sites\/2\/2020\/07\/Ace-Football-30-07-2020-2.png\",\"width\":1200,\"height\":600,\"caption\":\"Ace Football\"},\"image\":{\"@id\":\"https:\/\/acefootball.com\/da\/#logo\"}},{\"@type\":\"WebSite\",\"@id\":\"https:\/\/acefootball.com\/da\/#website\",\"url\":\"https:\/\/acefootball.com\/da\/\",\"name\":\"Ace Football Danmark\",\"description\":\"Nyheder, Spiltips &amp; Livescore\",\"publisher\":{\"@id\":\"https:\/\/acefootball.com\/da\/#organization\"},\"potentialAction\":[{\"@type\":\"SearchAction\",\"target\":{\"@type\":\"EntryPoint\",\"urlTemplate\":\"https:\/\/acefootball.com\/da\/?s={search_term_string}\"},\"query-input\":\"required name=search_term_string\"}],\"inLanguage\":\"en-US\"},{\"@type\":\"ImageObject\",\"@id\":\"https:\/\/acefootball.com\/da\/fodboldnyheder\/medie-fenerbahce-holder-oeje-med-profileret-superliga-trio\/#primaryimage\",\"inLanguage\":\"en-US\",\"url\":\"https:\/\/acefootball.com\/da\/wp-content\/uploads\/sites\/2\/2020\/11\/Ace-46-2.jpg\",\"contentUrl\":\"https:\/\/acefootball.com\/da\/wp-content\/uploads\/sites\/2\/2020\/11\/Ace-46-2.jpg\",\"width\":1920,\"height\":1008},{\"@type\":\"WebPage\",\"@id\":\"https:\/\/acefootball.com\/da\/fodboldnyheder\/medie-fenerbahce-holder-oeje-med-profileret-superliga-trio\/#webpage\",\"url\":\"https:\/\/acefootball.com\/da\/fodboldnyheder\/medie-fenerbahce-holder-oeje-med-profileret-superliga-trio\/\",\"name\":\"Medie: Fenerbahce holder \u00f8je med profileret Superliga-trio\",\"isPartOf\":{\"@id\":\"https:\/\/acefootball.com\/da\/#website\"},\"primaryImageOfPage\":{\"@id\":\"https:\/\/acefootball.com\/da\/fodboldnyheder\/medie-fenerbahce-holder-oeje-med-profileret-superliga-trio\/#primaryimage\"},\"datePublished\":\"2020-11-18T14:06:34+00:00\",\"dateModified\":\"2020-11-18T14:06:35+00:00\",\"description\":\"Fenerbahce havde if\u00f8lge tyrkisk medie en talentspejder til at kigge n\u00e6rmere p\u00e5 tre Superliga-spillere under landskampen mod Sverige\",\"breadcrumb\":{\"@id\":\"https:\/\/acefootball.com\/da\/fodboldnyheder\/medie-fenerbahce-holder-oeje-med-profileret-superliga-trio\/#breadcrumb\"},\"inLanguage\":\"en-US\",\"potentialAction\":[{\"@type\":\"ReadAction\",\"target\":[\"https:\/\/acefootball.com\/da\/fodboldnyheder\/medie-fenerbahce-holder-oeje-med-profileret-superliga-trio\/\"]}]},{\"@type\":\"BreadcrumbList\",\"@id\":\"https:\/\/acefootball.com\/da\/fodboldnyheder\/medie-fenerbahce-holder-oeje-med-profileret-superliga-trio\/#breadcrumb\",\"itemListElement\":[{\"@type\":\"ListItem\",\"position\":1,\"name\":\"Home\",\"item\":\"https:\/\/acefootball.com\/da\/\"},{\"@type\":\"ListItem\",\"position\":2,\"name\":\"Medie: Fenerbahce holder \u00f8je med profileret Superliga-trio\"}]},{\"@type\":\"Article\",\"@id\":\"https:\/\/acefootball.com\/da\/fodboldnyheder\/medie-fenerbahce-holder-oeje-med-profileret-superliga-trio\/#article\",\"isPartOf\":{\"@id\":\"https:\/\/acefootball.com\/da\/fodboldnyheder\/medie-fenerbahce-holder-oeje-med-profileret-superliga-trio\/#webpage\"},\"author\":{\"@id\":\"https:\/\/acefootball.com\/da\/#\/schema\/person\/cc86c6803d8c93f30230e4dbed2a3844\"},\"headline\":\"Medie: Fenerbahce holder \u00f8je med profileret Superliga-trio\",\"datePublished\":\"2020-11-18T14:06:34+00:00\",\"dateModified\":\"2020-11-18T14:06:35+00:00\",\"mainEntityOfPage\":{\"@id\":\"https:\/\/acefootball.com\/da\/fodboldnyheder\/medie-fenerbahce-holder-oeje-med-profileret-superliga-trio\/#webpage\"},\"wordCount\":186,\"commentCount\":2,\"publisher\":{\"@id\":\"https:\/\/acefootball.com\/da\/#organization\"},\"image\":{\"@id\":\"https:\/\/acefootball.com\/da\/fodboldnyheder\/medie-fenerbahce-holder-oeje-med-profileret-superliga-trio\/#primaryimage\"},\"thumbnailUrl\":\"https:\/\/acefootball.com\/da\/wp-content\/uploads\/sites\/2\/2020\/11\/GettyImages-1229581729.jpg\",\"keywords\":[\"AaB\",\"Alexander Bah\",\"FC K\u00f8benhavn\",\"Jonas Wind\",\"Lucas Andersen\",\"S\u00f8nderjyskE\",\"Superligaen\"],\"articleSection\":[\"Transfer\"],\"inLanguage\":\"en-US\",\"potentialAction\":[{\"@type\":\"CommentAction\",\"name\":\"Comment\",\"target\":[\"https:\/\/acefootball.com\/da\/fodboldnyheder\/medie-fenerbahce-holder-oeje-med-profileret-superliga-trio\/#respond\"]}]},{\"@type\":\"Person\",\"@id\":\"https:\/\/acefootball.com\/da\/#\/schema\/person\/cc86c6803d8c93f30230e4dbed2a3844\",\"name\":\"Nicolaj M. J\u00f8rgensen\",\"image\":{\"@type\":\"ImageObject\",\"@id\":\"https:\/\/acefootball.com\/da\/#personlogo\",\"inLanguage\":\"en-US\",\"url\":\"https:\/\/secure.gravatar.com\/avatar\/757fd92a7fd5c1d31c37aee3425e7f74?s=96&d=mm&r=g\",\"contentUrl\":\"https:\/\/secure.gravatar.com\/avatar\/757fd92a7fd5c1d31c37aee3425e7f74?s=96&d=mm&r=g\",\"caption\":\"Nicolaj M. J\u00f8rgensen\"},\"url\":\"https:\/\/acefootball.com\/da\/fodboldnyheder\/author\/nicolajmortenj\/\"}]}<\/script>\n<!-- \/ Yoast SEO plugin. -->","yoast_head_json":{"title":"Medie: Fenerbahce holder \u00f8je med profileret Superliga-trio","description":"Fenerbahce havde if\u00f8lge tyrkisk medie en talentspejder til at kigge n\u00e6rmere p\u00e5 tre Superliga-spillere under landskampen mod Sverige","robots":{"index":"index","follow":"follow","max-snippet":"max-snippet:-1","max-image-preview":"max-image-preview:large","max-video-preview":"max-video-preview:-1"},"canonical":"https:\/\/acefootball.com\/da\/fodboldnyheder\/medie-fenerbahce-holder-oeje-med-profileret-superliga-trio\/","og_locale":"en_US","og_type":"article","og_title":"Medie: Fenerbahce holder \u00f8je med profileret Superliga-trio","og_description":"Fenerbahce havde if\u00f8lge tyrkisk medie en talentspejder til at kigge n\u00e6rmere p\u00e5 tre Superliga-spillere under landskampen mod Sverige","og_url":"https:\/\/acefootball.com\/da\/fodboldnyheder\/medie-fenerbahce-holder-oeje-med-profileret-superliga-trio\/","og_site_name":"Ace Football Danmark","article_publisher":"https:\/\/www.facebook.com\/acefootballdk","article_published_time":"2020-11-18T14:06:34+00:00","article_modified_time":"2020-11-18T14:06:35+00:00","og_image":[{"width":1920,"height":1008,"url":"https:\/\/acefootball.com\/da\/wp-content\/uploads\/sites\/2\/2020\/11\/Ace-46-2.jpg","type":"image\/jpeg"}],"twitter_card":"summary_large_image","twitter_misc":{"Written by":"Nicolaj M. J\u00f8rgensen","Est. reading time":"1 minute"},"schema":{"@context":"https:\/\/schema.org","@graph":[{"@type":"Organization","@id":"https:\/\/acefootball.com\/da\/#organization","name":"Ace Football","url":"https:\/\/acefootball.com\/da\/","sameAs":["https:\/\/www.facebook.com\/acefootballdk"],"logo":{"@type":"ImageObject","@id":"https:\/\/acefootball.com\/da\/#logo","inLanguage":"en-US","url":"https:\/\/acefootball.com\/da\/wp-content\/uploads\/sites\/2\/2020\/07\/Ace-Football-30-07-2020-2.png","contentUrl":"https:\/\/acefootball.com\/da\/wp-content\/uploads\/sites\/2\/2020\/07\/Ace-Football-30-07-2020-2.png","width":1200,"height":600,"caption":"Ace Football"},"image":{"@id":"https:\/\/acefootball.com\/da\/#logo"}},{"@type":"WebSite","@id":"https:\/\/acefootball.com\/da\/#website","url":"https:\/\/acefootball.com\/da\/","name":"Ace Football Danmark","description":"Nyheder, Spiltips &amp; Livescore","publisher":{"@id":"https:\/\/acefootball.com\/da\/#organization"},"potentialAction":[{"@type":"SearchAction","target":{"@type":"EntryPoint","urlTemplate":"https:\/\/acefootball.com\/da\/?s={search_term_string}"},"query-input":"required name=search_term_string"}],"inLanguage":"en-US"},{"@type":"ImageObject","@id":"https:\/\/acefootball.com\/da\/fodboldnyheder\/medie-fenerbahce-holder-oeje-med-profileret-superliga-trio\/#primaryimage","inLanguage":"en-US","url":"https:\/\/acefootball.com\/da\/wp-content\/uploads\/sites\/2\/2020\/11\/Ace-46-2.jpg","contentUrl":"https:\/\/acefootball.com\/da\/wp-content\/uploads\/sites\/2\/2020\/11\/Ace-46-2.jpg","width":1920,"height":1008},{"@type":"WebPage","@id":"https:\/\/acefootball.com\/da\/fodboldnyheder\/medie-fenerbahce-holder-oeje-med-profileret-superliga-trio\/#webpage","url":"https:\/\/acefootball.com\/da\/fodboldnyheder\/medie-fenerbahce-holder-oeje-med-profileret-superliga-trio\/","name":"Medie: Fenerbahce holder \u00f8je med profileret Superliga-trio","isPartOf":{"@id":"https:\/\/acefootball.com\/da\/#website"},"primaryImageOfPage":{"@id":"https:\/\/acefootball.com\/da\/fodboldnyheder\/medie-fenerbahce-holder-oeje-med-profileret-superliga-trio\/#primaryimage"},"datePublished":"2020-11-18T14:06:34+00:00","dateModified":"2020-11-18T14:06:35+00:00","description":"Fenerbahce havde if\u00f8lge tyrkisk medie en talentspejder til at kigge n\u00e6rmere p\u00e5 tre Superliga-spillere under landskampen mod Sverige","breadcrumb":{"@id":"https:\/\/acefootball.com\/da\/fodboldnyheder\/medie-fenerbahce-holder-oeje-med-profileret-superliga-trio\/#breadcrumb"},"inLanguage":"en-US","potentialAction":[{"@type":"ReadAction","target":["https:\/\/acefootball.com\/da\/fodboldnyheder\/medie-fenerbahce-holder-oeje-med-profileret-superliga-trio\/"]}]},{"@type":"BreadcrumbList","@id":"https:\/\/acefootball.com\/da\/fodboldnyheder\/medie-fenerbahce-holder-oeje-med-profileret-superliga-trio\/#breadcrumb","itemListElement":[{"@type":"ListItem","position":1,"name":"Home","item":"https:\/\/acefootball.com\/da\/"},{"@type":"ListItem","position":2,"name":"Medie: Fenerbahce holder \u00f8je med profileret Superliga-trio"}]},{"@type":"Article","@id":"https:\/\/acefootball.com\/da\/fodboldnyheder\/medie-fenerbahce-holder-oeje-med-profileret-superliga-trio\/#article","isPartOf":{"@id":"https:\/\/acefootball.com\/da\/fodboldnyheder\/medie-fenerbahce-holder-oeje-med-profileret-superliga-trio\/#webpage"},"author":{"@id":"https:\/\/acefootball.com\/da\/#\/schema\/person\/cc86c6803d8c93f30230e4dbed2a3844"},"headline":"Medie: Fenerbahce holder \u00f8je med profileret Superliga-trio","datePublished":"2020-11-18T14:06:34+00:00","dateModified":"2020-11-18T14:06:35+00:00","mainEntityOfPage":{"@id":"https:\/\/acefootball.com\/da\/fodboldnyheder\/medie-fenerbahce-holder-oeje-med-profileret-superliga-trio\/#webpage"},"wordCount":186,"commentCount":2,"publisher":{"@id":"https:\/\/acefootball.com\/da\/#organization"},"image":{"@id":"https:\/\/acefootball.com\/da\/fodboldnyheder\/medie-fenerbahce-holder-oeje-med-profileret-superliga-trio\/#primaryimage"},"thumbnailUrl":"https:\/\/acefootball.com\/da\/wp-content\/uploads\/sites\/2\/2020\/11\/GettyImages-1229581729.jpg","keywords":["AaB","Alexander Bah","FC K\u00f8benhavn","Jonas Wind","Lucas Andersen","S\u00f8nderjyskE","Superligaen"],"articleSection":["Transfer"],"inLanguage":"en-US","potentialAction":[{"@type":"CommentAction","name":"Comment","target":["https:\/\/acefootball.com\/da\/fodboldnyheder\/medie-fenerbahce-holder-oeje-med-profileret-superliga-trio\/#respond"]}]},{"@type":"Person","@id":"https:\/\/acefootball.com\/da\/#\/schema\/person\/cc86c6803d8c93f30230e4dbed2a3844","name":"Nicolaj M. J\u00f8rgensen","image":{"@type":"ImageObject","@id":"https:\/\/acefootball.com\/da\/#personlogo","inLanguage":"en-US","url":"https:\/\/secure.gravatar.com\/avatar\/757fd92a7fd5c1d31c37aee3425e7f74?s=96&d=mm&r=g","contentUrl":"https:\/\/secure.gravatar.com\/avatar\/757fd92a7fd5c1d31c37aee3425e7f74?s=96&d=mm&r=g","caption":"Nicolaj M. J\u00f8rgensen"},"url":"https:\/\/acefootball.com\/da\/fodboldnyheder\/author\/nicolajmortenj\/"}]}},"fimg_url":"https:\/\/acefootball.com\/da\/wp-content\/uploads\/sites\/2\/2020\/11\/GettyImages-1229581729.jpg","_links":{"self":[{"href":"https:\/\/acefootball.com\/da\/wp-json\/wp\/v2\/posts\/243884"}],"collection":[{"href":"https:\/\/acefootball.com\/da\/wp-json\/wp\/v2\/posts"}],"about":[{"href":"https:\/\/acefootball.com\/da\/wp-json\/wp\/v2\/types\/post"}],"author":[{"embeddable":true,"href":"https:\/\/acefootball.com\/da\/wp-json\/wp\/v2\/users\/347"}],"replies":[{"embeddable":true,"href":"https:\/\/acefootball.com\/da\/wp-json\/wp\/v2\/comments?post=243884"}],"version-history":[{"count":0,"href":"https:\/\/acefootball.com\/da\/wp-json\/wp\/v2\/posts\/243884\/revisions"}],"wp:featuredmedia":[{"embeddable":true,"href":"https:\/\/acefootball.com\/da\/wp-json\/wp\/v2\/media\/243886"}],"wp:attachment":[{"href":"https:\/\/acefootball.com\/da\/wp-json\/wp\/v2\/media?parent=243884"}],"wp:term":[{"taxonomy":"category","embeddable":true,"href":"https:\/\/acefootball.com\/da\/wp-json\/wp\/v2\/categories?post=243884"},{"taxonomy":"post_tag","embeddable":true,"href":"https:\/\/acefootball.com\/da\/wp-json\/wp\/v2\/tags?post=243884"}],"curies":[{"name":"wp","href":"https:\/\/api.w.org\/{rel}","templated":true}]}}