{"id":243818,"date":"2020-11-17T19:57:04","date_gmt":"2020-11-17T18:57:04","guid":{"rendered":"https:\/\/acefootball.com\/da\/?p=243818"},"modified":"2020-11-17T19:58:53","modified_gmt":"2020-11-17T18:58:53","slug":"tidligere-fck-angriber-paa-turne-tager-ogsaa-job-i-odense","status":"publish","type":"post","link":"https:\/\/acefootball.com\/da\/fodboldnyheder\/tidligere-fck-angriber-paa-turne-tager-ogsaa-job-i-odense\/","title":{"rendered":"Tidligere FCK-angriber p\u00e5 turn\u00e9: Tager ogs\u00e5 job i Odense"},"content":{"rendered":"\n<h2 id=\"h-c-sar-santin-har-for-nylig-startet-en-tr-nerkarriere-i-futsal-i-hiller-d-men-nu-tager-den-tidligere-fck-er-ogs-job-hos-odense-kfum\">C\u00e9sar Santin har for nylig startet en tr\u00e6nerkarriere i futsal i Hiller\u00f8d, men nu tager den tidligere FCK&#8217;er ogs\u00e5 job hos Odense KFUM<\/h2>\n\n\n\n<p>I perioden 2008 til 2014 havde FC K\u00f8benhavn forn\u00f8jelsen af brasilianske C\u00e9sar Santin, der scorede 83 m\u00e5l i 220 kampe for klubben.<\/p>\n\n\n\n<p>Efterf\u00f8lgende tog angriberen videre i Europa, men han har det seneste stykke tid v\u00e6ret tilbage i Danmark, hvor han har t\u00f8rnet ud for Danmarksserieholdet Fremad Valby.<\/p>\n\n\n\n<p>For nyligt kom der s\u00e5 nyheden om, at Santin var blevet ansat som futsaltr\u00e6ner i Hiller\u00f8d, og nu kan han skrive endnu et job p\u00e5 CV&#8217;et.<\/p>\n\n\n\n<figure class=\"wp-block-embed-wordpress wp-block-embed is-type-wp-embed is-provider-ace-football-danmark\"><div class=\"wp-block-embed__wrapper\">\n<blockquote class=\"wp-embedded-content\" data-secret=\"8fPijpdRXw\"><a href=\"https:\/\/acefootball.com\/da\/fodboldnyheder\/tidligere-fck-brasser-skal-vaere-futsal-traener-i-hilleroed\/\">Tidligere FCK-brasser skal v\u00e6re futsal-tr\u00e6ner i Hiller\u00f8d<\/a><\/blockquote><iframe class=\"wp-embedded-content\" sandbox=\"allow-scripts\" security=\"restricted\" style=\"position: absolute; clip: rect(1px, 1px, 1px, 1px);\" title=\"&#8220;Tidligere FCK-brasser skal v\u00e6re futsal-tr\u00e6ner i Hiller\u00f8d&#8221; &#8212; Ace Football Danmark\" src=\"https:\/\/acefootball.com\/da\/fodboldnyheder\/tidligere-fck-brasser-skal-vaere-futsal-traener-i-hilleroed\/embed\/#?secret=8fPijpdRXw\" data-secret=\"8fPijpdRXw\" width=\"600\" height=\"338\" frameborder=\"0\" marginwidth=\"0\" marginheight=\"0\" scrolling=\"no\"><\/iframe>\n<\/div><\/figure>\n\n\n\n<p>Brasilianeren har nemlig ogs\u00e5 indg\u00e5et en aftale med Odense KFUM, hvor han tiltr\u00e6der det kommende \u00e5r.<\/p>\n\n\n\n<figure class=\"wp-block-embed-facebook wp-block-embed is-type-video is-provider-facebook\"><div class=\"wp-block-embed__wrapper\">\n<div id=\"fb-root\"><\/div><script async=\"1\" defer=\"1\" crossorigin=\"anonymous\" src=\"https:\/\/connect.facebook.net\/nl_BE\/sdk.js#xfbml=1&amp;version=v9.0\" nonce=\"59uXMTeQ\"><\/script><div class=\"fb-video\" data-href=\"https:\/\/www.facebook.com\/watch\/?v=1523603787834462\" data-width=\"640\"><blockquote cite=\"https:\/\/www.facebook.com\/Odensekfum.dk\/videos\/1523603787834462\/\" class=\"fb-xfbml-parse-ignore\"><a href=\"https:\/\/www.facebook.com\/Odensekfum.dk\/videos\/1523603787834462\/\">SANTIN SAMARBEJDE \ud83d\udc9a<\/a><p>Cesar Santin har idag v\u00e6ret forbi Odense KFUM for at indg\u00e5 og underskrive kontrakt p\u00e5 et samarbejde fra 2021 og fremover. Cesar skal forest\u00e5 hovedrollen for vores fodboldskole i sommeren 21\u2019 (uge 26). Han skal ydermere bidrage med Camps, hvor is\u00e6r angrebstr\u00e6ning og afslutningsf\u00e6rdigheder er p\u00e5 programmet. Santin er stadig tilknyttet Fremad Valby i DS og selv i en alder af 39 \u00e5r, s\u00e5 kan han stadig g\u00f8re en forskel, men i denne omgang, s\u00e5 bliver det som tr\u00e6ner i KFUM at hans rolle er udformet \ud83d\ude4f\ud83c\udffbMere om fodboldskole, Camps og meget mere f\u00f8lger&#8230;&#8230;.GIV SANTIN ET K\u00c6MPE LIKE FOR, AT V\u00c6RE MED OMBORD HOS DE GR\u00d8NNE \ud83d\udc4d<\/p>Posted by <a href=\"https:\/\/www.facebook.com\/327964544414310\">Odense KFUM<\/a> on Tuesday, November 17, 2020<\/blockquote><\/div>\n<\/div><\/figure>\n\n\n\n<p>Her skal han blandt andet st\u00e5 for klubbens fodboldskole i uge 26 og bidrage med camps til angrebs- og skudtr\u00e6ning.<\/p>\n\n\n\n<p>Odense KFUM skriver desuden, at 39-\u00e5rige Santin ikke har planer om at stoppe den aktive karriere i Fremad Valby.<\/p>\n","protected":false},"excerpt":{"rendered":"<p>C\u00e9sar Santin har for nylig startet en tr\u00e6nerkarriere i futsal i Hiller\u00f8d, men nu tager den tidligere FCK&#8217;er ogs\u00e5 job hos Odense KFUM<\/p>\n","protected":false},"author":705,"featured_media":243823,"comment_status":"open","ping_status":"closed","sticky":false,"template":"","format":"standard","meta":{"om_disable_all_campaigns":false,"push_articles_ronaldo":{"active":false,"canonical":0,"publish":false},"force_updates":null},"categories":[1],"tags":[4608,16,588],"enet_tags":{"team":["8391"],"league":["46"],"sport_events":[]},"yoast_head":"<!-- This site is optimized with the Yoast SEO plugin v18.3 - https:\/\/yoast.com\/wordpress\/plugins\/seo\/ -->\n<title>Tidligere FCK-angriber p\u00e5 turn\u00e9: Tager ogs\u00e5 job i Odense<\/title>\n<meta name=\"description\" content=\"C\u00e9sar Santin har for nylig startet en tr\u00e6nerkarriere i futsal i Hiller\u00f8d, men nu tager den tidligere FCK&#039;er ogs\u00e5 job hos Odense KFUM\" \/>\n<meta name=\"robots\" content=\"index, follow, max-snippet:-1, max-image-preview:large, max-video-preview:-1\" \/>\n<link rel=\"canonical\" href=\"https:\/\/acefootball.com\/da\/fodboldnyheder\/tidligere-fck-angriber-paa-turne-tager-ogsaa-job-i-odense\/\" \/>\n<meta property=\"og:locale\" content=\"en_US\" \/>\n<meta property=\"og:type\" content=\"article\" \/>\n<meta property=\"og:title\" content=\"Tidligere FCK-angriber p\u00e5 turn\u00e9: Tager ogs\u00e5 job i Odense\" \/>\n<meta property=\"og:description\" content=\"C\u00e9sar Santin har for nylig startet en tr\u00e6nerkarriere i futsal i Hiller\u00f8d, men nu tager den tidligere FCK&#039;er ogs\u00e5 job hos Odense KFUM\" \/>\n<meta property=\"og:url\" content=\"https:\/\/acefootball.com\/da\/fodboldnyheder\/tidligere-fck-angriber-paa-turne-tager-ogsaa-job-i-odense\/\" \/>\n<meta property=\"og:site_name\" content=\"Ace Football Danmark\" \/>\n<meta property=\"article:publisher\" content=\"https:\/\/www.facebook.com\/acefootballdk\" \/>\n<meta property=\"article:published_time\" content=\"2020-11-17T18:57:04+00:00\" \/>\n<meta property=\"article:modified_time\" content=\"2020-11-17T18:58:53+00:00\" \/>\n<meta property=\"og:image\" content=\"https:\/\/acefootball.com\/da\/wp-content\/uploads\/sites\/2\/2020\/11\/FCK-15.jpg\" \/>\n\t<meta property=\"og:image:width\" content=\"1920\" \/>\n\t<meta property=\"og:image:height\" content=\"1008\" \/>\n\t<meta property=\"og:image:type\" content=\"image\/jpeg\" \/>\n<meta name=\"twitter:card\" content=\"summary_large_image\" \/>\n<meta name=\"twitter:label1\" content=\"Written by\" \/>\n\t<meta name=\"twitter:data1\" content=\"Mads Dreyer\" \/>\n\t<meta name=\"twitter:label2\" content=\"Est. reading time\" \/>\n\t<meta name=\"twitter:data2\" content=\"1 minute\" \/>\n<script type=\"application\/ld+json\" class=\"yoast-schema-graph\">{\"@context\":\"https:\/\/schema.org\",\"@graph\":[{\"@type\":\"Organization\",\"@id\":\"https:\/\/acefootball.com\/da\/#organization\",\"name\":\"Ace Football\",\"url\":\"https:\/\/acefootball.com\/da\/\",\"sameAs\":[\"https:\/\/www.facebook.com\/acefootballdk\"],\"logo\":{\"@type\":\"ImageObject\",\"@id\":\"https:\/\/acefootball.com\/da\/#logo\",\"inLanguage\":\"en-US\",\"url\":\"https:\/\/acefootball.com\/da\/wp-content\/uploads\/sites\/2\/2020\/07\/Ace-Football-30-07-2020-2.png\",\"contentUrl\":\"https:\/\/acefootball.com\/da\/wp-content\/uploads\/sites\/2\/2020\/07\/Ace-Football-30-07-2020-2.png\",\"width\":1200,\"height\":600,\"caption\":\"Ace Football\"},\"image\":{\"@id\":\"https:\/\/acefootball.com\/da\/#logo\"}},{\"@type\":\"WebSite\",\"@id\":\"https:\/\/acefootball.com\/da\/#website\",\"url\":\"https:\/\/acefootball.com\/da\/\",\"name\":\"Ace Football Danmark\",\"description\":\"Nyheder, Spiltips &amp; Livescore\",\"publisher\":{\"@id\":\"https:\/\/acefootball.com\/da\/#organization\"},\"potentialAction\":[{\"@type\":\"SearchAction\",\"target\":{\"@type\":\"EntryPoint\",\"urlTemplate\":\"https:\/\/acefootball.com\/da\/?s={search_term_string}\"},\"query-input\":\"required name=search_term_string\"}],\"inLanguage\":\"en-US\"},{\"@type\":\"ImageObject\",\"@id\":\"https:\/\/acefootball.com\/da\/fodboldnyheder\/tidligere-fck-angriber-paa-turne-tager-ogsaa-job-i-odense\/#primaryimage\",\"inLanguage\":\"en-US\",\"url\":\"https:\/\/acefootball.com\/da\/wp-content\/uploads\/sites\/2\/2020\/11\/FCK-15.jpg\",\"contentUrl\":\"https:\/\/acefootball.com\/da\/wp-content\/uploads\/sites\/2\/2020\/11\/FCK-15.jpg\",\"width\":1920,\"height\":1008},{\"@type\":\"WebPage\",\"@id\":\"https:\/\/acefootball.com\/da\/fodboldnyheder\/tidligere-fck-angriber-paa-turne-tager-ogsaa-job-i-odense\/#webpage\",\"url\":\"https:\/\/acefootball.com\/da\/fodboldnyheder\/tidligere-fck-angriber-paa-turne-tager-ogsaa-job-i-odense\/\",\"name\":\"Tidligere FCK-angriber p\u00e5 turn\u00e9: Tager ogs\u00e5 job i Odense\",\"isPartOf\":{\"@id\":\"https:\/\/acefootball.com\/da\/#website\"},\"primaryImageOfPage\":{\"@id\":\"https:\/\/acefootball.com\/da\/fodboldnyheder\/tidligere-fck-angriber-paa-turne-tager-ogsaa-job-i-odense\/#primaryimage\"},\"datePublished\":\"2020-11-17T18:57:04+00:00\",\"dateModified\":\"2020-11-17T18:58:53+00:00\",\"description\":\"C\u00e9sar Santin har for nylig startet en tr\u00e6nerkarriere i futsal i Hiller\u00f8d, men nu tager den tidligere FCK'er ogs\u00e5 job hos Odense KFUM\",\"breadcrumb\":{\"@id\":\"https:\/\/acefootball.com\/da\/fodboldnyheder\/tidligere-fck-angriber-paa-turne-tager-ogsaa-job-i-odense\/#breadcrumb\"},\"inLanguage\":\"en-US\",\"potentialAction\":[{\"@type\":\"ReadAction\",\"target\":[\"https:\/\/acefootball.com\/da\/fodboldnyheder\/tidligere-fck-angriber-paa-turne-tager-ogsaa-job-i-odense\/\"]}]},{\"@type\":\"BreadcrumbList\",\"@id\":\"https:\/\/acefootball.com\/da\/fodboldnyheder\/tidligere-fck-angriber-paa-turne-tager-ogsaa-job-i-odense\/#breadcrumb\",\"itemListElement\":[{\"@type\":\"ListItem\",\"position\":1,\"name\":\"Home\",\"item\":\"https:\/\/acefootball.com\/da\/\"},{\"@type\":\"ListItem\",\"position\":2,\"name\":\"Tidligere FCK-angriber p\u00e5 turn\u00e9: Tager ogs\u00e5 job i Odense\"}]},{\"@type\":\"Article\",\"@id\":\"https:\/\/acefootball.com\/da\/fodboldnyheder\/tidligere-fck-angriber-paa-turne-tager-ogsaa-job-i-odense\/#article\",\"isPartOf\":{\"@id\":\"https:\/\/acefootball.com\/da\/fodboldnyheder\/tidligere-fck-angriber-paa-turne-tager-ogsaa-job-i-odense\/#webpage\"},\"author\":{\"@id\":\"https:\/\/acefootball.com\/da\/#\/schema\/person\/ee67e9cf04a276f144100ffa722f10cd\"},\"headline\":\"Tidligere FCK-angriber p\u00e5 turn\u00e9: Tager ogs\u00e5 job i Odense\",\"datePublished\":\"2020-11-17T18:57:04+00:00\",\"dateModified\":\"2020-11-17T18:58:53+00:00\",\"mainEntityOfPage\":{\"@id\":\"https:\/\/acefootball.com\/da\/fodboldnyheder\/tidligere-fck-angriber-paa-turne-tager-ogsaa-job-i-odense\/#webpage\"},\"wordCount\":184,\"commentCount\":0,\"publisher\":{\"@id\":\"https:\/\/acefootball.com\/da\/#organization\"},\"image\":{\"@id\":\"https:\/\/acefootball.com\/da\/fodboldnyheder\/tidligere-fck-angriber-paa-turne-tager-ogsaa-job-i-odense\/#primaryimage\"},\"thumbnailUrl\":\"https:\/\/acefootball.com\/da\/wp-content\/uploads\/sites\/2\/2020\/11\/Untitled-design-1-2.jpg\",\"keywords\":[\"Cesar Santin\",\"FC K\u00f8benhavn\",\"Superligaen\"],\"articleSection\":[\"Nyhed\"],\"inLanguage\":\"en-US\",\"potentialAction\":[{\"@type\":\"CommentAction\",\"name\":\"Comment\",\"target\":[\"https:\/\/acefootball.com\/da\/fodboldnyheder\/tidligere-fck-angriber-paa-turne-tager-ogsaa-job-i-odense\/#respond\"]}]},{\"@type\":\"Person\",\"@id\":\"https:\/\/acefootball.com\/da\/#\/schema\/person\/ee67e9cf04a276f144100ffa722f10cd\",\"name\":\"Mads Dreyer\",\"image\":{\"@type\":\"ImageObject\",\"@id\":\"https:\/\/acefootball.com\/da\/#personlogo\",\"inLanguage\":\"en-US\",\"url\":\"https:\/\/secure.gravatar.com\/avatar\/7c7abf72cfde9902b6a60efe60c88d4c?s=96&d=mm&r=g\",\"contentUrl\":\"https:\/\/secure.gravatar.com\/avatar\/7c7abf72cfde9902b6a60efe60c88d4c?s=96&d=mm&r=g\",\"caption\":\"Mads Dreyer\"},\"description\":\"Skribent og fodboldn\u00f8rd, der lige nu fort\u00e6ller om alt og intet i fodboldverdenen p\u00e5 acefootball.com. Uddannet i kommunikation fra Aalborg Universitet.\",\"sameAs\":[\"https:\/\/www.linkedin.com\/in\/mads-dreyer-b9b08266\/\"],\"url\":\"https:\/\/acefootball.com\/da\/fodboldnyheder\/author\/mdnronaldo\/\"}]}<\/script>\n<!-- \/ Yoast SEO plugin. -->","yoast_head_json":{"title":"Tidligere FCK-angriber p\u00e5 turn\u00e9: Tager ogs\u00e5 job i Odense","description":"C\u00e9sar Santin har for nylig startet en tr\u00e6nerkarriere i futsal i Hiller\u00f8d, men nu tager den tidligere FCK'er ogs\u00e5 job hos Odense KFUM","robots":{"index":"index","follow":"follow","max-snippet":"max-snippet:-1","max-image-preview":"max-image-preview:large","max-video-preview":"max-video-preview:-1"},"canonical":"https:\/\/acefootball.com\/da\/fodboldnyheder\/tidligere-fck-angriber-paa-turne-tager-ogsaa-job-i-odense\/","og_locale":"en_US","og_type":"article","og_title":"Tidligere FCK-angriber p\u00e5 turn\u00e9: Tager ogs\u00e5 job i Odense","og_description":"C\u00e9sar Santin har for nylig startet en tr\u00e6nerkarriere i futsal i Hiller\u00f8d, men nu tager den tidligere FCK'er ogs\u00e5 job hos Odense KFUM","og_url":"https:\/\/acefootball.com\/da\/fodboldnyheder\/tidligere-fck-angriber-paa-turne-tager-ogsaa-job-i-odense\/","og_site_name":"Ace Football Danmark","article_publisher":"https:\/\/www.facebook.com\/acefootballdk","article_published_time":"2020-11-17T18:57:04+00:00","article_modified_time":"2020-11-17T18:58:53+00:00","og_image":[{"width":1920,"height":1008,"url":"https:\/\/acefootball.com\/da\/wp-content\/uploads\/sites\/2\/2020\/11\/FCK-15.jpg","type":"image\/jpeg"}],"twitter_card":"summary_large_image","twitter_misc":{"Written by":"Mads Dreyer","Est. reading time":"1 minute"},"schema":{"@context":"https:\/\/schema.org","@graph":[{"@type":"Organization","@id":"https:\/\/acefootball.com\/da\/#organization","name":"Ace Football","url":"https:\/\/acefootball.com\/da\/","sameAs":["https:\/\/www.facebook.com\/acefootballdk"],"logo":{"@type":"ImageObject","@id":"https:\/\/acefootball.com\/da\/#logo","inLanguage":"en-US","url":"https:\/\/acefootball.com\/da\/wp-content\/uploads\/sites\/2\/2020\/07\/Ace-Football-30-07-2020-2.png","contentUrl":"https:\/\/acefootball.com\/da\/wp-content\/uploads\/sites\/2\/2020\/07\/Ace-Football-30-07-2020-2.png","width":1200,"height":600,"caption":"Ace Football"},"image":{"@id":"https:\/\/acefootball.com\/da\/#logo"}},{"@type":"WebSite","@id":"https:\/\/acefootball.com\/da\/#website","url":"https:\/\/acefootball.com\/da\/","name":"Ace Football Danmark","description":"Nyheder, Spiltips &amp; Livescore","publisher":{"@id":"https:\/\/acefootball.com\/da\/#organization"},"potentialAction":[{"@type":"SearchAction","target":{"@type":"EntryPoint","urlTemplate":"https:\/\/acefootball.com\/da\/?s={search_term_string}"},"query-input":"required name=search_term_string"}],"inLanguage":"en-US"},{"@type":"ImageObject","@id":"https:\/\/acefootball.com\/da\/fodboldnyheder\/tidligere-fck-angriber-paa-turne-tager-ogsaa-job-i-odense\/#primaryimage","inLanguage":"en-US","url":"https:\/\/acefootball.com\/da\/wp-content\/uploads\/sites\/2\/2020\/11\/FCK-15.jpg","contentUrl":"https:\/\/acefootball.com\/da\/wp-content\/uploads\/sites\/2\/2020\/11\/FCK-15.jpg","width":1920,"height":1008},{"@type":"WebPage","@id":"https:\/\/acefootball.com\/da\/fodboldnyheder\/tidligere-fck-angriber-paa-turne-tager-ogsaa-job-i-odense\/#webpage","url":"https:\/\/acefootball.com\/da\/fodboldnyheder\/tidligere-fck-angriber-paa-turne-tager-ogsaa-job-i-odense\/","name":"Tidligere FCK-angriber p\u00e5 turn\u00e9: Tager ogs\u00e5 job i Odense","isPartOf":{"@id":"https:\/\/acefootball.com\/da\/#website"},"primaryImageOfPage":{"@id":"https:\/\/acefootball.com\/da\/fodboldnyheder\/tidligere-fck-angriber-paa-turne-tager-ogsaa-job-i-odense\/#primaryimage"},"datePublished":"2020-11-17T18:57:04+00:00","dateModified":"2020-11-17T18:58:53+00:00","description":"C\u00e9sar Santin har for nylig startet en tr\u00e6nerkarriere i futsal i Hiller\u00f8d, men nu tager den tidligere FCK'er ogs\u00e5 job hos Odense KFUM","breadcrumb":{"@id":"https:\/\/acefootball.com\/da\/fodboldnyheder\/tidligere-fck-angriber-paa-turne-tager-ogsaa-job-i-odense\/#breadcrumb"},"inLanguage":"en-US","potentialAction":[{"@type":"ReadAction","target":["https:\/\/acefootball.com\/da\/fodboldnyheder\/tidligere-fck-angriber-paa-turne-tager-ogsaa-job-i-odense\/"]}]},{"@type":"BreadcrumbList","@id":"https:\/\/acefootball.com\/da\/fodboldnyheder\/tidligere-fck-angriber-paa-turne-tager-ogsaa-job-i-odense\/#breadcrumb","itemListElement":[{"@type":"ListItem","position":1,"name":"Home","item":"https:\/\/acefootball.com\/da\/"},{"@type":"ListItem","position":2,"name":"Tidligere FCK-angriber p\u00e5 turn\u00e9: Tager ogs\u00e5 job i Odense"}]},{"@type":"Article","@id":"https:\/\/acefootball.com\/da\/fodboldnyheder\/tidligere-fck-angriber-paa-turne-tager-ogsaa-job-i-odense\/#article","isPartOf":{"@id":"https:\/\/acefootball.com\/da\/fodboldnyheder\/tidligere-fck-angriber-paa-turne-tager-ogsaa-job-i-odense\/#webpage"},"author":{"@id":"https:\/\/acefootball.com\/da\/#\/schema\/person\/ee67e9cf04a276f144100ffa722f10cd"},"headline":"Tidligere FCK-angriber p\u00e5 turn\u00e9: Tager ogs\u00e5 job i Odense","datePublished":"2020-11-17T18:57:04+00:00","dateModified":"2020-11-17T18:58:53+00:00","mainEntityOfPage":{"@id":"https:\/\/acefootball.com\/da\/fodboldnyheder\/tidligere-fck-angriber-paa-turne-tager-ogsaa-job-i-odense\/#webpage"},"wordCount":184,"commentCount":0,"publisher":{"@id":"https:\/\/acefootball.com\/da\/#organization"},"image":{"@id":"https:\/\/acefootball.com\/da\/fodboldnyheder\/tidligere-fck-angriber-paa-turne-tager-ogsaa-job-i-odense\/#primaryimage"},"thumbnailUrl":"https:\/\/acefootball.com\/da\/wp-content\/uploads\/sites\/2\/2020\/11\/Untitled-design-1-2.jpg","keywords":["Cesar Santin","FC K\u00f8benhavn","Superligaen"],"articleSection":["Nyhed"],"inLanguage":"en-US","potentialAction":[{"@type":"CommentAction","name":"Comment","target":["https:\/\/acefootball.com\/da\/fodboldnyheder\/tidligere-fck-angriber-paa-turne-tager-ogsaa-job-i-odense\/#respond"]}]},{"@type":"Person","@id":"https:\/\/acefootball.com\/da\/#\/schema\/person\/ee67e9cf04a276f144100ffa722f10cd","name":"Mads Dreyer","image":{"@type":"ImageObject","@id":"https:\/\/acefootball.com\/da\/#personlogo","inLanguage":"en-US","url":"https:\/\/secure.gravatar.com\/avatar\/7c7abf72cfde9902b6a60efe60c88d4c?s=96&d=mm&r=g","contentUrl":"https:\/\/secure.gravatar.com\/avatar\/7c7abf72cfde9902b6a60efe60c88d4c?s=96&d=mm&r=g","caption":"Mads Dreyer"},"description":"Skribent og fodboldn\u00f8rd, der lige nu fort\u00e6ller om alt og intet i fodboldverdenen p\u00e5 acefootball.com. Uddannet i kommunikation fra Aalborg Universitet.","sameAs":["https:\/\/www.linkedin.com\/in\/mads-dreyer-b9b08266\/"],"url":"https:\/\/acefootball.com\/da\/fodboldnyheder\/author\/mdnronaldo\/"}]}},"fimg_url":"https:\/\/acefootball.com\/da\/wp-content\/uploads\/sites\/2\/2020\/11\/Untitled-design-1-2.jpg","_links":{"self":[{"href":"https:\/\/acefootball.com\/da\/wp-json\/wp\/v2\/posts\/243818"}],"collection":[{"href":"https:\/\/acefootball.com\/da\/wp-json\/wp\/v2\/posts"}],"about":[{"href":"https:\/\/acefootball.com\/da\/wp-json\/wp\/v2\/types\/post"}],"author":[{"embeddable":true,"href":"https:\/\/acefootball.com\/da\/wp-json\/wp\/v2\/users\/705"}],"replies":[{"embeddable":true,"href":"https:\/\/acefootball.com\/da\/wp-json\/wp\/v2\/comments?post=243818"}],"version-history":[{"count":0,"href":"https:\/\/acefootball.com\/da\/wp-json\/wp\/v2\/posts\/243818\/revisions"}],"wp:featuredmedia":[{"embeddable":true,"href":"https:\/\/acefootball.com\/da\/wp-json\/wp\/v2\/media\/243823"}],"wp:attachment":[{"href":"https:\/\/acefootball.com\/da\/wp-json\/wp\/v2\/media?parent=243818"}],"wp:term":[{"taxonomy":"category","embeddable":true,"href":"https:\/\/acefootball.com\/da\/wp-json\/wp\/v2\/categories?post=243818"},{"taxonomy":"post_tag","embeddable":true,"href":"https:\/\/acefootball.com\/da\/wp-json\/wp\/v2\/tags?post=243818"}],"curies":[{"name":"wp","href":"https:\/\/api.w.org\/{rel}","templated":true}]}}