{"id":243595,"date":"2020-11-16T10:38:14","date_gmt":"2020-11-16T09:38:14","guid":{"rendered":"https:\/\/acefootball.com\/da\/?p=243595"},"modified":"2020-11-16T10:38:15","modified_gmt":"2020-11-16T09:38:15","slug":"fansene-har-talt-broendby-skal-forlaenge-med-niels-frederiksen","status":"publish","type":"post","link":"https:\/\/acefootball.com\/da\/fodboldnyheder\/fansene-har-talt-broendby-skal-forlaenge-med-niels-frederiksen\/","title":{"rendered":"Fansene har talt: Br\u00f8ndby skal forl\u00e6nge med Niels Frederiksen"},"content":{"rendered":"\n<h2 id=\"h-en-afstemning-blandt-l-serne-hos-ace-football-viser-at-der-er-overvejende-enighed-om-at-br-ndby-if-b-r-forl-nge-med-niels-frederiksen\">En afstemning blandt l\u00e6serne hos Ace Football viser, at der er overvejende enighed om, at Br\u00f8ndby IF b\u00f8r forl\u00e6nge med Niels Frederiksen<\/h2>\n\n\n\n<p>Niels Frederiksen har kontraktudl\u00f8b i Br\u00f8ndby IF n\u00e6ste sommer, og der har i krogene v\u00e6ret snak om, at man muligvis vil finde sig en ny tr\u00e6ner i vestegnsklubben, men det er ikke alle fans, der er enige i, at dette er den bedste beslutning.<\/p>\n\n\n\n<p>For at danne et overblik over, hvor mange der gerne vil beholde Frederiksen, igangsatte vi her p\u00e5 Ace Football i fredags en afstemning, der har k\u00f8rt over weekenden.<\/p>\n\n\n\n<figure class=\"wp-block-embed-wordpress wp-block-embed is-type-wp-embed is-provider-ace-football-danmark\"><div class=\"wp-block-embed__wrapper\">\n<blockquote class=\"wp-embedded-content\" data-secret=\"pbwErZPh4L\"><a href=\"https:\/\/acefootball.com\/da\/fodboldnyheder\/afstemning-boer-broendby-forlaenge-med-niels-frederiksen\/\">Afstemning: B\u00f8r Br\u00f8ndby forl\u00e6nge med Niels Frederiksen?<\/a><\/blockquote><iframe class=\"wp-embedded-content\" sandbox=\"allow-scripts\" security=\"restricted\" style=\"position: absolute; clip: rect(1px, 1px, 1px, 1px);\" title=\"&#8220;Afstemning: B\u00f8r Br\u00f8ndby forl\u00e6nge med Niels Frederiksen?&#8221; &#8212; Ace Football Danmark\" src=\"https:\/\/acefootball.com\/da\/fodboldnyheder\/afstemning-boer-broendby-forlaenge-med-niels-frederiksen\/embed\/#?secret=pbwErZPh4L\" data-secret=\"pbwErZPh4L\" width=\"600\" height=\"338\" frameborder=\"0\" marginwidth=\"0\" marginheight=\"0\" scrolling=\"no\"><\/iframe>\n<\/div><\/figure>\n\n\n\n<p>Her har hele 1230 l\u00e6sere indtil videre givet deres mening til kende, og der tegner sig et klart billede af, at man gerne ser cheftr\u00e6neren forl\u00e6nge kontrakten med Br\u00f8ndby.<\/p>\n\n\n\n<p>I hvert fald har hele 68 procent af de 1230 l\u00e6sere svaret &#8220;Ja&#8221; til, at Br\u00f8ndby b\u00f8r forl\u00e6nge med Frederiksen, mens bare 32 procent svarer &#8220;Nej&#8221;.<\/p>\n\n\n\n<p>Den 52-\u00e5rige tr\u00e6ner har siden ans\u00e6ttelsen i juli 2019 st\u00e5et i spidsen for de bl\u00e5gule i 52 kampe, hvor det er blevet til et snit p\u00e5 1,60 point per kamp.<\/p>\n\n\n\n<p>N\u00e6ste opgave for Frederiksen og co. er p\u00e5 s\u00f8ndag, hvor de skal m\u00f8de de h\u00f8jtflyvende oprykkere fra Vejle Boldklub p\u00e5 udebane i en kamp, hvor du kan f\u00e5 odds 2.25 p\u00e5 en Br\u00f8ndby-sejr og 50 kroner gratis at spille for ved at oprette dig hos Comeon! herunder.<\/p>\n\n\n\n<div class=\"wp-block-si-widget wp-block-si-widget--center\"><si-lb-widget widget-id=\"BookmakerPromotions\" data-nopadding=\"true\" data-transparent=\"true\" width=\"440\" data-providers=\"comeon\"><\/si-lb-widget><\/div>\n\n\n\n<div class=\"wp-block-si-widget wp-block-si-widget--center\"><si-lb-widget widget-id=\"MatchInfoWithOdds\" data-nopadding=\"true\" data-card=\"true\" width=\"440\" data-event-id=\"3389125\" data-provider=\"comeon\" data-theme-appearance=\"dark\"><\/si-lb-widget><\/div>\n","protected":false},"excerpt":{"rendered":"<p>Der er blandt l\u00e6serne hos Ace Football overvejende enighed om, at Br\u00f8ndby b\u00f8r forl\u00e6nge med Niels Frederiksen<\/p>\n","protected":false},"author":74,"featured_media":243599,"comment_status":"open","ping_status":"closed","sticky":false,"template":"","format":"standard","meta":{"om_disable_all_campaigns":false,"push_articles_ronaldo":{"active":false,"canonical":0,"publish":false},"force_updates":null},"categories":[8064],"tags":[53,812,588],"enet_tags":{"team":["8595"],"player":["183862"],"league":["46"],"sport_events":[3389125]},"yoast_head":"<!-- This site is optimized with the Yoast SEO plugin v18.3 - https:\/\/yoast.com\/wordpress\/plugins\/seo\/ -->\n<title>Fansene har talt: Br\u00f8ndby skal forl\u00e6nge med Niels Frederiksen<\/title>\n<meta name=\"description\" content=\"Der er blandt l\u00e6serne hos Ace Football overvejende enighed om, at Br\u00f8ndby b\u00f8r forl\u00e6nge med Niels Frederiksen\" \/>\n<meta name=\"robots\" content=\"index, follow, max-snippet:-1, max-image-preview:large, max-video-preview:-1\" \/>\n<link rel=\"canonical\" href=\"https:\/\/acefootball.com\/da\/fodboldnyheder\/fansene-har-talt-broendby-skal-forlaenge-med-niels-frederiksen\/\" \/>\n<meta property=\"og:locale\" content=\"en_US\" \/>\n<meta property=\"og:type\" content=\"article\" \/>\n<meta property=\"og:title\" content=\"Fansene har talt: Br\u00f8ndby skal forl\u00e6nge med Niels Frederiksen\" \/>\n<meta property=\"og:description\" content=\"Der er blandt l\u00e6serne hos Ace Football overvejende enighed om, at Br\u00f8ndby b\u00f8r forl\u00e6nge med Niels Frederiksen\" \/>\n<meta property=\"og:url\" content=\"https:\/\/acefootball.com\/da\/fodboldnyheder\/fansene-har-talt-broendby-skal-forlaenge-med-niels-frederiksen\/\" \/>\n<meta property=\"og:site_name\" content=\"Ace Football Danmark\" \/>\n<meta property=\"article:publisher\" content=\"https:\/\/www.facebook.com\/acefootballdk\" \/>\n<meta property=\"article:published_time\" content=\"2020-11-16T09:38:14+00:00\" \/>\n<meta property=\"article:modified_time\" content=\"2020-11-16T09:38:15+00:00\" \/>\n<meta property=\"og:image\" content=\"https:\/\/acefootball.com\/da\/wp-content\/uploads\/sites\/2\/2020\/11\/Broendby-13-3.jpg\" \/>\n\t<meta property=\"og:image:width\" content=\"1920\" \/>\n\t<meta property=\"og:image:height\" content=\"1008\" \/>\n\t<meta property=\"og:image:type\" content=\"image\/jpeg\" \/>\n<meta name=\"twitter:card\" content=\"summary_large_image\" \/>\n<meta name=\"twitter:label1\" content=\"Written by\" \/>\n\t<meta name=\"twitter:data1\" content=\"Patrick Hesselb\u00e6k\" \/>\n\t<meta name=\"twitter:label2\" content=\"Est. reading time\" \/>\n\t<meta name=\"twitter:data2\" content=\"1 minute\" \/>\n<script type=\"application\/ld+json\" class=\"yoast-schema-graph\">{\"@context\":\"https:\/\/schema.org\",\"@graph\":[{\"@type\":\"Organization\",\"@id\":\"https:\/\/acefootball.com\/da\/#organization\",\"name\":\"Ace Football\",\"url\":\"https:\/\/acefootball.com\/da\/\",\"sameAs\":[\"https:\/\/www.facebook.com\/acefootballdk\"],\"logo\":{\"@type\":\"ImageObject\",\"@id\":\"https:\/\/acefootball.com\/da\/#logo\",\"inLanguage\":\"en-US\",\"url\":\"https:\/\/acefootball.com\/da\/wp-content\/uploads\/sites\/2\/2020\/07\/Ace-Football-30-07-2020-2.png\",\"contentUrl\":\"https:\/\/acefootball.com\/da\/wp-content\/uploads\/sites\/2\/2020\/07\/Ace-Football-30-07-2020-2.png\",\"width\":1200,\"height\":600,\"caption\":\"Ace Football\"},\"image\":{\"@id\":\"https:\/\/acefootball.com\/da\/#logo\"}},{\"@type\":\"WebSite\",\"@id\":\"https:\/\/acefootball.com\/da\/#website\",\"url\":\"https:\/\/acefootball.com\/da\/\",\"name\":\"Ace Football Danmark\",\"description\":\"Nyheder, Spiltips &amp; Livescore\",\"publisher\":{\"@id\":\"https:\/\/acefootball.com\/da\/#organization\"},\"potentialAction\":[{\"@type\":\"SearchAction\",\"target\":{\"@type\":\"EntryPoint\",\"urlTemplate\":\"https:\/\/acefootball.com\/da\/?s={search_term_string}\"},\"query-input\":\"required name=search_term_string\"}],\"inLanguage\":\"en-US\"},{\"@type\":\"ImageObject\",\"@id\":\"https:\/\/acefootball.com\/da\/fodboldnyheder\/fansene-har-talt-broendby-skal-forlaenge-med-niels-frederiksen\/#primaryimage\",\"inLanguage\":\"en-US\",\"url\":\"https:\/\/acefootball.com\/da\/wp-content\/uploads\/sites\/2\/2020\/11\/Broendby-13-3.jpg\",\"contentUrl\":\"https:\/\/acefootball.com\/da\/wp-content\/uploads\/sites\/2\/2020\/11\/Broendby-13-3.jpg\",\"width\":1920,\"height\":1008},{\"@type\":\"WebPage\",\"@id\":\"https:\/\/acefootball.com\/da\/fodboldnyheder\/fansene-har-talt-broendby-skal-forlaenge-med-niels-frederiksen\/#webpage\",\"url\":\"https:\/\/acefootball.com\/da\/fodboldnyheder\/fansene-har-talt-broendby-skal-forlaenge-med-niels-frederiksen\/\",\"name\":\"Fansene har talt: Br\u00f8ndby skal forl\u00e6nge med Niels Frederiksen\",\"isPartOf\":{\"@id\":\"https:\/\/acefootball.com\/da\/#website\"},\"primaryImageOfPage\":{\"@id\":\"https:\/\/acefootball.com\/da\/fodboldnyheder\/fansene-har-talt-broendby-skal-forlaenge-med-niels-frederiksen\/#primaryimage\"},\"datePublished\":\"2020-11-16T09:38:14+00:00\",\"dateModified\":\"2020-11-16T09:38:15+00:00\",\"description\":\"Der er blandt l\u00e6serne hos Ace Football overvejende enighed om, at Br\u00f8ndby b\u00f8r forl\u00e6nge med Niels Frederiksen\",\"breadcrumb\":{\"@id\":\"https:\/\/acefootball.com\/da\/fodboldnyheder\/fansene-har-talt-broendby-skal-forlaenge-med-niels-frederiksen\/#breadcrumb\"},\"inLanguage\":\"en-US\",\"potentialAction\":[{\"@type\":\"ReadAction\",\"target\":[\"https:\/\/acefootball.com\/da\/fodboldnyheder\/fansene-har-talt-broendby-skal-forlaenge-med-niels-frederiksen\/\"]}]},{\"@type\":\"BreadcrumbList\",\"@id\":\"https:\/\/acefootball.com\/da\/fodboldnyheder\/fansene-har-talt-broendby-skal-forlaenge-med-niels-frederiksen\/#breadcrumb\",\"itemListElement\":[{\"@type\":\"ListItem\",\"position\":1,\"name\":\"Home\",\"item\":\"https:\/\/acefootball.com\/da\/\"},{\"@type\":\"ListItem\",\"position\":2,\"name\":\"Fansene har talt: Br\u00f8ndby skal forl\u00e6nge med Niels Frederiksen\"}]},{\"@type\":\"Article\",\"@id\":\"https:\/\/acefootball.com\/da\/fodboldnyheder\/fansene-har-talt-broendby-skal-forlaenge-med-niels-frederiksen\/#article\",\"isPartOf\":{\"@id\":\"https:\/\/acefootball.com\/da\/fodboldnyheder\/fansene-har-talt-broendby-skal-forlaenge-med-niels-frederiksen\/#webpage\"},\"author\":{\"@id\":\"https:\/\/acefootball.com\/da\/#\/schema\/person\/fd6223a1c033400b41da7853ddf88c84\"},\"headline\":\"Fansene har talt: Br\u00f8ndby skal forl\u00e6nge med Niels Frederiksen\",\"datePublished\":\"2020-11-16T09:38:14+00:00\",\"dateModified\":\"2020-11-16T09:38:15+00:00\",\"mainEntityOfPage\":{\"@id\":\"https:\/\/acefootball.com\/da\/fodboldnyheder\/fansene-har-talt-broendby-skal-forlaenge-med-niels-frederiksen\/#webpage\"},\"wordCount\":262,\"commentCount\":0,\"publisher\":{\"@id\":\"https:\/\/acefootball.com\/da\/#organization\"},\"image\":{\"@id\":\"https:\/\/acefootball.com\/da\/fodboldnyheder\/fansene-har-talt-broendby-skal-forlaenge-med-niels-frederiksen\/#primaryimage\"},\"thumbnailUrl\":\"https:\/\/acefootball.com\/da\/wp-content\/uploads\/sites\/2\/2020\/11\/GettyImages-1201369922.jpg\",\"keywords\":[\"Br\u00f8ndby IF\",\"Niels Frederiksen\",\"Superligaen\"],\"articleSection\":[\"Analyse\"],\"inLanguage\":\"en-US\",\"potentialAction\":[{\"@type\":\"CommentAction\",\"name\":\"Comment\",\"target\":[\"https:\/\/acefootball.com\/da\/fodboldnyheder\/fansene-har-talt-broendby-skal-forlaenge-med-niels-frederiksen\/#respond\"]}]},{\"@type\":\"Person\",\"@id\":\"https:\/\/acefootball.com\/da\/#\/schema\/person\/fd6223a1c033400b41da7853ddf88c84\",\"name\":\"Patrick Hesselb\u00e6k\",\"image\":{\"@type\":\"ImageObject\",\"@id\":\"https:\/\/acefootball.com\/da\/#personlogo\",\"inLanguage\":\"en-US\",\"url\":\"https:\/\/secure.gravatar.com\/avatar\/7919060992759bffbffb199d6cbdce6f?s=96&d=mm&r=g\",\"contentUrl\":\"https:\/\/secure.gravatar.com\/avatar\/7919060992759bffbffb199d6cbdce6f?s=96&d=mm&r=g\",\"caption\":\"Patrick Hesselb\u00e6k\"},\"description\":\"Redakt\u00f8r p\u00e5 den danske Ace Football-redaktion. Uddannet i kommunikation fra Aalborg Universitet. Prim\u00e6rt fokus p\u00e5 den danske 3F Superliga og de st\u00f8rste europ\u00e6iske turneringer.\",\"sameAs\":[\"https:\/\/www.linkedin.com\/in\/patrick-hesselbk-2a4b1711a\/\"],\"url\":\"https:\/\/acefootball.com\/da\/fodboldnyheder\/author\/patrickhesselbaek\/\"}]}<\/script>\n<!-- \/ Yoast SEO plugin. -->","yoast_head_json":{"title":"Fansene har talt: Br\u00f8ndby skal forl\u00e6nge med Niels Frederiksen","description":"Der er blandt l\u00e6serne hos Ace Football overvejende enighed om, at Br\u00f8ndby b\u00f8r forl\u00e6nge med Niels Frederiksen","robots":{"index":"index","follow":"follow","max-snippet":"max-snippet:-1","max-image-preview":"max-image-preview:large","max-video-preview":"max-video-preview:-1"},"canonical":"https:\/\/acefootball.com\/da\/fodboldnyheder\/fansene-har-talt-broendby-skal-forlaenge-med-niels-frederiksen\/","og_locale":"en_US","og_type":"article","og_title":"Fansene har talt: Br\u00f8ndby skal forl\u00e6nge med Niels Frederiksen","og_description":"Der er blandt l\u00e6serne hos Ace Football overvejende enighed om, at Br\u00f8ndby b\u00f8r forl\u00e6nge med Niels Frederiksen","og_url":"https:\/\/acefootball.com\/da\/fodboldnyheder\/fansene-har-talt-broendby-skal-forlaenge-med-niels-frederiksen\/","og_site_name":"Ace Football Danmark","article_publisher":"https:\/\/www.facebook.com\/acefootballdk","article_published_time":"2020-11-16T09:38:14+00:00","article_modified_time":"2020-11-16T09:38:15+00:00","og_image":[{"width":1920,"height":1008,"url":"https:\/\/acefootball.com\/da\/wp-content\/uploads\/sites\/2\/2020\/11\/Broendby-13-3.jpg","type":"image\/jpeg"}],"twitter_card":"summary_large_image","twitter_misc":{"Written by":"Patrick Hesselb\u00e6k","Est. reading time":"1 minute"},"schema":{"@context":"https:\/\/schema.org","@graph":[{"@type":"Organization","@id":"https:\/\/acefootball.com\/da\/#organization","name":"Ace Football","url":"https:\/\/acefootball.com\/da\/","sameAs":["https:\/\/www.facebook.com\/acefootballdk"],"logo":{"@type":"ImageObject","@id":"https:\/\/acefootball.com\/da\/#logo","inLanguage":"en-US","url":"https:\/\/acefootball.com\/da\/wp-content\/uploads\/sites\/2\/2020\/07\/Ace-Football-30-07-2020-2.png","contentUrl":"https:\/\/acefootball.com\/da\/wp-content\/uploads\/sites\/2\/2020\/07\/Ace-Football-30-07-2020-2.png","width":1200,"height":600,"caption":"Ace Football"},"image":{"@id":"https:\/\/acefootball.com\/da\/#logo"}},{"@type":"WebSite","@id":"https:\/\/acefootball.com\/da\/#website","url":"https:\/\/acefootball.com\/da\/","name":"Ace Football Danmark","description":"Nyheder, Spiltips &amp; Livescore","publisher":{"@id":"https:\/\/acefootball.com\/da\/#organization"},"potentialAction":[{"@type":"SearchAction","target":{"@type":"EntryPoint","urlTemplate":"https:\/\/acefootball.com\/da\/?s={search_term_string}"},"query-input":"required name=search_term_string"}],"inLanguage":"en-US"},{"@type":"ImageObject","@id":"https:\/\/acefootball.com\/da\/fodboldnyheder\/fansene-har-talt-broendby-skal-forlaenge-med-niels-frederiksen\/#primaryimage","inLanguage":"en-US","url":"https:\/\/acefootball.com\/da\/wp-content\/uploads\/sites\/2\/2020\/11\/Broendby-13-3.jpg","contentUrl":"https:\/\/acefootball.com\/da\/wp-content\/uploads\/sites\/2\/2020\/11\/Broendby-13-3.jpg","width":1920,"height":1008},{"@type":"WebPage","@id":"https:\/\/acefootball.com\/da\/fodboldnyheder\/fansene-har-talt-broendby-skal-forlaenge-med-niels-frederiksen\/#webpage","url":"https:\/\/acefootball.com\/da\/fodboldnyheder\/fansene-har-talt-broendby-skal-forlaenge-med-niels-frederiksen\/","name":"Fansene har talt: Br\u00f8ndby skal forl\u00e6nge med Niels Frederiksen","isPartOf":{"@id":"https:\/\/acefootball.com\/da\/#website"},"primaryImageOfPage":{"@id":"https:\/\/acefootball.com\/da\/fodboldnyheder\/fansene-har-talt-broendby-skal-forlaenge-med-niels-frederiksen\/#primaryimage"},"datePublished":"2020-11-16T09:38:14+00:00","dateModified":"2020-11-16T09:38:15+00:00","description":"Der er blandt l\u00e6serne hos Ace Football overvejende enighed om, at Br\u00f8ndby b\u00f8r forl\u00e6nge med Niels Frederiksen","breadcrumb":{"@id":"https:\/\/acefootball.com\/da\/fodboldnyheder\/fansene-har-talt-broendby-skal-forlaenge-med-niels-frederiksen\/#breadcrumb"},"inLanguage":"en-US","potentialAction":[{"@type":"ReadAction","target":["https:\/\/acefootball.com\/da\/fodboldnyheder\/fansene-har-talt-broendby-skal-forlaenge-med-niels-frederiksen\/"]}]},{"@type":"BreadcrumbList","@id":"https:\/\/acefootball.com\/da\/fodboldnyheder\/fansene-har-talt-broendby-skal-forlaenge-med-niels-frederiksen\/#breadcrumb","itemListElement":[{"@type":"ListItem","position":1,"name":"Home","item":"https:\/\/acefootball.com\/da\/"},{"@type":"ListItem","position":2,"name":"Fansene har talt: Br\u00f8ndby skal forl\u00e6nge med Niels Frederiksen"}]},{"@type":"Article","@id":"https:\/\/acefootball.com\/da\/fodboldnyheder\/fansene-har-talt-broendby-skal-forlaenge-med-niels-frederiksen\/#article","isPartOf":{"@id":"https:\/\/acefootball.com\/da\/fodboldnyheder\/fansene-har-talt-broendby-skal-forlaenge-med-niels-frederiksen\/#webpage"},"author":{"@id":"https:\/\/acefootball.com\/da\/#\/schema\/person\/fd6223a1c033400b41da7853ddf88c84"},"headline":"Fansene har talt: Br\u00f8ndby skal forl\u00e6nge med Niels Frederiksen","datePublished":"2020-11-16T09:38:14+00:00","dateModified":"2020-11-16T09:38:15+00:00","mainEntityOfPage":{"@id":"https:\/\/acefootball.com\/da\/fodboldnyheder\/fansene-har-talt-broendby-skal-forlaenge-med-niels-frederiksen\/#webpage"},"wordCount":262,"commentCount":0,"publisher":{"@id":"https:\/\/acefootball.com\/da\/#organization"},"image":{"@id":"https:\/\/acefootball.com\/da\/fodboldnyheder\/fansene-har-talt-broendby-skal-forlaenge-med-niels-frederiksen\/#primaryimage"},"thumbnailUrl":"https:\/\/acefootball.com\/da\/wp-content\/uploads\/sites\/2\/2020\/11\/GettyImages-1201369922.jpg","keywords":["Br\u00f8ndby IF","Niels Frederiksen","Superligaen"],"articleSection":["Analyse"],"inLanguage":"en-US","potentialAction":[{"@type":"CommentAction","name":"Comment","target":["https:\/\/acefootball.com\/da\/fodboldnyheder\/fansene-har-talt-broendby-skal-forlaenge-med-niels-frederiksen\/#respond"]}]},{"@type":"Person","@id":"https:\/\/acefootball.com\/da\/#\/schema\/person\/fd6223a1c033400b41da7853ddf88c84","name":"Patrick Hesselb\u00e6k","image":{"@type":"ImageObject","@id":"https:\/\/acefootball.com\/da\/#personlogo","inLanguage":"en-US","url":"https:\/\/secure.gravatar.com\/avatar\/7919060992759bffbffb199d6cbdce6f?s=96&d=mm&r=g","contentUrl":"https:\/\/secure.gravatar.com\/avatar\/7919060992759bffbffb199d6cbdce6f?s=96&d=mm&r=g","caption":"Patrick Hesselb\u00e6k"},"description":"Redakt\u00f8r p\u00e5 den danske Ace Football-redaktion. Uddannet i kommunikation fra Aalborg Universitet. Prim\u00e6rt fokus p\u00e5 den danske 3F Superliga og de st\u00f8rste europ\u00e6iske turneringer.","sameAs":["https:\/\/www.linkedin.com\/in\/patrick-hesselbk-2a4b1711a\/"],"url":"https:\/\/acefootball.com\/da\/fodboldnyheder\/author\/patrickhesselbaek\/"}]}},"fimg_url":"https:\/\/acefootball.com\/da\/wp-content\/uploads\/sites\/2\/2020\/11\/GettyImages-1201369922.jpg","_links":{"self":[{"href":"https:\/\/acefootball.com\/da\/wp-json\/wp\/v2\/posts\/243595"}],"collection":[{"href":"https:\/\/acefootball.com\/da\/wp-json\/wp\/v2\/posts"}],"about":[{"href":"https:\/\/acefootball.com\/da\/wp-json\/wp\/v2\/types\/post"}],"author":[{"embeddable":true,"href":"https:\/\/acefootball.com\/da\/wp-json\/wp\/v2\/users\/74"}],"replies":[{"embeddable":true,"href":"https:\/\/acefootball.com\/da\/wp-json\/wp\/v2\/comments?post=243595"}],"version-history":[{"count":0,"href":"https:\/\/acefootball.com\/da\/wp-json\/wp\/v2\/posts\/243595\/revisions"}],"wp:featuredmedia":[{"embeddable":true,"href":"https:\/\/acefootball.com\/da\/wp-json\/wp\/v2\/media\/243599"}],"wp:attachment":[{"href":"https:\/\/acefootball.com\/da\/wp-json\/wp\/v2\/media?parent=243595"}],"wp:term":[{"taxonomy":"category","embeddable":true,"href":"https:\/\/acefootball.com\/da\/wp-json\/wp\/v2\/categories?post=243595"},{"taxonomy":"post_tag","embeddable":true,"href":"https:\/\/acefootball.com\/da\/wp-json\/wp\/v2\/tags?post=243595"}],"curies":[{"name":"wp","href":"https:\/\/api.w.org\/{rel}","templated":true}]}}