{"id":243585,"date":"2020-11-16T09:36:19","date_gmt":"2020-11-16T08:36:19","guid":{"rendered":"https:\/\/acefootball.com\/da\/?p=243585"},"modified":"2020-11-16T09:36:20","modified_gmt":"2020-11-16T08:36:20","slug":"rygte-psg-vil-kapre-gratis-real-madrid-stjerne","status":"publish","type":"post","link":"https:\/\/acefootball.com\/da\/fodboldnyheder\/rygte-psg-vil-kapre-gratis-real-madrid-stjerne\/","title":{"rendered":"Rygte: PSG vil kapre gratis Real Madrid-stjerne"},"content":{"rendered":"\n<h2 id=\"h-if-lge-det-spanske-medie-as-har-psg-planer-om-at-lokke-real-madrid-anf-rer-sergio-ramos-til-klubben-n-ste-sommer\">If\u00f8lge det spanske medie AS har PSG planer om at lokke Real Madrid-anf\u00f8rer Sergio Ramos til klubben n\u00e6ste sommer<\/h2>\n\n\n\n<p>For et par uger siden gik der rygter om, at Real Madrid var ved at forhandle en ny kontrakt p\u00e5 plads med Sergio Ramos, som st\u00e5r til udl\u00f8b n\u00e6ste \u00e5r.<\/p>\n\n\n\n<p>Det virker da ogs\u00e5 som en ren formalitet at f\u00e5 en ny aftale underskrevet, men nu har et vildt rygte set dagens lys i de spanske aviser.<\/p>\n\n\n\n<div class=\"wp-block-si-widget wp-block-si-widget--center\"><si-lb-widget widget-id=\"PlayerSeasonStatsSnap\" data-hide-controls=\"false\" width=\"440\" data-player-id=\"30962\" data-card=\"true\" data-theme-appearance=\"dark\"><\/si-lb-widget><\/div>\n\n\n\n<p>Det store medie <a href=\"https:\/\/as.com\/?omnaut=1\" target=\"_blank\" rel=\"noreferrer noopener\">AS <\/a>fort\u00e6ller s\u00e5ledes, at PSG skulle v\u00e6re ude p\u00e5 at snyde spanierne for deres anf\u00f8rer, og man er efter sigende klar til at give ham, hvad det skulle v\u00e6re.<\/p>\n\n\n\n<p>De pengest\u00e6rke franskm\u00e6nd er ikke nerv\u00f8se for Sergio Ramos&#8217; fremskredne alder og vil angiveligt tilbyde en tre\u00e5rig kontrakt med en \u00e5rlig l\u00f8n p\u00e5 150 millioner kroner.<\/p>\n\n\n\n<div class=\"wp-block-si-widget wp-block-si-widget--center\"><si-lb-widget widget-id=\"BookmakerPromotions\" data-nopadding=\"true\" data-transparent=\"true\" width=\"600\"><\/si-lb-widget><\/div>\n\n\n\n<p>Til mods\u00e6tning rygtes det, at Real Madrid kun vil tilbyde et enkelt \u00e5r mere, hvilket l\u00e6nge har v\u00e6ret klubbens politik i forhold til aldrende spillere.<\/p>\n\n\n\n<p>Sergio Ramos er fri til at forhandle med hvilken som helst klub fra og med den 1. januar.<\/p>\n","protected":false},"excerpt":{"rendered":"<p>If\u00f8lge det spanske medie AS har PSG planer om at lokke Real Madrid-anf\u00f8rer Sergio Ramos til klubben n\u00e6ste sommer<\/p>\n","protected":false},"author":705,"featured_media":242057,"comment_status":"open","ping_status":"closed","sticky":false,"template":"","format":"standard","meta":{"om_disable_all_campaigns":false,"push_articles_ronaldo":{"active":false,"canonical":0,"publish":false},"force_updates":null},"categories":[7],"tags":[303,397,461,85,655],"enet_tags":{"league":["87","53"],"team":["9847","8633"],"player":["30962"],"sport_events":[]},"yoast_head":"<!-- This site is optimized with the Yoast SEO plugin v18.3 - https:\/\/yoast.com\/wordpress\/plugins\/seo\/ -->\n<title>Rygte: PSG vil kapre gratis Real Madrid-stjerne<\/title>\n<meta name=\"description\" content=\"If\u00f8lge det spanske medie AS har PSG planer om at lokke Real Madrid-anf\u00f8rer Sergio Ramos til klubben n\u00e6ste sommer\" \/>\n<meta name=\"robots\" content=\"index, follow, max-snippet:-1, max-image-preview:large, max-video-preview:-1\" \/>\n<link rel=\"canonical\" href=\"https:\/\/acefootball.com\/da\/fodboldnyheder\/rygte-psg-vil-kapre-gratis-real-madrid-stjerne\/\" \/>\n<meta property=\"og:locale\" content=\"en_US\" \/>\n<meta property=\"og:type\" content=\"article\" \/>\n<meta property=\"og:title\" content=\"Rygte: PSG vil kapre gratis Real Madrid-stjerne\" \/>\n<meta property=\"og:description\" content=\"If\u00f8lge det spanske medie AS har PSG planer om at lokke Real Madrid-anf\u00f8rer Sergio Ramos til klubben n\u00e6ste sommer\" \/>\n<meta property=\"og:url\" content=\"https:\/\/acefootball.com\/da\/fodboldnyheder\/rygte-psg-vil-kapre-gratis-real-madrid-stjerne\/\" \/>\n<meta property=\"og:site_name\" content=\"Ace Football Danmark\" \/>\n<meta property=\"article:publisher\" content=\"https:\/\/www.facebook.com\/acefootballdk\" \/>\n<meta property=\"article:published_time\" content=\"2020-11-16T08:36:19+00:00\" \/>\n<meta property=\"article:modified_time\" content=\"2020-11-16T08:36:20+00:00\" \/>\n<meta property=\"og:image\" content=\"https:\/\/acefootball.com\/da\/wp-content\/uploads\/sites\/2\/2020\/11\/Ace-4.jpg\" \/>\n\t<meta property=\"og:image:width\" content=\"1920\" \/>\n\t<meta property=\"og:image:height\" content=\"1008\" \/>\n\t<meta property=\"og:image:type\" content=\"image\/jpeg\" \/>\n<meta name=\"twitter:card\" content=\"summary_large_image\" \/>\n<meta name=\"twitter:label1\" content=\"Written by\" \/>\n\t<meta name=\"twitter:data1\" content=\"Mads Dreyer\" \/>\n\t<meta name=\"twitter:label2\" content=\"Est. reading time\" \/>\n\t<meta name=\"twitter:data2\" content=\"1 minute\" \/>\n<script type=\"application\/ld+json\" class=\"yoast-schema-graph\">{\"@context\":\"https:\/\/schema.org\",\"@graph\":[{\"@type\":\"Organization\",\"@id\":\"https:\/\/acefootball.com\/da\/#organization\",\"name\":\"Ace Football\",\"url\":\"https:\/\/acefootball.com\/da\/\",\"sameAs\":[\"https:\/\/www.facebook.com\/acefootballdk\"],\"logo\":{\"@type\":\"ImageObject\",\"@id\":\"https:\/\/acefootball.com\/da\/#logo\",\"inLanguage\":\"en-US\",\"url\":\"https:\/\/acefootball.com\/da\/wp-content\/uploads\/sites\/2\/2020\/07\/Ace-Football-30-07-2020-2.png\",\"contentUrl\":\"https:\/\/acefootball.com\/da\/wp-content\/uploads\/sites\/2\/2020\/07\/Ace-Football-30-07-2020-2.png\",\"width\":1200,\"height\":600,\"caption\":\"Ace Football\"},\"image\":{\"@id\":\"https:\/\/acefootball.com\/da\/#logo\"}},{\"@type\":\"WebSite\",\"@id\":\"https:\/\/acefootball.com\/da\/#website\",\"url\":\"https:\/\/acefootball.com\/da\/\",\"name\":\"Ace Football Danmark\",\"description\":\"Nyheder, Spiltips &amp; Livescore\",\"publisher\":{\"@id\":\"https:\/\/acefootball.com\/da\/#organization\"},\"potentialAction\":[{\"@type\":\"SearchAction\",\"target\":{\"@type\":\"EntryPoint\",\"urlTemplate\":\"https:\/\/acefootball.com\/da\/?s={search_term_string}\"},\"query-input\":\"required name=search_term_string\"}],\"inLanguage\":\"en-US\"},{\"@type\":\"ImageObject\",\"@id\":\"https:\/\/acefootball.com\/da\/fodboldnyheder\/rygte-psg-vil-kapre-gratis-real-madrid-stjerne\/#primaryimage\",\"inLanguage\":\"en-US\",\"url\":\"https:\/\/acefootball.com\/da\/wp-content\/uploads\/sites\/2\/2020\/11\/Ace-4.jpg\",\"contentUrl\":\"https:\/\/acefootball.com\/da\/wp-content\/uploads\/sites\/2\/2020\/11\/Ace-4.jpg\",\"width\":1920,\"height\":1008},{\"@type\":\"WebPage\",\"@id\":\"https:\/\/acefootball.com\/da\/fodboldnyheder\/rygte-psg-vil-kapre-gratis-real-madrid-stjerne\/#webpage\",\"url\":\"https:\/\/acefootball.com\/da\/fodboldnyheder\/rygte-psg-vil-kapre-gratis-real-madrid-stjerne\/\",\"name\":\"Rygte: PSG vil kapre gratis Real Madrid-stjerne\",\"isPartOf\":{\"@id\":\"https:\/\/acefootball.com\/da\/#website\"},\"primaryImageOfPage\":{\"@id\":\"https:\/\/acefootball.com\/da\/fodboldnyheder\/rygte-psg-vil-kapre-gratis-real-madrid-stjerne\/#primaryimage\"},\"datePublished\":\"2020-11-16T08:36:19+00:00\",\"dateModified\":\"2020-11-16T08:36:20+00:00\",\"description\":\"If\u00f8lge det spanske medie AS har PSG planer om at lokke Real Madrid-anf\u00f8rer Sergio Ramos til klubben n\u00e6ste sommer\",\"breadcrumb\":{\"@id\":\"https:\/\/acefootball.com\/da\/fodboldnyheder\/rygte-psg-vil-kapre-gratis-real-madrid-stjerne\/#breadcrumb\"},\"inLanguage\":\"en-US\",\"potentialAction\":[{\"@type\":\"ReadAction\",\"target\":[\"https:\/\/acefootball.com\/da\/fodboldnyheder\/rygte-psg-vil-kapre-gratis-real-madrid-stjerne\/\"]}]},{\"@type\":\"BreadcrumbList\",\"@id\":\"https:\/\/acefootball.com\/da\/fodboldnyheder\/rygte-psg-vil-kapre-gratis-real-madrid-stjerne\/#breadcrumb\",\"itemListElement\":[{\"@type\":\"ListItem\",\"position\":1,\"name\":\"Home\",\"item\":\"https:\/\/acefootball.com\/da\/\"},{\"@type\":\"ListItem\",\"position\":2,\"name\":\"Rygte: PSG vil kapre gratis Real Madrid-stjerne\"}]},{\"@type\":\"Article\",\"@id\":\"https:\/\/acefootball.com\/da\/fodboldnyheder\/rygte-psg-vil-kapre-gratis-real-madrid-stjerne\/#article\",\"isPartOf\":{\"@id\":\"https:\/\/acefootball.com\/da\/fodboldnyheder\/rygte-psg-vil-kapre-gratis-real-madrid-stjerne\/#webpage\"},\"author\":{\"@id\":\"https:\/\/acefootball.com\/da\/#\/schema\/person\/ee67e9cf04a276f144100ffa722f10cd\"},\"headline\":\"Rygte: PSG vil kapre gratis Real Madrid-stjerne\",\"datePublished\":\"2020-11-16T08:36:19+00:00\",\"dateModified\":\"2020-11-16T08:36:20+00:00\",\"mainEntityOfPage\":{\"@id\":\"https:\/\/acefootball.com\/da\/fodboldnyheder\/rygte-psg-vil-kapre-gratis-real-madrid-stjerne\/#webpage\"},\"wordCount\":201,\"commentCount\":0,\"publisher\":{\"@id\":\"https:\/\/acefootball.com\/da\/#organization\"},\"image\":{\"@id\":\"https:\/\/acefootball.com\/da\/fodboldnyheder\/rygte-psg-vil-kapre-gratis-real-madrid-stjerne\/#primaryimage\"},\"thumbnailUrl\":\"https:\/\/acefootball.com\/da\/wp-content\/uploads\/sites\/2\/2020\/11\/GettyImages-1282561783.jpg\",\"keywords\":[\"La Liga\",\"Ligue 1\",\"Paris Saint-Germain\",\"Real Madrid\",\"Sergio Ramos\"],\"articleSection\":[\"Transfer\"],\"inLanguage\":\"en-US\",\"potentialAction\":[{\"@type\":\"CommentAction\",\"name\":\"Comment\",\"target\":[\"https:\/\/acefootball.com\/da\/fodboldnyheder\/rygte-psg-vil-kapre-gratis-real-madrid-stjerne\/#respond\"]}]},{\"@type\":\"Person\",\"@id\":\"https:\/\/acefootball.com\/da\/#\/schema\/person\/ee67e9cf04a276f144100ffa722f10cd\",\"name\":\"Mads Dreyer\",\"image\":{\"@type\":\"ImageObject\",\"@id\":\"https:\/\/acefootball.com\/da\/#personlogo\",\"inLanguage\":\"en-US\",\"url\":\"https:\/\/secure.gravatar.com\/avatar\/7c7abf72cfde9902b6a60efe60c88d4c?s=96&d=mm&r=g\",\"contentUrl\":\"https:\/\/secure.gravatar.com\/avatar\/7c7abf72cfde9902b6a60efe60c88d4c?s=96&d=mm&r=g\",\"caption\":\"Mads Dreyer\"},\"description\":\"Skribent og fodboldn\u00f8rd, der lige nu fort\u00e6ller om alt og intet i fodboldverdenen p\u00e5 acefootball.com. Uddannet i kommunikation fra Aalborg Universitet.\",\"sameAs\":[\"https:\/\/www.linkedin.com\/in\/mads-dreyer-b9b08266\/\"],\"url\":\"https:\/\/acefootball.com\/da\/fodboldnyheder\/author\/mdnronaldo\/\"}]}<\/script>\n<!-- \/ Yoast SEO plugin. -->","yoast_head_json":{"title":"Rygte: PSG vil kapre gratis Real Madrid-stjerne","description":"If\u00f8lge det spanske medie AS har PSG planer om at lokke Real Madrid-anf\u00f8rer Sergio Ramos til klubben n\u00e6ste sommer","robots":{"index":"index","follow":"follow","max-snippet":"max-snippet:-1","max-image-preview":"max-image-preview:large","max-video-preview":"max-video-preview:-1"},"canonical":"https:\/\/acefootball.com\/da\/fodboldnyheder\/rygte-psg-vil-kapre-gratis-real-madrid-stjerne\/","og_locale":"en_US","og_type":"article","og_title":"Rygte: PSG vil kapre gratis Real Madrid-stjerne","og_description":"If\u00f8lge det spanske medie AS har PSG planer om at lokke Real Madrid-anf\u00f8rer Sergio Ramos til klubben n\u00e6ste sommer","og_url":"https:\/\/acefootball.com\/da\/fodboldnyheder\/rygte-psg-vil-kapre-gratis-real-madrid-stjerne\/","og_site_name":"Ace Football Danmark","article_publisher":"https:\/\/www.facebook.com\/acefootballdk","article_published_time":"2020-11-16T08:36:19+00:00","article_modified_time":"2020-11-16T08:36:20+00:00","og_image":[{"width":1920,"height":1008,"url":"https:\/\/acefootball.com\/da\/wp-content\/uploads\/sites\/2\/2020\/11\/Ace-4.jpg","type":"image\/jpeg"}],"twitter_card":"summary_large_image","twitter_misc":{"Written by":"Mads Dreyer","Est. reading time":"1 minute"},"schema":{"@context":"https:\/\/schema.org","@graph":[{"@type":"Organization","@id":"https:\/\/acefootball.com\/da\/#organization","name":"Ace Football","url":"https:\/\/acefootball.com\/da\/","sameAs":["https:\/\/www.facebook.com\/acefootballdk"],"logo":{"@type":"ImageObject","@id":"https:\/\/acefootball.com\/da\/#logo","inLanguage":"en-US","url":"https:\/\/acefootball.com\/da\/wp-content\/uploads\/sites\/2\/2020\/07\/Ace-Football-30-07-2020-2.png","contentUrl":"https:\/\/acefootball.com\/da\/wp-content\/uploads\/sites\/2\/2020\/07\/Ace-Football-30-07-2020-2.png","width":1200,"height":600,"caption":"Ace Football"},"image":{"@id":"https:\/\/acefootball.com\/da\/#logo"}},{"@type":"WebSite","@id":"https:\/\/acefootball.com\/da\/#website","url":"https:\/\/acefootball.com\/da\/","name":"Ace Football Danmark","description":"Nyheder, Spiltips &amp; Livescore","publisher":{"@id":"https:\/\/acefootball.com\/da\/#organization"},"potentialAction":[{"@type":"SearchAction","target":{"@type":"EntryPoint","urlTemplate":"https:\/\/acefootball.com\/da\/?s={search_term_string}"},"query-input":"required name=search_term_string"}],"inLanguage":"en-US"},{"@type":"ImageObject","@id":"https:\/\/acefootball.com\/da\/fodboldnyheder\/rygte-psg-vil-kapre-gratis-real-madrid-stjerne\/#primaryimage","inLanguage":"en-US","url":"https:\/\/acefootball.com\/da\/wp-content\/uploads\/sites\/2\/2020\/11\/Ace-4.jpg","contentUrl":"https:\/\/acefootball.com\/da\/wp-content\/uploads\/sites\/2\/2020\/11\/Ace-4.jpg","width":1920,"height":1008},{"@type":"WebPage","@id":"https:\/\/acefootball.com\/da\/fodboldnyheder\/rygte-psg-vil-kapre-gratis-real-madrid-stjerne\/#webpage","url":"https:\/\/acefootball.com\/da\/fodboldnyheder\/rygte-psg-vil-kapre-gratis-real-madrid-stjerne\/","name":"Rygte: PSG vil kapre gratis Real Madrid-stjerne","isPartOf":{"@id":"https:\/\/acefootball.com\/da\/#website"},"primaryImageOfPage":{"@id":"https:\/\/acefootball.com\/da\/fodboldnyheder\/rygte-psg-vil-kapre-gratis-real-madrid-stjerne\/#primaryimage"},"datePublished":"2020-11-16T08:36:19+00:00","dateModified":"2020-11-16T08:36:20+00:00","description":"If\u00f8lge det spanske medie AS har PSG planer om at lokke Real Madrid-anf\u00f8rer Sergio Ramos til klubben n\u00e6ste sommer","breadcrumb":{"@id":"https:\/\/acefootball.com\/da\/fodboldnyheder\/rygte-psg-vil-kapre-gratis-real-madrid-stjerne\/#breadcrumb"},"inLanguage":"en-US","potentialAction":[{"@type":"ReadAction","target":["https:\/\/acefootball.com\/da\/fodboldnyheder\/rygte-psg-vil-kapre-gratis-real-madrid-stjerne\/"]}]},{"@type":"BreadcrumbList","@id":"https:\/\/acefootball.com\/da\/fodboldnyheder\/rygte-psg-vil-kapre-gratis-real-madrid-stjerne\/#breadcrumb","itemListElement":[{"@type":"ListItem","position":1,"name":"Home","item":"https:\/\/acefootball.com\/da\/"},{"@type":"ListItem","position":2,"name":"Rygte: PSG vil kapre gratis Real Madrid-stjerne"}]},{"@type":"Article","@id":"https:\/\/acefootball.com\/da\/fodboldnyheder\/rygte-psg-vil-kapre-gratis-real-madrid-stjerne\/#article","isPartOf":{"@id":"https:\/\/acefootball.com\/da\/fodboldnyheder\/rygte-psg-vil-kapre-gratis-real-madrid-stjerne\/#webpage"},"author":{"@id":"https:\/\/acefootball.com\/da\/#\/schema\/person\/ee67e9cf04a276f144100ffa722f10cd"},"headline":"Rygte: PSG vil kapre gratis Real Madrid-stjerne","datePublished":"2020-11-16T08:36:19+00:00","dateModified":"2020-11-16T08:36:20+00:00","mainEntityOfPage":{"@id":"https:\/\/acefootball.com\/da\/fodboldnyheder\/rygte-psg-vil-kapre-gratis-real-madrid-stjerne\/#webpage"},"wordCount":201,"commentCount":0,"publisher":{"@id":"https:\/\/acefootball.com\/da\/#organization"},"image":{"@id":"https:\/\/acefootball.com\/da\/fodboldnyheder\/rygte-psg-vil-kapre-gratis-real-madrid-stjerne\/#primaryimage"},"thumbnailUrl":"https:\/\/acefootball.com\/da\/wp-content\/uploads\/sites\/2\/2020\/11\/GettyImages-1282561783.jpg","keywords":["La Liga","Ligue 1","Paris Saint-Germain","Real Madrid","Sergio Ramos"],"articleSection":["Transfer"],"inLanguage":"en-US","potentialAction":[{"@type":"CommentAction","name":"Comment","target":["https:\/\/acefootball.com\/da\/fodboldnyheder\/rygte-psg-vil-kapre-gratis-real-madrid-stjerne\/#respond"]}]},{"@type":"Person","@id":"https:\/\/acefootball.com\/da\/#\/schema\/person\/ee67e9cf04a276f144100ffa722f10cd","name":"Mads Dreyer","image":{"@type":"ImageObject","@id":"https:\/\/acefootball.com\/da\/#personlogo","inLanguage":"en-US","url":"https:\/\/secure.gravatar.com\/avatar\/7c7abf72cfde9902b6a60efe60c88d4c?s=96&d=mm&r=g","contentUrl":"https:\/\/secure.gravatar.com\/avatar\/7c7abf72cfde9902b6a60efe60c88d4c?s=96&d=mm&r=g","caption":"Mads Dreyer"},"description":"Skribent og fodboldn\u00f8rd, der lige nu fort\u00e6ller om alt og intet i fodboldverdenen p\u00e5 acefootball.com. Uddannet i kommunikation fra Aalborg Universitet.","sameAs":["https:\/\/www.linkedin.com\/in\/mads-dreyer-b9b08266\/"],"url":"https:\/\/acefootball.com\/da\/fodboldnyheder\/author\/mdnronaldo\/"}]}},"fimg_url":"https:\/\/acefootball.com\/da\/wp-content\/uploads\/sites\/2\/2020\/11\/GettyImages-1282561783.jpg","_links":{"self":[{"href":"https:\/\/acefootball.com\/da\/wp-json\/wp\/v2\/posts\/243585"}],"collection":[{"href":"https:\/\/acefootball.com\/da\/wp-json\/wp\/v2\/posts"}],"about":[{"href":"https:\/\/acefootball.com\/da\/wp-json\/wp\/v2\/types\/post"}],"author":[{"embeddable":true,"href":"https:\/\/acefootball.com\/da\/wp-json\/wp\/v2\/users\/705"}],"replies":[{"embeddable":true,"href":"https:\/\/acefootball.com\/da\/wp-json\/wp\/v2\/comments?post=243585"}],"version-history":[{"count":0,"href":"https:\/\/acefootball.com\/da\/wp-json\/wp\/v2\/posts\/243585\/revisions"}],"wp:featuredmedia":[{"embeddable":true,"href":"https:\/\/acefootball.com\/da\/wp-json\/wp\/v2\/media\/242057"}],"wp:attachment":[{"href":"https:\/\/acefootball.com\/da\/wp-json\/wp\/v2\/media?parent=243585"}],"wp:term":[{"taxonomy":"category","embeddable":true,"href":"https:\/\/acefootball.com\/da\/wp-json\/wp\/v2\/categories?post=243585"},{"taxonomy":"post_tag","embeddable":true,"href":"https:\/\/acefootball.com\/da\/wp-json\/wp\/v2\/tags?post=243585"}],"curies":[{"name":"wp","href":"https:\/\/api.w.org\/{rel}","templated":true}]}}