{"id":243514,"date":"2020-11-15T12:57:00","date_gmt":"2020-11-15T11:57:00","guid":{"rendered":"https:\/\/acefootball.com\/da\/?p=243514"},"modified":"2020-11-15T12:58:20","modified_gmt":"2020-11-15T11:58:20","slug":"tidligere-fck-brasser-skal-vaere-futsal-traener-i-hilleroed","status":"publish","type":"post","link":"https:\/\/acefootball.com\/da\/fodboldnyheder\/tidligere-fck-brasser-skal-vaere-futsal-traener-i-hilleroed\/","title":{"rendered":"Tidligere FCK-brasser skal v\u00e6re futsal-tr\u00e6ner i Hiller\u00f8d"},"content":{"rendered":"\n<h2 id=\"h-39-rige-cesar-santin-har-fundet-sig-et-nyt-job-fremover-kommer-han-nemlig-til-at-st-i-spidsen-for-hiller-d-fodbolds-futsal-hold\">39-\u00e5rige Cesar Santin har fundet sig et nyt job. Fremover kommer han nemlig til at st\u00e5 i spidsen for Hiller\u00f8d Fodbolds futsal-hold <\/h2>\n\n\n\n<p>Det kan godt v\u00e6re, at fodboldst\u00f8vlerne er lagt p\u00e5 hylden, men Cesar Santin er langt fra f\u00e6rdig med dansk fodbold.<\/p>\n\n\n\n<p>Den forhenv\u00e6rende FC K\u00f8benhavn-spiller har nemlig sagt ja til at v\u00e6re cheftr\u00e6ner for Hiller\u00f8ds futsal-mandskab. Det bekr\u00e6fter Hiller\u00f8d Fodbold p\u00e5<a href=\"https:\/\/www.hilleroedfodbold.dk\/klubnyt\/santin-er-ny-traener-i-hilleroed-fodbold\/\" target=\"_blank\" rel=\"noreferrer noopener\"> deres hjemmeside.<\/a><\/p>\n\n\n\n<p>&#8220;Det er nyt for Santin at st\u00e5 som tr\u00e6ner, men han g\u00e5r til opgaven med stor iver og ydmyghed. Det er tydeligt, at han har en enorm erfaring p\u00e5 spillersiden at \u00f8se af, som han fors\u00f8ger at dele ud af p\u00e5 drengenes betingelser,&#8221; skriver klubben blandt andet om ans\u00e6ttelsen. <\/p>\n\n\n\n<p>Santin spillede for FC K\u00f8benhavn fra 2008 til 2013 og var i den periode med til at vinde fire mesterskaber og to udgaver af pokalturneringen. <\/p>\n\n\n\n<p>Efter perioder i APOEL, Kalmar og Aimor\u00e9 spillede brasilianeren sidste \u00e5r for Fremad Valby. <\/p>\n","protected":false},"excerpt":{"rendered":"<p>39-\u00e5rige Cesar Santin har fundet sig et nyt job. Fremover kommer han nemlig til at st\u00e5 i spidsen for Hiller\u00f8d Fodbolds futsal-hold <\/p>\n","protected":false},"author":347,"featured_media":243515,"comment_status":"open","ping_status":"closed","sticky":false,"template":"","format":"standard","meta":{"om_disable_all_campaigns":false,"push_articles_ronaldo":{"active":false,"canonical":0,"publish":false},"force_updates":null},"categories":[1],"tags":[4608,16,5243,588],"enet_tags":{"team":["8391","9940"],"league":["46"],"sport_events":[]},"yoast_head":"<!-- This site is optimized with the Yoast SEO plugin v18.3 - https:\/\/yoast.com\/wordpress\/plugins\/seo\/ -->\n<title>Tidligere FCK-brasser skal v\u00e6re futsal-tr\u00e6ner i Hiller\u00f8d<\/title>\n<meta name=\"description\" content=\"39-\u00e5rige Cesar Santin har fundet sig et nyt job. Fremover kommer han nemlig til at st\u00e5 i spidsen for Hiller\u00f8d Fodbolds futsal-hold\" \/>\n<meta name=\"robots\" content=\"index, follow, max-snippet:-1, max-image-preview:large, max-video-preview:-1\" \/>\n<link rel=\"canonical\" href=\"https:\/\/acefootball.com\/da\/fodboldnyheder\/tidligere-fck-brasser-skal-vaere-futsal-traener-i-hilleroed\/\" \/>\n<meta property=\"og:locale\" content=\"en_US\" \/>\n<meta property=\"og:type\" content=\"article\" \/>\n<meta property=\"og:title\" content=\"Tidligere FCK-brasser skal v\u00e6re futsal-tr\u00e6ner i Hiller\u00f8d\" \/>\n<meta property=\"og:description\" content=\"39-\u00e5rige Cesar Santin har fundet sig et nyt job. Fremover kommer han nemlig til at st\u00e5 i spidsen for Hiller\u00f8d Fodbolds futsal-hold\" \/>\n<meta property=\"og:url\" content=\"https:\/\/acefootball.com\/da\/fodboldnyheder\/tidligere-fck-brasser-skal-vaere-futsal-traener-i-hilleroed\/\" \/>\n<meta property=\"og:site_name\" content=\"Ace Football Danmark\" \/>\n<meta property=\"article:publisher\" content=\"https:\/\/www.facebook.com\/acefootballdk\" \/>\n<meta property=\"article:published_time\" content=\"2020-11-15T11:57:00+00:00\" \/>\n<meta property=\"article:modified_time\" content=\"2020-11-15T11:58:20+00:00\" \/>\n<meta property=\"og:image\" content=\"https:\/\/acefootball.com\/da\/wp-content\/uploads\/sites\/2\/2020\/11\/Ace-16-4.jpg\" \/>\n\t<meta property=\"og:image:width\" content=\"1920\" \/>\n\t<meta property=\"og:image:height\" content=\"1008\" \/>\n\t<meta property=\"og:image:type\" content=\"image\/jpeg\" \/>\n<meta name=\"twitter:card\" content=\"summary_large_image\" \/>\n<meta name=\"twitter:label1\" content=\"Written by\" \/>\n\t<meta name=\"twitter:data1\" content=\"Nicolaj M. J\u00f8rgensen\" \/>\n\t<meta name=\"twitter:label2\" content=\"Est. reading time\" \/>\n\t<meta name=\"twitter:data2\" content=\"1 minute\" \/>\n<script type=\"application\/ld+json\" class=\"yoast-schema-graph\">{\"@context\":\"https:\/\/schema.org\",\"@graph\":[{\"@type\":\"Organization\",\"@id\":\"https:\/\/acefootball.com\/da\/#organization\",\"name\":\"Ace Football\",\"url\":\"https:\/\/acefootball.com\/da\/\",\"sameAs\":[\"https:\/\/www.facebook.com\/acefootballdk\"],\"logo\":{\"@type\":\"ImageObject\",\"@id\":\"https:\/\/acefootball.com\/da\/#logo\",\"inLanguage\":\"en-US\",\"url\":\"https:\/\/acefootball.com\/da\/wp-content\/uploads\/sites\/2\/2020\/07\/Ace-Football-30-07-2020-2.png\",\"contentUrl\":\"https:\/\/acefootball.com\/da\/wp-content\/uploads\/sites\/2\/2020\/07\/Ace-Football-30-07-2020-2.png\",\"width\":1200,\"height\":600,\"caption\":\"Ace Football\"},\"image\":{\"@id\":\"https:\/\/acefootball.com\/da\/#logo\"}},{\"@type\":\"WebSite\",\"@id\":\"https:\/\/acefootball.com\/da\/#website\",\"url\":\"https:\/\/acefootball.com\/da\/\",\"name\":\"Ace Football Danmark\",\"description\":\"Nyheder, Spiltips &amp; Livescore\",\"publisher\":{\"@id\":\"https:\/\/acefootball.com\/da\/#organization\"},\"potentialAction\":[{\"@type\":\"SearchAction\",\"target\":{\"@type\":\"EntryPoint\",\"urlTemplate\":\"https:\/\/acefootball.com\/da\/?s={search_term_string}\"},\"query-input\":\"required name=search_term_string\"}],\"inLanguage\":\"en-US\"},{\"@type\":\"ImageObject\",\"@id\":\"https:\/\/acefootball.com\/da\/fodboldnyheder\/tidligere-fck-brasser-skal-vaere-futsal-traener-i-hilleroed\/#primaryimage\",\"inLanguage\":\"en-US\",\"url\":\"https:\/\/acefootball.com\/da\/wp-content\/uploads\/sites\/2\/2020\/11\/Ace-16-4.jpg\",\"contentUrl\":\"https:\/\/acefootball.com\/da\/wp-content\/uploads\/sites\/2\/2020\/11\/Ace-16-4.jpg\",\"width\":1920,\"height\":1008},{\"@type\":\"WebPage\",\"@id\":\"https:\/\/acefootball.com\/da\/fodboldnyheder\/tidligere-fck-brasser-skal-vaere-futsal-traener-i-hilleroed\/#webpage\",\"url\":\"https:\/\/acefootball.com\/da\/fodboldnyheder\/tidligere-fck-brasser-skal-vaere-futsal-traener-i-hilleroed\/\",\"name\":\"Tidligere FCK-brasser skal v\u00e6re futsal-tr\u00e6ner i Hiller\u00f8d\",\"isPartOf\":{\"@id\":\"https:\/\/acefootball.com\/da\/#website\"},\"primaryImageOfPage\":{\"@id\":\"https:\/\/acefootball.com\/da\/fodboldnyheder\/tidligere-fck-brasser-skal-vaere-futsal-traener-i-hilleroed\/#primaryimage\"},\"datePublished\":\"2020-11-15T11:57:00+00:00\",\"dateModified\":\"2020-11-15T11:58:20+00:00\",\"description\":\"39-\u00e5rige Cesar Santin har fundet sig et nyt job. Fremover kommer han nemlig til at st\u00e5 i spidsen for Hiller\u00f8d Fodbolds futsal-hold\",\"breadcrumb\":{\"@id\":\"https:\/\/acefootball.com\/da\/fodboldnyheder\/tidligere-fck-brasser-skal-vaere-futsal-traener-i-hilleroed\/#breadcrumb\"},\"inLanguage\":\"en-US\",\"potentialAction\":[{\"@type\":\"ReadAction\",\"target\":[\"https:\/\/acefootball.com\/da\/fodboldnyheder\/tidligere-fck-brasser-skal-vaere-futsal-traener-i-hilleroed\/\"]}]},{\"@type\":\"BreadcrumbList\",\"@id\":\"https:\/\/acefootball.com\/da\/fodboldnyheder\/tidligere-fck-brasser-skal-vaere-futsal-traener-i-hilleroed\/#breadcrumb\",\"itemListElement\":[{\"@type\":\"ListItem\",\"position\":1,\"name\":\"Home\",\"item\":\"https:\/\/acefootball.com\/da\/\"},{\"@type\":\"ListItem\",\"position\":2,\"name\":\"Tidligere FCK-brasser skal v\u00e6re futsal-tr\u00e6ner i Hiller\u00f8d\"}]},{\"@type\":\"Article\",\"@id\":\"https:\/\/acefootball.com\/da\/fodboldnyheder\/tidligere-fck-brasser-skal-vaere-futsal-traener-i-hilleroed\/#article\",\"isPartOf\":{\"@id\":\"https:\/\/acefootball.com\/da\/fodboldnyheder\/tidligere-fck-brasser-skal-vaere-futsal-traener-i-hilleroed\/#webpage\"},\"author\":{\"@id\":\"https:\/\/acefootball.com\/da\/#\/schema\/person\/cc86c6803d8c93f30230e4dbed2a3844\"},\"headline\":\"Tidligere FCK-brasser skal v\u00e6re futsal-tr\u00e6ner i Hiller\u00f8d\",\"datePublished\":\"2020-11-15T11:57:00+00:00\",\"dateModified\":\"2020-11-15T11:58:20+00:00\",\"mainEntityOfPage\":{\"@id\":\"https:\/\/acefootball.com\/da\/fodboldnyheder\/tidligere-fck-brasser-skal-vaere-futsal-traener-i-hilleroed\/#webpage\"},\"wordCount\":177,\"commentCount\":0,\"publisher\":{\"@id\":\"https:\/\/acefootball.com\/da\/#organization\"},\"image\":{\"@id\":\"https:\/\/acefootball.com\/da\/fodboldnyheder\/tidligere-fck-brasser-skal-vaere-futsal-traener-i-hilleroed\/#primaryimage\"},\"thumbnailUrl\":\"https:\/\/acefootball.com\/da\/wp-content\/uploads\/sites\/2\/2020\/11\/GettyImages-504196413.jpg\",\"keywords\":[\"Cesar Santin\",\"FC K\u00f8benhavn\",\"Hiller\u00f8d\",\"Superligaen\"],\"articleSection\":[\"Nyhed\"],\"inLanguage\":\"en-US\",\"potentialAction\":[{\"@type\":\"CommentAction\",\"name\":\"Comment\",\"target\":[\"https:\/\/acefootball.com\/da\/fodboldnyheder\/tidligere-fck-brasser-skal-vaere-futsal-traener-i-hilleroed\/#respond\"]}]},{\"@type\":\"Person\",\"@id\":\"https:\/\/acefootball.com\/da\/#\/schema\/person\/cc86c6803d8c93f30230e4dbed2a3844\",\"name\":\"Nicolaj M. J\u00f8rgensen\",\"image\":{\"@type\":\"ImageObject\",\"@id\":\"https:\/\/acefootball.com\/da\/#personlogo\",\"inLanguage\":\"en-US\",\"url\":\"https:\/\/secure.gravatar.com\/avatar\/757fd92a7fd5c1d31c37aee3425e7f74?s=96&d=mm&r=g\",\"contentUrl\":\"https:\/\/secure.gravatar.com\/avatar\/757fd92a7fd5c1d31c37aee3425e7f74?s=96&d=mm&r=g\",\"caption\":\"Nicolaj M. J\u00f8rgensen\"},\"url\":\"https:\/\/acefootball.com\/da\/fodboldnyheder\/author\/nicolajmortenj\/\"}]}<\/script>\n<!-- \/ Yoast SEO plugin. -->","yoast_head_json":{"title":"Tidligere FCK-brasser skal v\u00e6re futsal-tr\u00e6ner i Hiller\u00f8d","description":"39-\u00e5rige Cesar Santin har fundet sig et nyt job. Fremover kommer han nemlig til at st\u00e5 i spidsen for Hiller\u00f8d Fodbolds futsal-hold","robots":{"index":"index","follow":"follow","max-snippet":"max-snippet:-1","max-image-preview":"max-image-preview:large","max-video-preview":"max-video-preview:-1"},"canonical":"https:\/\/acefootball.com\/da\/fodboldnyheder\/tidligere-fck-brasser-skal-vaere-futsal-traener-i-hilleroed\/","og_locale":"en_US","og_type":"article","og_title":"Tidligere FCK-brasser skal v\u00e6re futsal-tr\u00e6ner i Hiller\u00f8d","og_description":"39-\u00e5rige Cesar Santin har fundet sig et nyt job. Fremover kommer han nemlig til at st\u00e5 i spidsen for Hiller\u00f8d Fodbolds futsal-hold","og_url":"https:\/\/acefootball.com\/da\/fodboldnyheder\/tidligere-fck-brasser-skal-vaere-futsal-traener-i-hilleroed\/","og_site_name":"Ace Football Danmark","article_publisher":"https:\/\/www.facebook.com\/acefootballdk","article_published_time":"2020-11-15T11:57:00+00:00","article_modified_time":"2020-11-15T11:58:20+00:00","og_image":[{"width":1920,"height":1008,"url":"https:\/\/acefootball.com\/da\/wp-content\/uploads\/sites\/2\/2020\/11\/Ace-16-4.jpg","type":"image\/jpeg"}],"twitter_card":"summary_large_image","twitter_misc":{"Written by":"Nicolaj M. J\u00f8rgensen","Est. reading time":"1 minute"},"schema":{"@context":"https:\/\/schema.org","@graph":[{"@type":"Organization","@id":"https:\/\/acefootball.com\/da\/#organization","name":"Ace Football","url":"https:\/\/acefootball.com\/da\/","sameAs":["https:\/\/www.facebook.com\/acefootballdk"],"logo":{"@type":"ImageObject","@id":"https:\/\/acefootball.com\/da\/#logo","inLanguage":"en-US","url":"https:\/\/acefootball.com\/da\/wp-content\/uploads\/sites\/2\/2020\/07\/Ace-Football-30-07-2020-2.png","contentUrl":"https:\/\/acefootball.com\/da\/wp-content\/uploads\/sites\/2\/2020\/07\/Ace-Football-30-07-2020-2.png","width":1200,"height":600,"caption":"Ace Football"},"image":{"@id":"https:\/\/acefootball.com\/da\/#logo"}},{"@type":"WebSite","@id":"https:\/\/acefootball.com\/da\/#website","url":"https:\/\/acefootball.com\/da\/","name":"Ace Football Danmark","description":"Nyheder, Spiltips &amp; Livescore","publisher":{"@id":"https:\/\/acefootball.com\/da\/#organization"},"potentialAction":[{"@type":"SearchAction","target":{"@type":"EntryPoint","urlTemplate":"https:\/\/acefootball.com\/da\/?s={search_term_string}"},"query-input":"required name=search_term_string"}],"inLanguage":"en-US"},{"@type":"ImageObject","@id":"https:\/\/acefootball.com\/da\/fodboldnyheder\/tidligere-fck-brasser-skal-vaere-futsal-traener-i-hilleroed\/#primaryimage","inLanguage":"en-US","url":"https:\/\/acefootball.com\/da\/wp-content\/uploads\/sites\/2\/2020\/11\/Ace-16-4.jpg","contentUrl":"https:\/\/acefootball.com\/da\/wp-content\/uploads\/sites\/2\/2020\/11\/Ace-16-4.jpg","width":1920,"height":1008},{"@type":"WebPage","@id":"https:\/\/acefootball.com\/da\/fodboldnyheder\/tidligere-fck-brasser-skal-vaere-futsal-traener-i-hilleroed\/#webpage","url":"https:\/\/acefootball.com\/da\/fodboldnyheder\/tidligere-fck-brasser-skal-vaere-futsal-traener-i-hilleroed\/","name":"Tidligere FCK-brasser skal v\u00e6re futsal-tr\u00e6ner i Hiller\u00f8d","isPartOf":{"@id":"https:\/\/acefootball.com\/da\/#website"},"primaryImageOfPage":{"@id":"https:\/\/acefootball.com\/da\/fodboldnyheder\/tidligere-fck-brasser-skal-vaere-futsal-traener-i-hilleroed\/#primaryimage"},"datePublished":"2020-11-15T11:57:00+00:00","dateModified":"2020-11-15T11:58:20+00:00","description":"39-\u00e5rige Cesar Santin har fundet sig et nyt job. Fremover kommer han nemlig til at st\u00e5 i spidsen for Hiller\u00f8d Fodbolds futsal-hold","breadcrumb":{"@id":"https:\/\/acefootball.com\/da\/fodboldnyheder\/tidligere-fck-brasser-skal-vaere-futsal-traener-i-hilleroed\/#breadcrumb"},"inLanguage":"en-US","potentialAction":[{"@type":"ReadAction","target":["https:\/\/acefootball.com\/da\/fodboldnyheder\/tidligere-fck-brasser-skal-vaere-futsal-traener-i-hilleroed\/"]}]},{"@type":"BreadcrumbList","@id":"https:\/\/acefootball.com\/da\/fodboldnyheder\/tidligere-fck-brasser-skal-vaere-futsal-traener-i-hilleroed\/#breadcrumb","itemListElement":[{"@type":"ListItem","position":1,"name":"Home","item":"https:\/\/acefootball.com\/da\/"},{"@type":"ListItem","position":2,"name":"Tidligere FCK-brasser skal v\u00e6re futsal-tr\u00e6ner i Hiller\u00f8d"}]},{"@type":"Article","@id":"https:\/\/acefootball.com\/da\/fodboldnyheder\/tidligere-fck-brasser-skal-vaere-futsal-traener-i-hilleroed\/#article","isPartOf":{"@id":"https:\/\/acefootball.com\/da\/fodboldnyheder\/tidligere-fck-brasser-skal-vaere-futsal-traener-i-hilleroed\/#webpage"},"author":{"@id":"https:\/\/acefootball.com\/da\/#\/schema\/person\/cc86c6803d8c93f30230e4dbed2a3844"},"headline":"Tidligere FCK-brasser skal v\u00e6re futsal-tr\u00e6ner i Hiller\u00f8d","datePublished":"2020-11-15T11:57:00+00:00","dateModified":"2020-11-15T11:58:20+00:00","mainEntityOfPage":{"@id":"https:\/\/acefootball.com\/da\/fodboldnyheder\/tidligere-fck-brasser-skal-vaere-futsal-traener-i-hilleroed\/#webpage"},"wordCount":177,"commentCount":0,"publisher":{"@id":"https:\/\/acefootball.com\/da\/#organization"},"image":{"@id":"https:\/\/acefootball.com\/da\/fodboldnyheder\/tidligere-fck-brasser-skal-vaere-futsal-traener-i-hilleroed\/#primaryimage"},"thumbnailUrl":"https:\/\/acefootball.com\/da\/wp-content\/uploads\/sites\/2\/2020\/11\/GettyImages-504196413.jpg","keywords":["Cesar Santin","FC K\u00f8benhavn","Hiller\u00f8d","Superligaen"],"articleSection":["Nyhed"],"inLanguage":"en-US","potentialAction":[{"@type":"CommentAction","name":"Comment","target":["https:\/\/acefootball.com\/da\/fodboldnyheder\/tidligere-fck-brasser-skal-vaere-futsal-traener-i-hilleroed\/#respond"]}]},{"@type":"Person","@id":"https:\/\/acefootball.com\/da\/#\/schema\/person\/cc86c6803d8c93f30230e4dbed2a3844","name":"Nicolaj M. J\u00f8rgensen","image":{"@type":"ImageObject","@id":"https:\/\/acefootball.com\/da\/#personlogo","inLanguage":"en-US","url":"https:\/\/secure.gravatar.com\/avatar\/757fd92a7fd5c1d31c37aee3425e7f74?s=96&d=mm&r=g","contentUrl":"https:\/\/secure.gravatar.com\/avatar\/757fd92a7fd5c1d31c37aee3425e7f74?s=96&d=mm&r=g","caption":"Nicolaj M. J\u00f8rgensen"},"url":"https:\/\/acefootball.com\/da\/fodboldnyheder\/author\/nicolajmortenj\/"}]}},"fimg_url":"https:\/\/acefootball.com\/da\/wp-content\/uploads\/sites\/2\/2020\/11\/GettyImages-504196413.jpg","_links":{"self":[{"href":"https:\/\/acefootball.com\/da\/wp-json\/wp\/v2\/posts\/243514"}],"collection":[{"href":"https:\/\/acefootball.com\/da\/wp-json\/wp\/v2\/posts"}],"about":[{"href":"https:\/\/acefootball.com\/da\/wp-json\/wp\/v2\/types\/post"}],"author":[{"embeddable":true,"href":"https:\/\/acefootball.com\/da\/wp-json\/wp\/v2\/users\/347"}],"replies":[{"embeddable":true,"href":"https:\/\/acefootball.com\/da\/wp-json\/wp\/v2\/comments?post=243514"}],"version-history":[{"count":0,"href":"https:\/\/acefootball.com\/da\/wp-json\/wp\/v2\/posts\/243514\/revisions"}],"wp:featuredmedia":[{"embeddable":true,"href":"https:\/\/acefootball.com\/da\/wp-json\/wp\/v2\/media\/243515"}],"wp:attachment":[{"href":"https:\/\/acefootball.com\/da\/wp-json\/wp\/v2\/media?parent=243514"}],"wp:term":[{"taxonomy":"category","embeddable":true,"href":"https:\/\/acefootball.com\/da\/wp-json\/wp\/v2\/categories?post=243514"},{"taxonomy":"post_tag","embeddable":true,"href":"https:\/\/acefootball.com\/da\/wp-json\/wp\/v2\/tags?post=243514"}],"curies":[{"name":"wp","href":"https:\/\/api.w.org\/{rel}","templated":true}]}}