{"id":243382,"date":"2020-11-13T14:55:48","date_gmt":"2020-11-13T13:55:48","guid":{"rendered":"https:\/\/acefootball.com\/da\/?p=243382"},"modified":"2020-11-13T14:55:49","modified_gmt":"2020-11-13T13:55:49","slug":"broendby-fans-kan-ikke-blive-enige-skal-niels-frederiksen-fortsaette","status":"publish","type":"post","link":"https:\/\/acefootball.com\/da\/fodboldnyheder\/broendby-fans-kan-ikke-blive-enige-skal-niels-frederiksen-fortsaette\/","title":{"rendered":"Br\u00f8ndby-fans kan ikke blive enige: Skal Niels Frederiksen forts\u00e6tte?"},"content":{"rendered":"\n<h2 id=\"h-niels-frederiksens-fremtid-i-br-ndby-er-op-til-debat-og-det-er-noget-der-har-f-et-twitter-verdenen-i-gang-med-diskussionen\">Niels Frederiksens fremtid i Br\u00f8ndby er op til debat, og det er noget, der har f\u00e5et Twitter-verdenen i gang med diskussionen<\/h2>\n\n\n\n<p>Der er sat fornyet gang i debatten om, hvorvidt Br\u00f8ndby IF b\u00f8r forl\u00e6nge med Niels Frederiksen, som st\u00e5r til kontraktudl\u00f8b efter indev\u00e6rende s\u00e6son.<\/p>\n\n\n\n<p>Den 50-\u00e5rige cheftr\u00e6ner har ogs\u00e5 givet udtryk for, at parterne lige nu ser hinanden an, og at man ikke er n\u00e5et frem til nogen konklusion p\u00e5 problemstillingen.<\/p>\n\n\n\n<p>Det samme g\u00f8r sig g\u00e6ldende p\u00e5 Twitter, hvor diskussionen forts\u00e6tter, da de mange Br\u00f8ndby-fans heller ikke helt kan blive enige om, hvad der skal ske med Niels Frederiksen.<\/p>\n\n\n\n<figure class=\"wp-block-embed-wordpress wp-block-embed is-type-wp-embed is-provider-ace-football-danmark\"><div class=\"wp-block-embed__wrapper\">\n<blockquote class=\"wp-embedded-content\" data-secret=\"IbBs4sVZrL\"><a href=\"https:\/\/acefootball.com\/da\/fodboldnyheder\/afstemning-boer-broendby-forlaenge-med-niels-frederiksen\/\">Afstemning: B\u00f8r Br\u00f8ndby forl\u00e6nge med Niels Frederiksen?<\/a><\/blockquote><iframe class=\"wp-embedded-content\" sandbox=\"allow-scripts\" security=\"restricted\" style=\"position: absolute; clip: rect(1px, 1px, 1px, 1px);\" title=\"&#8220;Afstemning: B\u00f8r Br\u00f8ndby forl\u00e6nge med Niels Frederiksen?&#8221; &#8212; Ace Football Danmark\" src=\"https:\/\/acefootball.com\/da\/fodboldnyheder\/afstemning-boer-broendby-forlaenge-med-niels-frederiksen\/embed\/#?secret=IbBs4sVZrL\" data-secret=\"IbBs4sVZrL\" width=\"600\" height=\"338\" frameborder=\"0\" marginwidth=\"0\" marginheight=\"0\" scrolling=\"no\"><\/iframe>\n<\/div><\/figure>\n\n\n\n<p>Flere brugere st\u00f8tter op om det projekt, den tidligere U21-landsholdstr\u00e6ner har s\u00f8sat p\u00e5 Vestegnen, mens andre ikke ser ham som den langsigtede l\u00f8sning.<\/p>\n\n\n\n<p>Du kan se et udvalg af kommentarerne herunder.<\/p>\n\n\n\n<figure class=\"wp-block-embed-twitter wp-block-embed is-type-rich is-provider-twitter\"><div class=\"wp-block-embed__wrapper\">\n<blockquote class=\"twitter-tweet\" data-width=\"550\" data-dnt=\"true\"><p lang=\"da\" dir=\"ltr\">Forl\u00e6ng med Niels Frederiksen nu!<br>Unge spillere, danske spillere, til tider det rigtige udtryk.<br>Giv manden mere tid &#8211; tag det lange lys p\u00e5&#8230;<a href=\"https:\/\/twitter.com\/hashtag\/br%C3%B8ndby?src=hash&amp;ref_src=twsrc%5Etfw\">#br\u00f8ndby<\/a> <a href=\"https:\/\/twitter.com\/hashtag\/bif?src=hash&amp;ref_src=twsrc%5Etfw\">#bif<\/a><\/p>&mdash; kiropraktoren (@Bechsen) <a href=\"https:\/\/twitter.com\/Bechsen\/status\/1327208704857567233?ref_src=twsrc%5Etfw\">November 13, 2020<\/a><\/blockquote><script async src=\"https:\/\/platform.twitter.com\/widgets.js\" charset=\"utf-8\"><\/script>\n<\/div><\/figure>\n\n\n\n<figure class=\"wp-block-embed-twitter wp-block-embed is-type-rich is-provider-twitter\"><div class=\"wp-block-embed__wrapper\">\n<blockquote class=\"twitter-tweet\" data-width=\"550\" data-dnt=\"true\"><p lang=\"da\" dir=\"ltr\">L\u00e6ser en del debat om NF herinde. Mange mener ikke, at han kan l\u00f8fte Br\u00f8ndby et skridt op &#8230;<br><br>Jeg vil vove den p\u00e5stand, at det har han allerede gjort. Fra 0 danskere og dyre (fejl-)k\u00f8b, til nu at have et hold b\u00e5ret af Masterclass, er i min verden et k\u00e6mpe skridt op \ud83e\udd37<\/p>&mdash; Teis Markfoged (@markfoged) <a href=\"https:\/\/twitter.com\/markfoged\/status\/1327200078386372610?ref_src=twsrc%5Etfw\">November 13, 2020<\/a><\/blockquote><script async src=\"https:\/\/platform.twitter.com\/widgets.js\" charset=\"utf-8\"><\/script>\n<\/div><\/figure>\n\n\n\n<figure class=\"wp-block-embed-twitter wp-block-embed is-type-rich is-provider-twitter\"><div class=\"wp-block-embed__wrapper\">\n<blockquote class=\"twitter-tweet\" data-width=\"550\" data-dnt=\"true\"><p lang=\"da\" dir=\"ltr\">Jeg tror s\u00e5 du tager fej\u00e6. Tror mange er imod fyringen. Men det kan jeg jo ikke bevise. Men NF st\u00f8rste fejl er at han ikke har et spillekoncept. Han er praugmatisk og det er fint nok men i Br\u00f8ndby skal der v\u00e6re krav til spillestilen.<\/p>&mdash; Alek (@AlekH85368540) <a href=\"https:\/\/twitter.com\/AlekH85368540\/status\/1327196173627772928?ref_src=twsrc%5Etfw\">November 13, 2020<\/a><\/blockquote><script async src=\"https:\/\/platform.twitter.com\/widgets.js\" charset=\"utf-8\"><\/script>\n<\/div><\/figure>\n\n\n\n<figure class=\"wp-block-embed-twitter wp-block-embed is-type-rich is-provider-twitter\"><div class=\"wp-block-embed__wrapper\">\n<blockquote class=\"twitter-tweet\" data-width=\"550\" data-dnt=\"true\"><p lang=\"da\" dir=\"ltr\">NF er jo en overgangsfigur. Tror aldrig det har v\u00e6ret planen, at NF skulle f\u00f8re Br\u00f8ndby til guld og gr\u00f8nne skove. Han skulle stabilisere holdet og bygge bro til MC. En bro AZ var medvirkende til at spr\u00e6nge i luften.<\/p>&mdash; UncleCracker (@OnkelCrack) <a href=\"https:\/\/twitter.com\/OnkelCrack\/status\/1327195708613648384?ref_src=twsrc%5Etfw\">November 13, 2020<\/a><\/blockquote><script async src=\"https:\/\/platform.twitter.com\/widgets.js\" charset=\"utf-8\"><\/script>\n<\/div><\/figure>\n\n\n\n<figure class=\"wp-block-embed-twitter wp-block-embed is-type-rich is-provider-twitter\"><div class=\"wp-block-embed__wrapper\">\n<blockquote class=\"twitter-tweet\" data-width=\"550\" data-dnt=\"true\"><p lang=\"da\" dir=\"ltr\">NF passer til den profil, som man \u00f8nsker som tr\u00e6ner i Br\u00f8ndby. Han toppr\u00e6sterer ikke endnu, men g\u00f8r det dog over middel og is\u00e6r med materialet taget i betragtning. Jeg mangler en klar udmelding fra ledelsen omkring, hvad man egentlig har t\u00e6nkt sig. Det her skaber blot uro.<\/p>&mdash; Mikey78 \ud83d\udc99\ud83d\udc9b (@mikey78dk) <a href=\"https:\/\/twitter.com\/mikey78dk\/status\/1327157719304974339?ref_src=twsrc%5Etfw\">November 13, 2020<\/a><\/blockquote><script async src=\"https:\/\/platform.twitter.com\/widgets.js\" charset=\"utf-8\"><\/script>\n<\/div><\/figure>\n\n\n\n<figure class=\"wp-block-embed-twitter wp-block-embed is-type-rich is-provider-twitter\"><div class=\"wp-block-embed__wrapper\">\n<blockquote class=\"twitter-tweet\" data-width=\"550\" data-dnt=\"true\"><p lang=\"da\" dir=\"ltr\">Fuldst\u00e6ndig sindssyg beslutning hvis Niels Frederiksen ikke forl\u00e6nges&#8230; s\u00e5 kan man starte forfra p\u00e5 et ellers lovende projekt. <a href=\"https:\/\/twitter.com\/hashtag\/sldk?src=hash&amp;ref_src=twsrc%5Etfw\">#sldk<\/a><\/p>&mdash; Patrick Johansen \ud83c\udde9\ud83c\uddf0\/\ud83c\uddf0\ud83c\uddf5 (@RedSpikey8) <a href=\"https:\/\/twitter.com\/RedSpikey8\/status\/1327196842501746689?ref_src=twsrc%5Etfw\">November 13, 2020<\/a><\/blockquote><script async src=\"https:\/\/platform.twitter.com\/widgets.js\" charset=\"utf-8\"><\/script>\n<\/div><\/figure>\n","protected":false},"excerpt":{"rendered":"<p>Niels Frederiksens fremtid i Br\u00f8ndby er op til debat, og det er noget, der har f\u00e5et Twitter-verdenen i gang med diskussionen<\/p>\n","protected":false},"author":705,"featured_media":242683,"comment_status":"open","ping_status":"closed","sticky":false,"template":"","format":"standard","meta":{"om_disable_all_campaigns":false,"push_articles_ronaldo":{"active":false,"canonical":0,"publish":false},"force_updates":null},"categories":[8060],"tags":[53,812,588],"enet_tags":{"team":["8595"],"player":["183862"],"league":["46"],"sport_events":[]},"yoast_head":"<!-- This site is optimized with the Yoast SEO plugin v18.3 - https:\/\/yoast.com\/wordpress\/plugins\/seo\/ -->\n<title>Br\u00f8ndby-fans kan ikke blive enige: Skal Niels Frederiksen forts\u00e6tte?<\/title>\n<meta name=\"description\" content=\"Niels Frederiksens fremtid i Br\u00f8ndby er op til debat, og det er noget, der har f\u00e5et Twitter-verdenen i gang med diskussionen\" \/>\n<meta name=\"robots\" content=\"index, follow, max-snippet:-1, max-image-preview:large, max-video-preview:-1\" \/>\n<link rel=\"canonical\" href=\"https:\/\/acefootball.com\/da\/fodboldnyheder\/broendby-fans-kan-ikke-blive-enige-skal-niels-frederiksen-fortsaette\/\" \/>\n<meta property=\"og:locale\" content=\"en_US\" \/>\n<meta property=\"og:type\" content=\"article\" \/>\n<meta property=\"og:title\" content=\"Br\u00f8ndby-fans kan ikke blive enige: Skal Niels Frederiksen forts\u00e6tte?\" \/>\n<meta property=\"og:description\" content=\"Niels Frederiksens fremtid i Br\u00f8ndby er op til debat, og det er noget, der har f\u00e5et Twitter-verdenen i gang med diskussionen\" \/>\n<meta property=\"og:url\" content=\"https:\/\/acefootball.com\/da\/fodboldnyheder\/broendby-fans-kan-ikke-blive-enige-skal-niels-frederiksen-fortsaette\/\" \/>\n<meta property=\"og:site_name\" content=\"Ace Football Danmark\" \/>\n<meta property=\"article:publisher\" content=\"https:\/\/www.facebook.com\/acefootballdk\" \/>\n<meta property=\"article:published_time\" content=\"2020-11-13T13:55:48+00:00\" \/>\n<meta property=\"article:modified_time\" content=\"2020-11-13T13:55:49+00:00\" \/>\n<meta property=\"og:image\" content=\"https:\/\/acefootball.com\/da\/wp-content\/uploads\/sites\/2\/2020\/11\/Broendby-3-2.jpg\" \/>\n\t<meta property=\"og:image:width\" content=\"1920\" \/>\n\t<meta property=\"og:image:height\" content=\"1008\" \/>\n\t<meta property=\"og:image:type\" content=\"image\/jpeg\" \/>\n<meta name=\"twitter:card\" content=\"summary_large_image\" \/>\n<meta name=\"twitter:label1\" content=\"Written by\" \/>\n\t<meta name=\"twitter:data1\" content=\"Mads Dreyer\" \/>\n\t<meta name=\"twitter:label2\" content=\"Est. reading time\" \/>\n\t<meta name=\"twitter:data2\" content=\"1 minute\" \/>\n<script type=\"application\/ld+json\" class=\"yoast-schema-graph\">{\"@context\":\"https:\/\/schema.org\",\"@graph\":[{\"@type\":\"Organization\",\"@id\":\"https:\/\/acefootball.com\/da\/#organization\",\"name\":\"Ace Football\",\"url\":\"https:\/\/acefootball.com\/da\/\",\"sameAs\":[\"https:\/\/www.facebook.com\/acefootballdk\"],\"logo\":{\"@type\":\"ImageObject\",\"@id\":\"https:\/\/acefootball.com\/da\/#logo\",\"inLanguage\":\"en-US\",\"url\":\"https:\/\/acefootball.com\/da\/wp-content\/uploads\/sites\/2\/2020\/07\/Ace-Football-30-07-2020-2.png\",\"contentUrl\":\"https:\/\/acefootball.com\/da\/wp-content\/uploads\/sites\/2\/2020\/07\/Ace-Football-30-07-2020-2.png\",\"width\":1200,\"height\":600,\"caption\":\"Ace Football\"},\"image\":{\"@id\":\"https:\/\/acefootball.com\/da\/#logo\"}},{\"@type\":\"WebSite\",\"@id\":\"https:\/\/acefootball.com\/da\/#website\",\"url\":\"https:\/\/acefootball.com\/da\/\",\"name\":\"Ace Football Danmark\",\"description\":\"Nyheder, Spiltips &amp; Livescore\",\"publisher\":{\"@id\":\"https:\/\/acefootball.com\/da\/#organization\"},\"potentialAction\":[{\"@type\":\"SearchAction\",\"target\":{\"@type\":\"EntryPoint\",\"urlTemplate\":\"https:\/\/acefootball.com\/da\/?s={search_term_string}\"},\"query-input\":\"required name=search_term_string\"}],\"inLanguage\":\"en-US\"},{\"@type\":\"ImageObject\",\"@id\":\"https:\/\/acefootball.com\/da\/fodboldnyheder\/broendby-fans-kan-ikke-blive-enige-skal-niels-frederiksen-fortsaette\/#primaryimage\",\"inLanguage\":\"en-US\",\"url\":\"https:\/\/acefootball.com\/da\/wp-content\/uploads\/sites\/2\/2020\/11\/Broendby-3-2.jpg\",\"contentUrl\":\"https:\/\/acefootball.com\/da\/wp-content\/uploads\/sites\/2\/2020\/11\/Broendby-3-2.jpg\",\"width\":1920,\"height\":1008},{\"@type\":\"WebPage\",\"@id\":\"https:\/\/acefootball.com\/da\/fodboldnyheder\/broendby-fans-kan-ikke-blive-enige-skal-niels-frederiksen-fortsaette\/#webpage\",\"url\":\"https:\/\/acefootball.com\/da\/fodboldnyheder\/broendby-fans-kan-ikke-blive-enige-skal-niels-frederiksen-fortsaette\/\",\"name\":\"Br\u00f8ndby-fans kan ikke blive enige: Skal Niels Frederiksen forts\u00e6tte?\",\"isPartOf\":{\"@id\":\"https:\/\/acefootball.com\/da\/#website\"},\"primaryImageOfPage\":{\"@id\":\"https:\/\/acefootball.com\/da\/fodboldnyheder\/broendby-fans-kan-ikke-blive-enige-skal-niels-frederiksen-fortsaette\/#primaryimage\"},\"datePublished\":\"2020-11-13T13:55:48+00:00\",\"dateModified\":\"2020-11-13T13:55:49+00:00\",\"description\":\"Niels Frederiksens fremtid i Br\u00f8ndby er op til debat, og det er noget, der har f\u00e5et Twitter-verdenen i gang med diskussionen\",\"breadcrumb\":{\"@id\":\"https:\/\/acefootball.com\/da\/fodboldnyheder\/broendby-fans-kan-ikke-blive-enige-skal-niels-frederiksen-fortsaette\/#breadcrumb\"},\"inLanguage\":\"en-US\",\"potentialAction\":[{\"@type\":\"ReadAction\",\"target\":[\"https:\/\/acefootball.com\/da\/fodboldnyheder\/broendby-fans-kan-ikke-blive-enige-skal-niels-frederiksen-fortsaette\/\"]}]},{\"@type\":\"BreadcrumbList\",\"@id\":\"https:\/\/acefootball.com\/da\/fodboldnyheder\/broendby-fans-kan-ikke-blive-enige-skal-niels-frederiksen-fortsaette\/#breadcrumb\",\"itemListElement\":[{\"@type\":\"ListItem\",\"position\":1,\"name\":\"Home\",\"item\":\"https:\/\/acefootball.com\/da\/\"},{\"@type\":\"ListItem\",\"position\":2,\"name\":\"Br\u00f8ndby-fans kan ikke blive enige: Skal Niels Frederiksen forts\u00e6tte?\"}]},{\"@type\":\"Article\",\"@id\":\"https:\/\/acefootball.com\/da\/fodboldnyheder\/broendby-fans-kan-ikke-blive-enige-skal-niels-frederiksen-fortsaette\/#article\",\"isPartOf\":{\"@id\":\"https:\/\/acefootball.com\/da\/fodboldnyheder\/broendby-fans-kan-ikke-blive-enige-skal-niels-frederiksen-fortsaette\/#webpage\"},\"author\":{\"@id\":\"https:\/\/acefootball.com\/da\/#\/schema\/person\/ee67e9cf04a276f144100ffa722f10cd\"},\"headline\":\"Br\u00f8ndby-fans kan ikke blive enige: Skal Niels Frederiksen forts\u00e6tte?\",\"datePublished\":\"2020-11-13T13:55:48+00:00\",\"dateModified\":\"2020-11-13T13:55:49+00:00\",\"mainEntityOfPage\":{\"@id\":\"https:\/\/acefootball.com\/da\/fodboldnyheder\/broendby-fans-kan-ikke-blive-enige-skal-niels-frederiksen-fortsaette\/#webpage\"},\"wordCount\":199,\"commentCount\":0,\"publisher\":{\"@id\":\"https:\/\/acefootball.com\/da\/#organization\"},\"image\":{\"@id\":\"https:\/\/acefootball.com\/da\/fodboldnyheder\/broendby-fans-kan-ikke-blive-enige-skal-niels-frederiksen-fortsaette\/#primaryimage\"},\"thumbnailUrl\":\"https:\/\/acefootball.com\/da\/wp-content\/uploads\/sites\/2\/2020\/11\/GettyImages-1229481605.jpg\",\"keywords\":[\"Br\u00f8ndby IF\",\"Niels Frederiksen\",\"Superligaen\"],\"articleSection\":[\"Reaktion\"],\"inLanguage\":\"en-US\",\"potentialAction\":[{\"@type\":\"CommentAction\",\"name\":\"Comment\",\"target\":[\"https:\/\/acefootball.com\/da\/fodboldnyheder\/broendby-fans-kan-ikke-blive-enige-skal-niels-frederiksen-fortsaette\/#respond\"]}]},{\"@type\":\"Person\",\"@id\":\"https:\/\/acefootball.com\/da\/#\/schema\/person\/ee67e9cf04a276f144100ffa722f10cd\",\"name\":\"Mads Dreyer\",\"image\":{\"@type\":\"ImageObject\",\"@id\":\"https:\/\/acefootball.com\/da\/#personlogo\",\"inLanguage\":\"en-US\",\"url\":\"https:\/\/secure.gravatar.com\/avatar\/7c7abf72cfde9902b6a60efe60c88d4c?s=96&d=mm&r=g\",\"contentUrl\":\"https:\/\/secure.gravatar.com\/avatar\/7c7abf72cfde9902b6a60efe60c88d4c?s=96&d=mm&r=g\",\"caption\":\"Mads Dreyer\"},\"description\":\"Skribent og fodboldn\u00f8rd, der lige nu fort\u00e6ller om alt og intet i fodboldverdenen p\u00e5 acefootball.com. Uddannet i kommunikation fra Aalborg Universitet.\",\"sameAs\":[\"https:\/\/www.linkedin.com\/in\/mads-dreyer-b9b08266\/\"],\"url\":\"https:\/\/acefootball.com\/da\/fodboldnyheder\/author\/mdnronaldo\/\"}]}<\/script>\n<!-- \/ Yoast SEO plugin. -->","yoast_head_json":{"title":"Br\u00f8ndby-fans kan ikke blive enige: Skal Niels Frederiksen forts\u00e6tte?","description":"Niels Frederiksens fremtid i Br\u00f8ndby er op til debat, og det er noget, der har f\u00e5et Twitter-verdenen i gang med diskussionen","robots":{"index":"index","follow":"follow","max-snippet":"max-snippet:-1","max-image-preview":"max-image-preview:large","max-video-preview":"max-video-preview:-1"},"canonical":"https:\/\/acefootball.com\/da\/fodboldnyheder\/broendby-fans-kan-ikke-blive-enige-skal-niels-frederiksen-fortsaette\/","og_locale":"en_US","og_type":"article","og_title":"Br\u00f8ndby-fans kan ikke blive enige: Skal Niels Frederiksen forts\u00e6tte?","og_description":"Niels Frederiksens fremtid i Br\u00f8ndby er op til debat, og det er noget, der har f\u00e5et Twitter-verdenen i gang med diskussionen","og_url":"https:\/\/acefootball.com\/da\/fodboldnyheder\/broendby-fans-kan-ikke-blive-enige-skal-niels-frederiksen-fortsaette\/","og_site_name":"Ace Football Danmark","article_publisher":"https:\/\/www.facebook.com\/acefootballdk","article_published_time":"2020-11-13T13:55:48+00:00","article_modified_time":"2020-11-13T13:55:49+00:00","og_image":[{"width":1920,"height":1008,"url":"https:\/\/acefootball.com\/da\/wp-content\/uploads\/sites\/2\/2020\/11\/Broendby-3-2.jpg","type":"image\/jpeg"}],"twitter_card":"summary_large_image","twitter_misc":{"Written by":"Mads Dreyer","Est. reading time":"1 minute"},"schema":{"@context":"https:\/\/schema.org","@graph":[{"@type":"Organization","@id":"https:\/\/acefootball.com\/da\/#organization","name":"Ace Football","url":"https:\/\/acefootball.com\/da\/","sameAs":["https:\/\/www.facebook.com\/acefootballdk"],"logo":{"@type":"ImageObject","@id":"https:\/\/acefootball.com\/da\/#logo","inLanguage":"en-US","url":"https:\/\/acefootball.com\/da\/wp-content\/uploads\/sites\/2\/2020\/07\/Ace-Football-30-07-2020-2.png","contentUrl":"https:\/\/acefootball.com\/da\/wp-content\/uploads\/sites\/2\/2020\/07\/Ace-Football-30-07-2020-2.png","width":1200,"height":600,"caption":"Ace Football"},"image":{"@id":"https:\/\/acefootball.com\/da\/#logo"}},{"@type":"WebSite","@id":"https:\/\/acefootball.com\/da\/#website","url":"https:\/\/acefootball.com\/da\/","name":"Ace Football Danmark","description":"Nyheder, Spiltips &amp; Livescore","publisher":{"@id":"https:\/\/acefootball.com\/da\/#organization"},"potentialAction":[{"@type":"SearchAction","target":{"@type":"EntryPoint","urlTemplate":"https:\/\/acefootball.com\/da\/?s={search_term_string}"},"query-input":"required name=search_term_string"}],"inLanguage":"en-US"},{"@type":"ImageObject","@id":"https:\/\/acefootball.com\/da\/fodboldnyheder\/broendby-fans-kan-ikke-blive-enige-skal-niels-frederiksen-fortsaette\/#primaryimage","inLanguage":"en-US","url":"https:\/\/acefootball.com\/da\/wp-content\/uploads\/sites\/2\/2020\/11\/Broendby-3-2.jpg","contentUrl":"https:\/\/acefootball.com\/da\/wp-content\/uploads\/sites\/2\/2020\/11\/Broendby-3-2.jpg","width":1920,"height":1008},{"@type":"WebPage","@id":"https:\/\/acefootball.com\/da\/fodboldnyheder\/broendby-fans-kan-ikke-blive-enige-skal-niels-frederiksen-fortsaette\/#webpage","url":"https:\/\/acefootball.com\/da\/fodboldnyheder\/broendby-fans-kan-ikke-blive-enige-skal-niels-frederiksen-fortsaette\/","name":"Br\u00f8ndby-fans kan ikke blive enige: Skal Niels Frederiksen forts\u00e6tte?","isPartOf":{"@id":"https:\/\/acefootball.com\/da\/#website"},"primaryImageOfPage":{"@id":"https:\/\/acefootball.com\/da\/fodboldnyheder\/broendby-fans-kan-ikke-blive-enige-skal-niels-frederiksen-fortsaette\/#primaryimage"},"datePublished":"2020-11-13T13:55:48+00:00","dateModified":"2020-11-13T13:55:49+00:00","description":"Niels Frederiksens fremtid i Br\u00f8ndby er op til debat, og det er noget, der har f\u00e5et Twitter-verdenen i gang med diskussionen","breadcrumb":{"@id":"https:\/\/acefootball.com\/da\/fodboldnyheder\/broendby-fans-kan-ikke-blive-enige-skal-niels-frederiksen-fortsaette\/#breadcrumb"},"inLanguage":"en-US","potentialAction":[{"@type":"ReadAction","target":["https:\/\/acefootball.com\/da\/fodboldnyheder\/broendby-fans-kan-ikke-blive-enige-skal-niels-frederiksen-fortsaette\/"]}]},{"@type":"BreadcrumbList","@id":"https:\/\/acefootball.com\/da\/fodboldnyheder\/broendby-fans-kan-ikke-blive-enige-skal-niels-frederiksen-fortsaette\/#breadcrumb","itemListElement":[{"@type":"ListItem","position":1,"name":"Home","item":"https:\/\/acefootball.com\/da\/"},{"@type":"ListItem","position":2,"name":"Br\u00f8ndby-fans kan ikke blive enige: Skal Niels Frederiksen forts\u00e6tte?"}]},{"@type":"Article","@id":"https:\/\/acefootball.com\/da\/fodboldnyheder\/broendby-fans-kan-ikke-blive-enige-skal-niels-frederiksen-fortsaette\/#article","isPartOf":{"@id":"https:\/\/acefootball.com\/da\/fodboldnyheder\/broendby-fans-kan-ikke-blive-enige-skal-niels-frederiksen-fortsaette\/#webpage"},"author":{"@id":"https:\/\/acefootball.com\/da\/#\/schema\/person\/ee67e9cf04a276f144100ffa722f10cd"},"headline":"Br\u00f8ndby-fans kan ikke blive enige: Skal Niels Frederiksen forts\u00e6tte?","datePublished":"2020-11-13T13:55:48+00:00","dateModified":"2020-11-13T13:55:49+00:00","mainEntityOfPage":{"@id":"https:\/\/acefootball.com\/da\/fodboldnyheder\/broendby-fans-kan-ikke-blive-enige-skal-niels-frederiksen-fortsaette\/#webpage"},"wordCount":199,"commentCount":0,"publisher":{"@id":"https:\/\/acefootball.com\/da\/#organization"},"image":{"@id":"https:\/\/acefootball.com\/da\/fodboldnyheder\/broendby-fans-kan-ikke-blive-enige-skal-niels-frederiksen-fortsaette\/#primaryimage"},"thumbnailUrl":"https:\/\/acefootball.com\/da\/wp-content\/uploads\/sites\/2\/2020\/11\/GettyImages-1229481605.jpg","keywords":["Br\u00f8ndby IF","Niels Frederiksen","Superligaen"],"articleSection":["Reaktion"],"inLanguage":"en-US","potentialAction":[{"@type":"CommentAction","name":"Comment","target":["https:\/\/acefootball.com\/da\/fodboldnyheder\/broendby-fans-kan-ikke-blive-enige-skal-niels-frederiksen-fortsaette\/#respond"]}]},{"@type":"Person","@id":"https:\/\/acefootball.com\/da\/#\/schema\/person\/ee67e9cf04a276f144100ffa722f10cd","name":"Mads Dreyer","image":{"@type":"ImageObject","@id":"https:\/\/acefootball.com\/da\/#personlogo","inLanguage":"en-US","url":"https:\/\/secure.gravatar.com\/avatar\/7c7abf72cfde9902b6a60efe60c88d4c?s=96&d=mm&r=g","contentUrl":"https:\/\/secure.gravatar.com\/avatar\/7c7abf72cfde9902b6a60efe60c88d4c?s=96&d=mm&r=g","caption":"Mads Dreyer"},"description":"Skribent og fodboldn\u00f8rd, der lige nu fort\u00e6ller om alt og intet i fodboldverdenen p\u00e5 acefootball.com. Uddannet i kommunikation fra Aalborg Universitet.","sameAs":["https:\/\/www.linkedin.com\/in\/mads-dreyer-b9b08266\/"],"url":"https:\/\/acefootball.com\/da\/fodboldnyheder\/author\/mdnronaldo\/"}]}},"fimg_url":"https:\/\/acefootball.com\/da\/wp-content\/uploads\/sites\/2\/2020\/11\/GettyImages-1229481605.jpg","_links":{"self":[{"href":"https:\/\/acefootball.com\/da\/wp-json\/wp\/v2\/posts\/243382"}],"collection":[{"href":"https:\/\/acefootball.com\/da\/wp-json\/wp\/v2\/posts"}],"about":[{"href":"https:\/\/acefootball.com\/da\/wp-json\/wp\/v2\/types\/post"}],"author":[{"embeddable":true,"href":"https:\/\/acefootball.com\/da\/wp-json\/wp\/v2\/users\/705"}],"replies":[{"embeddable":true,"href":"https:\/\/acefootball.com\/da\/wp-json\/wp\/v2\/comments?post=243382"}],"version-history":[{"count":0,"href":"https:\/\/acefootball.com\/da\/wp-json\/wp\/v2\/posts\/243382\/revisions"}],"wp:featuredmedia":[{"embeddable":true,"href":"https:\/\/acefootball.com\/da\/wp-json\/wp\/v2\/media\/242683"}],"wp:attachment":[{"href":"https:\/\/acefootball.com\/da\/wp-json\/wp\/v2\/media?parent=243382"}],"wp:term":[{"taxonomy":"category","embeddable":true,"href":"https:\/\/acefootball.com\/da\/wp-json\/wp\/v2\/categories?post=243382"},{"taxonomy":"post_tag","embeddable":true,"href":"https:\/\/acefootball.com\/da\/wp-json\/wp\/v2\/tags?post=243382"}],"curies":[{"name":"wp","href":"https:\/\/api.w.org\/{rel}","templated":true}]}}