{"id":243360,"date":"2020-11-13T13:10:12","date_gmt":"2020-11-13T12:10:12","guid":{"rendered":"https:\/\/acefootball.com\/da\/?p=243360"},"modified":"2020-11-13T13:10:13","modified_gmt":"2020-11-13T12:10:13","slug":"stort-beloeb-til-fck-tifo-jeg-er-overvaeldet","status":"publish","type":"post","link":"https:\/\/acefootball.com\/da\/fodboldnyheder\/stort-beloeb-til-fck-tifo-jeg-er-overvaeldet\/","title":{"rendered":"Stort bel\u00f8b til FCK-tifo: &#8220;Jeg er overv\u00e6ldet&#8221;"},"content":{"rendered":"\n<h2 id=\"h-der-er-samlet-mere-end-200-000-kroner-ind-til-fc-k-benhavn-fansenes-tifoprojekt-og-det-er-noget-der-imponerer-parken-direkt-r-lars-bo-jeppesen\">Der er samlet mere end 200.000 kroner ind til FC K\u00f8benhavn-fansenes tifoprojekt, og det er noget, der imponerer Parken-direkt\u00f8r, Lars Bo Jeppesen<\/h2>\n\n\n\n<p>FC K\u00f8benhavns officielle fanklub, FCKFC, og Sektion 12 Foreningen startede onsdag en indsamling, der skal g\u00e5 tribuneforeninger og fanprojekter i hovedstadsklubben, og den kom hurtigt fra land.<\/p>\n\n\n\n<p>Allerede efter en time var der samlet 50.000 kroner ind, og i dag fredag meddeler <a href=\"https:\/\/www.fck.dk\/nyhed\/lars-bo-jeppesen-et-fantastisk-projekt\" target=\"_blank\" rel=\"noreferrer noopener\">FC K\u00f8benhavn<\/a>, at der i det f\u00f8rste d\u00f8gn var landet hele 200.000 kroner p\u00e5 kontoen.<\/p>\n\n\n\n<p>Det er noget, der imponerer direkt\u00f8r i Parken Sport &amp; Entertainment, Lars Bo Jeppesen.<\/p>\n\n\n\n<figure class=\"wp-block-embed-wordpress wp-block-embed is-type-wp-embed is-provider-ace-football-danmark\"><div class=\"wp-block-embed__wrapper\">\n<blockquote class=\"wp-embedded-content\" data-secret=\"iH1jNCmEnR\"><a href=\"https:\/\/acefootball.com\/da\/fodboldnyheder\/officielt-fck-kamp-aflyst-grundet-corona-i-truppen\/\">Officielt: FCK-kamp aflyst grundet corona i truppen<\/a><\/blockquote><iframe class=\"wp-embedded-content\" sandbox=\"allow-scripts\" security=\"restricted\" style=\"position: absolute; clip: rect(1px, 1px, 1px, 1px);\" title=\"&#8220;Officielt: FCK-kamp aflyst grundet corona i truppen&#8221; &#8212; Ace Football Danmark\" src=\"https:\/\/acefootball.com\/da\/fodboldnyheder\/officielt-fck-kamp-aflyst-grundet-corona-i-truppen\/embed\/#?secret=iH1jNCmEnR\" data-secret=\"iH1jNCmEnR\" width=\"600\" height=\"338\" frameborder=\"0\" marginwidth=\"0\" marginheight=\"0\" scrolling=\"no\"><\/iframe>\n<\/div><\/figure>\n\n\n\n<p>&#8220;Jeg er overv\u00e6ldet over den k\u00e6rlighed og loyalitet, der ligger bag ideen og udf\u00f8rslen af projektet,&#8221; siger FCK-bossen og forts\u00e6tter:<\/p>\n\n\n\n<p>&#8220;Det er fantastisk, at vi har fans, der v\u00e6lger selv at tage initiativ til at st\u00f8tte klubben i en meget vanskelig tid, og projektet er b\u00e5de kreativt og gennemt\u00e6nkt. Vi s\u00e6tter uendelig stor pris p\u00e5 det og lover, at vi kommer til at g\u00f8re alt hvad vi kan for at geng\u00e6lde den opbakning og loyalitet.&#8221;<\/p>\n","protected":false},"excerpt":{"rendered":"<p>Der er samlet mere 200.000 kroner ind til FC K\u00f8benhavn-fansenes tifoprojekt, og det er noget, der imponerer Parken-direkt\u00f8r, Lars Bo Jeppesen<\/p>\n","protected":false},"author":705,"featured_media":243370,"comment_status":"open","ping_status":"closed","sticky":false,"template":"","format":"standard","meta":{"om_disable_all_campaigns":false,"push_articles_ronaldo":{"active":false,"canonical":0,"publish":false},"force_updates":null},"categories":[8060],"tags":[16,588],"enet_tags":{"team":["8391"],"league":["46"],"sport_events":[]},"yoast_head":"<!-- This site is optimized with the Yoast SEO plugin v18.3 - https:\/\/yoast.com\/wordpress\/plugins\/seo\/ -->\n<title>Stort bel\u00f8b til FCK-tifo: &quot;Jeg er overv\u00e6ldet&quot;<\/title>\n<meta name=\"description\" content=\"Der er samlet mere 200.000 kroner ind til FC K\u00f8benhavn-fansenes tifoprojekt, og det er noget, der imponerer Parken-direkt\u00f8r, Lars Bo Jeppesen\" \/>\n<meta name=\"robots\" content=\"index, follow, max-snippet:-1, max-image-preview:large, max-video-preview:-1\" \/>\n<link rel=\"canonical\" href=\"https:\/\/acefootball.com\/da\/fodboldnyheder\/stort-beloeb-til-fck-tifo-jeg-er-overvaeldet\/\" \/>\n<meta property=\"og:locale\" content=\"en_US\" \/>\n<meta property=\"og:type\" content=\"article\" \/>\n<meta property=\"og:title\" content=\"Stort bel\u00f8b til FCK-tifo: &quot;Jeg er overv\u00e6ldet&quot;\" \/>\n<meta property=\"og:description\" content=\"Der er samlet mere 200.000 kroner ind til FC K\u00f8benhavn-fansenes tifoprojekt, og det er noget, der imponerer Parken-direkt\u00f8r, Lars Bo Jeppesen\" \/>\n<meta property=\"og:url\" content=\"https:\/\/acefootball.com\/da\/fodboldnyheder\/stort-beloeb-til-fck-tifo-jeg-er-overvaeldet\/\" \/>\n<meta property=\"og:site_name\" content=\"Ace Football Danmark\" \/>\n<meta property=\"article:publisher\" content=\"https:\/\/www.facebook.com\/acefootballdk\" \/>\n<meta property=\"article:published_time\" content=\"2020-11-13T12:10:12+00:00\" \/>\n<meta property=\"article:modified_time\" content=\"2020-11-13T12:10:13+00:00\" \/>\n<meta property=\"og:image\" content=\"https:\/\/acefootball.com\/da\/wp-content\/uploads\/sites\/2\/2020\/11\/FCK-2-3.jpg\" \/>\n\t<meta property=\"og:image:width\" content=\"1920\" \/>\n\t<meta property=\"og:image:height\" content=\"1008\" \/>\n\t<meta property=\"og:image:type\" content=\"image\/jpeg\" \/>\n<meta name=\"twitter:card\" content=\"summary_large_image\" \/>\n<meta name=\"twitter:label1\" content=\"Written by\" \/>\n\t<meta name=\"twitter:data1\" content=\"Mads Dreyer\" \/>\n\t<meta name=\"twitter:label2\" content=\"Est. reading time\" \/>\n\t<meta name=\"twitter:data2\" content=\"1 minute\" \/>\n<script type=\"application\/ld+json\" class=\"yoast-schema-graph\">{\"@context\":\"https:\/\/schema.org\",\"@graph\":[{\"@type\":\"Organization\",\"@id\":\"https:\/\/acefootball.com\/da\/#organization\",\"name\":\"Ace Football\",\"url\":\"https:\/\/acefootball.com\/da\/\",\"sameAs\":[\"https:\/\/www.facebook.com\/acefootballdk\"],\"logo\":{\"@type\":\"ImageObject\",\"@id\":\"https:\/\/acefootball.com\/da\/#logo\",\"inLanguage\":\"en-US\",\"url\":\"https:\/\/acefootball.com\/da\/wp-content\/uploads\/sites\/2\/2020\/07\/Ace-Football-30-07-2020-2.png\",\"contentUrl\":\"https:\/\/acefootball.com\/da\/wp-content\/uploads\/sites\/2\/2020\/07\/Ace-Football-30-07-2020-2.png\",\"width\":1200,\"height\":600,\"caption\":\"Ace Football\"},\"image\":{\"@id\":\"https:\/\/acefootball.com\/da\/#logo\"}},{\"@type\":\"WebSite\",\"@id\":\"https:\/\/acefootball.com\/da\/#website\",\"url\":\"https:\/\/acefootball.com\/da\/\",\"name\":\"Ace Football Danmark\",\"description\":\"Nyheder, Spiltips &amp; Livescore\",\"publisher\":{\"@id\":\"https:\/\/acefootball.com\/da\/#organization\"},\"potentialAction\":[{\"@type\":\"SearchAction\",\"target\":{\"@type\":\"EntryPoint\",\"urlTemplate\":\"https:\/\/acefootball.com\/da\/?s={search_term_string}\"},\"query-input\":\"required name=search_term_string\"}],\"inLanguage\":\"en-US\"},{\"@type\":\"ImageObject\",\"@id\":\"https:\/\/acefootball.com\/da\/fodboldnyheder\/stort-beloeb-til-fck-tifo-jeg-er-overvaeldet\/#primaryimage\",\"inLanguage\":\"en-US\",\"url\":\"https:\/\/acefootball.com\/da\/wp-content\/uploads\/sites\/2\/2020\/11\/FCK-2-3.jpg\",\"contentUrl\":\"https:\/\/acefootball.com\/da\/wp-content\/uploads\/sites\/2\/2020\/11\/FCK-2-3.jpg\",\"width\":1920,\"height\":1008},{\"@type\":\"WebPage\",\"@id\":\"https:\/\/acefootball.com\/da\/fodboldnyheder\/stort-beloeb-til-fck-tifo-jeg-er-overvaeldet\/#webpage\",\"url\":\"https:\/\/acefootball.com\/da\/fodboldnyheder\/stort-beloeb-til-fck-tifo-jeg-er-overvaeldet\/\",\"name\":\"Stort bel\u00f8b til FCK-tifo: \\\"Jeg er overv\u00e6ldet\\\"\",\"isPartOf\":{\"@id\":\"https:\/\/acefootball.com\/da\/#website\"},\"primaryImageOfPage\":{\"@id\":\"https:\/\/acefootball.com\/da\/fodboldnyheder\/stort-beloeb-til-fck-tifo-jeg-er-overvaeldet\/#primaryimage\"},\"datePublished\":\"2020-11-13T12:10:12+00:00\",\"dateModified\":\"2020-11-13T12:10:13+00:00\",\"description\":\"Der er samlet mere 200.000 kroner ind til FC K\u00f8benhavn-fansenes tifoprojekt, og det er noget, der imponerer Parken-direkt\u00f8r, Lars Bo Jeppesen\",\"breadcrumb\":{\"@id\":\"https:\/\/acefootball.com\/da\/fodboldnyheder\/stort-beloeb-til-fck-tifo-jeg-er-overvaeldet\/#breadcrumb\"},\"inLanguage\":\"en-US\",\"potentialAction\":[{\"@type\":\"ReadAction\",\"target\":[\"https:\/\/acefootball.com\/da\/fodboldnyheder\/stort-beloeb-til-fck-tifo-jeg-er-overvaeldet\/\"]}]},{\"@type\":\"BreadcrumbList\",\"@id\":\"https:\/\/acefootball.com\/da\/fodboldnyheder\/stort-beloeb-til-fck-tifo-jeg-er-overvaeldet\/#breadcrumb\",\"itemListElement\":[{\"@type\":\"ListItem\",\"position\":1,\"name\":\"Home\",\"item\":\"https:\/\/acefootball.com\/da\/\"},{\"@type\":\"ListItem\",\"position\":2,\"name\":\"Stort bel\u00f8b til FCK-tifo: &#8220;Jeg er overv\u00e6ldet&#8221;\"}]},{\"@type\":\"Article\",\"@id\":\"https:\/\/acefootball.com\/da\/fodboldnyheder\/stort-beloeb-til-fck-tifo-jeg-er-overvaeldet\/#article\",\"isPartOf\":{\"@id\":\"https:\/\/acefootball.com\/da\/fodboldnyheder\/stort-beloeb-til-fck-tifo-jeg-er-overvaeldet\/#webpage\"},\"author\":{\"@id\":\"https:\/\/acefootball.com\/da\/#\/schema\/person\/ee67e9cf04a276f144100ffa722f10cd\"},\"headline\":\"Stort bel\u00f8b til FCK-tifo: &#8220;Jeg er overv\u00e6ldet&#8221;\",\"datePublished\":\"2020-11-13T12:10:12+00:00\",\"dateModified\":\"2020-11-13T12:10:13+00:00\",\"mainEntityOfPage\":{\"@id\":\"https:\/\/acefootball.com\/da\/fodboldnyheder\/stort-beloeb-til-fck-tifo-jeg-er-overvaeldet\/#webpage\"},\"wordCount\":197,\"commentCount\":0,\"publisher\":{\"@id\":\"https:\/\/acefootball.com\/da\/#organization\"},\"image\":{\"@id\":\"https:\/\/acefootball.com\/da\/fodboldnyheder\/stort-beloeb-til-fck-tifo-jeg-er-overvaeldet\/#primaryimage\"},\"thumbnailUrl\":\"https:\/\/acefootball.com\/da\/wp-content\/uploads\/sites\/2\/2020\/11\/GettyImages-1188128449.jpg\",\"keywords\":[\"FC K\u00f8benhavn\",\"Superligaen\"],\"articleSection\":[\"Reaktion\"],\"inLanguage\":\"en-US\",\"potentialAction\":[{\"@type\":\"CommentAction\",\"name\":\"Comment\",\"target\":[\"https:\/\/acefootball.com\/da\/fodboldnyheder\/stort-beloeb-til-fck-tifo-jeg-er-overvaeldet\/#respond\"]}]},{\"@type\":\"Person\",\"@id\":\"https:\/\/acefootball.com\/da\/#\/schema\/person\/ee67e9cf04a276f144100ffa722f10cd\",\"name\":\"Mads Dreyer\",\"image\":{\"@type\":\"ImageObject\",\"@id\":\"https:\/\/acefootball.com\/da\/#personlogo\",\"inLanguage\":\"en-US\",\"url\":\"https:\/\/secure.gravatar.com\/avatar\/7c7abf72cfde9902b6a60efe60c88d4c?s=96&d=mm&r=g\",\"contentUrl\":\"https:\/\/secure.gravatar.com\/avatar\/7c7abf72cfde9902b6a60efe60c88d4c?s=96&d=mm&r=g\",\"caption\":\"Mads Dreyer\"},\"description\":\"Skribent og fodboldn\u00f8rd, der lige nu fort\u00e6ller om alt og intet i fodboldverdenen p\u00e5 acefootball.com. Uddannet i kommunikation fra Aalborg Universitet.\",\"sameAs\":[\"https:\/\/www.linkedin.com\/in\/mads-dreyer-b9b08266\/\"],\"url\":\"https:\/\/acefootball.com\/da\/fodboldnyheder\/author\/mdnronaldo\/\"}]}<\/script>\n<!-- \/ Yoast SEO plugin. -->","yoast_head_json":{"title":"Stort bel\u00f8b til FCK-tifo: \"Jeg er overv\u00e6ldet\"","description":"Der er samlet mere 200.000 kroner ind til FC K\u00f8benhavn-fansenes tifoprojekt, og det er noget, der imponerer Parken-direkt\u00f8r, Lars Bo Jeppesen","robots":{"index":"index","follow":"follow","max-snippet":"max-snippet:-1","max-image-preview":"max-image-preview:large","max-video-preview":"max-video-preview:-1"},"canonical":"https:\/\/acefootball.com\/da\/fodboldnyheder\/stort-beloeb-til-fck-tifo-jeg-er-overvaeldet\/","og_locale":"en_US","og_type":"article","og_title":"Stort bel\u00f8b til FCK-tifo: \"Jeg er overv\u00e6ldet\"","og_description":"Der er samlet mere 200.000 kroner ind til FC K\u00f8benhavn-fansenes tifoprojekt, og det er noget, der imponerer Parken-direkt\u00f8r, Lars Bo Jeppesen","og_url":"https:\/\/acefootball.com\/da\/fodboldnyheder\/stort-beloeb-til-fck-tifo-jeg-er-overvaeldet\/","og_site_name":"Ace Football Danmark","article_publisher":"https:\/\/www.facebook.com\/acefootballdk","article_published_time":"2020-11-13T12:10:12+00:00","article_modified_time":"2020-11-13T12:10:13+00:00","og_image":[{"width":1920,"height":1008,"url":"https:\/\/acefootball.com\/da\/wp-content\/uploads\/sites\/2\/2020\/11\/FCK-2-3.jpg","type":"image\/jpeg"}],"twitter_card":"summary_large_image","twitter_misc":{"Written by":"Mads Dreyer","Est. reading time":"1 minute"},"schema":{"@context":"https:\/\/schema.org","@graph":[{"@type":"Organization","@id":"https:\/\/acefootball.com\/da\/#organization","name":"Ace Football","url":"https:\/\/acefootball.com\/da\/","sameAs":["https:\/\/www.facebook.com\/acefootballdk"],"logo":{"@type":"ImageObject","@id":"https:\/\/acefootball.com\/da\/#logo","inLanguage":"en-US","url":"https:\/\/acefootball.com\/da\/wp-content\/uploads\/sites\/2\/2020\/07\/Ace-Football-30-07-2020-2.png","contentUrl":"https:\/\/acefootball.com\/da\/wp-content\/uploads\/sites\/2\/2020\/07\/Ace-Football-30-07-2020-2.png","width":1200,"height":600,"caption":"Ace Football"},"image":{"@id":"https:\/\/acefootball.com\/da\/#logo"}},{"@type":"WebSite","@id":"https:\/\/acefootball.com\/da\/#website","url":"https:\/\/acefootball.com\/da\/","name":"Ace Football Danmark","description":"Nyheder, Spiltips &amp; Livescore","publisher":{"@id":"https:\/\/acefootball.com\/da\/#organization"},"potentialAction":[{"@type":"SearchAction","target":{"@type":"EntryPoint","urlTemplate":"https:\/\/acefootball.com\/da\/?s={search_term_string}"},"query-input":"required name=search_term_string"}],"inLanguage":"en-US"},{"@type":"ImageObject","@id":"https:\/\/acefootball.com\/da\/fodboldnyheder\/stort-beloeb-til-fck-tifo-jeg-er-overvaeldet\/#primaryimage","inLanguage":"en-US","url":"https:\/\/acefootball.com\/da\/wp-content\/uploads\/sites\/2\/2020\/11\/FCK-2-3.jpg","contentUrl":"https:\/\/acefootball.com\/da\/wp-content\/uploads\/sites\/2\/2020\/11\/FCK-2-3.jpg","width":1920,"height":1008},{"@type":"WebPage","@id":"https:\/\/acefootball.com\/da\/fodboldnyheder\/stort-beloeb-til-fck-tifo-jeg-er-overvaeldet\/#webpage","url":"https:\/\/acefootball.com\/da\/fodboldnyheder\/stort-beloeb-til-fck-tifo-jeg-er-overvaeldet\/","name":"Stort bel\u00f8b til FCK-tifo: \"Jeg er overv\u00e6ldet\"","isPartOf":{"@id":"https:\/\/acefootball.com\/da\/#website"},"primaryImageOfPage":{"@id":"https:\/\/acefootball.com\/da\/fodboldnyheder\/stort-beloeb-til-fck-tifo-jeg-er-overvaeldet\/#primaryimage"},"datePublished":"2020-11-13T12:10:12+00:00","dateModified":"2020-11-13T12:10:13+00:00","description":"Der er samlet mere 200.000 kroner ind til FC K\u00f8benhavn-fansenes tifoprojekt, og det er noget, der imponerer Parken-direkt\u00f8r, Lars Bo Jeppesen","breadcrumb":{"@id":"https:\/\/acefootball.com\/da\/fodboldnyheder\/stort-beloeb-til-fck-tifo-jeg-er-overvaeldet\/#breadcrumb"},"inLanguage":"en-US","potentialAction":[{"@type":"ReadAction","target":["https:\/\/acefootball.com\/da\/fodboldnyheder\/stort-beloeb-til-fck-tifo-jeg-er-overvaeldet\/"]}]},{"@type":"BreadcrumbList","@id":"https:\/\/acefootball.com\/da\/fodboldnyheder\/stort-beloeb-til-fck-tifo-jeg-er-overvaeldet\/#breadcrumb","itemListElement":[{"@type":"ListItem","position":1,"name":"Home","item":"https:\/\/acefootball.com\/da\/"},{"@type":"ListItem","position":2,"name":"Stort bel\u00f8b til FCK-tifo: &#8220;Jeg er overv\u00e6ldet&#8221;"}]},{"@type":"Article","@id":"https:\/\/acefootball.com\/da\/fodboldnyheder\/stort-beloeb-til-fck-tifo-jeg-er-overvaeldet\/#article","isPartOf":{"@id":"https:\/\/acefootball.com\/da\/fodboldnyheder\/stort-beloeb-til-fck-tifo-jeg-er-overvaeldet\/#webpage"},"author":{"@id":"https:\/\/acefootball.com\/da\/#\/schema\/person\/ee67e9cf04a276f144100ffa722f10cd"},"headline":"Stort bel\u00f8b til FCK-tifo: &#8220;Jeg er overv\u00e6ldet&#8221;","datePublished":"2020-11-13T12:10:12+00:00","dateModified":"2020-11-13T12:10:13+00:00","mainEntityOfPage":{"@id":"https:\/\/acefootball.com\/da\/fodboldnyheder\/stort-beloeb-til-fck-tifo-jeg-er-overvaeldet\/#webpage"},"wordCount":197,"commentCount":0,"publisher":{"@id":"https:\/\/acefootball.com\/da\/#organization"},"image":{"@id":"https:\/\/acefootball.com\/da\/fodboldnyheder\/stort-beloeb-til-fck-tifo-jeg-er-overvaeldet\/#primaryimage"},"thumbnailUrl":"https:\/\/acefootball.com\/da\/wp-content\/uploads\/sites\/2\/2020\/11\/GettyImages-1188128449.jpg","keywords":["FC K\u00f8benhavn","Superligaen"],"articleSection":["Reaktion"],"inLanguage":"en-US","potentialAction":[{"@type":"CommentAction","name":"Comment","target":["https:\/\/acefootball.com\/da\/fodboldnyheder\/stort-beloeb-til-fck-tifo-jeg-er-overvaeldet\/#respond"]}]},{"@type":"Person","@id":"https:\/\/acefootball.com\/da\/#\/schema\/person\/ee67e9cf04a276f144100ffa722f10cd","name":"Mads Dreyer","image":{"@type":"ImageObject","@id":"https:\/\/acefootball.com\/da\/#personlogo","inLanguage":"en-US","url":"https:\/\/secure.gravatar.com\/avatar\/7c7abf72cfde9902b6a60efe60c88d4c?s=96&d=mm&r=g","contentUrl":"https:\/\/secure.gravatar.com\/avatar\/7c7abf72cfde9902b6a60efe60c88d4c?s=96&d=mm&r=g","caption":"Mads Dreyer"},"description":"Skribent og fodboldn\u00f8rd, der lige nu fort\u00e6ller om alt og intet i fodboldverdenen p\u00e5 acefootball.com. Uddannet i kommunikation fra Aalborg Universitet.","sameAs":["https:\/\/www.linkedin.com\/in\/mads-dreyer-b9b08266\/"],"url":"https:\/\/acefootball.com\/da\/fodboldnyheder\/author\/mdnronaldo\/"}]}},"fimg_url":"https:\/\/acefootball.com\/da\/wp-content\/uploads\/sites\/2\/2020\/11\/GettyImages-1188128449.jpg","_links":{"self":[{"href":"https:\/\/acefootball.com\/da\/wp-json\/wp\/v2\/posts\/243360"}],"collection":[{"href":"https:\/\/acefootball.com\/da\/wp-json\/wp\/v2\/posts"}],"about":[{"href":"https:\/\/acefootball.com\/da\/wp-json\/wp\/v2\/types\/post"}],"author":[{"embeddable":true,"href":"https:\/\/acefootball.com\/da\/wp-json\/wp\/v2\/users\/705"}],"replies":[{"embeddable":true,"href":"https:\/\/acefootball.com\/da\/wp-json\/wp\/v2\/comments?post=243360"}],"version-history":[{"count":0,"href":"https:\/\/acefootball.com\/da\/wp-json\/wp\/v2\/posts\/243360\/revisions"}],"wp:featuredmedia":[{"embeddable":true,"href":"https:\/\/acefootball.com\/da\/wp-json\/wp\/v2\/media\/243370"}],"wp:attachment":[{"href":"https:\/\/acefootball.com\/da\/wp-json\/wp\/v2\/media?parent=243360"}],"wp:term":[{"taxonomy":"category","embeddable":true,"href":"https:\/\/acefootball.com\/da\/wp-json\/wp\/v2\/categories?post=243360"},{"taxonomy":"post_tag","embeddable":true,"href":"https:\/\/acefootball.com\/da\/wp-json\/wp\/v2\/tags?post=243360"}],"curies":[{"name":"wp","href":"https:\/\/api.w.org\/{rel}","templated":true}]}}