{"id":243286,"date":"2020-11-12T14:43:55","date_gmt":"2020-11-12T13:43:55","guid":{"rendered":"https:\/\/acefootball.com\/da\/?p=243286"},"modified":"2020-11-12T14:43:55","modified_gmt":"2020-11-12T13:43:55","slug":"liverpool-keeper-vil-hjem-til-hjerteklubben","status":"publish","type":"post","link":"https:\/\/acefootball.com\/da\/fodboldnyheder\/liverpool-keeper-vil-hjem-til-hjerteklubben\/","title":{"rendered":"Liverpool-keeper vil hjem til hjerteklubben"},"content":{"rendered":"\n<h2 id=\"h-alisson-becker-har-stadig-masser-af-r-tilbage-p-topniveau-men-han-har-alligevel-en-klar-plan-for-hvor-karrieren-skal-afsluttes\">Alisson Becker har stadig masser af \u00e5r tilbage p\u00e5 topniveau, men han har alligevel en klar plan for, hvor karrieren skal afsluttes<\/h2>\n\n\n\n<p>Tilbage i 2018 hentede Liverpool m\u00e5lmand Alisson Becker i AS Roma, og det endte med at blive et fremragende match for begge parter.<\/p>\n\n\n\n<p>Brasilianeren har siden v\u00e6ret en sikker sidste skanse for de engelske mestre og er nu bredt opfattet som en af verdens bedste m\u00e5lm\u00e6nd.<\/p>\n\n\n\n<p>I en alder af 28 \u00e5r har Alisson formentlig ogs\u00e5 masser af gode \u00e5r i sig endnu i europ\u00e6isk topfoldbold, men ikke desto mindre har han allerede et klart \u00f8nske om, hvor karrieren i sidste ende skal f\u00f8re hen.<\/p>\n\n\n\n<div class=\"wp-block-si-widget wp-block-si-widget--center\"><si-lb-widget widget-id=\"PlayerSeasonStatsSnap\" data-hide-controls=\"false\" width=\"440\" data-player-id=\"319784\" data-card=\"true\" data-theme-appearance=\"dark\"><\/si-lb-widget><\/div>\n\n\n\n<p>Keeperen h\u00e5ber nemlig p\u00e5 at afslutte karrieren i barndomsklubben Internacional, hvor han fik sit gennembrud.<\/p>\n\n\n\n<p>&#8220;Jeg ved, at gud har noget planlagt til mig, og jeg vil f\u00f8lge hans plan, men i mit hjerte vil jeg tilbage til Inter, n\u00e5r jeg vender tilbage til Brasilien. Det er klubben, jeg elsker,&#8221; udtaler Alisson til <a href=\"https:\/\/globoesporte.globo.com\/futebol\/selecao-brasileira\/noticia\/ultimas-noticias-selecao-brasileira-entrevista-alisson-goleiro-internacional-copa-belgica.ghtml\" target=\"_blank\" rel=\"noreferrer noopener\">Globo Esporte<\/a>.<\/p>\n\n\n\n<p>Hvorn\u00e5r det er tid til at vende snuden hjem, ved Liverpool-stjernen dog ikke endnu.<\/p>\n\n\n\n<figure class=\"wp-block-embed-wordpress wp-block-embed is-type-wp-embed is-provider-ace-football-danmark\"><div class=\"wp-block-embed__wrapper\">\n<blockquote class=\"wp-embedded-content\" data-secret=\"MA7jfveirr\"><a href=\"https:\/\/acefootball.com\/da\/fodboldnyheder\/kaempe-slag-ny-skade-i-liverpool-forsvaret\/\">K\u00e6mpe slag: Ny skade i Liverpool-forsvaret<\/a><\/blockquote><iframe class=\"wp-embedded-content\" sandbox=\"allow-scripts\" security=\"restricted\" style=\"position: absolute; clip: rect(1px, 1px, 1px, 1px);\" title=\"&#8220;K\u00e6mpe slag: Ny skade i Liverpool-forsvaret&#8221; &#8212; Ace Football Danmark\" src=\"https:\/\/acefootball.com\/da\/fodboldnyheder\/kaempe-slag-ny-skade-i-liverpool-forsvaret\/embed\/#?secret=MA7jfveirr\" data-secret=\"MA7jfveirr\" width=\"600\" height=\"338\" frameborder=\"0\" marginwidth=\"0\" marginheight=\"0\" scrolling=\"no\"><\/iframe>\n<\/div><\/figure>\n\n\n\n<p>&#8220;Jeg har planer om en lang karriere i fodbold og at spille p\u00e5 h\u00f8jeste niveau, s\u00e5 meget jeg kan. Jeg ved ikke, om jeg bliver 35 \u00e5r, 40 \u00e5r eller mere. Der er lang vej endnu. Jeg vil g\u00f8re mit bedste, s\u00e5 l\u00e6nge jeg er p\u00e5 landsholdet og i Europa.&#8221;<\/p>\n\n\n\n<p>Alisson Becker blev i 2019 k\u00e5ret som verdens bedste m\u00e5lmand.<\/p>\n","protected":false},"excerpt":{"rendered":"<p>Alisson Becker har stadig masser af \u00e5r tilbage p\u00e5 topniveau, men han har alligevel en klar plan for, hvor karrieren skal afsluttes<\/p>\n","protected":false},"author":705,"featured_media":243289,"comment_status":"open","ping_status":"closed","sticky":false,"template":"","format":"standard","meta":{"om_disable_all_campaigns":false,"push_articles_ronaldo":{"active":false,"canonical":0,"publish":false},"force_updates":null},"categories":[8204],"tags":[4629,690,6114,132,134],"enet_tags":{"player":["319784"],"team":["8256","8702","8650"],"league":["47"],"sport_events":[]},"yoast_head":"<!-- This site is optimized with the Yoast SEO plugin v18.3 - https:\/\/yoast.com\/wordpress\/plugins\/seo\/ -->\n<title>Liverpool-keeper vil hjem til hjerteklubben<\/title>\n<meta name=\"description\" content=\"Alisson Becker har stadig masser af \u00e5r tilbage p\u00e5 topniveau, men han har alligevel en klar plan for, hvor karrieren skal afsluttes\" \/>\n<meta name=\"robots\" content=\"index, follow, max-snippet:-1, max-image-preview:large, max-video-preview:-1\" \/>\n<link rel=\"canonical\" href=\"https:\/\/acefootball.com\/da\/fodboldnyheder\/liverpool-keeper-vil-hjem-til-hjerteklubben\/\" \/>\n<meta property=\"og:locale\" content=\"en_US\" \/>\n<meta property=\"og:type\" content=\"article\" \/>\n<meta property=\"og:title\" content=\"Liverpool-keeper vil hjem til hjerteklubben\" \/>\n<meta property=\"og:description\" content=\"Alisson Becker har stadig masser af \u00e5r tilbage p\u00e5 topniveau, men han har alligevel en klar plan for, hvor karrieren skal afsluttes\" \/>\n<meta property=\"og:url\" content=\"https:\/\/acefootball.com\/da\/fodboldnyheder\/liverpool-keeper-vil-hjem-til-hjerteklubben\/\" \/>\n<meta property=\"og:site_name\" content=\"Ace Football Danmark\" \/>\n<meta property=\"article:publisher\" content=\"https:\/\/www.facebook.com\/acefootballdk\" \/>\n<meta property=\"article:published_time\" content=\"2020-11-12T13:43:55+00:00\" \/>\n<meta property=\"og:image\" content=\"https:\/\/acefootball.com\/da\/wp-content\/uploads\/sites\/2\/2020\/11\/Ace-17-3.jpg\" \/>\n\t<meta property=\"og:image:width\" content=\"1920\" \/>\n\t<meta property=\"og:image:height\" content=\"1008\" \/>\n\t<meta property=\"og:image:type\" content=\"image\/jpeg\" \/>\n<meta name=\"twitter:card\" content=\"summary_large_image\" \/>\n<meta name=\"twitter:label1\" content=\"Written by\" \/>\n\t<meta name=\"twitter:data1\" content=\"Mads Dreyer\" \/>\n\t<meta name=\"twitter:label2\" content=\"Est. reading time\" \/>\n\t<meta name=\"twitter:data2\" content=\"1 minute\" \/>\n<script type=\"application\/ld+json\" class=\"yoast-schema-graph\">{\"@context\":\"https:\/\/schema.org\",\"@graph\":[{\"@type\":\"Organization\",\"@id\":\"https:\/\/acefootball.com\/da\/#organization\",\"name\":\"Ace Football\",\"url\":\"https:\/\/acefootball.com\/da\/\",\"sameAs\":[\"https:\/\/www.facebook.com\/acefootballdk\"],\"logo\":{\"@type\":\"ImageObject\",\"@id\":\"https:\/\/acefootball.com\/da\/#logo\",\"inLanguage\":\"en-US\",\"url\":\"https:\/\/acefootball.com\/da\/wp-content\/uploads\/sites\/2\/2020\/07\/Ace-Football-30-07-2020-2.png\",\"contentUrl\":\"https:\/\/acefootball.com\/da\/wp-content\/uploads\/sites\/2\/2020\/07\/Ace-Football-30-07-2020-2.png\",\"width\":1200,\"height\":600,\"caption\":\"Ace Football\"},\"image\":{\"@id\":\"https:\/\/acefootball.com\/da\/#logo\"}},{\"@type\":\"WebSite\",\"@id\":\"https:\/\/acefootball.com\/da\/#website\",\"url\":\"https:\/\/acefootball.com\/da\/\",\"name\":\"Ace Football Danmark\",\"description\":\"Nyheder, Spiltips &amp; Livescore\",\"publisher\":{\"@id\":\"https:\/\/acefootball.com\/da\/#organization\"},\"potentialAction\":[{\"@type\":\"SearchAction\",\"target\":{\"@type\":\"EntryPoint\",\"urlTemplate\":\"https:\/\/acefootball.com\/da\/?s={search_term_string}\"},\"query-input\":\"required name=search_term_string\"}],\"inLanguage\":\"en-US\"},{\"@type\":\"ImageObject\",\"@id\":\"https:\/\/acefootball.com\/da\/fodboldnyheder\/liverpool-keeper-vil-hjem-til-hjerteklubben\/#primaryimage\",\"inLanguage\":\"en-US\",\"url\":\"https:\/\/acefootball.com\/da\/wp-content\/uploads\/sites\/2\/2020\/11\/Ace-17-3.jpg\",\"contentUrl\":\"https:\/\/acefootball.com\/da\/wp-content\/uploads\/sites\/2\/2020\/11\/Ace-17-3.jpg\",\"width\":1920,\"height\":1008},{\"@type\":\"WebPage\",\"@id\":\"https:\/\/acefootball.com\/da\/fodboldnyheder\/liverpool-keeper-vil-hjem-til-hjerteklubben\/#webpage\",\"url\":\"https:\/\/acefootball.com\/da\/fodboldnyheder\/liverpool-keeper-vil-hjem-til-hjerteklubben\/\",\"name\":\"Liverpool-keeper vil hjem til hjerteklubben\",\"isPartOf\":{\"@id\":\"https:\/\/acefootball.com\/da\/#website\"},\"primaryImageOfPage\":{\"@id\":\"https:\/\/acefootball.com\/da\/fodboldnyheder\/liverpool-keeper-vil-hjem-til-hjerteklubben\/#primaryimage\"},\"datePublished\":\"2020-11-12T13:43:55+00:00\",\"dateModified\":\"2020-11-12T13:43:55+00:00\",\"description\":\"Alisson Becker har stadig masser af \u00e5r tilbage p\u00e5 topniveau, men han har alligevel en klar plan for, hvor karrieren skal afsluttes\",\"breadcrumb\":{\"@id\":\"https:\/\/acefootball.com\/da\/fodboldnyheder\/liverpool-keeper-vil-hjem-til-hjerteklubben\/#breadcrumb\"},\"inLanguage\":\"en-US\",\"potentialAction\":[{\"@type\":\"ReadAction\",\"target\":[\"https:\/\/acefootball.com\/da\/fodboldnyheder\/liverpool-keeper-vil-hjem-til-hjerteklubben\/\"]}]},{\"@type\":\"BreadcrumbList\",\"@id\":\"https:\/\/acefootball.com\/da\/fodboldnyheder\/liverpool-keeper-vil-hjem-til-hjerteklubben\/#breadcrumb\",\"itemListElement\":[{\"@type\":\"ListItem\",\"position\":1,\"name\":\"Home\",\"item\":\"https:\/\/acefootball.com\/da\/\"},{\"@type\":\"ListItem\",\"position\":2,\"name\":\"Liverpool-keeper vil hjem til hjerteklubben\"}]},{\"@type\":\"Article\",\"@id\":\"https:\/\/acefootball.com\/da\/fodboldnyheder\/liverpool-keeper-vil-hjem-til-hjerteklubben\/#article\",\"isPartOf\":{\"@id\":\"https:\/\/acefootball.com\/da\/fodboldnyheder\/liverpool-keeper-vil-hjem-til-hjerteklubben\/#webpage\"},\"author\":{\"@id\":\"https:\/\/acefootball.com\/da\/#\/schema\/person\/ee67e9cf04a276f144100ffa722f10cd\"},\"headline\":\"Liverpool-keeper vil hjem til hjerteklubben\",\"datePublished\":\"2020-11-12T13:43:55+00:00\",\"dateModified\":\"2020-11-12T13:43:55+00:00\",\"mainEntityOfPage\":{\"@id\":\"https:\/\/acefootball.com\/da\/fodboldnyheder\/liverpool-keeper-vil-hjem-til-hjerteklubben\/#webpage\"},\"wordCount\":257,\"commentCount\":0,\"publisher\":{\"@id\":\"https:\/\/acefootball.com\/da\/#organization\"},\"image\":{\"@id\":\"https:\/\/acefootball.com\/da\/fodboldnyheder\/liverpool-keeper-vil-hjem-til-hjerteklubben\/#primaryimage\"},\"thumbnailUrl\":\"https:\/\/acefootball.com\/da\/wp-content\/uploads\/sites\/2\/2020\/11\/GettyImages-1282659486.jpg\",\"keywords\":[\"Alisson Becker\",\"Brasilien\",\"Internacional\",\"Liverpool\",\"Premier League\"],\"articleSection\":[\"Udtalelse\"],\"inLanguage\":\"en-US\",\"potentialAction\":[{\"@type\":\"CommentAction\",\"name\":\"Comment\",\"target\":[\"https:\/\/acefootball.com\/da\/fodboldnyheder\/liverpool-keeper-vil-hjem-til-hjerteklubben\/#respond\"]}]},{\"@type\":\"Person\",\"@id\":\"https:\/\/acefootball.com\/da\/#\/schema\/person\/ee67e9cf04a276f144100ffa722f10cd\",\"name\":\"Mads Dreyer\",\"image\":{\"@type\":\"ImageObject\",\"@id\":\"https:\/\/acefootball.com\/da\/#personlogo\",\"inLanguage\":\"en-US\",\"url\":\"https:\/\/secure.gravatar.com\/avatar\/7c7abf72cfde9902b6a60efe60c88d4c?s=96&d=mm&r=g\",\"contentUrl\":\"https:\/\/secure.gravatar.com\/avatar\/7c7abf72cfde9902b6a60efe60c88d4c?s=96&d=mm&r=g\",\"caption\":\"Mads Dreyer\"},\"description\":\"Skribent og fodboldn\u00f8rd, der lige nu fort\u00e6ller om alt og intet i fodboldverdenen p\u00e5 acefootball.com. Uddannet i kommunikation fra Aalborg Universitet.\",\"sameAs\":[\"https:\/\/www.linkedin.com\/in\/mads-dreyer-b9b08266\/\"],\"url\":\"https:\/\/acefootball.com\/da\/fodboldnyheder\/author\/mdnronaldo\/\"}]}<\/script>\n<!-- \/ Yoast SEO plugin. -->","yoast_head_json":{"title":"Liverpool-keeper vil hjem til hjerteklubben","description":"Alisson Becker har stadig masser af \u00e5r tilbage p\u00e5 topniveau, men han har alligevel en klar plan for, hvor karrieren skal afsluttes","robots":{"index":"index","follow":"follow","max-snippet":"max-snippet:-1","max-image-preview":"max-image-preview:large","max-video-preview":"max-video-preview:-1"},"canonical":"https:\/\/acefootball.com\/da\/fodboldnyheder\/liverpool-keeper-vil-hjem-til-hjerteklubben\/","og_locale":"en_US","og_type":"article","og_title":"Liverpool-keeper vil hjem til hjerteklubben","og_description":"Alisson Becker har stadig masser af \u00e5r tilbage p\u00e5 topniveau, men han har alligevel en klar plan for, hvor karrieren skal afsluttes","og_url":"https:\/\/acefootball.com\/da\/fodboldnyheder\/liverpool-keeper-vil-hjem-til-hjerteklubben\/","og_site_name":"Ace Football Danmark","article_publisher":"https:\/\/www.facebook.com\/acefootballdk","article_published_time":"2020-11-12T13:43:55+00:00","og_image":[{"width":1920,"height":1008,"url":"https:\/\/acefootball.com\/da\/wp-content\/uploads\/sites\/2\/2020\/11\/Ace-17-3.jpg","type":"image\/jpeg"}],"twitter_card":"summary_large_image","twitter_misc":{"Written by":"Mads Dreyer","Est. reading time":"1 minute"},"schema":{"@context":"https:\/\/schema.org","@graph":[{"@type":"Organization","@id":"https:\/\/acefootball.com\/da\/#organization","name":"Ace Football","url":"https:\/\/acefootball.com\/da\/","sameAs":["https:\/\/www.facebook.com\/acefootballdk"],"logo":{"@type":"ImageObject","@id":"https:\/\/acefootball.com\/da\/#logo","inLanguage":"en-US","url":"https:\/\/acefootball.com\/da\/wp-content\/uploads\/sites\/2\/2020\/07\/Ace-Football-30-07-2020-2.png","contentUrl":"https:\/\/acefootball.com\/da\/wp-content\/uploads\/sites\/2\/2020\/07\/Ace-Football-30-07-2020-2.png","width":1200,"height":600,"caption":"Ace Football"},"image":{"@id":"https:\/\/acefootball.com\/da\/#logo"}},{"@type":"WebSite","@id":"https:\/\/acefootball.com\/da\/#website","url":"https:\/\/acefootball.com\/da\/","name":"Ace Football Danmark","description":"Nyheder, Spiltips &amp; Livescore","publisher":{"@id":"https:\/\/acefootball.com\/da\/#organization"},"potentialAction":[{"@type":"SearchAction","target":{"@type":"EntryPoint","urlTemplate":"https:\/\/acefootball.com\/da\/?s={search_term_string}"},"query-input":"required name=search_term_string"}],"inLanguage":"en-US"},{"@type":"ImageObject","@id":"https:\/\/acefootball.com\/da\/fodboldnyheder\/liverpool-keeper-vil-hjem-til-hjerteklubben\/#primaryimage","inLanguage":"en-US","url":"https:\/\/acefootball.com\/da\/wp-content\/uploads\/sites\/2\/2020\/11\/Ace-17-3.jpg","contentUrl":"https:\/\/acefootball.com\/da\/wp-content\/uploads\/sites\/2\/2020\/11\/Ace-17-3.jpg","width":1920,"height":1008},{"@type":"WebPage","@id":"https:\/\/acefootball.com\/da\/fodboldnyheder\/liverpool-keeper-vil-hjem-til-hjerteklubben\/#webpage","url":"https:\/\/acefootball.com\/da\/fodboldnyheder\/liverpool-keeper-vil-hjem-til-hjerteklubben\/","name":"Liverpool-keeper vil hjem til hjerteklubben","isPartOf":{"@id":"https:\/\/acefootball.com\/da\/#website"},"primaryImageOfPage":{"@id":"https:\/\/acefootball.com\/da\/fodboldnyheder\/liverpool-keeper-vil-hjem-til-hjerteklubben\/#primaryimage"},"datePublished":"2020-11-12T13:43:55+00:00","dateModified":"2020-11-12T13:43:55+00:00","description":"Alisson Becker har stadig masser af \u00e5r tilbage p\u00e5 topniveau, men han har alligevel en klar plan for, hvor karrieren skal afsluttes","breadcrumb":{"@id":"https:\/\/acefootball.com\/da\/fodboldnyheder\/liverpool-keeper-vil-hjem-til-hjerteklubben\/#breadcrumb"},"inLanguage":"en-US","potentialAction":[{"@type":"ReadAction","target":["https:\/\/acefootball.com\/da\/fodboldnyheder\/liverpool-keeper-vil-hjem-til-hjerteklubben\/"]}]},{"@type":"BreadcrumbList","@id":"https:\/\/acefootball.com\/da\/fodboldnyheder\/liverpool-keeper-vil-hjem-til-hjerteklubben\/#breadcrumb","itemListElement":[{"@type":"ListItem","position":1,"name":"Home","item":"https:\/\/acefootball.com\/da\/"},{"@type":"ListItem","position":2,"name":"Liverpool-keeper vil hjem til hjerteklubben"}]},{"@type":"Article","@id":"https:\/\/acefootball.com\/da\/fodboldnyheder\/liverpool-keeper-vil-hjem-til-hjerteklubben\/#article","isPartOf":{"@id":"https:\/\/acefootball.com\/da\/fodboldnyheder\/liverpool-keeper-vil-hjem-til-hjerteklubben\/#webpage"},"author":{"@id":"https:\/\/acefootball.com\/da\/#\/schema\/person\/ee67e9cf04a276f144100ffa722f10cd"},"headline":"Liverpool-keeper vil hjem til hjerteklubben","datePublished":"2020-11-12T13:43:55+00:00","dateModified":"2020-11-12T13:43:55+00:00","mainEntityOfPage":{"@id":"https:\/\/acefootball.com\/da\/fodboldnyheder\/liverpool-keeper-vil-hjem-til-hjerteklubben\/#webpage"},"wordCount":257,"commentCount":0,"publisher":{"@id":"https:\/\/acefootball.com\/da\/#organization"},"image":{"@id":"https:\/\/acefootball.com\/da\/fodboldnyheder\/liverpool-keeper-vil-hjem-til-hjerteklubben\/#primaryimage"},"thumbnailUrl":"https:\/\/acefootball.com\/da\/wp-content\/uploads\/sites\/2\/2020\/11\/GettyImages-1282659486.jpg","keywords":["Alisson Becker","Brasilien","Internacional","Liverpool","Premier League"],"articleSection":["Udtalelse"],"inLanguage":"en-US","potentialAction":[{"@type":"CommentAction","name":"Comment","target":["https:\/\/acefootball.com\/da\/fodboldnyheder\/liverpool-keeper-vil-hjem-til-hjerteklubben\/#respond"]}]},{"@type":"Person","@id":"https:\/\/acefootball.com\/da\/#\/schema\/person\/ee67e9cf04a276f144100ffa722f10cd","name":"Mads Dreyer","image":{"@type":"ImageObject","@id":"https:\/\/acefootball.com\/da\/#personlogo","inLanguage":"en-US","url":"https:\/\/secure.gravatar.com\/avatar\/7c7abf72cfde9902b6a60efe60c88d4c?s=96&d=mm&r=g","contentUrl":"https:\/\/secure.gravatar.com\/avatar\/7c7abf72cfde9902b6a60efe60c88d4c?s=96&d=mm&r=g","caption":"Mads Dreyer"},"description":"Skribent og fodboldn\u00f8rd, der lige nu fort\u00e6ller om alt og intet i fodboldverdenen p\u00e5 acefootball.com. Uddannet i kommunikation fra Aalborg Universitet.","sameAs":["https:\/\/www.linkedin.com\/in\/mads-dreyer-b9b08266\/"],"url":"https:\/\/acefootball.com\/da\/fodboldnyheder\/author\/mdnronaldo\/"}]}},"fimg_url":"https:\/\/acefootball.com\/da\/wp-content\/uploads\/sites\/2\/2020\/11\/GettyImages-1282659486.jpg","_links":{"self":[{"href":"https:\/\/acefootball.com\/da\/wp-json\/wp\/v2\/posts\/243286"}],"collection":[{"href":"https:\/\/acefootball.com\/da\/wp-json\/wp\/v2\/posts"}],"about":[{"href":"https:\/\/acefootball.com\/da\/wp-json\/wp\/v2\/types\/post"}],"author":[{"embeddable":true,"href":"https:\/\/acefootball.com\/da\/wp-json\/wp\/v2\/users\/705"}],"replies":[{"embeddable":true,"href":"https:\/\/acefootball.com\/da\/wp-json\/wp\/v2\/comments?post=243286"}],"version-history":[{"count":0,"href":"https:\/\/acefootball.com\/da\/wp-json\/wp\/v2\/posts\/243286\/revisions"}],"wp:featuredmedia":[{"embeddable":true,"href":"https:\/\/acefootball.com\/da\/wp-json\/wp\/v2\/media\/243289"}],"wp:attachment":[{"href":"https:\/\/acefootball.com\/da\/wp-json\/wp\/v2\/media?parent=243286"}],"wp:term":[{"taxonomy":"category","embeddable":true,"href":"https:\/\/acefootball.com\/da\/wp-json\/wp\/v2\/categories?post=243286"},{"taxonomy":"post_tag","embeddable":true,"href":"https:\/\/acefootball.com\/da\/wp-json\/wp\/v2\/tags?post=243286"}],"curies":[{"name":"wp","href":"https:\/\/api.w.org\/{rel}","templated":true}]}}