{"id":243281,"date":"2020-11-12T13:47:37","date_gmt":"2020-11-12T12:47:37","guid":{"rendered":"https:\/\/acefootball.com\/da\/?p=243281"},"modified":"2020-11-12T13:47:37","modified_gmt":"2020-11-12T12:47:37","slug":"medie-niels-frederiksen-paa-vippen-i-broendby-superliga-traener-spoeger","status":"publish","type":"post","link":"https:\/\/acefootball.com\/da\/fodboldnyheder\/medie-niels-frederiksen-paa-vippen-i-broendby-superliga-traener-spoeger\/","title":{"rendered":"Medie: Niels Frederiksen p\u00e5 vippen i Br\u00f8ndby &#8211; Superliga-tr\u00e6ner sp\u00f8ger"},"content":{"rendered":"\n<h2 id=\"h-if-lge-b-t-er-br-ndby-ved-at-afs-ge-markedet-for-en-ny-cheftr-ner-og-her-er-der-efter-sigende-fokus-p-superligaen\">If\u00f8lge B.T. er Br\u00f8ndby ved at afs\u00f8ge markedet for en ny cheftr\u00e6ner, og her er der efter sigende fokus p\u00e5 Superligaen<\/h2>\n\n\n\n<p>Der er ingen afklaring omkring Niels Frederiksens fremtid, da den nuv\u00e6rende cheftr\u00e6ner endnu ikke har skrevet under p\u00e5 en ny aftale.<\/p>\n\n\n\n<p>Frederiksen har kontraktudl\u00f8b til sommer, og det kan muligvis ogs\u00e5 blive til et exit. I hvert fald er Br\u00f8ndby, if\u00f8lge <a href=\"https:\/\/www.bt.dk\/transfervinduet\/transfervinduet-fcks-droemmemand-var-ogsaa-solbakkens\" target=\"_blank\" rel=\"noreferrer noopener\">B.T.&#8217;s &#8216;Transfervinduet&#8217;<\/a>, lige nu ved at unders\u00f8ge markedet for en erstatning.<\/p>\n\n\n\n<p>Og her har man angiveligt fokus p\u00e5 den hjemlige Superliga, hvor en enkelt tr\u00e6ner har tiltrukket sig opm\u00e6rksomhed fra Vestegnen.<\/p>\n\n\n\n<figure class=\"wp-block-embed-wordpress wp-block-embed is-type-wp-embed is-provider-ace-football-danmark\"><div class=\"wp-block-embed__wrapper\">\n<blockquote class=\"wp-embedded-content\" data-secret=\"wWDXgHPYYr\"><a href=\"https:\/\/acefootball.com\/da\/fodboldnyheder\/saa-i-det-broendbys-nye-video-fyldt-med-skjulte-beskeder\/\">S\u00e5 I det? &#8211; Br\u00f8ndbys nye video fyldt med skjulte beskeder<\/a><\/blockquote><iframe class=\"wp-embedded-content\" sandbox=\"allow-scripts\" security=\"restricted\" style=\"position: absolute; clip: rect(1px, 1px, 1px, 1px);\" title=\"&#8220;S\u00e5 I det? &#8211; Br\u00f8ndbys nye video fyldt med skjulte beskeder&#8221; &#8212; Ace Football Danmark\" src=\"https:\/\/acefootball.com\/da\/fodboldnyheder\/saa-i-det-broendbys-nye-video-fyldt-med-skjulte-beskeder\/embed\/#?secret=wWDXgHPYYr\" data-secret=\"wWDXgHPYYr\" width=\"600\" height=\"338\" frameborder=\"0\" marginwidth=\"0\" marginheight=\"0\" scrolling=\"no\"><\/iframe>\n<\/div><\/figure>\n\n\n\n<p>Der s\u00e6ttes dog ikke navn p\u00e5, hvem der er tale om, men v\u00e6rterne p\u00e5 B.T.-podcastet kommer frem til, at David Nielsen m\u00e5 v\u00e6re det mest realistiske bud.<\/p>\n\n\n\n<p>Der skal dog formentlig en god salgstale til, hvis David Nielsen skal lokkes v\u00e6k fra projektet i AGF, hvor han fortsat har kontrakt til sommeren 2023.<\/p>\n","protected":false},"excerpt":{"rendered":"<p>If\u00f8lge B.T. er Br\u00f8ndby ved at afs\u00f8ge markedet for en ny cheftr\u00e6ner, og her er der efter sigende fokus p\u00e5 Superligaen<\/p>\n","protected":false},"author":705,"featured_media":235214,"comment_status":"open","ping_status":"closed","sticky":false,"template":"","format":"standard","meta":{"om_disable_all_campaigns":false,"push_articles_ronaldo":{"active":false,"canonical":0,"publish":false},"force_updates":null},"categories":[7],"tags":[18,53,296,812,588],"enet_tags":{"team":["8071","8595"],"player":["532991","183862"],"league":["46"],"sport_events":[]},"yoast_head":"<!-- This site is optimized with the Yoast SEO plugin v18.3 - https:\/\/yoast.com\/wordpress\/plugins\/seo\/ -->\n<title>Medie: Niels Frederiksen p\u00e5 vippen i Br\u00f8ndby - Superliga-tr\u00e6ner sp\u00f8ger<\/title>\n<meta name=\"description\" content=\"If\u00f8lge B.T. er Br\u00f8ndby ved at afs\u00f8ge markedet for en ny cheftr\u00e6ner, og her er der efter sigende fokus p\u00e5 Superligaen\" \/>\n<meta name=\"robots\" content=\"index, follow, max-snippet:-1, max-image-preview:large, max-video-preview:-1\" \/>\n<link rel=\"canonical\" href=\"https:\/\/acefootball.com\/da\/fodboldnyheder\/medie-niels-frederiksen-paa-vippen-i-broendby-superliga-traener-spoeger\/\" \/>\n<meta property=\"og:locale\" content=\"en_US\" \/>\n<meta property=\"og:type\" content=\"article\" \/>\n<meta property=\"og:title\" content=\"Medie: Niels Frederiksen p\u00e5 vippen i Br\u00f8ndby - Superliga-tr\u00e6ner sp\u00f8ger\" \/>\n<meta property=\"og:description\" content=\"If\u00f8lge B.T. er Br\u00f8ndby ved at afs\u00f8ge markedet for en ny cheftr\u00e6ner, og her er der efter sigende fokus p\u00e5 Superligaen\" \/>\n<meta property=\"og:url\" content=\"https:\/\/acefootball.com\/da\/fodboldnyheder\/medie-niels-frederiksen-paa-vippen-i-broendby-superliga-traener-spoeger\/\" \/>\n<meta property=\"og:site_name\" content=\"Ace Football Danmark\" \/>\n<meta property=\"article:publisher\" content=\"https:\/\/www.facebook.com\/acefootballdk\" \/>\n<meta property=\"article:published_time\" content=\"2020-11-12T12:47:37+00:00\" \/>\n<meta property=\"og:image\" content=\"https:\/\/acefootball.com\/da\/wp-content\/uploads\/sites\/2\/2020\/11\/Broendby.jpg\" \/>\n\t<meta property=\"og:image:width\" content=\"1920\" \/>\n\t<meta property=\"og:image:height\" content=\"1008\" \/>\n\t<meta property=\"og:image:type\" content=\"image\/jpeg\" \/>\n<meta name=\"twitter:card\" content=\"summary_large_image\" \/>\n<meta name=\"twitter:label1\" content=\"Written by\" \/>\n\t<meta name=\"twitter:data1\" content=\"Mads Dreyer\" \/>\n\t<meta name=\"twitter:label2\" content=\"Est. reading time\" \/>\n\t<meta name=\"twitter:data2\" content=\"1 minute\" \/>\n<script type=\"application\/ld+json\" class=\"yoast-schema-graph\">{\"@context\":\"https:\/\/schema.org\",\"@graph\":[{\"@type\":\"Organization\",\"@id\":\"https:\/\/acefootball.com\/da\/#organization\",\"name\":\"Ace Football\",\"url\":\"https:\/\/acefootball.com\/da\/\",\"sameAs\":[\"https:\/\/www.facebook.com\/acefootballdk\"],\"logo\":{\"@type\":\"ImageObject\",\"@id\":\"https:\/\/acefootball.com\/da\/#logo\",\"inLanguage\":\"en-US\",\"url\":\"https:\/\/acefootball.com\/da\/wp-content\/uploads\/sites\/2\/2020\/07\/Ace-Football-30-07-2020-2.png\",\"contentUrl\":\"https:\/\/acefootball.com\/da\/wp-content\/uploads\/sites\/2\/2020\/07\/Ace-Football-30-07-2020-2.png\",\"width\":1200,\"height\":600,\"caption\":\"Ace Football\"},\"image\":{\"@id\":\"https:\/\/acefootball.com\/da\/#logo\"}},{\"@type\":\"WebSite\",\"@id\":\"https:\/\/acefootball.com\/da\/#website\",\"url\":\"https:\/\/acefootball.com\/da\/\",\"name\":\"Ace Football Danmark\",\"description\":\"Nyheder, Spiltips &amp; Livescore\",\"publisher\":{\"@id\":\"https:\/\/acefootball.com\/da\/#organization\"},\"potentialAction\":[{\"@type\":\"SearchAction\",\"target\":{\"@type\":\"EntryPoint\",\"urlTemplate\":\"https:\/\/acefootball.com\/da\/?s={search_term_string}\"},\"query-input\":\"required name=search_term_string\"}],\"inLanguage\":\"en-US\"},{\"@type\":\"ImageObject\",\"@id\":\"https:\/\/acefootball.com\/da\/fodboldnyheder\/medie-niels-frederiksen-paa-vippen-i-broendby-superliga-traener-spoeger\/#primaryimage\",\"inLanguage\":\"en-US\",\"url\":\"https:\/\/acefootball.com\/da\/wp-content\/uploads\/sites\/2\/2020\/11\/Broendby.jpg\",\"contentUrl\":\"https:\/\/acefootball.com\/da\/wp-content\/uploads\/sites\/2\/2020\/11\/Broendby.jpg\",\"width\":1920,\"height\":1008},{\"@type\":\"WebPage\",\"@id\":\"https:\/\/acefootball.com\/da\/fodboldnyheder\/medie-niels-frederiksen-paa-vippen-i-broendby-superliga-traener-spoeger\/#webpage\",\"url\":\"https:\/\/acefootball.com\/da\/fodboldnyheder\/medie-niels-frederiksen-paa-vippen-i-broendby-superliga-traener-spoeger\/\",\"name\":\"Medie: Niels Frederiksen p\u00e5 vippen i Br\u00f8ndby - Superliga-tr\u00e6ner sp\u00f8ger\",\"isPartOf\":{\"@id\":\"https:\/\/acefootball.com\/da\/#website\"},\"primaryImageOfPage\":{\"@id\":\"https:\/\/acefootball.com\/da\/fodboldnyheder\/medie-niels-frederiksen-paa-vippen-i-broendby-superliga-traener-spoeger\/#primaryimage\"},\"datePublished\":\"2020-11-12T12:47:37+00:00\",\"dateModified\":\"2020-11-12T12:47:37+00:00\",\"description\":\"If\u00f8lge B.T. er Br\u00f8ndby ved at afs\u00f8ge markedet for en ny cheftr\u00e6ner, og her er der efter sigende fokus p\u00e5 Superligaen\",\"breadcrumb\":{\"@id\":\"https:\/\/acefootball.com\/da\/fodboldnyheder\/medie-niels-frederiksen-paa-vippen-i-broendby-superliga-traener-spoeger\/#breadcrumb\"},\"inLanguage\":\"en-US\",\"potentialAction\":[{\"@type\":\"ReadAction\",\"target\":[\"https:\/\/acefootball.com\/da\/fodboldnyheder\/medie-niels-frederiksen-paa-vippen-i-broendby-superliga-traener-spoeger\/\"]}]},{\"@type\":\"BreadcrumbList\",\"@id\":\"https:\/\/acefootball.com\/da\/fodboldnyheder\/medie-niels-frederiksen-paa-vippen-i-broendby-superliga-traener-spoeger\/#breadcrumb\",\"itemListElement\":[{\"@type\":\"ListItem\",\"position\":1,\"name\":\"Home\",\"item\":\"https:\/\/acefootball.com\/da\/\"},{\"@type\":\"ListItem\",\"position\":2,\"name\":\"Medie: Niels Frederiksen p\u00e5 vippen i Br\u00f8ndby &#8211; Superliga-tr\u00e6ner sp\u00f8ger\"}]},{\"@type\":\"Article\",\"@id\":\"https:\/\/acefootball.com\/da\/fodboldnyheder\/medie-niels-frederiksen-paa-vippen-i-broendby-superliga-traener-spoeger\/#article\",\"isPartOf\":{\"@id\":\"https:\/\/acefootball.com\/da\/fodboldnyheder\/medie-niels-frederiksen-paa-vippen-i-broendby-superliga-traener-spoeger\/#webpage\"},\"author\":{\"@id\":\"https:\/\/acefootball.com\/da\/#\/schema\/person\/ee67e9cf04a276f144100ffa722f10cd\"},\"headline\":\"Medie: Niels Frederiksen p\u00e5 vippen i Br\u00f8ndby &#8211; Superliga-tr\u00e6ner sp\u00f8ger\",\"datePublished\":\"2020-11-12T12:47:37+00:00\",\"dateModified\":\"2020-11-12T12:47:37+00:00\",\"mainEntityOfPage\":{\"@id\":\"https:\/\/acefootball.com\/da\/fodboldnyheder\/medie-niels-frederiksen-paa-vippen-i-broendby-superliga-traener-spoeger\/#webpage\"},\"wordCount\":185,\"commentCount\":0,\"publisher\":{\"@id\":\"https:\/\/acefootball.com\/da\/#organization\"},\"image\":{\"@id\":\"https:\/\/acefootball.com\/da\/fodboldnyheder\/medie-niels-frederiksen-paa-vippen-i-broendby-superliga-traener-spoeger\/#primaryimage\"},\"thumbnailUrl\":\"https:\/\/acefootball.com\/da\/wp-content\/uploads\/sites\/2\/2020\/08\/GettyImages-1204364047.jpg\",\"keywords\":[\"AGF\",\"Br\u00f8ndby IF\",\"David Nielsen\",\"Niels Frederiksen\",\"Superligaen\"],\"articleSection\":[\"Transfer\"],\"inLanguage\":\"en-US\",\"potentialAction\":[{\"@type\":\"CommentAction\",\"name\":\"Comment\",\"target\":[\"https:\/\/acefootball.com\/da\/fodboldnyheder\/medie-niels-frederiksen-paa-vippen-i-broendby-superliga-traener-spoeger\/#respond\"]}]},{\"@type\":\"Person\",\"@id\":\"https:\/\/acefootball.com\/da\/#\/schema\/person\/ee67e9cf04a276f144100ffa722f10cd\",\"name\":\"Mads Dreyer\",\"image\":{\"@type\":\"ImageObject\",\"@id\":\"https:\/\/acefootball.com\/da\/#personlogo\",\"inLanguage\":\"en-US\",\"url\":\"https:\/\/secure.gravatar.com\/avatar\/7c7abf72cfde9902b6a60efe60c88d4c?s=96&d=mm&r=g\",\"contentUrl\":\"https:\/\/secure.gravatar.com\/avatar\/7c7abf72cfde9902b6a60efe60c88d4c?s=96&d=mm&r=g\",\"caption\":\"Mads Dreyer\"},\"description\":\"Skribent og fodboldn\u00f8rd, der lige nu fort\u00e6ller om alt og intet i fodboldverdenen p\u00e5 acefootball.com. Uddannet i kommunikation fra Aalborg Universitet.\",\"sameAs\":[\"https:\/\/www.linkedin.com\/in\/mads-dreyer-b9b08266\/\"],\"url\":\"https:\/\/acefootball.com\/da\/fodboldnyheder\/author\/mdnronaldo\/\"}]}<\/script>\n<!-- \/ Yoast SEO plugin. -->","yoast_head_json":{"title":"Medie: Niels Frederiksen p\u00e5 vippen i Br\u00f8ndby - Superliga-tr\u00e6ner sp\u00f8ger","description":"If\u00f8lge B.T. er Br\u00f8ndby ved at afs\u00f8ge markedet for en ny cheftr\u00e6ner, og her er der efter sigende fokus p\u00e5 Superligaen","robots":{"index":"index","follow":"follow","max-snippet":"max-snippet:-1","max-image-preview":"max-image-preview:large","max-video-preview":"max-video-preview:-1"},"canonical":"https:\/\/acefootball.com\/da\/fodboldnyheder\/medie-niels-frederiksen-paa-vippen-i-broendby-superliga-traener-spoeger\/","og_locale":"en_US","og_type":"article","og_title":"Medie: Niels Frederiksen p\u00e5 vippen i Br\u00f8ndby - Superliga-tr\u00e6ner sp\u00f8ger","og_description":"If\u00f8lge B.T. er Br\u00f8ndby ved at afs\u00f8ge markedet for en ny cheftr\u00e6ner, og her er der efter sigende fokus p\u00e5 Superligaen","og_url":"https:\/\/acefootball.com\/da\/fodboldnyheder\/medie-niels-frederiksen-paa-vippen-i-broendby-superliga-traener-spoeger\/","og_site_name":"Ace Football Danmark","article_publisher":"https:\/\/www.facebook.com\/acefootballdk","article_published_time":"2020-11-12T12:47:37+00:00","og_image":[{"width":1920,"height":1008,"url":"https:\/\/acefootball.com\/da\/wp-content\/uploads\/sites\/2\/2020\/11\/Broendby.jpg","type":"image\/jpeg"}],"twitter_card":"summary_large_image","twitter_misc":{"Written by":"Mads Dreyer","Est. reading time":"1 minute"},"schema":{"@context":"https:\/\/schema.org","@graph":[{"@type":"Organization","@id":"https:\/\/acefootball.com\/da\/#organization","name":"Ace Football","url":"https:\/\/acefootball.com\/da\/","sameAs":["https:\/\/www.facebook.com\/acefootballdk"],"logo":{"@type":"ImageObject","@id":"https:\/\/acefootball.com\/da\/#logo","inLanguage":"en-US","url":"https:\/\/acefootball.com\/da\/wp-content\/uploads\/sites\/2\/2020\/07\/Ace-Football-30-07-2020-2.png","contentUrl":"https:\/\/acefootball.com\/da\/wp-content\/uploads\/sites\/2\/2020\/07\/Ace-Football-30-07-2020-2.png","width":1200,"height":600,"caption":"Ace Football"},"image":{"@id":"https:\/\/acefootball.com\/da\/#logo"}},{"@type":"WebSite","@id":"https:\/\/acefootball.com\/da\/#website","url":"https:\/\/acefootball.com\/da\/","name":"Ace Football Danmark","description":"Nyheder, Spiltips &amp; Livescore","publisher":{"@id":"https:\/\/acefootball.com\/da\/#organization"},"potentialAction":[{"@type":"SearchAction","target":{"@type":"EntryPoint","urlTemplate":"https:\/\/acefootball.com\/da\/?s={search_term_string}"},"query-input":"required name=search_term_string"}],"inLanguage":"en-US"},{"@type":"ImageObject","@id":"https:\/\/acefootball.com\/da\/fodboldnyheder\/medie-niels-frederiksen-paa-vippen-i-broendby-superliga-traener-spoeger\/#primaryimage","inLanguage":"en-US","url":"https:\/\/acefootball.com\/da\/wp-content\/uploads\/sites\/2\/2020\/11\/Broendby.jpg","contentUrl":"https:\/\/acefootball.com\/da\/wp-content\/uploads\/sites\/2\/2020\/11\/Broendby.jpg","width":1920,"height":1008},{"@type":"WebPage","@id":"https:\/\/acefootball.com\/da\/fodboldnyheder\/medie-niels-frederiksen-paa-vippen-i-broendby-superliga-traener-spoeger\/#webpage","url":"https:\/\/acefootball.com\/da\/fodboldnyheder\/medie-niels-frederiksen-paa-vippen-i-broendby-superliga-traener-spoeger\/","name":"Medie: Niels Frederiksen p\u00e5 vippen i Br\u00f8ndby - Superliga-tr\u00e6ner sp\u00f8ger","isPartOf":{"@id":"https:\/\/acefootball.com\/da\/#website"},"primaryImageOfPage":{"@id":"https:\/\/acefootball.com\/da\/fodboldnyheder\/medie-niels-frederiksen-paa-vippen-i-broendby-superliga-traener-spoeger\/#primaryimage"},"datePublished":"2020-11-12T12:47:37+00:00","dateModified":"2020-11-12T12:47:37+00:00","description":"If\u00f8lge B.T. er Br\u00f8ndby ved at afs\u00f8ge markedet for en ny cheftr\u00e6ner, og her er der efter sigende fokus p\u00e5 Superligaen","breadcrumb":{"@id":"https:\/\/acefootball.com\/da\/fodboldnyheder\/medie-niels-frederiksen-paa-vippen-i-broendby-superliga-traener-spoeger\/#breadcrumb"},"inLanguage":"en-US","potentialAction":[{"@type":"ReadAction","target":["https:\/\/acefootball.com\/da\/fodboldnyheder\/medie-niels-frederiksen-paa-vippen-i-broendby-superliga-traener-spoeger\/"]}]},{"@type":"BreadcrumbList","@id":"https:\/\/acefootball.com\/da\/fodboldnyheder\/medie-niels-frederiksen-paa-vippen-i-broendby-superliga-traener-spoeger\/#breadcrumb","itemListElement":[{"@type":"ListItem","position":1,"name":"Home","item":"https:\/\/acefootball.com\/da\/"},{"@type":"ListItem","position":2,"name":"Medie: Niels Frederiksen p\u00e5 vippen i Br\u00f8ndby &#8211; Superliga-tr\u00e6ner sp\u00f8ger"}]},{"@type":"Article","@id":"https:\/\/acefootball.com\/da\/fodboldnyheder\/medie-niels-frederiksen-paa-vippen-i-broendby-superliga-traener-spoeger\/#article","isPartOf":{"@id":"https:\/\/acefootball.com\/da\/fodboldnyheder\/medie-niels-frederiksen-paa-vippen-i-broendby-superliga-traener-spoeger\/#webpage"},"author":{"@id":"https:\/\/acefootball.com\/da\/#\/schema\/person\/ee67e9cf04a276f144100ffa722f10cd"},"headline":"Medie: Niels Frederiksen p\u00e5 vippen i Br\u00f8ndby &#8211; Superliga-tr\u00e6ner sp\u00f8ger","datePublished":"2020-11-12T12:47:37+00:00","dateModified":"2020-11-12T12:47:37+00:00","mainEntityOfPage":{"@id":"https:\/\/acefootball.com\/da\/fodboldnyheder\/medie-niels-frederiksen-paa-vippen-i-broendby-superliga-traener-spoeger\/#webpage"},"wordCount":185,"commentCount":0,"publisher":{"@id":"https:\/\/acefootball.com\/da\/#organization"},"image":{"@id":"https:\/\/acefootball.com\/da\/fodboldnyheder\/medie-niels-frederiksen-paa-vippen-i-broendby-superliga-traener-spoeger\/#primaryimage"},"thumbnailUrl":"https:\/\/acefootball.com\/da\/wp-content\/uploads\/sites\/2\/2020\/08\/GettyImages-1204364047.jpg","keywords":["AGF","Br\u00f8ndby IF","David Nielsen","Niels Frederiksen","Superligaen"],"articleSection":["Transfer"],"inLanguage":"en-US","potentialAction":[{"@type":"CommentAction","name":"Comment","target":["https:\/\/acefootball.com\/da\/fodboldnyheder\/medie-niels-frederiksen-paa-vippen-i-broendby-superliga-traener-spoeger\/#respond"]}]},{"@type":"Person","@id":"https:\/\/acefootball.com\/da\/#\/schema\/person\/ee67e9cf04a276f144100ffa722f10cd","name":"Mads Dreyer","image":{"@type":"ImageObject","@id":"https:\/\/acefootball.com\/da\/#personlogo","inLanguage":"en-US","url":"https:\/\/secure.gravatar.com\/avatar\/7c7abf72cfde9902b6a60efe60c88d4c?s=96&d=mm&r=g","contentUrl":"https:\/\/secure.gravatar.com\/avatar\/7c7abf72cfde9902b6a60efe60c88d4c?s=96&d=mm&r=g","caption":"Mads Dreyer"},"description":"Skribent og fodboldn\u00f8rd, der lige nu fort\u00e6ller om alt og intet i fodboldverdenen p\u00e5 acefootball.com. Uddannet i kommunikation fra Aalborg Universitet.","sameAs":["https:\/\/www.linkedin.com\/in\/mads-dreyer-b9b08266\/"],"url":"https:\/\/acefootball.com\/da\/fodboldnyheder\/author\/mdnronaldo\/"}]}},"fimg_url":"https:\/\/acefootball.com\/da\/wp-content\/uploads\/sites\/2\/2020\/08\/GettyImages-1204364047.jpg","_links":{"self":[{"href":"https:\/\/acefootball.com\/da\/wp-json\/wp\/v2\/posts\/243281"}],"collection":[{"href":"https:\/\/acefootball.com\/da\/wp-json\/wp\/v2\/posts"}],"about":[{"href":"https:\/\/acefootball.com\/da\/wp-json\/wp\/v2\/types\/post"}],"author":[{"embeddable":true,"href":"https:\/\/acefootball.com\/da\/wp-json\/wp\/v2\/users\/705"}],"replies":[{"embeddable":true,"href":"https:\/\/acefootball.com\/da\/wp-json\/wp\/v2\/comments?post=243281"}],"version-history":[{"count":0,"href":"https:\/\/acefootball.com\/da\/wp-json\/wp\/v2\/posts\/243281\/revisions"}],"wp:featuredmedia":[{"embeddable":true,"href":"https:\/\/acefootball.com\/da\/wp-json\/wp\/v2\/media\/235214"}],"wp:attachment":[{"href":"https:\/\/acefootball.com\/da\/wp-json\/wp\/v2\/media?parent=243281"}],"wp:term":[{"taxonomy":"category","embeddable":true,"href":"https:\/\/acefootball.com\/da\/wp-json\/wp\/v2\/categories?post=243281"},{"taxonomy":"post_tag","embeddable":true,"href":"https:\/\/acefootball.com\/da\/wp-json\/wp\/v2\/tags?post=243281"}],"curies":[{"name":"wp","href":"https:\/\/api.w.org\/{rel}","templated":true}]}}