{"id":243271,"date":"2020-11-12T12:54:53","date_gmt":"2020-11-12T11:54:53","guid":{"rendered":"https:\/\/acefootball.com\/da\/?p=243271"},"modified":"2020-11-12T12:54:54","modified_gmt":"2020-11-12T11:54:54","slug":"video-u21-assistent-saetter-ungdommen-paa-plads-med-laekker-detalje","status":"publish","type":"post","link":"https:\/\/acefootball.com\/da\/fodboldnyheder\/video-u21-assistent-saetter-ungdommen-paa-plads-med-laekker-detalje\/","title":{"rendered":"Video: U21-assistent s\u00e6tter ungdommen p\u00e5 plads med l\u00e6kker detalje"},"content":{"rendered":"\n<h2 id=\"h-assistenttr-ner-p-det-danske-u21-landshold-steffen-h-jer-viste-til-dagens-tr-ning-at-der-stadig-er-magi-i-de-aldrende-f-dder\">Assistenttr\u00e6ner p\u00e5 det danske U21-landshold, Steffen H\u00f8jer, viste til dagens tr\u00e6ning, at der stadig er magi i de aldrende f\u00f8dder<\/h2>\n\n\n\n<div class=\"wp-block-si-widget wp-block-si-widget--center\"><si-lb-widget widget-id=\"MatchInfoWithOdds\" data-nopadding=\"true\" data-card=\"true\" width=\"440\" data-event-id=\"2988369\" data-provider=\"mrgreen\" data-theme-appearance=\"dark\"><\/si-lb-widget><\/div>\n\n\n\n<p>P\u00e5 det danske U21-landshold har man en erfaren herre som assistenttr\u00e6ner, i form af den tidligere Superliga-bomber Steffen H\u00f8jer.<\/p>\n\n\n\n<p>Angriberen var i sine velmarksdage hyperfarlig og scorede i alt 124 m\u00e5l i den bedste danske r\u00e6kke, inden st\u00f8vlerne blev stillet p\u00e5 hylden i 2008. Men H\u00f8jer har, trods en alder af 47 \u00e5r, endnu ikke glemt, hvordan en bold skal fork\u00e6les.<\/p>\n\n\n\n<p>Det viste han til dagens tr\u00e6ning p\u00e5 U21-landsholdet, hvor han med en l\u00e6kker detalje sn\u00f8d en af de unge drenge. Du kan se den i videoen herunder.<\/p>\n\n\n\n<figure class=\"wp-block-embed-twitter wp-block-embed is-type-rich is-provider-twitter\"><div class=\"wp-block-embed__wrapper\">\n<blockquote class=\"twitter-tweet\" data-width=\"550\" data-dnt=\"true\"><p lang=\"da\" dir=\"ltr\">N\u00e5r man nu mangler et par spillere i tr\u00e6ningen, er det godt at assistenttr\u00e6ner Steffen H\u00f8jer s\u00e5 kan vise vores unge U21-spillere, hvordan det skal g\u00f8res\ud83d\udc4c\ud83c\udffb\u26bd\ufe0f\ud83d\ude04 <a href=\"https:\/\/twitter.com\/hashtag\/ForDanmark?src=hash&amp;ref_src=twsrc%5Etfw\">#ForDanmark<\/a>\ud83c\udde9\ud83c\uddf0 <a href=\"https:\/\/t.co\/yMMV10Ll2B\">pic.twitter.com\/yMMV10Ll2B<\/a><\/p>&mdash; Fodboldlandsholdene \ud83c\udde9\ud83c\uddf0 (@dbulandshold) <a href=\"https:\/\/twitter.com\/dbulandshold\/status\/1326838832512294913?ref_src=twsrc%5Etfw\">November 12, 2020<\/a><\/blockquote><script async src=\"https:\/\/platform.twitter.com\/widgets.js\" charset=\"utf-8\"><\/script>\n<\/div><\/figure>\n","protected":false},"excerpt":{"rendered":"<p>Assistenttr\u00e6ner p\u00e5 det danske U21-landshold, Steffen H\u00f8jer, viste til dagens tr\u00e6ning, at der stadig er magi i de aldrende f\u00f8dder<\/p>\n","protected":false},"author":705,"featured_media":243274,"comment_status":"open","ping_status":"closed","sticky":false,"template":"","format":"standard","meta":{"om_disable_all_campaigns":false,"push_articles_ronaldo":{"active":false,"canonical":0,"publish":false},"force_updates":null},"categories":[8098],"tags":[692,1049,1047,528],"enet_tags":{"team":["8238","8494","9939"],"sport_events":[2988369]},"yoast_head":"<!-- This site is optimized with the Yoast SEO plugin v18.3 - https:\/\/yoast.com\/wordpress\/plugins\/seo\/ -->\n<title>Video: U21-assistent s\u00e6tter ungdommen p\u00e5 plads med l\u00e6kker detalje<\/title>\n<meta name=\"description\" content=\"Assistenttr\u00e6ner p\u00e5 det danske U21-landshold, Steffen H\u00f8jer, viste til dagens tr\u00e6ning, at der stadig er magi i de aldrende f\u00f8dder\" \/>\n<meta name=\"robots\" content=\"index, follow, max-snippet:-1, max-image-preview:large, max-video-preview:-1\" \/>\n<link rel=\"canonical\" href=\"https:\/\/acefootball.com\/da\/fodboldnyheder\/video-u21-assistent-saetter-ungdommen-paa-plads-med-laekker-detalje\/\" \/>\n<meta property=\"og:locale\" content=\"en_US\" \/>\n<meta property=\"og:type\" content=\"article\" \/>\n<meta property=\"og:title\" content=\"Video: U21-assistent s\u00e6tter ungdommen p\u00e5 plads med l\u00e6kker detalje\" \/>\n<meta property=\"og:description\" content=\"Assistenttr\u00e6ner p\u00e5 det danske U21-landshold, Steffen H\u00f8jer, viste til dagens tr\u00e6ning, at der stadig er magi i de aldrende f\u00f8dder\" \/>\n<meta property=\"og:url\" content=\"https:\/\/acefootball.com\/da\/fodboldnyheder\/video-u21-assistent-saetter-ungdommen-paa-plads-med-laekker-detalje\/\" \/>\n<meta property=\"og:site_name\" content=\"Ace Football Danmark\" \/>\n<meta property=\"article:publisher\" content=\"https:\/\/www.facebook.com\/acefootballdk\" \/>\n<meta property=\"article:published_time\" content=\"2020-11-12T11:54:53+00:00\" \/>\n<meta property=\"article:modified_time\" content=\"2020-11-12T11:54:54+00:00\" \/>\n<meta property=\"og:image\" content=\"https:\/\/acefootball.com\/da\/wp-content\/uploads\/sites\/2\/2020\/11\/Ace-15-3.jpg\" \/>\n\t<meta property=\"og:image:width\" content=\"1920\" \/>\n\t<meta property=\"og:image:height\" content=\"1008\" \/>\n\t<meta property=\"og:image:type\" content=\"image\/jpeg\" \/>\n<meta name=\"twitter:card\" content=\"summary_large_image\" \/>\n<meta name=\"twitter:label1\" content=\"Written by\" \/>\n\t<meta name=\"twitter:data1\" content=\"Mads Dreyer\" \/>\n\t<meta name=\"twitter:label2\" content=\"Est. reading time\" \/>\n\t<meta name=\"twitter:data2\" content=\"1 minute\" \/>\n<script type=\"application\/ld+json\" class=\"yoast-schema-graph\">{\"@context\":\"https:\/\/schema.org\",\"@graph\":[{\"@type\":\"Organization\",\"@id\":\"https:\/\/acefootball.com\/da\/#organization\",\"name\":\"Ace Football\",\"url\":\"https:\/\/acefootball.com\/da\/\",\"sameAs\":[\"https:\/\/www.facebook.com\/acefootballdk\"],\"logo\":{\"@type\":\"ImageObject\",\"@id\":\"https:\/\/acefootball.com\/da\/#logo\",\"inLanguage\":\"en-US\",\"url\":\"https:\/\/acefootball.com\/da\/wp-content\/uploads\/sites\/2\/2020\/07\/Ace-Football-30-07-2020-2.png\",\"contentUrl\":\"https:\/\/acefootball.com\/da\/wp-content\/uploads\/sites\/2\/2020\/07\/Ace-Football-30-07-2020-2.png\",\"width\":1200,\"height\":600,\"caption\":\"Ace Football\"},\"image\":{\"@id\":\"https:\/\/acefootball.com\/da\/#logo\"}},{\"@type\":\"WebSite\",\"@id\":\"https:\/\/acefootball.com\/da\/#website\",\"url\":\"https:\/\/acefootball.com\/da\/\",\"name\":\"Ace Football Danmark\",\"description\":\"Nyheder, Spiltips &amp; Livescore\",\"publisher\":{\"@id\":\"https:\/\/acefootball.com\/da\/#organization\"},\"potentialAction\":[{\"@type\":\"SearchAction\",\"target\":{\"@type\":\"EntryPoint\",\"urlTemplate\":\"https:\/\/acefootball.com\/da\/?s={search_term_string}\"},\"query-input\":\"required name=search_term_string\"}],\"inLanguage\":\"en-US\"},{\"@type\":\"ImageObject\",\"@id\":\"https:\/\/acefootball.com\/da\/fodboldnyheder\/video-u21-assistent-saetter-ungdommen-paa-plads-med-laekker-detalje\/#primaryimage\",\"inLanguage\":\"en-US\",\"url\":\"https:\/\/acefootball.com\/da\/wp-content\/uploads\/sites\/2\/2020\/11\/Ace-15-3.jpg\",\"contentUrl\":\"https:\/\/acefootball.com\/da\/wp-content\/uploads\/sites\/2\/2020\/11\/Ace-15-3.jpg\",\"width\":1920,\"height\":1008},{\"@type\":\"WebPage\",\"@id\":\"https:\/\/acefootball.com\/da\/fodboldnyheder\/video-u21-assistent-saetter-ungdommen-paa-plads-med-laekker-detalje\/#webpage\",\"url\":\"https:\/\/acefootball.com\/da\/fodboldnyheder\/video-u21-assistent-saetter-ungdommen-paa-plads-med-laekker-detalje\/\",\"name\":\"Video: U21-assistent s\u00e6tter ungdommen p\u00e5 plads med l\u00e6kker detalje\",\"isPartOf\":{\"@id\":\"https:\/\/acefootball.com\/da\/#website\"},\"primaryImageOfPage\":{\"@id\":\"https:\/\/acefootball.com\/da\/fodboldnyheder\/video-u21-assistent-saetter-ungdommen-paa-plads-med-laekker-detalje\/#primaryimage\"},\"datePublished\":\"2020-11-12T11:54:53+00:00\",\"dateModified\":\"2020-11-12T11:54:54+00:00\",\"description\":\"Assistenttr\u00e6ner p\u00e5 det danske U21-landshold, Steffen H\u00f8jer, viste til dagens tr\u00e6ning, at der stadig er magi i de aldrende f\u00f8dder\",\"breadcrumb\":{\"@id\":\"https:\/\/acefootball.com\/da\/fodboldnyheder\/video-u21-assistent-saetter-ungdommen-paa-plads-med-laekker-detalje\/#breadcrumb\"},\"inLanguage\":\"en-US\",\"potentialAction\":[{\"@type\":\"ReadAction\",\"target\":[\"https:\/\/acefootball.com\/da\/fodboldnyheder\/video-u21-assistent-saetter-ungdommen-paa-plads-med-laekker-detalje\/\"]}]},{\"@type\":\"BreadcrumbList\",\"@id\":\"https:\/\/acefootball.com\/da\/fodboldnyheder\/video-u21-assistent-saetter-ungdommen-paa-plads-med-laekker-detalje\/#breadcrumb\",\"itemListElement\":[{\"@type\":\"ListItem\",\"position\":1,\"name\":\"Home\",\"item\":\"https:\/\/acefootball.com\/da\/\"},{\"@type\":\"ListItem\",\"position\":2,\"name\":\"Video: U21-assistent s\u00e6tter ungdommen p\u00e5 plads med l\u00e6kker detalje\"}]},{\"@type\":\"Article\",\"@id\":\"https:\/\/acefootball.com\/da\/fodboldnyheder\/video-u21-assistent-saetter-ungdommen-paa-plads-med-laekker-detalje\/#article\",\"isPartOf\":{\"@id\":\"https:\/\/acefootball.com\/da\/fodboldnyheder\/video-u21-assistent-saetter-ungdommen-paa-plads-med-laekker-detalje\/#webpage\"},\"author\":{\"@id\":\"https:\/\/acefootball.com\/da\/#\/schema\/person\/ee67e9cf04a276f144100ffa722f10cd\"},\"headline\":\"Video: U21-assistent s\u00e6tter ungdommen p\u00e5 plads med l\u00e6kker detalje\",\"datePublished\":\"2020-11-12T11:54:53+00:00\",\"dateModified\":\"2020-11-12T11:54:54+00:00\",\"mainEntityOfPage\":{\"@id\":\"https:\/\/acefootball.com\/da\/fodboldnyheder\/video-u21-assistent-saetter-ungdommen-paa-plads-med-laekker-detalje\/#webpage\"},\"wordCount\":139,\"commentCount\":0,\"publisher\":{\"@id\":\"https:\/\/acefootball.com\/da\/#organization\"},\"image\":{\"@id\":\"https:\/\/acefootball.com\/da\/fodboldnyheder\/video-u21-assistent-saetter-ungdommen-paa-plads-med-laekker-detalje\/#primaryimage\"},\"thumbnailUrl\":\"https:\/\/acefootball.com\/da\/wp-content\/uploads\/sites\/2\/2020\/11\/Untitled-design-2-1.jpg\",\"keywords\":[\"Danmark\",\"Danmark U21\",\"Steffen H\u00f8jer\",\"Viborg FF\"],\"articleSection\":[\"Video\"],\"inLanguage\":\"en-US\",\"potentialAction\":[{\"@type\":\"CommentAction\",\"name\":\"Comment\",\"target\":[\"https:\/\/acefootball.com\/da\/fodboldnyheder\/video-u21-assistent-saetter-ungdommen-paa-plads-med-laekker-detalje\/#respond\"]}]},{\"@type\":\"Person\",\"@id\":\"https:\/\/acefootball.com\/da\/#\/schema\/person\/ee67e9cf04a276f144100ffa722f10cd\",\"name\":\"Mads Dreyer\",\"image\":{\"@type\":\"ImageObject\",\"@id\":\"https:\/\/acefootball.com\/da\/#personlogo\",\"inLanguage\":\"en-US\",\"url\":\"https:\/\/secure.gravatar.com\/avatar\/7c7abf72cfde9902b6a60efe60c88d4c?s=96&d=mm&r=g\",\"contentUrl\":\"https:\/\/secure.gravatar.com\/avatar\/7c7abf72cfde9902b6a60efe60c88d4c?s=96&d=mm&r=g\",\"caption\":\"Mads Dreyer\"},\"description\":\"Skribent og fodboldn\u00f8rd, der lige nu fort\u00e6ller om alt og intet i fodboldverdenen p\u00e5 acefootball.com. Uddannet i kommunikation fra Aalborg Universitet.\",\"sameAs\":[\"https:\/\/www.linkedin.com\/in\/mads-dreyer-b9b08266\/\"],\"url\":\"https:\/\/acefootball.com\/da\/fodboldnyheder\/author\/mdnronaldo\/\"}]}<\/script>\n<!-- \/ Yoast SEO plugin. -->","yoast_head_json":{"title":"Video: U21-assistent s\u00e6tter ungdommen p\u00e5 plads med l\u00e6kker detalje","description":"Assistenttr\u00e6ner p\u00e5 det danske U21-landshold, Steffen H\u00f8jer, viste til dagens tr\u00e6ning, at der stadig er magi i de aldrende f\u00f8dder","robots":{"index":"index","follow":"follow","max-snippet":"max-snippet:-1","max-image-preview":"max-image-preview:large","max-video-preview":"max-video-preview:-1"},"canonical":"https:\/\/acefootball.com\/da\/fodboldnyheder\/video-u21-assistent-saetter-ungdommen-paa-plads-med-laekker-detalje\/","og_locale":"en_US","og_type":"article","og_title":"Video: U21-assistent s\u00e6tter ungdommen p\u00e5 plads med l\u00e6kker detalje","og_description":"Assistenttr\u00e6ner p\u00e5 det danske U21-landshold, Steffen H\u00f8jer, viste til dagens tr\u00e6ning, at der stadig er magi i de aldrende f\u00f8dder","og_url":"https:\/\/acefootball.com\/da\/fodboldnyheder\/video-u21-assistent-saetter-ungdommen-paa-plads-med-laekker-detalje\/","og_site_name":"Ace Football Danmark","article_publisher":"https:\/\/www.facebook.com\/acefootballdk","article_published_time":"2020-11-12T11:54:53+00:00","article_modified_time":"2020-11-12T11:54:54+00:00","og_image":[{"width":1920,"height":1008,"url":"https:\/\/acefootball.com\/da\/wp-content\/uploads\/sites\/2\/2020\/11\/Ace-15-3.jpg","type":"image\/jpeg"}],"twitter_card":"summary_large_image","twitter_misc":{"Written by":"Mads Dreyer","Est. reading time":"1 minute"},"schema":{"@context":"https:\/\/schema.org","@graph":[{"@type":"Organization","@id":"https:\/\/acefootball.com\/da\/#organization","name":"Ace Football","url":"https:\/\/acefootball.com\/da\/","sameAs":["https:\/\/www.facebook.com\/acefootballdk"],"logo":{"@type":"ImageObject","@id":"https:\/\/acefootball.com\/da\/#logo","inLanguage":"en-US","url":"https:\/\/acefootball.com\/da\/wp-content\/uploads\/sites\/2\/2020\/07\/Ace-Football-30-07-2020-2.png","contentUrl":"https:\/\/acefootball.com\/da\/wp-content\/uploads\/sites\/2\/2020\/07\/Ace-Football-30-07-2020-2.png","width":1200,"height":600,"caption":"Ace Football"},"image":{"@id":"https:\/\/acefootball.com\/da\/#logo"}},{"@type":"WebSite","@id":"https:\/\/acefootball.com\/da\/#website","url":"https:\/\/acefootball.com\/da\/","name":"Ace Football Danmark","description":"Nyheder, Spiltips &amp; Livescore","publisher":{"@id":"https:\/\/acefootball.com\/da\/#organization"},"potentialAction":[{"@type":"SearchAction","target":{"@type":"EntryPoint","urlTemplate":"https:\/\/acefootball.com\/da\/?s={search_term_string}"},"query-input":"required name=search_term_string"}],"inLanguage":"en-US"},{"@type":"ImageObject","@id":"https:\/\/acefootball.com\/da\/fodboldnyheder\/video-u21-assistent-saetter-ungdommen-paa-plads-med-laekker-detalje\/#primaryimage","inLanguage":"en-US","url":"https:\/\/acefootball.com\/da\/wp-content\/uploads\/sites\/2\/2020\/11\/Ace-15-3.jpg","contentUrl":"https:\/\/acefootball.com\/da\/wp-content\/uploads\/sites\/2\/2020\/11\/Ace-15-3.jpg","width":1920,"height":1008},{"@type":"WebPage","@id":"https:\/\/acefootball.com\/da\/fodboldnyheder\/video-u21-assistent-saetter-ungdommen-paa-plads-med-laekker-detalje\/#webpage","url":"https:\/\/acefootball.com\/da\/fodboldnyheder\/video-u21-assistent-saetter-ungdommen-paa-plads-med-laekker-detalje\/","name":"Video: U21-assistent s\u00e6tter ungdommen p\u00e5 plads med l\u00e6kker detalje","isPartOf":{"@id":"https:\/\/acefootball.com\/da\/#website"},"primaryImageOfPage":{"@id":"https:\/\/acefootball.com\/da\/fodboldnyheder\/video-u21-assistent-saetter-ungdommen-paa-plads-med-laekker-detalje\/#primaryimage"},"datePublished":"2020-11-12T11:54:53+00:00","dateModified":"2020-11-12T11:54:54+00:00","description":"Assistenttr\u00e6ner p\u00e5 det danske U21-landshold, Steffen H\u00f8jer, viste til dagens tr\u00e6ning, at der stadig er magi i de aldrende f\u00f8dder","breadcrumb":{"@id":"https:\/\/acefootball.com\/da\/fodboldnyheder\/video-u21-assistent-saetter-ungdommen-paa-plads-med-laekker-detalje\/#breadcrumb"},"inLanguage":"en-US","potentialAction":[{"@type":"ReadAction","target":["https:\/\/acefootball.com\/da\/fodboldnyheder\/video-u21-assistent-saetter-ungdommen-paa-plads-med-laekker-detalje\/"]}]},{"@type":"BreadcrumbList","@id":"https:\/\/acefootball.com\/da\/fodboldnyheder\/video-u21-assistent-saetter-ungdommen-paa-plads-med-laekker-detalje\/#breadcrumb","itemListElement":[{"@type":"ListItem","position":1,"name":"Home","item":"https:\/\/acefootball.com\/da\/"},{"@type":"ListItem","position":2,"name":"Video: U21-assistent s\u00e6tter ungdommen p\u00e5 plads med l\u00e6kker detalje"}]},{"@type":"Article","@id":"https:\/\/acefootball.com\/da\/fodboldnyheder\/video-u21-assistent-saetter-ungdommen-paa-plads-med-laekker-detalje\/#article","isPartOf":{"@id":"https:\/\/acefootball.com\/da\/fodboldnyheder\/video-u21-assistent-saetter-ungdommen-paa-plads-med-laekker-detalje\/#webpage"},"author":{"@id":"https:\/\/acefootball.com\/da\/#\/schema\/person\/ee67e9cf04a276f144100ffa722f10cd"},"headline":"Video: U21-assistent s\u00e6tter ungdommen p\u00e5 plads med l\u00e6kker detalje","datePublished":"2020-11-12T11:54:53+00:00","dateModified":"2020-11-12T11:54:54+00:00","mainEntityOfPage":{"@id":"https:\/\/acefootball.com\/da\/fodboldnyheder\/video-u21-assistent-saetter-ungdommen-paa-plads-med-laekker-detalje\/#webpage"},"wordCount":139,"commentCount":0,"publisher":{"@id":"https:\/\/acefootball.com\/da\/#organization"},"image":{"@id":"https:\/\/acefootball.com\/da\/fodboldnyheder\/video-u21-assistent-saetter-ungdommen-paa-plads-med-laekker-detalje\/#primaryimage"},"thumbnailUrl":"https:\/\/acefootball.com\/da\/wp-content\/uploads\/sites\/2\/2020\/11\/Untitled-design-2-1.jpg","keywords":["Danmark","Danmark U21","Steffen H\u00f8jer","Viborg FF"],"articleSection":["Video"],"inLanguage":"en-US","potentialAction":[{"@type":"CommentAction","name":"Comment","target":["https:\/\/acefootball.com\/da\/fodboldnyheder\/video-u21-assistent-saetter-ungdommen-paa-plads-med-laekker-detalje\/#respond"]}]},{"@type":"Person","@id":"https:\/\/acefootball.com\/da\/#\/schema\/person\/ee67e9cf04a276f144100ffa722f10cd","name":"Mads Dreyer","image":{"@type":"ImageObject","@id":"https:\/\/acefootball.com\/da\/#personlogo","inLanguage":"en-US","url":"https:\/\/secure.gravatar.com\/avatar\/7c7abf72cfde9902b6a60efe60c88d4c?s=96&d=mm&r=g","contentUrl":"https:\/\/secure.gravatar.com\/avatar\/7c7abf72cfde9902b6a60efe60c88d4c?s=96&d=mm&r=g","caption":"Mads Dreyer"},"description":"Skribent og fodboldn\u00f8rd, der lige nu fort\u00e6ller om alt og intet i fodboldverdenen p\u00e5 acefootball.com. Uddannet i kommunikation fra Aalborg Universitet.","sameAs":["https:\/\/www.linkedin.com\/in\/mads-dreyer-b9b08266\/"],"url":"https:\/\/acefootball.com\/da\/fodboldnyheder\/author\/mdnronaldo\/"}]}},"fimg_url":"https:\/\/acefootball.com\/da\/wp-content\/uploads\/sites\/2\/2020\/11\/Untitled-design-2-1.jpg","_links":{"self":[{"href":"https:\/\/acefootball.com\/da\/wp-json\/wp\/v2\/posts\/243271"}],"collection":[{"href":"https:\/\/acefootball.com\/da\/wp-json\/wp\/v2\/posts"}],"about":[{"href":"https:\/\/acefootball.com\/da\/wp-json\/wp\/v2\/types\/post"}],"author":[{"embeddable":true,"href":"https:\/\/acefootball.com\/da\/wp-json\/wp\/v2\/users\/705"}],"replies":[{"embeddable":true,"href":"https:\/\/acefootball.com\/da\/wp-json\/wp\/v2\/comments?post=243271"}],"version-history":[{"count":0,"href":"https:\/\/acefootball.com\/da\/wp-json\/wp\/v2\/posts\/243271\/revisions"}],"wp:featuredmedia":[{"embeddable":true,"href":"https:\/\/acefootball.com\/da\/wp-json\/wp\/v2\/media\/243274"}],"wp:attachment":[{"href":"https:\/\/acefootball.com\/da\/wp-json\/wp\/v2\/media?parent=243271"}],"wp:term":[{"taxonomy":"category","embeddable":true,"href":"https:\/\/acefootball.com\/da\/wp-json\/wp\/v2\/categories?post=243271"},{"taxonomy":"post_tag","embeddable":true,"href":"https:\/\/acefootball.com\/da\/wp-json\/wp\/v2\/tags?post=243271"}],"curies":[{"name":"wp","href":"https:\/\/api.w.org\/{rel}","templated":true}]}}