{"id":243263,"date":"2020-11-12T11:15:54","date_gmt":"2020-11-12T10:15:54","guid":{"rendered":"https:\/\/acefootball.com\/da\/?p=243263"},"modified":"2020-11-12T11:15:55","modified_gmt":"2020-11-12T10:15:55","slug":"svensk-legende-kritiserer-fcm-profil-efter-danmark-kamp","status":"publish","type":"post","link":"https:\/\/acefootball.com\/da\/fodboldnyheder\/svensk-legende-kritiserer-fcm-profil-efter-danmark-kamp\/","title":{"rendered":"Svensk legende kritiserer FCM-profil efter Danmark-kamp"},"content":{"rendered":"\n<h2 id=\"h-fc-midtjylland-profilen-jens-cajuste-spillede-sin-f-rste-kamp-for-det-svenske-landshold-i-kampen-mod-danmark-onsdag-aften\">FC Midtjylland-profilen Jens Cajuste spillede sin f\u00f8rste kamp for det svenske landshold i kampen mod Danmark onsdag aften<\/h2>\n\n\n\n<div class=\"wp-block-si-widget wp-block-si-widget--center\"><si-lb-widget widget-id=\"MatchInfoWithOdds\" data-nopadding=\"true\" data-card=\"true\" width=\"440\" data-event-id=\"3290375\" data-theme-appearance=\"dark\"><\/si-lb-widget><\/div>\n\n\n\n<p>Der var flere debutanter at finde i den danske startopstillingen til g\u00e5rsdagens kamp mod Sverige, men de bl\u00e5gule rivaler havde ogs\u00e5 nye folk med fra start.<\/p>\n\n\n\n<p>Heriblandt var FC Midtjylland-spilleren Jens Cajuste, der fik chancen fra start p\u00e5 midtbanen, og det lykkedes i det store hele fint for det 21-\u00e5rige talent.<\/p>\n\n\n\n<p>Koncentrationen svigtede dog ved den f\u00f8rste danske scoring, hvor Cajuste missede markeringen af Jonas Wind, som helt blank kunne s\u00e6tte indersiden p\u00e5 bolden ved bagstolpen.<\/p>\n\n\n\n<div class=\"wp-block-si-widget wp-block-si-widget--center\"><si-lb-widget widget-id=\"PlayerSeasonStatsSnap\" data-hide-controls=\"false\" width=\"440\" data-player-id=\"801120\" data-card=\"true\" data-theme-appearance=\"dark\"><\/si-lb-widget><\/div>\n\n\n\n<p>Det har medf\u00f8rt kritik fra en tidligere svensk storspiller, Kim K\u00e4llstr\u00f6m, som langer ud efter FCM-spillerens opd\u00e6kning.<\/p>\n\n\n\n<p>&#8220;Ikke \u00e9n eneste gang kigger han bagud. Hvis du har ansvaret for en opd\u00e6kning, har du det, indtil bolden er ude af feltet. Det er en b\u00f8rnefejl. Men det er noget, man g\u00f8r tidligt i karrieren, og s\u00e5 g\u00f8r man det ikke igen,&#8221; siger K\u00e4llstr\u00f6m if\u00f8lge <a href=\"https:\/\/www.aftonbladet.se\/sportbladet\/fotboll\/a\/Epp3pK\/kallstrom-ett-juniormisstag\" target=\"_blank\" rel=\"noreferrer noopener\">Aftonbladet<\/a>.<\/p>\n\n\n\n<figure class=\"wp-block-embed-wordpress wp-block-embed is-type-wp-embed is-provider-ace-football-danmark\"><div class=\"wp-block-embed__wrapper\">\n<blockquote class=\"wp-embedded-content\" data-secret=\"oE9LTrH0Oy\"><a href=\"https:\/\/acefootball.com\/da\/fodboldnyheder\/folk-raser-over-detalje-i-fcms-aarsrapport-til-at-braekke-sig-over\/\">Folk raser over detalje i FCM&#8217;s \u00e5rsrapport: Til at br\u00e6kke sig over<\/a><\/blockquote><iframe class=\"wp-embedded-content\" sandbox=\"allow-scripts\" security=\"restricted\" style=\"position: absolute; clip: rect(1px, 1px, 1px, 1px);\" title=\"&#8220;Folk raser over detalje i FCM&#8217;s \u00e5rsrapport: Til at br\u00e6kke sig over&#8221; &#8212; Ace Football Danmark\" src=\"https:\/\/acefootball.com\/da\/fodboldnyheder\/folk-raser-over-detalje-i-fcms-aarsrapport-til-at-braekke-sig-over\/embed\/#?secret=oE9LTrH0Oy\" data-secret=\"oE9LTrH0Oy\" width=\"600\" height=\"338\" frameborder=\"0\" marginwidth=\"0\" marginheight=\"0\" scrolling=\"no\"><\/iframe>\n<\/div><\/figure>\n\n\n\n<p>Jens Cajuste tager dog kritikken til sig med sindsro, og udtaler, at han vil bruge den konstruktivt.<\/p>\n\n\n\n<p>&#8220;Jeg har selvf\u00f8lgelig meget at l\u00e6re. Jeg er stadig ung. Jeg har ikke s\u00e5 meget at sige til det. Jeg er her for at l\u00e6re og udvikle mig.&#8221;<\/p>\n","protected":false},"excerpt":{"rendered":"<p>FC Midtjylland-profilen Jens Cajuste spillede sin f\u00f8rste kamp for det svenske landshold i kampen mod Danmark onsdag aften<\/p>\n","protected":false},"author":705,"featured_media":243057,"comment_status":"open","ping_status":"closed","sticky":false,"template":"","format":"standard","meta":{"om_disable_all_campaigns":false,"push_articles_ronaldo":{"active":false,"canonical":0,"publish":false},"force_updates":null},"categories":[8204],"tags":[51,4103,588,1015],"enet_tags":{"team":["8113","8520"],"player":["801120"],"league":["46"],"sport_events":[3290375]},"yoast_head":"<!-- This site is optimized with the Yoast SEO plugin v18.3 - https:\/\/yoast.com\/wordpress\/plugins\/seo\/ -->\n<title>Svensk legende kritiserer FCM-profil efter Danmark-kamp<\/title>\n<meta name=\"description\" content=\"FC Midtjylland-profilen Jens Cajuste spillede sin f\u00f8rste kamp for det svenske landshold i kampen mod Danmark onsdag aften\" \/>\n<meta name=\"robots\" content=\"index, follow, max-snippet:-1, max-image-preview:large, max-video-preview:-1\" \/>\n<link rel=\"canonical\" href=\"https:\/\/acefootball.com\/da\/fodboldnyheder\/svensk-legende-kritiserer-fcm-profil-efter-danmark-kamp\/\" \/>\n<meta property=\"og:locale\" content=\"en_US\" \/>\n<meta property=\"og:type\" content=\"article\" \/>\n<meta property=\"og:title\" content=\"Svensk legende kritiserer FCM-profil efter Danmark-kamp\" \/>\n<meta property=\"og:description\" content=\"FC Midtjylland-profilen Jens Cajuste spillede sin f\u00f8rste kamp for det svenske landshold i kampen mod Danmark onsdag aften\" \/>\n<meta property=\"og:url\" content=\"https:\/\/acefootball.com\/da\/fodboldnyheder\/svensk-legende-kritiserer-fcm-profil-efter-danmark-kamp\/\" \/>\n<meta property=\"og:site_name\" content=\"Ace Football Danmark\" \/>\n<meta property=\"article:publisher\" content=\"https:\/\/www.facebook.com\/acefootballdk\" \/>\n<meta property=\"article:published_time\" content=\"2020-11-12T10:15:54+00:00\" \/>\n<meta property=\"article:modified_time\" content=\"2020-11-12T10:15:55+00:00\" \/>\n<meta property=\"og:image\" content=\"https:\/\/acefootball.com\/da\/wp-content\/uploads\/sites\/2\/2020\/11\/Ace-4-6.jpg\" \/>\n\t<meta property=\"og:image:width\" content=\"1920\" \/>\n\t<meta property=\"og:image:height\" content=\"1008\" \/>\n\t<meta property=\"og:image:type\" content=\"image\/jpeg\" \/>\n<meta name=\"twitter:card\" content=\"summary_large_image\" \/>\n<meta name=\"twitter:label1\" content=\"Written by\" \/>\n\t<meta name=\"twitter:data1\" content=\"Mads Dreyer\" \/>\n\t<meta name=\"twitter:label2\" content=\"Est. reading time\" \/>\n\t<meta name=\"twitter:data2\" content=\"1 minute\" \/>\n<script type=\"application\/ld+json\" class=\"yoast-schema-graph\">{\"@context\":\"https:\/\/schema.org\",\"@graph\":[{\"@type\":\"Organization\",\"@id\":\"https:\/\/acefootball.com\/da\/#organization\",\"name\":\"Ace Football\",\"url\":\"https:\/\/acefootball.com\/da\/\",\"sameAs\":[\"https:\/\/www.facebook.com\/acefootballdk\"],\"logo\":{\"@type\":\"ImageObject\",\"@id\":\"https:\/\/acefootball.com\/da\/#logo\",\"inLanguage\":\"en-US\",\"url\":\"https:\/\/acefootball.com\/da\/wp-content\/uploads\/sites\/2\/2020\/07\/Ace-Football-30-07-2020-2.png\",\"contentUrl\":\"https:\/\/acefootball.com\/da\/wp-content\/uploads\/sites\/2\/2020\/07\/Ace-Football-30-07-2020-2.png\",\"width\":1200,\"height\":600,\"caption\":\"Ace Football\"},\"image\":{\"@id\":\"https:\/\/acefootball.com\/da\/#logo\"}},{\"@type\":\"WebSite\",\"@id\":\"https:\/\/acefootball.com\/da\/#website\",\"url\":\"https:\/\/acefootball.com\/da\/\",\"name\":\"Ace Football Danmark\",\"description\":\"Nyheder, Spiltips &amp; Livescore\",\"publisher\":{\"@id\":\"https:\/\/acefootball.com\/da\/#organization\"},\"potentialAction\":[{\"@type\":\"SearchAction\",\"target\":{\"@type\":\"EntryPoint\",\"urlTemplate\":\"https:\/\/acefootball.com\/da\/?s={search_term_string}\"},\"query-input\":\"required name=search_term_string\"}],\"inLanguage\":\"en-US\"},{\"@type\":\"ImageObject\",\"@id\":\"https:\/\/acefootball.com\/da\/fodboldnyheder\/svensk-legende-kritiserer-fcm-profil-efter-danmark-kamp\/#primaryimage\",\"inLanguage\":\"en-US\",\"url\":\"https:\/\/acefootball.com\/da\/wp-content\/uploads\/sites\/2\/2020\/11\/Ace-4-6.jpg\",\"contentUrl\":\"https:\/\/acefootball.com\/da\/wp-content\/uploads\/sites\/2\/2020\/11\/Ace-4-6.jpg\",\"width\":1920,\"height\":1008},{\"@type\":\"WebPage\",\"@id\":\"https:\/\/acefootball.com\/da\/fodboldnyheder\/svensk-legende-kritiserer-fcm-profil-efter-danmark-kamp\/#webpage\",\"url\":\"https:\/\/acefootball.com\/da\/fodboldnyheder\/svensk-legende-kritiserer-fcm-profil-efter-danmark-kamp\/\",\"name\":\"Svensk legende kritiserer FCM-profil efter Danmark-kamp\",\"isPartOf\":{\"@id\":\"https:\/\/acefootball.com\/da\/#website\"},\"primaryImageOfPage\":{\"@id\":\"https:\/\/acefootball.com\/da\/fodboldnyheder\/svensk-legende-kritiserer-fcm-profil-efter-danmark-kamp\/#primaryimage\"},\"datePublished\":\"2020-11-12T10:15:54+00:00\",\"dateModified\":\"2020-11-12T10:15:55+00:00\",\"description\":\"FC Midtjylland-profilen Jens Cajuste spillede sin f\u00f8rste kamp for det svenske landshold i kampen mod Danmark onsdag aften\",\"breadcrumb\":{\"@id\":\"https:\/\/acefootball.com\/da\/fodboldnyheder\/svensk-legende-kritiserer-fcm-profil-efter-danmark-kamp\/#breadcrumb\"},\"inLanguage\":\"en-US\",\"potentialAction\":[{\"@type\":\"ReadAction\",\"target\":[\"https:\/\/acefootball.com\/da\/fodboldnyheder\/svensk-legende-kritiserer-fcm-profil-efter-danmark-kamp\/\"]}]},{\"@type\":\"BreadcrumbList\",\"@id\":\"https:\/\/acefootball.com\/da\/fodboldnyheder\/svensk-legende-kritiserer-fcm-profil-efter-danmark-kamp\/#breadcrumb\",\"itemListElement\":[{\"@type\":\"ListItem\",\"position\":1,\"name\":\"Home\",\"item\":\"https:\/\/acefootball.com\/da\/\"},{\"@type\":\"ListItem\",\"position\":2,\"name\":\"Svensk legende kritiserer FCM-profil efter Danmark-kamp\"}]},{\"@type\":\"Article\",\"@id\":\"https:\/\/acefootball.com\/da\/fodboldnyheder\/svensk-legende-kritiserer-fcm-profil-efter-danmark-kamp\/#article\",\"isPartOf\":{\"@id\":\"https:\/\/acefootball.com\/da\/fodboldnyheder\/svensk-legende-kritiserer-fcm-profil-efter-danmark-kamp\/#webpage\"},\"author\":{\"@id\":\"https:\/\/acefootball.com\/da\/#\/schema\/person\/ee67e9cf04a276f144100ffa722f10cd\"},\"headline\":\"Svensk legende kritiserer FCM-profil efter Danmark-kamp\",\"datePublished\":\"2020-11-12T10:15:54+00:00\",\"dateModified\":\"2020-11-12T10:15:55+00:00\",\"mainEntityOfPage\":{\"@id\":\"https:\/\/acefootball.com\/da\/fodboldnyheder\/svensk-legende-kritiserer-fcm-profil-efter-danmark-kamp\/#webpage\"},\"wordCount\":235,\"commentCount\":0,\"publisher\":{\"@id\":\"https:\/\/acefootball.com\/da\/#organization\"},\"image\":{\"@id\":\"https:\/\/acefootball.com\/da\/fodboldnyheder\/svensk-legende-kritiserer-fcm-profil-efter-danmark-kamp\/#primaryimage\"},\"thumbnailUrl\":\"https:\/\/acefootball.com\/da\/wp-content\/uploads\/sites\/2\/2020\/11\/GettyImages-1229126536.jpg\",\"keywords\":[\"FC Midtjylland\",\"Jens-Lys Cajuste\",\"Superligaen\",\"Sverige\"],\"articleSection\":[\"Udtalelse\"],\"inLanguage\":\"en-US\",\"potentialAction\":[{\"@type\":\"CommentAction\",\"name\":\"Comment\",\"target\":[\"https:\/\/acefootball.com\/da\/fodboldnyheder\/svensk-legende-kritiserer-fcm-profil-efter-danmark-kamp\/#respond\"]}]},{\"@type\":\"Person\",\"@id\":\"https:\/\/acefootball.com\/da\/#\/schema\/person\/ee67e9cf04a276f144100ffa722f10cd\",\"name\":\"Mads Dreyer\",\"image\":{\"@type\":\"ImageObject\",\"@id\":\"https:\/\/acefootball.com\/da\/#personlogo\",\"inLanguage\":\"en-US\",\"url\":\"https:\/\/secure.gravatar.com\/avatar\/7c7abf72cfde9902b6a60efe60c88d4c?s=96&d=mm&r=g\",\"contentUrl\":\"https:\/\/secure.gravatar.com\/avatar\/7c7abf72cfde9902b6a60efe60c88d4c?s=96&d=mm&r=g\",\"caption\":\"Mads Dreyer\"},\"description\":\"Skribent og fodboldn\u00f8rd, der lige nu fort\u00e6ller om alt og intet i fodboldverdenen p\u00e5 acefootball.com. Uddannet i kommunikation fra Aalborg Universitet.\",\"sameAs\":[\"https:\/\/www.linkedin.com\/in\/mads-dreyer-b9b08266\/\"],\"url\":\"https:\/\/acefootball.com\/da\/fodboldnyheder\/author\/mdnronaldo\/\"}]}<\/script>\n<!-- \/ Yoast SEO plugin. -->","yoast_head_json":{"title":"Svensk legende kritiserer FCM-profil efter Danmark-kamp","description":"FC Midtjylland-profilen Jens Cajuste spillede sin f\u00f8rste kamp for det svenske landshold i kampen mod Danmark onsdag aften","robots":{"index":"index","follow":"follow","max-snippet":"max-snippet:-1","max-image-preview":"max-image-preview:large","max-video-preview":"max-video-preview:-1"},"canonical":"https:\/\/acefootball.com\/da\/fodboldnyheder\/svensk-legende-kritiserer-fcm-profil-efter-danmark-kamp\/","og_locale":"en_US","og_type":"article","og_title":"Svensk legende kritiserer FCM-profil efter Danmark-kamp","og_description":"FC Midtjylland-profilen Jens Cajuste spillede sin f\u00f8rste kamp for det svenske landshold i kampen mod Danmark onsdag aften","og_url":"https:\/\/acefootball.com\/da\/fodboldnyheder\/svensk-legende-kritiserer-fcm-profil-efter-danmark-kamp\/","og_site_name":"Ace Football Danmark","article_publisher":"https:\/\/www.facebook.com\/acefootballdk","article_published_time":"2020-11-12T10:15:54+00:00","article_modified_time":"2020-11-12T10:15:55+00:00","og_image":[{"width":1920,"height":1008,"url":"https:\/\/acefootball.com\/da\/wp-content\/uploads\/sites\/2\/2020\/11\/Ace-4-6.jpg","type":"image\/jpeg"}],"twitter_card":"summary_large_image","twitter_misc":{"Written by":"Mads Dreyer","Est. reading time":"1 minute"},"schema":{"@context":"https:\/\/schema.org","@graph":[{"@type":"Organization","@id":"https:\/\/acefootball.com\/da\/#organization","name":"Ace Football","url":"https:\/\/acefootball.com\/da\/","sameAs":["https:\/\/www.facebook.com\/acefootballdk"],"logo":{"@type":"ImageObject","@id":"https:\/\/acefootball.com\/da\/#logo","inLanguage":"en-US","url":"https:\/\/acefootball.com\/da\/wp-content\/uploads\/sites\/2\/2020\/07\/Ace-Football-30-07-2020-2.png","contentUrl":"https:\/\/acefootball.com\/da\/wp-content\/uploads\/sites\/2\/2020\/07\/Ace-Football-30-07-2020-2.png","width":1200,"height":600,"caption":"Ace Football"},"image":{"@id":"https:\/\/acefootball.com\/da\/#logo"}},{"@type":"WebSite","@id":"https:\/\/acefootball.com\/da\/#website","url":"https:\/\/acefootball.com\/da\/","name":"Ace Football Danmark","description":"Nyheder, Spiltips &amp; Livescore","publisher":{"@id":"https:\/\/acefootball.com\/da\/#organization"},"potentialAction":[{"@type":"SearchAction","target":{"@type":"EntryPoint","urlTemplate":"https:\/\/acefootball.com\/da\/?s={search_term_string}"},"query-input":"required name=search_term_string"}],"inLanguage":"en-US"},{"@type":"ImageObject","@id":"https:\/\/acefootball.com\/da\/fodboldnyheder\/svensk-legende-kritiserer-fcm-profil-efter-danmark-kamp\/#primaryimage","inLanguage":"en-US","url":"https:\/\/acefootball.com\/da\/wp-content\/uploads\/sites\/2\/2020\/11\/Ace-4-6.jpg","contentUrl":"https:\/\/acefootball.com\/da\/wp-content\/uploads\/sites\/2\/2020\/11\/Ace-4-6.jpg","width":1920,"height":1008},{"@type":"WebPage","@id":"https:\/\/acefootball.com\/da\/fodboldnyheder\/svensk-legende-kritiserer-fcm-profil-efter-danmark-kamp\/#webpage","url":"https:\/\/acefootball.com\/da\/fodboldnyheder\/svensk-legende-kritiserer-fcm-profil-efter-danmark-kamp\/","name":"Svensk legende kritiserer FCM-profil efter Danmark-kamp","isPartOf":{"@id":"https:\/\/acefootball.com\/da\/#website"},"primaryImageOfPage":{"@id":"https:\/\/acefootball.com\/da\/fodboldnyheder\/svensk-legende-kritiserer-fcm-profil-efter-danmark-kamp\/#primaryimage"},"datePublished":"2020-11-12T10:15:54+00:00","dateModified":"2020-11-12T10:15:55+00:00","description":"FC Midtjylland-profilen Jens Cajuste spillede sin f\u00f8rste kamp for det svenske landshold i kampen mod Danmark onsdag aften","breadcrumb":{"@id":"https:\/\/acefootball.com\/da\/fodboldnyheder\/svensk-legende-kritiserer-fcm-profil-efter-danmark-kamp\/#breadcrumb"},"inLanguage":"en-US","potentialAction":[{"@type":"ReadAction","target":["https:\/\/acefootball.com\/da\/fodboldnyheder\/svensk-legende-kritiserer-fcm-profil-efter-danmark-kamp\/"]}]},{"@type":"BreadcrumbList","@id":"https:\/\/acefootball.com\/da\/fodboldnyheder\/svensk-legende-kritiserer-fcm-profil-efter-danmark-kamp\/#breadcrumb","itemListElement":[{"@type":"ListItem","position":1,"name":"Home","item":"https:\/\/acefootball.com\/da\/"},{"@type":"ListItem","position":2,"name":"Svensk legende kritiserer FCM-profil efter Danmark-kamp"}]},{"@type":"Article","@id":"https:\/\/acefootball.com\/da\/fodboldnyheder\/svensk-legende-kritiserer-fcm-profil-efter-danmark-kamp\/#article","isPartOf":{"@id":"https:\/\/acefootball.com\/da\/fodboldnyheder\/svensk-legende-kritiserer-fcm-profil-efter-danmark-kamp\/#webpage"},"author":{"@id":"https:\/\/acefootball.com\/da\/#\/schema\/person\/ee67e9cf04a276f144100ffa722f10cd"},"headline":"Svensk legende kritiserer FCM-profil efter Danmark-kamp","datePublished":"2020-11-12T10:15:54+00:00","dateModified":"2020-11-12T10:15:55+00:00","mainEntityOfPage":{"@id":"https:\/\/acefootball.com\/da\/fodboldnyheder\/svensk-legende-kritiserer-fcm-profil-efter-danmark-kamp\/#webpage"},"wordCount":235,"commentCount":0,"publisher":{"@id":"https:\/\/acefootball.com\/da\/#organization"},"image":{"@id":"https:\/\/acefootball.com\/da\/fodboldnyheder\/svensk-legende-kritiserer-fcm-profil-efter-danmark-kamp\/#primaryimage"},"thumbnailUrl":"https:\/\/acefootball.com\/da\/wp-content\/uploads\/sites\/2\/2020\/11\/GettyImages-1229126536.jpg","keywords":["FC Midtjylland","Jens-Lys Cajuste","Superligaen","Sverige"],"articleSection":["Udtalelse"],"inLanguage":"en-US","potentialAction":[{"@type":"CommentAction","name":"Comment","target":["https:\/\/acefootball.com\/da\/fodboldnyheder\/svensk-legende-kritiserer-fcm-profil-efter-danmark-kamp\/#respond"]}]},{"@type":"Person","@id":"https:\/\/acefootball.com\/da\/#\/schema\/person\/ee67e9cf04a276f144100ffa722f10cd","name":"Mads Dreyer","image":{"@type":"ImageObject","@id":"https:\/\/acefootball.com\/da\/#personlogo","inLanguage":"en-US","url":"https:\/\/secure.gravatar.com\/avatar\/7c7abf72cfde9902b6a60efe60c88d4c?s=96&d=mm&r=g","contentUrl":"https:\/\/secure.gravatar.com\/avatar\/7c7abf72cfde9902b6a60efe60c88d4c?s=96&d=mm&r=g","caption":"Mads Dreyer"},"description":"Skribent og fodboldn\u00f8rd, der lige nu fort\u00e6ller om alt og intet i fodboldverdenen p\u00e5 acefootball.com. Uddannet i kommunikation fra Aalborg Universitet.","sameAs":["https:\/\/www.linkedin.com\/in\/mads-dreyer-b9b08266\/"],"url":"https:\/\/acefootball.com\/da\/fodboldnyheder\/author\/mdnronaldo\/"}]}},"fimg_url":"https:\/\/acefootball.com\/da\/wp-content\/uploads\/sites\/2\/2020\/11\/GettyImages-1229126536.jpg","_links":{"self":[{"href":"https:\/\/acefootball.com\/da\/wp-json\/wp\/v2\/posts\/243263"}],"collection":[{"href":"https:\/\/acefootball.com\/da\/wp-json\/wp\/v2\/posts"}],"about":[{"href":"https:\/\/acefootball.com\/da\/wp-json\/wp\/v2\/types\/post"}],"author":[{"embeddable":true,"href":"https:\/\/acefootball.com\/da\/wp-json\/wp\/v2\/users\/705"}],"replies":[{"embeddable":true,"href":"https:\/\/acefootball.com\/da\/wp-json\/wp\/v2\/comments?post=243263"}],"version-history":[{"count":0,"href":"https:\/\/acefootball.com\/da\/wp-json\/wp\/v2\/posts\/243263\/revisions"}],"wp:featuredmedia":[{"embeddable":true,"href":"https:\/\/acefootball.com\/da\/wp-json\/wp\/v2\/media\/243057"}],"wp:attachment":[{"href":"https:\/\/acefootball.com\/da\/wp-json\/wp\/v2\/media?parent=243263"}],"wp:term":[{"taxonomy":"category","embeddable":true,"href":"https:\/\/acefootball.com\/da\/wp-json\/wp\/v2\/categories?post=243263"},{"taxonomy":"post_tag","embeddable":true,"href":"https:\/\/acefootball.com\/da\/wp-json\/wp\/v2\/tags?post=243263"}],"curies":[{"name":"wp","href":"https:\/\/api.w.org\/{rel}","templated":true}]}}