{"id":243175,"date":"2020-11-11T19:17:07","date_gmt":"2020-11-11T18:17:07","guid":{"rendered":"https:\/\/acefootball.com\/da\/?p=243175"},"modified":"2020-11-11T19:17:12","modified_gmt":"2020-11-11T18:17:12","slug":"glem-united-og-psg-kultangriber-tror-paa-ronaldo-i-wolves","status":"publish","type":"post","link":"https:\/\/acefootball.com\/da\/fodboldnyheder\/glem-united-og-psg-kultangriber-tror-paa-ronaldo-i-wolves\/","title":{"rendered":"Glem United og PSG: Kultangriber tror p\u00e5 Ronaldo i Wolves"},"content":{"rendered":"\n<h2 id=\"h-cristiano-ronaldo-er-blevet-sat-i-forbindelse-med-et-skifte-tilbage-til-manchester-united-men-m-ske-vil-wolves-v-re-et-bedre-match\">Cristiano Ronaldo er blevet sat i forbindelse med et skifte tilbage til Manchester United, men m\u00e5ske vil Wolves v\u00e6re et bedre match<\/h2>\n\n\n\n<p>Der har p\u00e5 det seneste g\u00e5et rygter om, at Cristiano Ronaldo kan v\u00e6re p\u00e5 vej mod et exit i Juventus, og det f\u00e5r formentlig de fleste storklubber til at sp\u00e6rre \u00f8jnene op.<\/p>\n\n\n\n<p>Der har b\u00e5de v\u00e6ret rygter om et retur til Manchester United og en vanvittig byttehandel med Neymar i PSG, men der er if\u00f8lge Watfords kultangriber Troy Deeney et mere oplagt valg. Og det er nok et valg, som de f\u00e6rreste har forestillet sig.<\/p>\n\n\n\n<figure class=\"wp-block-embed-wordpress wp-block-embed is-type-wp-embed is-provider-ace-football-danmark\"><div class=\"wp-block-embed__wrapper\">\n<blockquote class=\"wp-embedded-content\" data-secret=\"zXPUwDAxXt\"><a href=\"https:\/\/acefootball.com\/da\/fodboldnyheder\/medie-juventus-foreslaar-vanvittig-byttehandel-med-ronaldo-og-neymar\/\">Medie: Juventus foresl\u00e5r vanvittig byttehandel med Ronaldo og Neymar<\/a><\/blockquote><iframe class=\"wp-embedded-content\" sandbox=\"allow-scripts\" security=\"restricted\" style=\"position: absolute; clip: rect(1px, 1px, 1px, 1px);\" title=\"&#8220;Medie: Juventus foresl\u00e5r vanvittig byttehandel med Ronaldo og Neymar&#8221; &#8212; Ace Football Danmark\" src=\"https:\/\/acefootball.com\/da\/fodboldnyheder\/medie-juventus-foreslaar-vanvittig-byttehandel-med-ronaldo-og-neymar\/embed\/#?secret=zXPUwDAxXt\" data-secret=\"zXPUwDAxXt\" width=\"600\" height=\"338\" frameborder=\"0\" marginwidth=\"0\" marginheight=\"0\" scrolling=\"no\"><\/iframe>\n<\/div><\/figure>\n\n\n\n<p>&#8220;Jeg ville n\u00e6rmere kigge p\u00e5 en klub som Wolves med den portugisiske forbindelse. Det ville v\u00e6re godt, men lige meget hvem, der f\u00e5r ham, f\u00e5r de et fantastisk talent,&#8221; fort\u00e6ller Deeney til <a href=\"https:\/\/talksport.com\/football\/786270\/wolves-cristiano-ronaldo-liverpool-joe-gomez-solskjaer-man-united-greg-clarke\/\" target=\"_blank\" rel=\"noreferrer noopener\">Talksport<\/a>.<\/p>\n\n\n\n<p>&#8220;Hvis han tager til USA og LA Galaxy, ville det v\u00e6re lidt m\u00e6rkeligt. Wolves er ved at skabe noget med de spillere, de har, og de kommer til at presse p\u00e5 til top seks i de kommende \u00e5r.&#8221;<\/p>\n\n\n\n<p>Cristiano Ronaldo har kontrakt i Juventus frem til sommeren 2022.<\/p>\n","protected":false},"excerpt":{"rendered":"<p>Cristiano Ronaldo er blevet sat i forbindelse med et skifte tilbage til Manchester United, men m\u00e5ske vil Wolves v\u00e6re et bedre match<\/p>\n","protected":false},"author":705,"featured_media":241075,"comment_status":"open","ping_status":"closed","sticky":false,"template":"","format":"standard","meta":{"om_disable_all_campaigns":false,"push_articles_ronaldo":{"active":false,"canonical":0,"publish":true},"force_updates":null},"categories":[8204],"tags":[357,65,126,134,131,1502,615,823],"enet_tags":{"player":["30893","72436"],"team":["9885","10260","9817","8602"],"league":["47","55"],"sport_events":[]},"yoast_head":"<!-- This site is optimized with the Yoast SEO plugin v18.3 - https:\/\/yoast.com\/wordpress\/plugins\/seo\/ -->\n<title>Glem United og PSG: Kultangriber tror p\u00e5 Ronaldo i Wolves<\/title>\n<meta name=\"description\" content=\"Cristiano Ronaldo er blevet sat i forbindelse med et skifte tilbage til Manchester United, men m\u00e5ske vil Wolves v\u00e6re et bedre match\" \/>\n<meta name=\"robots\" content=\"index, follow, max-snippet:-1, max-image-preview:large, max-video-preview:-1\" \/>\n<link rel=\"canonical\" href=\"https:\/\/acefootball.com\/da\/fodboldnyheder\/glem-united-og-psg-kultangriber-tror-paa-ronaldo-i-wolves\/\" \/>\n<meta property=\"og:locale\" content=\"en_US\" \/>\n<meta property=\"og:type\" content=\"article\" \/>\n<meta property=\"og:title\" content=\"Glem United og PSG: Kultangriber tror p\u00e5 Ronaldo i Wolves\" \/>\n<meta property=\"og:description\" content=\"Cristiano Ronaldo er blevet sat i forbindelse med et skifte tilbage til Manchester United, men m\u00e5ske vil Wolves v\u00e6re et bedre match\" \/>\n<meta property=\"og:url\" content=\"https:\/\/acefootball.com\/da\/fodboldnyheder\/glem-united-og-psg-kultangriber-tror-paa-ronaldo-i-wolves\/\" \/>\n<meta property=\"og:site_name\" content=\"Ace Football Danmark\" \/>\n<meta property=\"article:publisher\" content=\"https:\/\/www.facebook.com\/acefootballdk\" \/>\n<meta property=\"article:published_time\" content=\"2020-11-11T18:17:07+00:00\" \/>\n<meta property=\"article:modified_time\" content=\"2020-11-11T18:17:12+00:00\" \/>\n<meta property=\"og:image\" content=\"https:\/\/acefootball.com\/da\/wp-content\/uploads\/sites\/2\/2020\/11\/Ace-6-7.jpg\" \/>\n\t<meta property=\"og:image:width\" content=\"1920\" \/>\n\t<meta property=\"og:image:height\" content=\"1008\" \/>\n\t<meta property=\"og:image:type\" content=\"image\/jpeg\" \/>\n<meta name=\"twitter:card\" content=\"summary_large_image\" \/>\n<meta name=\"twitter:label1\" content=\"Written by\" \/>\n\t<meta name=\"twitter:data1\" content=\"Mads Dreyer\" \/>\n\t<meta name=\"twitter:label2\" content=\"Est. reading time\" \/>\n\t<meta name=\"twitter:data2\" content=\"1 minute\" \/>\n<script type=\"application\/ld+json\" class=\"yoast-schema-graph\">{\"@context\":\"https:\/\/schema.org\",\"@graph\":[{\"@type\":\"Organization\",\"@id\":\"https:\/\/acefootball.com\/da\/#organization\",\"name\":\"Ace Football\",\"url\":\"https:\/\/acefootball.com\/da\/\",\"sameAs\":[\"https:\/\/www.facebook.com\/acefootballdk\"],\"logo\":{\"@type\":\"ImageObject\",\"@id\":\"https:\/\/acefootball.com\/da\/#logo\",\"inLanguage\":\"en-US\",\"url\":\"https:\/\/acefootball.com\/da\/wp-content\/uploads\/sites\/2\/2020\/07\/Ace-Football-30-07-2020-2.png\",\"contentUrl\":\"https:\/\/acefootball.com\/da\/wp-content\/uploads\/sites\/2\/2020\/07\/Ace-Football-30-07-2020-2.png\",\"width\":1200,\"height\":600,\"caption\":\"Ace Football\"},\"image\":{\"@id\":\"https:\/\/acefootball.com\/da\/#logo\"}},{\"@type\":\"WebSite\",\"@id\":\"https:\/\/acefootball.com\/da\/#website\",\"url\":\"https:\/\/acefootball.com\/da\/\",\"name\":\"Ace Football Danmark\",\"description\":\"Nyheder, Spiltips &amp; Livescore\",\"publisher\":{\"@id\":\"https:\/\/acefootball.com\/da\/#organization\"},\"potentialAction\":[{\"@type\":\"SearchAction\",\"target\":{\"@type\":\"EntryPoint\",\"urlTemplate\":\"https:\/\/acefootball.com\/da\/?s={search_term_string}\"},\"query-input\":\"required name=search_term_string\"}],\"inLanguage\":\"en-US\"},{\"@type\":\"ImageObject\",\"@id\":\"https:\/\/acefootball.com\/da\/fodboldnyheder\/glem-united-og-psg-kultangriber-tror-paa-ronaldo-i-wolves\/#primaryimage\",\"inLanguage\":\"en-US\",\"url\":\"https:\/\/acefootball.com\/da\/wp-content\/uploads\/sites\/2\/2020\/11\/Ace-6-7.jpg\",\"contentUrl\":\"https:\/\/acefootball.com\/da\/wp-content\/uploads\/sites\/2\/2020\/11\/Ace-6-7.jpg\",\"width\":1920,\"height\":1008},{\"@type\":\"WebPage\",\"@id\":\"https:\/\/acefootball.com\/da\/fodboldnyheder\/glem-united-og-psg-kultangriber-tror-paa-ronaldo-i-wolves\/#webpage\",\"url\":\"https:\/\/acefootball.com\/da\/fodboldnyheder\/glem-united-og-psg-kultangriber-tror-paa-ronaldo-i-wolves\/\",\"name\":\"Glem United og PSG: Kultangriber tror p\u00e5 Ronaldo i Wolves\",\"isPartOf\":{\"@id\":\"https:\/\/acefootball.com\/da\/#website\"},\"primaryImageOfPage\":{\"@id\":\"https:\/\/acefootball.com\/da\/fodboldnyheder\/glem-united-og-psg-kultangriber-tror-paa-ronaldo-i-wolves\/#primaryimage\"},\"datePublished\":\"2020-11-11T18:17:07+00:00\",\"dateModified\":\"2020-11-11T18:17:12+00:00\",\"description\":\"Cristiano Ronaldo er blevet sat i forbindelse med et skifte tilbage til Manchester United, men m\u00e5ske vil Wolves v\u00e6re et bedre match\",\"breadcrumb\":{\"@id\":\"https:\/\/acefootball.com\/da\/fodboldnyheder\/glem-united-og-psg-kultangriber-tror-paa-ronaldo-i-wolves\/#breadcrumb\"},\"inLanguage\":\"en-US\",\"potentialAction\":[{\"@type\":\"ReadAction\",\"target\":[\"https:\/\/acefootball.com\/da\/fodboldnyheder\/glem-united-og-psg-kultangriber-tror-paa-ronaldo-i-wolves\/\"]}]},{\"@type\":\"BreadcrumbList\",\"@id\":\"https:\/\/acefootball.com\/da\/fodboldnyheder\/glem-united-og-psg-kultangriber-tror-paa-ronaldo-i-wolves\/#breadcrumb\",\"itemListElement\":[{\"@type\":\"ListItem\",\"position\":1,\"name\":\"Home\",\"item\":\"https:\/\/acefootball.com\/da\/\"},{\"@type\":\"ListItem\",\"position\":2,\"name\":\"Glem United og PSG: Kultangriber tror p\u00e5 Ronaldo i Wolves\"}]},{\"@type\":\"Article\",\"@id\":\"https:\/\/acefootball.com\/da\/fodboldnyheder\/glem-united-og-psg-kultangriber-tror-paa-ronaldo-i-wolves\/#article\",\"isPartOf\":{\"@id\":\"https:\/\/acefootball.com\/da\/fodboldnyheder\/glem-united-og-psg-kultangriber-tror-paa-ronaldo-i-wolves\/#webpage\"},\"author\":{\"@id\":\"https:\/\/acefootball.com\/da\/#\/schema\/person\/ee67e9cf04a276f144100ffa722f10cd\"},\"headline\":\"Glem United og PSG: Kultangriber tror p\u00e5 Ronaldo i Wolves\",\"datePublished\":\"2020-11-11T18:17:07+00:00\",\"dateModified\":\"2020-11-11T18:17:12+00:00\",\"mainEntityOfPage\":{\"@id\":\"https:\/\/acefootball.com\/da\/fodboldnyheder\/glem-united-og-psg-kultangriber-tror-paa-ronaldo-i-wolves\/#webpage\"},\"wordCount\":210,\"commentCount\":0,\"publisher\":{\"@id\":\"https:\/\/acefootball.com\/da\/#organization\"},\"image\":{\"@id\":\"https:\/\/acefootball.com\/da\/fodboldnyheder\/glem-united-og-psg-kultangriber-tror-paa-ronaldo-i-wolves\/#primaryimage\"},\"thumbnailUrl\":\"https:\/\/acefootball.com\/da\/wp-content\/uploads\/sites\/2\/2020\/10\/GettyImages-1228754271.jpg\",\"keywords\":[\"Cristiano Ronaldo\",\"Juventus\",\"Manchester United\",\"Premier League\",\"Serie A\",\"Troy Deeney\",\"Watford\",\"Wolverhampton\"],\"articleSection\":[\"Udtalelse\"],\"inLanguage\":\"en-US\",\"potentialAction\":[{\"@type\":\"CommentAction\",\"name\":\"Comment\",\"target\":[\"https:\/\/acefootball.com\/da\/fodboldnyheder\/glem-united-og-psg-kultangriber-tror-paa-ronaldo-i-wolves\/#respond\"]}]},{\"@type\":\"Person\",\"@id\":\"https:\/\/acefootball.com\/da\/#\/schema\/person\/ee67e9cf04a276f144100ffa722f10cd\",\"name\":\"Mads Dreyer\",\"image\":{\"@type\":\"ImageObject\",\"@id\":\"https:\/\/acefootball.com\/da\/#personlogo\",\"inLanguage\":\"en-US\",\"url\":\"https:\/\/secure.gravatar.com\/avatar\/7c7abf72cfde9902b6a60efe60c88d4c?s=96&d=mm&r=g\",\"contentUrl\":\"https:\/\/secure.gravatar.com\/avatar\/7c7abf72cfde9902b6a60efe60c88d4c?s=96&d=mm&r=g\",\"caption\":\"Mads Dreyer\"},\"description\":\"Skribent og fodboldn\u00f8rd, der lige nu fort\u00e6ller om alt og intet i fodboldverdenen p\u00e5 acefootball.com. Uddannet i kommunikation fra Aalborg Universitet.\",\"sameAs\":[\"https:\/\/www.linkedin.com\/in\/mads-dreyer-b9b08266\/\"],\"url\":\"https:\/\/acefootball.com\/da\/fodboldnyheder\/author\/mdnronaldo\/\"}]}<\/script>\n<!-- \/ Yoast SEO plugin. -->","yoast_head_json":{"title":"Glem United og PSG: Kultangriber tror p\u00e5 Ronaldo i Wolves","description":"Cristiano Ronaldo er blevet sat i forbindelse med et skifte tilbage til Manchester United, men m\u00e5ske vil Wolves v\u00e6re et bedre match","robots":{"index":"index","follow":"follow","max-snippet":"max-snippet:-1","max-image-preview":"max-image-preview:large","max-video-preview":"max-video-preview:-1"},"canonical":"https:\/\/acefootball.com\/da\/fodboldnyheder\/glem-united-og-psg-kultangriber-tror-paa-ronaldo-i-wolves\/","og_locale":"en_US","og_type":"article","og_title":"Glem United og PSG: Kultangriber tror p\u00e5 Ronaldo i Wolves","og_description":"Cristiano Ronaldo er blevet sat i forbindelse med et skifte tilbage til Manchester United, men m\u00e5ske vil Wolves v\u00e6re et bedre match","og_url":"https:\/\/acefootball.com\/da\/fodboldnyheder\/glem-united-og-psg-kultangriber-tror-paa-ronaldo-i-wolves\/","og_site_name":"Ace Football Danmark","article_publisher":"https:\/\/www.facebook.com\/acefootballdk","article_published_time":"2020-11-11T18:17:07+00:00","article_modified_time":"2020-11-11T18:17:12+00:00","og_image":[{"width":1920,"height":1008,"url":"https:\/\/acefootball.com\/da\/wp-content\/uploads\/sites\/2\/2020\/11\/Ace-6-7.jpg","type":"image\/jpeg"}],"twitter_card":"summary_large_image","twitter_misc":{"Written by":"Mads Dreyer","Est. reading time":"1 minute"},"schema":{"@context":"https:\/\/schema.org","@graph":[{"@type":"Organization","@id":"https:\/\/acefootball.com\/da\/#organization","name":"Ace Football","url":"https:\/\/acefootball.com\/da\/","sameAs":["https:\/\/www.facebook.com\/acefootballdk"],"logo":{"@type":"ImageObject","@id":"https:\/\/acefootball.com\/da\/#logo","inLanguage":"en-US","url":"https:\/\/acefootball.com\/da\/wp-content\/uploads\/sites\/2\/2020\/07\/Ace-Football-30-07-2020-2.png","contentUrl":"https:\/\/acefootball.com\/da\/wp-content\/uploads\/sites\/2\/2020\/07\/Ace-Football-30-07-2020-2.png","width":1200,"height":600,"caption":"Ace Football"},"image":{"@id":"https:\/\/acefootball.com\/da\/#logo"}},{"@type":"WebSite","@id":"https:\/\/acefootball.com\/da\/#website","url":"https:\/\/acefootball.com\/da\/","name":"Ace Football Danmark","description":"Nyheder, Spiltips &amp; Livescore","publisher":{"@id":"https:\/\/acefootball.com\/da\/#organization"},"potentialAction":[{"@type":"SearchAction","target":{"@type":"EntryPoint","urlTemplate":"https:\/\/acefootball.com\/da\/?s={search_term_string}"},"query-input":"required name=search_term_string"}],"inLanguage":"en-US"},{"@type":"ImageObject","@id":"https:\/\/acefootball.com\/da\/fodboldnyheder\/glem-united-og-psg-kultangriber-tror-paa-ronaldo-i-wolves\/#primaryimage","inLanguage":"en-US","url":"https:\/\/acefootball.com\/da\/wp-content\/uploads\/sites\/2\/2020\/11\/Ace-6-7.jpg","contentUrl":"https:\/\/acefootball.com\/da\/wp-content\/uploads\/sites\/2\/2020\/11\/Ace-6-7.jpg","width":1920,"height":1008},{"@type":"WebPage","@id":"https:\/\/acefootball.com\/da\/fodboldnyheder\/glem-united-og-psg-kultangriber-tror-paa-ronaldo-i-wolves\/#webpage","url":"https:\/\/acefootball.com\/da\/fodboldnyheder\/glem-united-og-psg-kultangriber-tror-paa-ronaldo-i-wolves\/","name":"Glem United og PSG: Kultangriber tror p\u00e5 Ronaldo i Wolves","isPartOf":{"@id":"https:\/\/acefootball.com\/da\/#website"},"primaryImageOfPage":{"@id":"https:\/\/acefootball.com\/da\/fodboldnyheder\/glem-united-og-psg-kultangriber-tror-paa-ronaldo-i-wolves\/#primaryimage"},"datePublished":"2020-11-11T18:17:07+00:00","dateModified":"2020-11-11T18:17:12+00:00","description":"Cristiano Ronaldo er blevet sat i forbindelse med et skifte tilbage til Manchester United, men m\u00e5ske vil Wolves v\u00e6re et bedre match","breadcrumb":{"@id":"https:\/\/acefootball.com\/da\/fodboldnyheder\/glem-united-og-psg-kultangriber-tror-paa-ronaldo-i-wolves\/#breadcrumb"},"inLanguage":"en-US","potentialAction":[{"@type":"ReadAction","target":["https:\/\/acefootball.com\/da\/fodboldnyheder\/glem-united-og-psg-kultangriber-tror-paa-ronaldo-i-wolves\/"]}]},{"@type":"BreadcrumbList","@id":"https:\/\/acefootball.com\/da\/fodboldnyheder\/glem-united-og-psg-kultangriber-tror-paa-ronaldo-i-wolves\/#breadcrumb","itemListElement":[{"@type":"ListItem","position":1,"name":"Home","item":"https:\/\/acefootball.com\/da\/"},{"@type":"ListItem","position":2,"name":"Glem United og PSG: Kultangriber tror p\u00e5 Ronaldo i Wolves"}]},{"@type":"Article","@id":"https:\/\/acefootball.com\/da\/fodboldnyheder\/glem-united-og-psg-kultangriber-tror-paa-ronaldo-i-wolves\/#article","isPartOf":{"@id":"https:\/\/acefootball.com\/da\/fodboldnyheder\/glem-united-og-psg-kultangriber-tror-paa-ronaldo-i-wolves\/#webpage"},"author":{"@id":"https:\/\/acefootball.com\/da\/#\/schema\/person\/ee67e9cf04a276f144100ffa722f10cd"},"headline":"Glem United og PSG: Kultangriber tror p\u00e5 Ronaldo i Wolves","datePublished":"2020-11-11T18:17:07+00:00","dateModified":"2020-11-11T18:17:12+00:00","mainEntityOfPage":{"@id":"https:\/\/acefootball.com\/da\/fodboldnyheder\/glem-united-og-psg-kultangriber-tror-paa-ronaldo-i-wolves\/#webpage"},"wordCount":210,"commentCount":0,"publisher":{"@id":"https:\/\/acefootball.com\/da\/#organization"},"image":{"@id":"https:\/\/acefootball.com\/da\/fodboldnyheder\/glem-united-og-psg-kultangriber-tror-paa-ronaldo-i-wolves\/#primaryimage"},"thumbnailUrl":"https:\/\/acefootball.com\/da\/wp-content\/uploads\/sites\/2\/2020\/10\/GettyImages-1228754271.jpg","keywords":["Cristiano Ronaldo","Juventus","Manchester United","Premier League","Serie A","Troy Deeney","Watford","Wolverhampton"],"articleSection":["Udtalelse"],"inLanguage":"en-US","potentialAction":[{"@type":"CommentAction","name":"Comment","target":["https:\/\/acefootball.com\/da\/fodboldnyheder\/glem-united-og-psg-kultangriber-tror-paa-ronaldo-i-wolves\/#respond"]}]},{"@type":"Person","@id":"https:\/\/acefootball.com\/da\/#\/schema\/person\/ee67e9cf04a276f144100ffa722f10cd","name":"Mads Dreyer","image":{"@type":"ImageObject","@id":"https:\/\/acefootball.com\/da\/#personlogo","inLanguage":"en-US","url":"https:\/\/secure.gravatar.com\/avatar\/7c7abf72cfde9902b6a60efe60c88d4c?s=96&d=mm&r=g","contentUrl":"https:\/\/secure.gravatar.com\/avatar\/7c7abf72cfde9902b6a60efe60c88d4c?s=96&d=mm&r=g","caption":"Mads Dreyer"},"description":"Skribent og fodboldn\u00f8rd, der lige nu fort\u00e6ller om alt og intet i fodboldverdenen p\u00e5 acefootball.com. Uddannet i kommunikation fra Aalborg Universitet.","sameAs":["https:\/\/www.linkedin.com\/in\/mads-dreyer-b9b08266\/"],"url":"https:\/\/acefootball.com\/da\/fodboldnyheder\/author\/mdnronaldo\/"}]}},"fimg_url":"https:\/\/acefootball.com\/da\/wp-content\/uploads\/sites\/2\/2020\/10\/GettyImages-1228754271.jpg","_links":{"self":[{"href":"https:\/\/acefootball.com\/da\/wp-json\/wp\/v2\/posts\/243175"}],"collection":[{"href":"https:\/\/acefootball.com\/da\/wp-json\/wp\/v2\/posts"}],"about":[{"href":"https:\/\/acefootball.com\/da\/wp-json\/wp\/v2\/types\/post"}],"author":[{"embeddable":true,"href":"https:\/\/acefootball.com\/da\/wp-json\/wp\/v2\/users\/705"}],"replies":[{"embeddable":true,"href":"https:\/\/acefootball.com\/da\/wp-json\/wp\/v2\/comments?post=243175"}],"version-history":[{"count":0,"href":"https:\/\/acefootball.com\/da\/wp-json\/wp\/v2\/posts\/243175\/revisions"}],"wp:featuredmedia":[{"embeddable":true,"href":"https:\/\/acefootball.com\/da\/wp-json\/wp\/v2\/media\/241075"}],"wp:attachment":[{"href":"https:\/\/acefootball.com\/da\/wp-json\/wp\/v2\/media?parent=243175"}],"wp:term":[{"taxonomy":"category","embeddable":true,"href":"https:\/\/acefootball.com\/da\/wp-json\/wp\/v2\/categories?post=243175"},{"taxonomy":"post_tag","embeddable":true,"href":"https:\/\/acefootball.com\/da\/wp-json\/wp\/v2\/tags?post=243175"}],"curies":[{"name":"wp","href":"https:\/\/api.w.org\/{rel}","templated":true}]}}