{"id":243159,"date":"2020-11-11T16:03:08","date_gmt":"2020-11-11T15:03:08","guid":{"rendered":"https:\/\/acefootball.com\/da\/?p=243159"},"modified":"2020-11-11T16:03:09","modified_gmt":"2020-11-11T15:03:09","slug":"kaempe-slag-ny-skade-i-liverpool-forsvaret","status":"publish","type":"post","link":"https:\/\/acefootball.com\/da\/fodboldnyheder\/kaempe-slag-ny-skade-i-liverpool-forsvaret\/","title":{"rendered":"K\u00e6mpe slag: Ny skade i Liverpool-forsvaret"},"content":{"rendered":"\n<h2 id=\"h-liverpool-l-ber-ind-i-den-ene-defensive-skade-efter-den-anden-og-nu-lyder-meldingerne-at-joe-gomez-kan-v-re-alvorligt-skadet\">Liverpool l\u00f8ber ind i den ene defensive skade efter den anden, og nu lyder meldingerne, at Joe Gomez kan v\u00e6re alvorligt skadet<\/h2>\n\n\n\n<p>J\u00fcrgen Klopp har ikke haft mange brikker at flytte med i Liverpool-forsvaret i denne s\u00e6son, da skaderne simpelthen er v\u00e6ltet ind over holdet.<\/p>\n\n\n\n<p>Fra starten af s\u00e6sonen var man uden Joel Matip, og pludselig l\u00f8b Virgil van Dijk ind i en langvarig skade efter det omtalte sammenst\u00f8d med Everton-m\u00e5lmand Jordan Pickford.<\/p>\n\n\n\n<p>Joel Matip er dog omsider ved at v\u00e6re skadesfri, men lige inden landskampspausen r\u00f8g Trent Alexander-Arnold p\u00e5 skadeslisten, og nu lyder meldingerne p\u00e5, at Joe Gomez er g\u00e5et samme vej.<\/p>\n\n\n\n<div class=\"wp-block-si-widget wp-block-si-widget--center\"><si-lb-widget widget-id=\"BookmakerPromotions\" data-nopadding=\"true\" data-transparent=\"true\" width=\"600\"><\/si-lb-widget><\/div>\n\n\n\n<p>Det engelske medie <a href=\"https:\/\/www.dailymail.co.uk\/sport\/football\/article-8938125\/Joe-Gomez-suffers-injury-England-duty-plunging-Liverpool-major-defensive-crisis.html?ns_mchannel=rss&amp;ns_campaign=1490&amp;ito=1490\" target=\"_blank\" rel=\"noreferrer noopener\">Daily Mail<\/a> skriver onsdag, at stopperen er kommet til skade under en tr\u00e6ning med nationalmandskabet, og at der kan v\u00e6re tale om en &#8216;seri\u00f8s&#8217; skade.<\/p>\n\n\n\n<p>If\u00f8lge mediet er Gomez med sikkerhed ude af Englands tre forest\u00e5ende kampe, men der kan ogs\u00e5 blive tale om l\u00e6ngere tid p\u00e5 sidelinjen for Liverpool.<\/p>\n\n\n\n<p>Taler rygterne sandt, f\u00e5r vi formentlig J\u00fcrgen Klopp at se dyppe t\u00e6erne p\u00e5 vinterens transfermarked.<\/p>\n","protected":false},"excerpt":{"rendered":"<p>Liverpool l\u00f8ber ind i den ene defensive skade efter den anden, og nu lyder meldingerne, at Joe Gomez kan v\u00e6re alvorligt skadet<\/p>\n","protected":false},"author":705,"featured_media":243160,"comment_status":"open","ping_status":"closed","sticky":false,"template":"","format":"standard","meta":{"om_disable_all_campaigns":false,"push_articles_ronaldo":{"active":false,"canonical":0,"publish":false},"force_updates":null},"categories":[1],"tags":[405,1628,132,134],"enet_tags":{"team":["8491","8650"],"player":["568571"],"league":["47"],"sport_events":[]},"yoast_head":"<!-- This site is optimized with the Yoast SEO plugin v18.3 - https:\/\/yoast.com\/wordpress\/plugins\/seo\/ -->\n<title>K\u00e6mpe slag: Ny skade i Liverpool-forsvaret<\/title>\n<meta name=\"description\" content=\"Liverpool l\u00f8ber ind i den ene defensive skade efter den anden, og nu lyder meldingerne, at Joe Gomez kan v\u00e6re alvorligt skadet\" \/>\n<meta name=\"robots\" content=\"index, follow, max-snippet:-1, max-image-preview:large, max-video-preview:-1\" \/>\n<link rel=\"canonical\" href=\"https:\/\/acefootball.com\/da\/fodboldnyheder\/kaempe-slag-ny-skade-i-liverpool-forsvaret\/\" \/>\n<meta property=\"og:locale\" content=\"en_US\" \/>\n<meta property=\"og:type\" content=\"article\" \/>\n<meta property=\"og:title\" content=\"K\u00e6mpe slag: Ny skade i Liverpool-forsvaret\" \/>\n<meta property=\"og:description\" content=\"Liverpool l\u00f8ber ind i den ene defensive skade efter den anden, og nu lyder meldingerne, at Joe Gomez kan v\u00e6re alvorligt skadet\" \/>\n<meta property=\"og:url\" content=\"https:\/\/acefootball.com\/da\/fodboldnyheder\/kaempe-slag-ny-skade-i-liverpool-forsvaret\/\" \/>\n<meta property=\"og:site_name\" content=\"Ace Football Danmark\" \/>\n<meta property=\"article:publisher\" content=\"https:\/\/www.facebook.com\/acefootballdk\" \/>\n<meta property=\"article:published_time\" content=\"2020-11-11T15:03:08+00:00\" \/>\n<meta property=\"article:modified_time\" content=\"2020-11-11T15:03:09+00:00\" \/>\n<meta property=\"og:image\" content=\"https:\/\/acefootball.com\/da\/wp-content\/uploads\/sites\/2\/2020\/11\/Ace-1-7.jpg\" \/>\n\t<meta property=\"og:image:width\" content=\"1920\" \/>\n\t<meta property=\"og:image:height\" content=\"1008\" \/>\n\t<meta property=\"og:image:type\" content=\"image\/jpeg\" \/>\n<meta name=\"twitter:card\" content=\"summary_large_image\" \/>\n<meta name=\"twitter:label1\" content=\"Written by\" \/>\n\t<meta name=\"twitter:data1\" content=\"Mads Dreyer\" \/>\n\t<meta name=\"twitter:label2\" content=\"Est. reading time\" \/>\n\t<meta name=\"twitter:data2\" content=\"1 minute\" \/>\n<script type=\"application\/ld+json\" class=\"yoast-schema-graph\">{\"@context\":\"https:\/\/schema.org\",\"@graph\":[{\"@type\":\"Organization\",\"@id\":\"https:\/\/acefootball.com\/da\/#organization\",\"name\":\"Ace Football\",\"url\":\"https:\/\/acefootball.com\/da\/\",\"sameAs\":[\"https:\/\/www.facebook.com\/acefootballdk\"],\"logo\":{\"@type\":\"ImageObject\",\"@id\":\"https:\/\/acefootball.com\/da\/#logo\",\"inLanguage\":\"en-US\",\"url\":\"https:\/\/acefootball.com\/da\/wp-content\/uploads\/sites\/2\/2020\/07\/Ace-Football-30-07-2020-2.png\",\"contentUrl\":\"https:\/\/acefootball.com\/da\/wp-content\/uploads\/sites\/2\/2020\/07\/Ace-Football-30-07-2020-2.png\",\"width\":1200,\"height\":600,\"caption\":\"Ace Football\"},\"image\":{\"@id\":\"https:\/\/acefootball.com\/da\/#logo\"}},{\"@type\":\"WebSite\",\"@id\":\"https:\/\/acefootball.com\/da\/#website\",\"url\":\"https:\/\/acefootball.com\/da\/\",\"name\":\"Ace Football Danmark\",\"description\":\"Nyheder, Spiltips &amp; Livescore\",\"publisher\":{\"@id\":\"https:\/\/acefootball.com\/da\/#organization\"},\"potentialAction\":[{\"@type\":\"SearchAction\",\"target\":{\"@type\":\"EntryPoint\",\"urlTemplate\":\"https:\/\/acefootball.com\/da\/?s={search_term_string}\"},\"query-input\":\"required name=search_term_string\"}],\"inLanguage\":\"en-US\"},{\"@type\":\"ImageObject\",\"@id\":\"https:\/\/acefootball.com\/da\/fodboldnyheder\/kaempe-slag-ny-skade-i-liverpool-forsvaret\/#primaryimage\",\"inLanguage\":\"en-US\",\"url\":\"https:\/\/acefootball.com\/da\/wp-content\/uploads\/sites\/2\/2020\/11\/Ace-1-7.jpg\",\"contentUrl\":\"https:\/\/acefootball.com\/da\/wp-content\/uploads\/sites\/2\/2020\/11\/Ace-1-7.jpg\",\"width\":1920,\"height\":1008},{\"@type\":\"WebPage\",\"@id\":\"https:\/\/acefootball.com\/da\/fodboldnyheder\/kaempe-slag-ny-skade-i-liverpool-forsvaret\/#webpage\",\"url\":\"https:\/\/acefootball.com\/da\/fodboldnyheder\/kaempe-slag-ny-skade-i-liverpool-forsvaret\/\",\"name\":\"K\u00e6mpe slag: Ny skade i Liverpool-forsvaret\",\"isPartOf\":{\"@id\":\"https:\/\/acefootball.com\/da\/#website\"},\"primaryImageOfPage\":{\"@id\":\"https:\/\/acefootball.com\/da\/fodboldnyheder\/kaempe-slag-ny-skade-i-liverpool-forsvaret\/#primaryimage\"},\"datePublished\":\"2020-11-11T15:03:08+00:00\",\"dateModified\":\"2020-11-11T15:03:09+00:00\",\"description\":\"Liverpool l\u00f8ber ind i den ene defensive skade efter den anden, og nu lyder meldingerne, at Joe Gomez kan v\u00e6re alvorligt skadet\",\"breadcrumb\":{\"@id\":\"https:\/\/acefootball.com\/da\/fodboldnyheder\/kaempe-slag-ny-skade-i-liverpool-forsvaret\/#breadcrumb\"},\"inLanguage\":\"en-US\",\"potentialAction\":[{\"@type\":\"ReadAction\",\"target\":[\"https:\/\/acefootball.com\/da\/fodboldnyheder\/kaempe-slag-ny-skade-i-liverpool-forsvaret\/\"]}]},{\"@type\":\"BreadcrumbList\",\"@id\":\"https:\/\/acefootball.com\/da\/fodboldnyheder\/kaempe-slag-ny-skade-i-liverpool-forsvaret\/#breadcrumb\",\"itemListElement\":[{\"@type\":\"ListItem\",\"position\":1,\"name\":\"Home\",\"item\":\"https:\/\/acefootball.com\/da\/\"},{\"@type\":\"ListItem\",\"position\":2,\"name\":\"K\u00e6mpe slag: Ny skade i Liverpool-forsvaret\"}]},{\"@type\":\"Article\",\"@id\":\"https:\/\/acefootball.com\/da\/fodboldnyheder\/kaempe-slag-ny-skade-i-liverpool-forsvaret\/#article\",\"isPartOf\":{\"@id\":\"https:\/\/acefootball.com\/da\/fodboldnyheder\/kaempe-slag-ny-skade-i-liverpool-forsvaret\/#webpage\"},\"author\":{\"@id\":\"https:\/\/acefootball.com\/da\/#\/schema\/person\/ee67e9cf04a276f144100ffa722f10cd\"},\"headline\":\"K\u00e6mpe slag: Ny skade i Liverpool-forsvaret\",\"datePublished\":\"2020-11-11T15:03:08+00:00\",\"dateModified\":\"2020-11-11T15:03:09+00:00\",\"mainEntityOfPage\":{\"@id\":\"https:\/\/acefootball.com\/da\/fodboldnyheder\/kaempe-slag-ny-skade-i-liverpool-forsvaret\/#webpage\"},\"wordCount\":199,\"commentCount\":0,\"publisher\":{\"@id\":\"https:\/\/acefootball.com\/da\/#organization\"},\"image\":{\"@id\":\"https:\/\/acefootball.com\/da\/fodboldnyheder\/kaempe-slag-ny-skade-i-liverpool-forsvaret\/#primaryimage\"},\"thumbnailUrl\":\"https:\/\/acefootball.com\/da\/wp-content\/uploads\/sites\/2\/2020\/11\/GettyImages-1277200421.jpg\",\"keywords\":[\"England\",\"Joe Gomez\",\"Liverpool\",\"Premier League\"],\"articleSection\":[\"Nyhed\"],\"inLanguage\":\"en-US\",\"potentialAction\":[{\"@type\":\"CommentAction\",\"name\":\"Comment\",\"target\":[\"https:\/\/acefootball.com\/da\/fodboldnyheder\/kaempe-slag-ny-skade-i-liverpool-forsvaret\/#respond\"]}]},{\"@type\":\"Person\",\"@id\":\"https:\/\/acefootball.com\/da\/#\/schema\/person\/ee67e9cf04a276f144100ffa722f10cd\",\"name\":\"Mads Dreyer\",\"image\":{\"@type\":\"ImageObject\",\"@id\":\"https:\/\/acefootball.com\/da\/#personlogo\",\"inLanguage\":\"en-US\",\"url\":\"https:\/\/secure.gravatar.com\/avatar\/7c7abf72cfde9902b6a60efe60c88d4c?s=96&d=mm&r=g\",\"contentUrl\":\"https:\/\/secure.gravatar.com\/avatar\/7c7abf72cfde9902b6a60efe60c88d4c?s=96&d=mm&r=g\",\"caption\":\"Mads Dreyer\"},\"description\":\"Skribent og fodboldn\u00f8rd, der lige nu fort\u00e6ller om alt og intet i fodboldverdenen p\u00e5 acefootball.com. Uddannet i kommunikation fra Aalborg Universitet.\",\"sameAs\":[\"https:\/\/www.linkedin.com\/in\/mads-dreyer-b9b08266\/\"],\"url\":\"https:\/\/acefootball.com\/da\/fodboldnyheder\/author\/mdnronaldo\/\"}]}<\/script>\n<!-- \/ Yoast SEO plugin. -->","yoast_head_json":{"title":"K\u00e6mpe slag: Ny skade i Liverpool-forsvaret","description":"Liverpool l\u00f8ber ind i den ene defensive skade efter den anden, og nu lyder meldingerne, at Joe Gomez kan v\u00e6re alvorligt skadet","robots":{"index":"index","follow":"follow","max-snippet":"max-snippet:-1","max-image-preview":"max-image-preview:large","max-video-preview":"max-video-preview:-1"},"canonical":"https:\/\/acefootball.com\/da\/fodboldnyheder\/kaempe-slag-ny-skade-i-liverpool-forsvaret\/","og_locale":"en_US","og_type":"article","og_title":"K\u00e6mpe slag: Ny skade i Liverpool-forsvaret","og_description":"Liverpool l\u00f8ber ind i den ene defensive skade efter den anden, og nu lyder meldingerne, at Joe Gomez kan v\u00e6re alvorligt skadet","og_url":"https:\/\/acefootball.com\/da\/fodboldnyheder\/kaempe-slag-ny-skade-i-liverpool-forsvaret\/","og_site_name":"Ace Football Danmark","article_publisher":"https:\/\/www.facebook.com\/acefootballdk","article_published_time":"2020-11-11T15:03:08+00:00","article_modified_time":"2020-11-11T15:03:09+00:00","og_image":[{"width":1920,"height":1008,"url":"https:\/\/acefootball.com\/da\/wp-content\/uploads\/sites\/2\/2020\/11\/Ace-1-7.jpg","type":"image\/jpeg"}],"twitter_card":"summary_large_image","twitter_misc":{"Written by":"Mads Dreyer","Est. reading time":"1 minute"},"schema":{"@context":"https:\/\/schema.org","@graph":[{"@type":"Organization","@id":"https:\/\/acefootball.com\/da\/#organization","name":"Ace Football","url":"https:\/\/acefootball.com\/da\/","sameAs":["https:\/\/www.facebook.com\/acefootballdk"],"logo":{"@type":"ImageObject","@id":"https:\/\/acefootball.com\/da\/#logo","inLanguage":"en-US","url":"https:\/\/acefootball.com\/da\/wp-content\/uploads\/sites\/2\/2020\/07\/Ace-Football-30-07-2020-2.png","contentUrl":"https:\/\/acefootball.com\/da\/wp-content\/uploads\/sites\/2\/2020\/07\/Ace-Football-30-07-2020-2.png","width":1200,"height":600,"caption":"Ace Football"},"image":{"@id":"https:\/\/acefootball.com\/da\/#logo"}},{"@type":"WebSite","@id":"https:\/\/acefootball.com\/da\/#website","url":"https:\/\/acefootball.com\/da\/","name":"Ace Football Danmark","description":"Nyheder, Spiltips &amp; Livescore","publisher":{"@id":"https:\/\/acefootball.com\/da\/#organization"},"potentialAction":[{"@type":"SearchAction","target":{"@type":"EntryPoint","urlTemplate":"https:\/\/acefootball.com\/da\/?s={search_term_string}"},"query-input":"required name=search_term_string"}],"inLanguage":"en-US"},{"@type":"ImageObject","@id":"https:\/\/acefootball.com\/da\/fodboldnyheder\/kaempe-slag-ny-skade-i-liverpool-forsvaret\/#primaryimage","inLanguage":"en-US","url":"https:\/\/acefootball.com\/da\/wp-content\/uploads\/sites\/2\/2020\/11\/Ace-1-7.jpg","contentUrl":"https:\/\/acefootball.com\/da\/wp-content\/uploads\/sites\/2\/2020\/11\/Ace-1-7.jpg","width":1920,"height":1008},{"@type":"WebPage","@id":"https:\/\/acefootball.com\/da\/fodboldnyheder\/kaempe-slag-ny-skade-i-liverpool-forsvaret\/#webpage","url":"https:\/\/acefootball.com\/da\/fodboldnyheder\/kaempe-slag-ny-skade-i-liverpool-forsvaret\/","name":"K\u00e6mpe slag: Ny skade i Liverpool-forsvaret","isPartOf":{"@id":"https:\/\/acefootball.com\/da\/#website"},"primaryImageOfPage":{"@id":"https:\/\/acefootball.com\/da\/fodboldnyheder\/kaempe-slag-ny-skade-i-liverpool-forsvaret\/#primaryimage"},"datePublished":"2020-11-11T15:03:08+00:00","dateModified":"2020-11-11T15:03:09+00:00","description":"Liverpool l\u00f8ber ind i den ene defensive skade efter den anden, og nu lyder meldingerne, at Joe Gomez kan v\u00e6re alvorligt skadet","breadcrumb":{"@id":"https:\/\/acefootball.com\/da\/fodboldnyheder\/kaempe-slag-ny-skade-i-liverpool-forsvaret\/#breadcrumb"},"inLanguage":"en-US","potentialAction":[{"@type":"ReadAction","target":["https:\/\/acefootball.com\/da\/fodboldnyheder\/kaempe-slag-ny-skade-i-liverpool-forsvaret\/"]}]},{"@type":"BreadcrumbList","@id":"https:\/\/acefootball.com\/da\/fodboldnyheder\/kaempe-slag-ny-skade-i-liverpool-forsvaret\/#breadcrumb","itemListElement":[{"@type":"ListItem","position":1,"name":"Home","item":"https:\/\/acefootball.com\/da\/"},{"@type":"ListItem","position":2,"name":"K\u00e6mpe slag: Ny skade i Liverpool-forsvaret"}]},{"@type":"Article","@id":"https:\/\/acefootball.com\/da\/fodboldnyheder\/kaempe-slag-ny-skade-i-liverpool-forsvaret\/#article","isPartOf":{"@id":"https:\/\/acefootball.com\/da\/fodboldnyheder\/kaempe-slag-ny-skade-i-liverpool-forsvaret\/#webpage"},"author":{"@id":"https:\/\/acefootball.com\/da\/#\/schema\/person\/ee67e9cf04a276f144100ffa722f10cd"},"headline":"K\u00e6mpe slag: Ny skade i Liverpool-forsvaret","datePublished":"2020-11-11T15:03:08+00:00","dateModified":"2020-11-11T15:03:09+00:00","mainEntityOfPage":{"@id":"https:\/\/acefootball.com\/da\/fodboldnyheder\/kaempe-slag-ny-skade-i-liverpool-forsvaret\/#webpage"},"wordCount":199,"commentCount":0,"publisher":{"@id":"https:\/\/acefootball.com\/da\/#organization"},"image":{"@id":"https:\/\/acefootball.com\/da\/fodboldnyheder\/kaempe-slag-ny-skade-i-liverpool-forsvaret\/#primaryimage"},"thumbnailUrl":"https:\/\/acefootball.com\/da\/wp-content\/uploads\/sites\/2\/2020\/11\/GettyImages-1277200421.jpg","keywords":["England","Joe Gomez","Liverpool","Premier League"],"articleSection":["Nyhed"],"inLanguage":"en-US","potentialAction":[{"@type":"CommentAction","name":"Comment","target":["https:\/\/acefootball.com\/da\/fodboldnyheder\/kaempe-slag-ny-skade-i-liverpool-forsvaret\/#respond"]}]},{"@type":"Person","@id":"https:\/\/acefootball.com\/da\/#\/schema\/person\/ee67e9cf04a276f144100ffa722f10cd","name":"Mads Dreyer","image":{"@type":"ImageObject","@id":"https:\/\/acefootball.com\/da\/#personlogo","inLanguage":"en-US","url":"https:\/\/secure.gravatar.com\/avatar\/7c7abf72cfde9902b6a60efe60c88d4c?s=96&d=mm&r=g","contentUrl":"https:\/\/secure.gravatar.com\/avatar\/7c7abf72cfde9902b6a60efe60c88d4c?s=96&d=mm&r=g","caption":"Mads Dreyer"},"description":"Skribent og fodboldn\u00f8rd, der lige nu fort\u00e6ller om alt og intet i fodboldverdenen p\u00e5 acefootball.com. Uddannet i kommunikation fra Aalborg Universitet.","sameAs":["https:\/\/www.linkedin.com\/in\/mads-dreyer-b9b08266\/"],"url":"https:\/\/acefootball.com\/da\/fodboldnyheder\/author\/mdnronaldo\/"}]}},"fimg_url":"https:\/\/acefootball.com\/da\/wp-content\/uploads\/sites\/2\/2020\/11\/GettyImages-1277200421.jpg","_links":{"self":[{"href":"https:\/\/acefootball.com\/da\/wp-json\/wp\/v2\/posts\/243159"}],"collection":[{"href":"https:\/\/acefootball.com\/da\/wp-json\/wp\/v2\/posts"}],"about":[{"href":"https:\/\/acefootball.com\/da\/wp-json\/wp\/v2\/types\/post"}],"author":[{"embeddable":true,"href":"https:\/\/acefootball.com\/da\/wp-json\/wp\/v2\/users\/705"}],"replies":[{"embeddable":true,"href":"https:\/\/acefootball.com\/da\/wp-json\/wp\/v2\/comments?post=243159"}],"version-history":[{"count":0,"href":"https:\/\/acefootball.com\/da\/wp-json\/wp\/v2\/posts\/243159\/revisions"}],"wp:featuredmedia":[{"embeddable":true,"href":"https:\/\/acefootball.com\/da\/wp-json\/wp\/v2\/media\/243160"}],"wp:attachment":[{"href":"https:\/\/acefootball.com\/da\/wp-json\/wp\/v2\/media?parent=243159"}],"wp:term":[{"taxonomy":"category","embeddable":true,"href":"https:\/\/acefootball.com\/da\/wp-json\/wp\/v2\/categories?post=243159"},{"taxonomy":"post_tag","embeddable":true,"href":"https:\/\/acefootball.com\/da\/wp-json\/wp\/v2\/tags?post=243159"}],"curies":[{"name":"wp","href":"https:\/\/api.w.org\/{rel}","templated":true}]}}