{"id":243074,"date":"2020-11-10T22:56:16","date_gmt":"2020-11-10T21:56:16","guid":{"rendered":"https:\/\/acefootball.com\/da\/?p=243074"},"modified":"2020-11-10T22:56:17","modified_gmt":"2020-11-10T21:56:17","slug":"koeman-kigger-paa-fati-erstatning-men-foerstevalget-er-ikke-til-salg","status":"publish","type":"post","link":"https:\/\/acefootball.com\/da\/fodboldnyheder\/koeman-kigger-paa-fati-erstatning-men-foerstevalget-er-ikke-til-salg\/","title":{"rendered":"Koeman kigger p\u00e5 Fati-erstatning: Men f\u00f8rstevalget er ikke til salg"},"content":{"rendered":"\n<h2 id=\"h-ronald-koeman-vil-muligvis-kigge-p-en-erstatning-for-ansu-fati-men-f-rsteprioriteten-memphis-depay-er-ikke-til-salg\">Ronald Koeman vil muligvis kigge p\u00e5 en erstatning for Ansu Fati, men f\u00f8rsteprioriteten Memphis Depay er ikke til salg<\/h2>\n\n\n\n<p>FC Barcelona blev i weekenden ramt af d\u00e5rligt nyt, da Ansu Fati m\u00e5tte udg\u00e5 af kampen mod Real Betis og efterf\u00f8lgende er d\u00f8mt ude i fire m\u00e5neder.<\/p>\n\n\n\n<p>Derfor har cheftr\u00e6ner Ronald Koeman luftet tanken om at hente en erstatning, hvis man finder den rette, og skal man tro sommerens flirteri, er det Memphis Depay.<\/p>\n\n\n\n<p>Catalanerne kan dog allerede nu godt opgive at hente holl\u00e6nderen til klubben, da Olympique Lyon heller ingen intentioner har om at slippe stjernen til vinter, og det samme g\u00e6lder i \u00f8vrigt for resten af klubbens store transferemner.<\/p>\n\n\n\n<div class=\"wp-block-si-widget wp-block-si-widget--center\"><si-lb-widget widget-id=\"BookmakerPromotions\" data-nopadding=\"true\" data-transparent=\"true\" width=\"600\"><\/si-lb-widget><\/div>\n\n\n\n<p>&#8220;Det handler ikke kun om Memphis, men ogs\u00e5 om Houssem Aouar og Moussa Dembele. Jeg sagde fra start, at de ikke forlader os i et \u00e5r, hvor vi uretf\u00e6rdigt er blevet frataget europ\u00e6isk fodbold. Vi skal have succes i denne s\u00e6son, s\u00e5 de bliver,&#8221; udtaler pr\u00e6sidenten Jean Michel-Aulas til <a href=\"https:\/\/rmcsport.bfmtv.com\/football\/ol-aulas-ferme-la-porte-pour-depay-jusqu-a-la-fin-de-la-saison-2004589.html\" target=\"_blank\" rel=\"noreferrer noopener\">RMC Sport<\/a>.<\/p>\n\n\n\n<p>Lyon-bossen er dog udm\u00e6rket klar over, at man ikke kan holde p\u00e5 Depay meget l\u00e6ngere. Angriberen har s\u00e5ledes kontraktudl\u00f8b til sommer.<\/p>\n","protected":false},"excerpt":{"rendered":"<p>Ronald Koeman vil muligvis kigge p\u00e5 en erstatning for Ansu Fati, men f\u00f8rsteprioriteten Memphis Depay er ikke til salg<\/p>\n","protected":false},"author":705,"featured_media":234579,"comment_status":"open","ping_status":"closed","sticky":false,"template":"","format":"standard","meta":{"om_disable_all_campaigns":false,"push_articles_ronaldo":{"active":false,"canonical":0,"publish":false},"force_updates":null},"categories":[7],"tags":[41,303,397,618,4315,847],"enet_tags":{"team":["8634","9748"],"league":["87","53"],"player":["303824"],"sport_events":[]},"yoast_head":"<!-- This site is optimized with the Yoast SEO plugin v18.3 - https:\/\/yoast.com\/wordpress\/plugins\/seo\/ -->\n<title>Koeman kigger p\u00e5 Fati-erstatning: Men f\u00f8rstevalget er ikke til salg<\/title>\n<meta name=\"description\" content=\"Ronald Koeman vil muligvis kigge p\u00e5 en erstatning for Ansu Fati, men f\u00f8rsteprioriteten Memphis Depay er ikke til salg\" \/>\n<meta name=\"robots\" content=\"index, follow, max-snippet:-1, max-image-preview:large, max-video-preview:-1\" \/>\n<link rel=\"canonical\" href=\"https:\/\/acefootball.com\/da\/fodboldnyheder\/koeman-kigger-paa-fati-erstatning-men-foerstevalget-er-ikke-til-salg\/\" \/>\n<meta property=\"og:locale\" content=\"en_US\" \/>\n<meta property=\"og:type\" content=\"article\" \/>\n<meta property=\"og:title\" content=\"Koeman kigger p\u00e5 Fati-erstatning: Men f\u00f8rstevalget er ikke til salg\" \/>\n<meta property=\"og:description\" content=\"Ronald Koeman vil muligvis kigge p\u00e5 en erstatning for Ansu Fati, men f\u00f8rsteprioriteten Memphis Depay er ikke til salg\" \/>\n<meta property=\"og:url\" content=\"https:\/\/acefootball.com\/da\/fodboldnyheder\/koeman-kigger-paa-fati-erstatning-men-foerstevalget-er-ikke-til-salg\/\" \/>\n<meta property=\"og:site_name\" content=\"Ace Football Danmark\" \/>\n<meta property=\"article:publisher\" content=\"https:\/\/www.facebook.com\/acefootballdk\" \/>\n<meta property=\"article:published_time\" content=\"2020-11-10T21:56:16+00:00\" \/>\n<meta property=\"article:modified_time\" content=\"2020-11-10T21:56:17+00:00\" \/>\n<meta property=\"og:image\" content=\"https:\/\/acefootball.com\/da\/wp-content\/uploads\/sites\/2\/2020\/11\/Ace-11-2.jpg\" \/>\n\t<meta property=\"og:image:width\" content=\"1920\" \/>\n\t<meta property=\"og:image:height\" content=\"1008\" \/>\n\t<meta property=\"og:image:type\" content=\"image\/jpeg\" \/>\n<meta name=\"twitter:card\" content=\"summary_large_image\" \/>\n<meta name=\"twitter:label1\" content=\"Written by\" \/>\n\t<meta name=\"twitter:data1\" content=\"Mads Dreyer\" \/>\n\t<meta name=\"twitter:label2\" content=\"Est. reading time\" \/>\n\t<meta name=\"twitter:data2\" content=\"1 minute\" \/>\n<script type=\"application\/ld+json\" class=\"yoast-schema-graph\">{\"@context\":\"https:\/\/schema.org\",\"@graph\":[{\"@type\":\"Organization\",\"@id\":\"https:\/\/acefootball.com\/da\/#organization\",\"name\":\"Ace Football\",\"url\":\"https:\/\/acefootball.com\/da\/\",\"sameAs\":[\"https:\/\/www.facebook.com\/acefootballdk\"],\"logo\":{\"@type\":\"ImageObject\",\"@id\":\"https:\/\/acefootball.com\/da\/#logo\",\"inLanguage\":\"en-US\",\"url\":\"https:\/\/acefootball.com\/da\/wp-content\/uploads\/sites\/2\/2020\/07\/Ace-Football-30-07-2020-2.png\",\"contentUrl\":\"https:\/\/acefootball.com\/da\/wp-content\/uploads\/sites\/2\/2020\/07\/Ace-Football-30-07-2020-2.png\",\"width\":1200,\"height\":600,\"caption\":\"Ace Football\"},\"image\":{\"@id\":\"https:\/\/acefootball.com\/da\/#logo\"}},{\"@type\":\"WebSite\",\"@id\":\"https:\/\/acefootball.com\/da\/#website\",\"url\":\"https:\/\/acefootball.com\/da\/\",\"name\":\"Ace Football Danmark\",\"description\":\"Nyheder, Spiltips &amp; Livescore\",\"publisher\":{\"@id\":\"https:\/\/acefootball.com\/da\/#organization\"},\"potentialAction\":[{\"@type\":\"SearchAction\",\"target\":{\"@type\":\"EntryPoint\",\"urlTemplate\":\"https:\/\/acefootball.com\/da\/?s={search_term_string}\"},\"query-input\":\"required name=search_term_string\"}],\"inLanguage\":\"en-US\"},{\"@type\":\"ImageObject\",\"@id\":\"https:\/\/acefootball.com\/da\/fodboldnyheder\/koeman-kigger-paa-fati-erstatning-men-foerstevalget-er-ikke-til-salg\/#primaryimage\",\"inLanguage\":\"en-US\",\"url\":\"https:\/\/acefootball.com\/da\/wp-content\/uploads\/sites\/2\/2020\/11\/Ace-11-2.jpg\",\"contentUrl\":\"https:\/\/acefootball.com\/da\/wp-content\/uploads\/sites\/2\/2020\/11\/Ace-11-2.jpg\",\"width\":1920,\"height\":1008},{\"@type\":\"WebPage\",\"@id\":\"https:\/\/acefootball.com\/da\/fodboldnyheder\/koeman-kigger-paa-fati-erstatning-men-foerstevalget-er-ikke-til-salg\/#webpage\",\"url\":\"https:\/\/acefootball.com\/da\/fodboldnyheder\/koeman-kigger-paa-fati-erstatning-men-foerstevalget-er-ikke-til-salg\/\",\"name\":\"Koeman kigger p\u00e5 Fati-erstatning: Men f\u00f8rstevalget er ikke til salg\",\"isPartOf\":{\"@id\":\"https:\/\/acefootball.com\/da\/#website\"},\"primaryImageOfPage\":{\"@id\":\"https:\/\/acefootball.com\/da\/fodboldnyheder\/koeman-kigger-paa-fati-erstatning-men-foerstevalget-er-ikke-til-salg\/#primaryimage\"},\"datePublished\":\"2020-11-10T21:56:16+00:00\",\"dateModified\":\"2020-11-10T21:56:17+00:00\",\"description\":\"Ronald Koeman vil muligvis kigge p\u00e5 en erstatning for Ansu Fati, men f\u00f8rsteprioriteten Memphis Depay er ikke til salg\",\"breadcrumb\":{\"@id\":\"https:\/\/acefootball.com\/da\/fodboldnyheder\/koeman-kigger-paa-fati-erstatning-men-foerstevalget-er-ikke-til-salg\/#breadcrumb\"},\"inLanguage\":\"en-US\",\"potentialAction\":[{\"@type\":\"ReadAction\",\"target\":[\"https:\/\/acefootball.com\/da\/fodboldnyheder\/koeman-kigger-paa-fati-erstatning-men-foerstevalget-er-ikke-til-salg\/\"]}]},{\"@type\":\"BreadcrumbList\",\"@id\":\"https:\/\/acefootball.com\/da\/fodboldnyheder\/koeman-kigger-paa-fati-erstatning-men-foerstevalget-er-ikke-til-salg\/#breadcrumb\",\"itemListElement\":[{\"@type\":\"ListItem\",\"position\":1,\"name\":\"Home\",\"item\":\"https:\/\/acefootball.com\/da\/\"},{\"@type\":\"ListItem\",\"position\":2,\"name\":\"Koeman kigger p\u00e5 Fati-erstatning: Men f\u00f8rstevalget er ikke til salg\"}]},{\"@type\":\"Article\",\"@id\":\"https:\/\/acefootball.com\/da\/fodboldnyheder\/koeman-kigger-paa-fati-erstatning-men-foerstevalget-er-ikke-til-salg\/#article\",\"isPartOf\":{\"@id\":\"https:\/\/acefootball.com\/da\/fodboldnyheder\/koeman-kigger-paa-fati-erstatning-men-foerstevalget-er-ikke-til-salg\/#webpage\"},\"author\":{\"@id\":\"https:\/\/acefootball.com\/da\/#\/schema\/person\/ee67e9cf04a276f144100ffa722f10cd\"},\"headline\":\"Koeman kigger p\u00e5 Fati-erstatning: Men f\u00f8rstevalget er ikke til salg\",\"datePublished\":\"2020-11-10T21:56:16+00:00\",\"dateModified\":\"2020-11-10T21:56:17+00:00\",\"mainEntityOfPage\":{\"@id\":\"https:\/\/acefootball.com\/da\/fodboldnyheder\/koeman-kigger-paa-fati-erstatning-men-foerstevalget-er-ikke-til-salg\/#webpage\"},\"wordCount\":210,\"commentCount\":0,\"publisher\":{\"@id\":\"https:\/\/acefootball.com\/da\/#organization\"},\"image\":{\"@id\":\"https:\/\/acefootball.com\/da\/fodboldnyheder\/koeman-kigger-paa-fati-erstatning-men-foerstevalget-er-ikke-til-salg\/#primaryimage\"},\"thumbnailUrl\":\"https:\/\/acefootball.com\/da\/wp-content\/uploads\/sites\/2\/2020\/08\/GettyImages-1173283798.jpg\",\"keywords\":[\"FC Barcelona\",\"La Liga\",\"Ligue 1\",\"Memphis Depay\",\"Olympique Lyon\",\"Ronald Koeman\"],\"articleSection\":[\"Transfer\"],\"inLanguage\":\"en-US\",\"potentialAction\":[{\"@type\":\"CommentAction\",\"name\":\"Comment\",\"target\":[\"https:\/\/acefootball.com\/da\/fodboldnyheder\/koeman-kigger-paa-fati-erstatning-men-foerstevalget-er-ikke-til-salg\/#respond\"]}]},{\"@type\":\"Person\",\"@id\":\"https:\/\/acefootball.com\/da\/#\/schema\/person\/ee67e9cf04a276f144100ffa722f10cd\",\"name\":\"Mads Dreyer\",\"image\":{\"@type\":\"ImageObject\",\"@id\":\"https:\/\/acefootball.com\/da\/#personlogo\",\"inLanguage\":\"en-US\",\"url\":\"https:\/\/secure.gravatar.com\/avatar\/7c7abf72cfde9902b6a60efe60c88d4c?s=96&d=mm&r=g\",\"contentUrl\":\"https:\/\/secure.gravatar.com\/avatar\/7c7abf72cfde9902b6a60efe60c88d4c?s=96&d=mm&r=g\",\"caption\":\"Mads Dreyer\"},\"description\":\"Skribent og fodboldn\u00f8rd, der lige nu fort\u00e6ller om alt og intet i fodboldverdenen p\u00e5 acefootball.com. Uddannet i kommunikation fra Aalborg Universitet.\",\"sameAs\":[\"https:\/\/www.linkedin.com\/in\/mads-dreyer-b9b08266\/\"],\"url\":\"https:\/\/acefootball.com\/da\/fodboldnyheder\/author\/mdnronaldo\/\"}]}<\/script>\n<!-- \/ Yoast SEO plugin. -->","yoast_head_json":{"title":"Koeman kigger p\u00e5 Fati-erstatning: Men f\u00f8rstevalget er ikke til salg","description":"Ronald Koeman vil muligvis kigge p\u00e5 en erstatning for Ansu Fati, men f\u00f8rsteprioriteten Memphis Depay er ikke til salg","robots":{"index":"index","follow":"follow","max-snippet":"max-snippet:-1","max-image-preview":"max-image-preview:large","max-video-preview":"max-video-preview:-1"},"canonical":"https:\/\/acefootball.com\/da\/fodboldnyheder\/koeman-kigger-paa-fati-erstatning-men-foerstevalget-er-ikke-til-salg\/","og_locale":"en_US","og_type":"article","og_title":"Koeman kigger p\u00e5 Fati-erstatning: Men f\u00f8rstevalget er ikke til salg","og_description":"Ronald Koeman vil muligvis kigge p\u00e5 en erstatning for Ansu Fati, men f\u00f8rsteprioriteten Memphis Depay er ikke til salg","og_url":"https:\/\/acefootball.com\/da\/fodboldnyheder\/koeman-kigger-paa-fati-erstatning-men-foerstevalget-er-ikke-til-salg\/","og_site_name":"Ace Football Danmark","article_publisher":"https:\/\/www.facebook.com\/acefootballdk","article_published_time":"2020-11-10T21:56:16+00:00","article_modified_time":"2020-11-10T21:56:17+00:00","og_image":[{"width":1920,"height":1008,"url":"https:\/\/acefootball.com\/da\/wp-content\/uploads\/sites\/2\/2020\/11\/Ace-11-2.jpg","type":"image\/jpeg"}],"twitter_card":"summary_large_image","twitter_misc":{"Written by":"Mads Dreyer","Est. reading time":"1 minute"},"schema":{"@context":"https:\/\/schema.org","@graph":[{"@type":"Organization","@id":"https:\/\/acefootball.com\/da\/#organization","name":"Ace Football","url":"https:\/\/acefootball.com\/da\/","sameAs":["https:\/\/www.facebook.com\/acefootballdk"],"logo":{"@type":"ImageObject","@id":"https:\/\/acefootball.com\/da\/#logo","inLanguage":"en-US","url":"https:\/\/acefootball.com\/da\/wp-content\/uploads\/sites\/2\/2020\/07\/Ace-Football-30-07-2020-2.png","contentUrl":"https:\/\/acefootball.com\/da\/wp-content\/uploads\/sites\/2\/2020\/07\/Ace-Football-30-07-2020-2.png","width":1200,"height":600,"caption":"Ace Football"},"image":{"@id":"https:\/\/acefootball.com\/da\/#logo"}},{"@type":"WebSite","@id":"https:\/\/acefootball.com\/da\/#website","url":"https:\/\/acefootball.com\/da\/","name":"Ace Football Danmark","description":"Nyheder, Spiltips &amp; Livescore","publisher":{"@id":"https:\/\/acefootball.com\/da\/#organization"},"potentialAction":[{"@type":"SearchAction","target":{"@type":"EntryPoint","urlTemplate":"https:\/\/acefootball.com\/da\/?s={search_term_string}"},"query-input":"required name=search_term_string"}],"inLanguage":"en-US"},{"@type":"ImageObject","@id":"https:\/\/acefootball.com\/da\/fodboldnyheder\/koeman-kigger-paa-fati-erstatning-men-foerstevalget-er-ikke-til-salg\/#primaryimage","inLanguage":"en-US","url":"https:\/\/acefootball.com\/da\/wp-content\/uploads\/sites\/2\/2020\/11\/Ace-11-2.jpg","contentUrl":"https:\/\/acefootball.com\/da\/wp-content\/uploads\/sites\/2\/2020\/11\/Ace-11-2.jpg","width":1920,"height":1008},{"@type":"WebPage","@id":"https:\/\/acefootball.com\/da\/fodboldnyheder\/koeman-kigger-paa-fati-erstatning-men-foerstevalget-er-ikke-til-salg\/#webpage","url":"https:\/\/acefootball.com\/da\/fodboldnyheder\/koeman-kigger-paa-fati-erstatning-men-foerstevalget-er-ikke-til-salg\/","name":"Koeman kigger p\u00e5 Fati-erstatning: Men f\u00f8rstevalget er ikke til salg","isPartOf":{"@id":"https:\/\/acefootball.com\/da\/#website"},"primaryImageOfPage":{"@id":"https:\/\/acefootball.com\/da\/fodboldnyheder\/koeman-kigger-paa-fati-erstatning-men-foerstevalget-er-ikke-til-salg\/#primaryimage"},"datePublished":"2020-11-10T21:56:16+00:00","dateModified":"2020-11-10T21:56:17+00:00","description":"Ronald Koeman vil muligvis kigge p\u00e5 en erstatning for Ansu Fati, men f\u00f8rsteprioriteten Memphis Depay er ikke til salg","breadcrumb":{"@id":"https:\/\/acefootball.com\/da\/fodboldnyheder\/koeman-kigger-paa-fati-erstatning-men-foerstevalget-er-ikke-til-salg\/#breadcrumb"},"inLanguage":"en-US","potentialAction":[{"@type":"ReadAction","target":["https:\/\/acefootball.com\/da\/fodboldnyheder\/koeman-kigger-paa-fati-erstatning-men-foerstevalget-er-ikke-til-salg\/"]}]},{"@type":"BreadcrumbList","@id":"https:\/\/acefootball.com\/da\/fodboldnyheder\/koeman-kigger-paa-fati-erstatning-men-foerstevalget-er-ikke-til-salg\/#breadcrumb","itemListElement":[{"@type":"ListItem","position":1,"name":"Home","item":"https:\/\/acefootball.com\/da\/"},{"@type":"ListItem","position":2,"name":"Koeman kigger p\u00e5 Fati-erstatning: Men f\u00f8rstevalget er ikke til salg"}]},{"@type":"Article","@id":"https:\/\/acefootball.com\/da\/fodboldnyheder\/koeman-kigger-paa-fati-erstatning-men-foerstevalget-er-ikke-til-salg\/#article","isPartOf":{"@id":"https:\/\/acefootball.com\/da\/fodboldnyheder\/koeman-kigger-paa-fati-erstatning-men-foerstevalget-er-ikke-til-salg\/#webpage"},"author":{"@id":"https:\/\/acefootball.com\/da\/#\/schema\/person\/ee67e9cf04a276f144100ffa722f10cd"},"headline":"Koeman kigger p\u00e5 Fati-erstatning: Men f\u00f8rstevalget er ikke til salg","datePublished":"2020-11-10T21:56:16+00:00","dateModified":"2020-11-10T21:56:17+00:00","mainEntityOfPage":{"@id":"https:\/\/acefootball.com\/da\/fodboldnyheder\/koeman-kigger-paa-fati-erstatning-men-foerstevalget-er-ikke-til-salg\/#webpage"},"wordCount":210,"commentCount":0,"publisher":{"@id":"https:\/\/acefootball.com\/da\/#organization"},"image":{"@id":"https:\/\/acefootball.com\/da\/fodboldnyheder\/koeman-kigger-paa-fati-erstatning-men-foerstevalget-er-ikke-til-salg\/#primaryimage"},"thumbnailUrl":"https:\/\/acefootball.com\/da\/wp-content\/uploads\/sites\/2\/2020\/08\/GettyImages-1173283798.jpg","keywords":["FC Barcelona","La Liga","Ligue 1","Memphis Depay","Olympique Lyon","Ronald Koeman"],"articleSection":["Transfer"],"inLanguage":"en-US","potentialAction":[{"@type":"CommentAction","name":"Comment","target":["https:\/\/acefootball.com\/da\/fodboldnyheder\/koeman-kigger-paa-fati-erstatning-men-foerstevalget-er-ikke-til-salg\/#respond"]}]},{"@type":"Person","@id":"https:\/\/acefootball.com\/da\/#\/schema\/person\/ee67e9cf04a276f144100ffa722f10cd","name":"Mads Dreyer","image":{"@type":"ImageObject","@id":"https:\/\/acefootball.com\/da\/#personlogo","inLanguage":"en-US","url":"https:\/\/secure.gravatar.com\/avatar\/7c7abf72cfde9902b6a60efe60c88d4c?s=96&d=mm&r=g","contentUrl":"https:\/\/secure.gravatar.com\/avatar\/7c7abf72cfde9902b6a60efe60c88d4c?s=96&d=mm&r=g","caption":"Mads Dreyer"},"description":"Skribent og fodboldn\u00f8rd, der lige nu fort\u00e6ller om alt og intet i fodboldverdenen p\u00e5 acefootball.com. Uddannet i kommunikation fra Aalborg Universitet.","sameAs":["https:\/\/www.linkedin.com\/in\/mads-dreyer-b9b08266\/"],"url":"https:\/\/acefootball.com\/da\/fodboldnyheder\/author\/mdnronaldo\/"}]}},"fimg_url":"https:\/\/acefootball.com\/da\/wp-content\/uploads\/sites\/2\/2020\/08\/GettyImages-1173283798.jpg","_links":{"self":[{"href":"https:\/\/acefootball.com\/da\/wp-json\/wp\/v2\/posts\/243074"}],"collection":[{"href":"https:\/\/acefootball.com\/da\/wp-json\/wp\/v2\/posts"}],"about":[{"href":"https:\/\/acefootball.com\/da\/wp-json\/wp\/v2\/types\/post"}],"author":[{"embeddable":true,"href":"https:\/\/acefootball.com\/da\/wp-json\/wp\/v2\/users\/705"}],"replies":[{"embeddable":true,"href":"https:\/\/acefootball.com\/da\/wp-json\/wp\/v2\/comments?post=243074"}],"version-history":[{"count":0,"href":"https:\/\/acefootball.com\/da\/wp-json\/wp\/v2\/posts\/243074\/revisions"}],"wp:featuredmedia":[{"embeddable":true,"href":"https:\/\/acefootball.com\/da\/wp-json\/wp\/v2\/media\/234579"}],"wp:attachment":[{"href":"https:\/\/acefootball.com\/da\/wp-json\/wp\/v2\/media?parent=243074"}],"wp:term":[{"taxonomy":"category","embeddable":true,"href":"https:\/\/acefootball.com\/da\/wp-json\/wp\/v2\/categories?post=243074"},{"taxonomy":"post_tag","embeddable":true,"href":"https:\/\/acefootball.com\/da\/wp-json\/wp\/v2\/tags?post=243074"}],"curies":[{"name":"wp","href":"https:\/\/api.w.org\/{rel}","templated":true}]}}