{"id":243037,"date":"2020-11-10T16:15:33","date_gmt":"2020-11-10T15:15:33","guid":{"rendered":"https:\/\/acefootball.com\/da\/?p=243037"},"modified":"2020-11-10T16:02:50","modified_gmt":"2020-11-10T15:02:50","slug":"virolog-om-landskamp-aflys-den","status":"publish","type":"post","link":"https:\/\/acefootball.com\/da\/fodboldnyheder\/virolog-om-landskamp-aflys-den\/","title":{"rendered":"Virolog om landskamp: Aflys den!"},"content":{"rendered":"\n<h2 id=\"h-den-svenske-virolog-bj-rn-olsen-anbefaler-p-det-kraftigste-at-onsdagens-landskamp-mellem-danmark-og-sverige-bliver-aflyst\">Den svenske virolog, Bj\u00f6rn Olsen, anbefaler p\u00e5 det kraftigste, at onsdagens landskamp mellem Danmark og Sverige bliver aflyst<\/h2>\n\n\n\n<div class=\"wp-block-si-widget wp-block-si-widget--center\"><si-lb-widget widget-id=\"MatchInfoWithOdds\" data-nopadding=\"true\" data-card=\"true\" width=\"440\" data-event-id=\"3290375\" data-provider=\"mrgreen\" data-theme-appearance=\"dark\"><\/si-lb-widget><\/div>\n\n\n\n<p>I morgen er der skemalagt en tr\u00e6ningskamp mellem Danmark og Sverige p\u00e5 Br\u00f8ndby Stadion, men optakten har v\u00e6ret pr\u00e6get af et stort kaos.<\/p>\n\n\n\n<p>En r\u00e6kke af de danske spillere og tr\u00e6nere er blevet sendt hjem i isolation, da blandt andre Robert Skov er testet positiv for coronavirus, og i stedet er der udtaget et n\u00e6sten nyt hold.<\/p>\n\n\n\n<p>Det er dog umuligt at v\u00e6re sikker p\u00e5, at smittespredningen er stoppet, og derfor opfordrer den svenske virolog, Bj\u00f6rn Olsen, til aflysning af kampen.<\/p>\n\n\n\n<div class=\"wp-block-si-widget wp-block-si-widget--center\"><si-lb-widget widget-id=\"BookmakerPromotions\" data-nopadding=\"true\" data-transparent=\"true\" width=\"600\"><\/si-lb-widget><\/div>\n\n\n\n<p>&#8220;De (Danmark, red.) har et udbrud. Man kan sagtens forestille sig, at flere bliver syge inden l\u00e6nge. De g\u00f8r det helt rigtige ved at sende spillerne hjem, isolere sig og mindske kontakten,&#8221; lyder det fra Olsen til <a href=\"https:\/\/www.aftonbladet.se\/sportbladet\/fotboll\/a\/bnnpw3\/professor-olsen-bisarrt--stall-in-landskampen\" target=\"_blank\" rel=\"noreferrer noopener\">Aftonbladet<\/a>.<\/p>\n\n\n\n<p>&#8220;Det er som regel i omkl\u00e6dningsrummet og i hverdagens n\u00e6rkontakt, man bliver smittet, men en t\u00e6t duel kan ogs\u00e5 v\u00e6re nok. Det er sv\u00e6rt at holde afstand under en kamp. Der er en klar risiko, hvis man st\u00e5r og puster over for sin modstander i en kamp.&#8221;<\/p>\n\n\n\n<p>&#8220;Er det bare en tr\u00e6ningskamp? Aflys den. Flyt den til et andet tidspunkt. Det lyder som en m\u00e6rkelig begivenhed med muligt smittede hold bare for en tr\u00e6ningskamps skyld &#8211; midt i en pandemi. Det lyder lidt bizart.&#8221;<\/p>\n\n\n\n<p>I artiklen herunder kan du se en mulig dansk startellever til morgendagens kamp, hvor hele 21 spillere har meldt afbud.<\/p>\n\n\n\n<figure class=\"wp-block-embed-wordpress wp-block-embed is-type-wp-embed is-provider-ace-football-danmark\"><div class=\"wp-block-embed__wrapper\">\n<blockquote class=\"wp-embedded-content\" data-secret=\"MUyqFEIqbW\"><a href=\"https:\/\/acefootball.com\/da\/fodboldnyheder\/21-afbud-til-sverige-kamp-saadan-kan-danmark-stille-op-i-morgen\/\">21 afbud til Sverige-kamp: S\u00e5dan kan Danmark stille op i morgen<\/a><\/blockquote><iframe class=\"wp-embedded-content\" sandbox=\"allow-scripts\" security=\"restricted\" style=\"position: absolute; clip: rect(1px, 1px, 1px, 1px);\" title=\"&#8220;21 afbud til Sverige-kamp: S\u00e5dan kan Danmark stille op i morgen&#8221; &#8212; Ace Football Danmark\" src=\"https:\/\/acefootball.com\/da\/fodboldnyheder\/21-afbud-til-sverige-kamp-saadan-kan-danmark-stille-op-i-morgen\/embed\/#?secret=MUyqFEIqbW\" data-secret=\"MUyqFEIqbW\" width=\"600\" height=\"338\" frameborder=\"0\" marginwidth=\"0\" marginheight=\"0\" scrolling=\"no\"><\/iframe>\n<\/div><\/figure>\n","protected":false},"excerpt":{"rendered":"<p>Den svenske virolog, Bj\u00f6rn Olsen, anbefaler p\u00e5 det kraftigste, at onsdagens landskamp mellem Danmark og Sverige bliver aflyst<\/p>\n","protected":false},"author":705,"featured_media":235714,"comment_status":"open","ping_status":"closed","sticky":false,"template":"","format":"standard","meta":{"om_disable_all_campaigns":false,"push_articles_ronaldo":{"active":false,"canonical":0,"publish":false},"force_updates":null},"categories":[8204],"tags":[692,1015],"enet_tags":{"team":["8238","8520"],"sport_events":[3290375]},"yoast_head":"<!-- This site is optimized with the Yoast SEO plugin v18.3 - https:\/\/yoast.com\/wordpress\/plugins\/seo\/ -->\n<title>Virolog om landskamp: Aflys den!<\/title>\n<meta name=\"description\" content=\"Den svenske virolog, Bj\u00f6rn Olsen, anbefaler p\u00e5 det kraftigste, at onsdagens landskamp mellem Danmark og Sverige bliver aflyst\" \/>\n<meta name=\"robots\" content=\"index, follow, max-snippet:-1, max-image-preview:large, max-video-preview:-1\" \/>\n<link rel=\"canonical\" href=\"https:\/\/acefootball.com\/da\/fodboldnyheder\/virolog-om-landskamp-aflys-den\/\" \/>\n<meta property=\"og:locale\" content=\"en_US\" \/>\n<meta property=\"og:type\" content=\"article\" \/>\n<meta property=\"og:title\" content=\"Virolog om landskamp: Aflys den!\" \/>\n<meta property=\"og:description\" content=\"Den svenske virolog, Bj\u00f6rn Olsen, anbefaler p\u00e5 det kraftigste, at onsdagens landskamp mellem Danmark og Sverige bliver aflyst\" \/>\n<meta property=\"og:url\" content=\"https:\/\/acefootball.com\/da\/fodboldnyheder\/virolog-om-landskamp-aflys-den\/\" \/>\n<meta property=\"og:site_name\" content=\"Ace Football Danmark\" \/>\n<meta property=\"article:publisher\" content=\"https:\/\/www.facebook.com\/acefootballdk\" \/>\n<meta property=\"article:published_time\" content=\"2020-11-10T15:15:33+00:00\" \/>\n<meta property=\"article:modified_time\" content=\"2020-11-10T15:02:50+00:00\" \/>\n<meta property=\"og:image\" content=\"https:\/\/acefootball.com\/da\/wp-content\/uploads\/sites\/2\/2020\/11\/Ace-55.jpg\" \/>\n\t<meta property=\"og:image:width\" content=\"1920\" \/>\n\t<meta property=\"og:image:height\" content=\"1008\" \/>\n\t<meta property=\"og:image:type\" content=\"image\/jpeg\" \/>\n<meta name=\"twitter:card\" content=\"summary_large_image\" \/>\n<meta name=\"twitter:label1\" content=\"Written by\" \/>\n\t<meta name=\"twitter:data1\" content=\"Mads Dreyer\" \/>\n\t<meta name=\"twitter:label2\" content=\"Est. reading time\" \/>\n\t<meta name=\"twitter:data2\" content=\"1 minute\" \/>\n<script type=\"application\/ld+json\" class=\"yoast-schema-graph\">{\"@context\":\"https:\/\/schema.org\",\"@graph\":[{\"@type\":\"Organization\",\"@id\":\"https:\/\/acefootball.com\/da\/#organization\",\"name\":\"Ace Football\",\"url\":\"https:\/\/acefootball.com\/da\/\",\"sameAs\":[\"https:\/\/www.facebook.com\/acefootballdk\"],\"logo\":{\"@type\":\"ImageObject\",\"@id\":\"https:\/\/acefootball.com\/da\/#logo\",\"inLanguage\":\"en-US\",\"url\":\"https:\/\/acefootball.com\/da\/wp-content\/uploads\/sites\/2\/2020\/07\/Ace-Football-30-07-2020-2.png\",\"contentUrl\":\"https:\/\/acefootball.com\/da\/wp-content\/uploads\/sites\/2\/2020\/07\/Ace-Football-30-07-2020-2.png\",\"width\":1200,\"height\":600,\"caption\":\"Ace Football\"},\"image\":{\"@id\":\"https:\/\/acefootball.com\/da\/#logo\"}},{\"@type\":\"WebSite\",\"@id\":\"https:\/\/acefootball.com\/da\/#website\",\"url\":\"https:\/\/acefootball.com\/da\/\",\"name\":\"Ace Football Danmark\",\"description\":\"Nyheder, Spiltips &amp; Livescore\",\"publisher\":{\"@id\":\"https:\/\/acefootball.com\/da\/#organization\"},\"potentialAction\":[{\"@type\":\"SearchAction\",\"target\":{\"@type\":\"EntryPoint\",\"urlTemplate\":\"https:\/\/acefootball.com\/da\/?s={search_term_string}\"},\"query-input\":\"required name=search_term_string\"}],\"inLanguage\":\"en-US\"},{\"@type\":\"ImageObject\",\"@id\":\"https:\/\/acefootball.com\/da\/fodboldnyheder\/virolog-om-landskamp-aflys-den\/#primaryimage\",\"inLanguage\":\"en-US\",\"url\":\"https:\/\/acefootball.com\/da\/wp-content\/uploads\/sites\/2\/2020\/11\/Ace-55.jpg\",\"contentUrl\":\"https:\/\/acefootball.com\/da\/wp-content\/uploads\/sites\/2\/2020\/11\/Ace-55.jpg\",\"width\":1920,\"height\":1008},{\"@type\":\"WebPage\",\"@id\":\"https:\/\/acefootball.com\/da\/fodboldnyheder\/virolog-om-landskamp-aflys-den\/#webpage\",\"url\":\"https:\/\/acefootball.com\/da\/fodboldnyheder\/virolog-om-landskamp-aflys-den\/\",\"name\":\"Virolog om landskamp: Aflys den!\",\"isPartOf\":{\"@id\":\"https:\/\/acefootball.com\/da\/#website\"},\"primaryImageOfPage\":{\"@id\":\"https:\/\/acefootball.com\/da\/fodboldnyheder\/virolog-om-landskamp-aflys-den\/#primaryimage\"},\"datePublished\":\"2020-11-10T15:15:33+00:00\",\"dateModified\":\"2020-11-10T15:02:50+00:00\",\"description\":\"Den svenske virolog, Bj\u00f6rn Olsen, anbefaler p\u00e5 det kraftigste, at onsdagens landskamp mellem Danmark og Sverige bliver aflyst\",\"breadcrumb\":{\"@id\":\"https:\/\/acefootball.com\/da\/fodboldnyheder\/virolog-om-landskamp-aflys-den\/#breadcrumb\"},\"inLanguage\":\"en-US\",\"potentialAction\":[{\"@type\":\"ReadAction\",\"target\":[\"https:\/\/acefootball.com\/da\/fodboldnyheder\/virolog-om-landskamp-aflys-den\/\"]}]},{\"@type\":\"BreadcrumbList\",\"@id\":\"https:\/\/acefootball.com\/da\/fodboldnyheder\/virolog-om-landskamp-aflys-den\/#breadcrumb\",\"itemListElement\":[{\"@type\":\"ListItem\",\"position\":1,\"name\":\"Home\",\"item\":\"https:\/\/acefootball.com\/da\/\"},{\"@type\":\"ListItem\",\"position\":2,\"name\":\"Virolog om landskamp: Aflys den!\"}]},{\"@type\":\"Article\",\"@id\":\"https:\/\/acefootball.com\/da\/fodboldnyheder\/virolog-om-landskamp-aflys-den\/#article\",\"isPartOf\":{\"@id\":\"https:\/\/acefootball.com\/da\/fodboldnyheder\/virolog-om-landskamp-aflys-den\/#webpage\"},\"author\":{\"@id\":\"https:\/\/acefootball.com\/da\/#\/schema\/person\/ee67e9cf04a276f144100ffa722f10cd\"},\"headline\":\"Virolog om landskamp: Aflys den!\",\"datePublished\":\"2020-11-10T15:15:33+00:00\",\"dateModified\":\"2020-11-10T15:02:50+00:00\",\"mainEntityOfPage\":{\"@id\":\"https:\/\/acefootball.com\/da\/fodboldnyheder\/virolog-om-landskamp-aflys-den\/#webpage\"},\"wordCount\":272,\"commentCount\":0,\"publisher\":{\"@id\":\"https:\/\/acefootball.com\/da\/#organization\"},\"image\":{\"@id\":\"https:\/\/acefootball.com\/da\/fodboldnyheder\/virolog-om-landskamp-aflys-den\/#primaryimage\"},\"thumbnailUrl\":\"https:\/\/acefootball.com\/da\/wp-content\/uploads\/sites\/2\/2020\/08\/GettyImages-1148482231.jpg\",\"keywords\":[\"Danmark\",\"Sverige\"],\"articleSection\":[\"Udtalelse\"],\"inLanguage\":\"en-US\",\"potentialAction\":[{\"@type\":\"CommentAction\",\"name\":\"Comment\",\"target\":[\"https:\/\/acefootball.com\/da\/fodboldnyheder\/virolog-om-landskamp-aflys-den\/#respond\"]}]},{\"@type\":\"Person\",\"@id\":\"https:\/\/acefootball.com\/da\/#\/schema\/person\/ee67e9cf04a276f144100ffa722f10cd\",\"name\":\"Mads Dreyer\",\"image\":{\"@type\":\"ImageObject\",\"@id\":\"https:\/\/acefootball.com\/da\/#personlogo\",\"inLanguage\":\"en-US\",\"url\":\"https:\/\/secure.gravatar.com\/avatar\/7c7abf72cfde9902b6a60efe60c88d4c?s=96&d=mm&r=g\",\"contentUrl\":\"https:\/\/secure.gravatar.com\/avatar\/7c7abf72cfde9902b6a60efe60c88d4c?s=96&d=mm&r=g\",\"caption\":\"Mads Dreyer\"},\"description\":\"Skribent og fodboldn\u00f8rd, der lige nu fort\u00e6ller om alt og intet i fodboldverdenen p\u00e5 acefootball.com. Uddannet i kommunikation fra Aalborg Universitet.\",\"sameAs\":[\"https:\/\/www.linkedin.com\/in\/mads-dreyer-b9b08266\/\"],\"url\":\"https:\/\/acefootball.com\/da\/fodboldnyheder\/author\/mdnronaldo\/\"}]}<\/script>\n<!-- \/ Yoast SEO plugin. -->","yoast_head_json":{"title":"Virolog om landskamp: Aflys den!","description":"Den svenske virolog, Bj\u00f6rn Olsen, anbefaler p\u00e5 det kraftigste, at onsdagens landskamp mellem Danmark og Sverige bliver aflyst","robots":{"index":"index","follow":"follow","max-snippet":"max-snippet:-1","max-image-preview":"max-image-preview:large","max-video-preview":"max-video-preview:-1"},"canonical":"https:\/\/acefootball.com\/da\/fodboldnyheder\/virolog-om-landskamp-aflys-den\/","og_locale":"en_US","og_type":"article","og_title":"Virolog om landskamp: Aflys den!","og_description":"Den svenske virolog, Bj\u00f6rn Olsen, anbefaler p\u00e5 det kraftigste, at onsdagens landskamp mellem Danmark og Sverige bliver aflyst","og_url":"https:\/\/acefootball.com\/da\/fodboldnyheder\/virolog-om-landskamp-aflys-den\/","og_site_name":"Ace Football Danmark","article_publisher":"https:\/\/www.facebook.com\/acefootballdk","article_published_time":"2020-11-10T15:15:33+00:00","article_modified_time":"2020-11-10T15:02:50+00:00","og_image":[{"width":1920,"height":1008,"url":"https:\/\/acefootball.com\/da\/wp-content\/uploads\/sites\/2\/2020\/11\/Ace-55.jpg","type":"image\/jpeg"}],"twitter_card":"summary_large_image","twitter_misc":{"Written by":"Mads Dreyer","Est. reading time":"1 minute"},"schema":{"@context":"https:\/\/schema.org","@graph":[{"@type":"Organization","@id":"https:\/\/acefootball.com\/da\/#organization","name":"Ace Football","url":"https:\/\/acefootball.com\/da\/","sameAs":["https:\/\/www.facebook.com\/acefootballdk"],"logo":{"@type":"ImageObject","@id":"https:\/\/acefootball.com\/da\/#logo","inLanguage":"en-US","url":"https:\/\/acefootball.com\/da\/wp-content\/uploads\/sites\/2\/2020\/07\/Ace-Football-30-07-2020-2.png","contentUrl":"https:\/\/acefootball.com\/da\/wp-content\/uploads\/sites\/2\/2020\/07\/Ace-Football-30-07-2020-2.png","width":1200,"height":600,"caption":"Ace Football"},"image":{"@id":"https:\/\/acefootball.com\/da\/#logo"}},{"@type":"WebSite","@id":"https:\/\/acefootball.com\/da\/#website","url":"https:\/\/acefootball.com\/da\/","name":"Ace Football Danmark","description":"Nyheder, Spiltips &amp; Livescore","publisher":{"@id":"https:\/\/acefootball.com\/da\/#organization"},"potentialAction":[{"@type":"SearchAction","target":{"@type":"EntryPoint","urlTemplate":"https:\/\/acefootball.com\/da\/?s={search_term_string}"},"query-input":"required name=search_term_string"}],"inLanguage":"en-US"},{"@type":"ImageObject","@id":"https:\/\/acefootball.com\/da\/fodboldnyheder\/virolog-om-landskamp-aflys-den\/#primaryimage","inLanguage":"en-US","url":"https:\/\/acefootball.com\/da\/wp-content\/uploads\/sites\/2\/2020\/11\/Ace-55.jpg","contentUrl":"https:\/\/acefootball.com\/da\/wp-content\/uploads\/sites\/2\/2020\/11\/Ace-55.jpg","width":1920,"height":1008},{"@type":"WebPage","@id":"https:\/\/acefootball.com\/da\/fodboldnyheder\/virolog-om-landskamp-aflys-den\/#webpage","url":"https:\/\/acefootball.com\/da\/fodboldnyheder\/virolog-om-landskamp-aflys-den\/","name":"Virolog om landskamp: Aflys den!","isPartOf":{"@id":"https:\/\/acefootball.com\/da\/#website"},"primaryImageOfPage":{"@id":"https:\/\/acefootball.com\/da\/fodboldnyheder\/virolog-om-landskamp-aflys-den\/#primaryimage"},"datePublished":"2020-11-10T15:15:33+00:00","dateModified":"2020-11-10T15:02:50+00:00","description":"Den svenske virolog, Bj\u00f6rn Olsen, anbefaler p\u00e5 det kraftigste, at onsdagens landskamp mellem Danmark og Sverige bliver aflyst","breadcrumb":{"@id":"https:\/\/acefootball.com\/da\/fodboldnyheder\/virolog-om-landskamp-aflys-den\/#breadcrumb"},"inLanguage":"en-US","potentialAction":[{"@type":"ReadAction","target":["https:\/\/acefootball.com\/da\/fodboldnyheder\/virolog-om-landskamp-aflys-den\/"]}]},{"@type":"BreadcrumbList","@id":"https:\/\/acefootball.com\/da\/fodboldnyheder\/virolog-om-landskamp-aflys-den\/#breadcrumb","itemListElement":[{"@type":"ListItem","position":1,"name":"Home","item":"https:\/\/acefootball.com\/da\/"},{"@type":"ListItem","position":2,"name":"Virolog om landskamp: Aflys den!"}]},{"@type":"Article","@id":"https:\/\/acefootball.com\/da\/fodboldnyheder\/virolog-om-landskamp-aflys-den\/#article","isPartOf":{"@id":"https:\/\/acefootball.com\/da\/fodboldnyheder\/virolog-om-landskamp-aflys-den\/#webpage"},"author":{"@id":"https:\/\/acefootball.com\/da\/#\/schema\/person\/ee67e9cf04a276f144100ffa722f10cd"},"headline":"Virolog om landskamp: Aflys den!","datePublished":"2020-11-10T15:15:33+00:00","dateModified":"2020-11-10T15:02:50+00:00","mainEntityOfPage":{"@id":"https:\/\/acefootball.com\/da\/fodboldnyheder\/virolog-om-landskamp-aflys-den\/#webpage"},"wordCount":272,"commentCount":0,"publisher":{"@id":"https:\/\/acefootball.com\/da\/#organization"},"image":{"@id":"https:\/\/acefootball.com\/da\/fodboldnyheder\/virolog-om-landskamp-aflys-den\/#primaryimage"},"thumbnailUrl":"https:\/\/acefootball.com\/da\/wp-content\/uploads\/sites\/2\/2020\/08\/GettyImages-1148482231.jpg","keywords":["Danmark","Sverige"],"articleSection":["Udtalelse"],"inLanguage":"en-US","potentialAction":[{"@type":"CommentAction","name":"Comment","target":["https:\/\/acefootball.com\/da\/fodboldnyheder\/virolog-om-landskamp-aflys-den\/#respond"]}]},{"@type":"Person","@id":"https:\/\/acefootball.com\/da\/#\/schema\/person\/ee67e9cf04a276f144100ffa722f10cd","name":"Mads Dreyer","image":{"@type":"ImageObject","@id":"https:\/\/acefootball.com\/da\/#personlogo","inLanguage":"en-US","url":"https:\/\/secure.gravatar.com\/avatar\/7c7abf72cfde9902b6a60efe60c88d4c?s=96&d=mm&r=g","contentUrl":"https:\/\/secure.gravatar.com\/avatar\/7c7abf72cfde9902b6a60efe60c88d4c?s=96&d=mm&r=g","caption":"Mads Dreyer"},"description":"Skribent og fodboldn\u00f8rd, der lige nu fort\u00e6ller om alt og intet i fodboldverdenen p\u00e5 acefootball.com. Uddannet i kommunikation fra Aalborg Universitet.","sameAs":["https:\/\/www.linkedin.com\/in\/mads-dreyer-b9b08266\/"],"url":"https:\/\/acefootball.com\/da\/fodboldnyheder\/author\/mdnronaldo\/"}]}},"fimg_url":"https:\/\/acefootball.com\/da\/wp-content\/uploads\/sites\/2\/2020\/08\/GettyImages-1148482231.jpg","_links":{"self":[{"href":"https:\/\/acefootball.com\/da\/wp-json\/wp\/v2\/posts\/243037"}],"collection":[{"href":"https:\/\/acefootball.com\/da\/wp-json\/wp\/v2\/posts"}],"about":[{"href":"https:\/\/acefootball.com\/da\/wp-json\/wp\/v2\/types\/post"}],"author":[{"embeddable":true,"href":"https:\/\/acefootball.com\/da\/wp-json\/wp\/v2\/users\/705"}],"replies":[{"embeddable":true,"href":"https:\/\/acefootball.com\/da\/wp-json\/wp\/v2\/comments?post=243037"}],"version-history":[{"count":0,"href":"https:\/\/acefootball.com\/da\/wp-json\/wp\/v2\/posts\/243037\/revisions"}],"wp:featuredmedia":[{"embeddable":true,"href":"https:\/\/acefootball.com\/da\/wp-json\/wp\/v2\/media\/235714"}],"wp:attachment":[{"href":"https:\/\/acefootball.com\/da\/wp-json\/wp\/v2\/media?parent=243037"}],"wp:term":[{"taxonomy":"category","embeddable":true,"href":"https:\/\/acefootball.com\/da\/wp-json\/wp\/v2\/categories?post=243037"},{"taxonomy":"post_tag","embeddable":true,"href":"https:\/\/acefootball.com\/da\/wp-json\/wp\/v2\/tags?post=243037"}],"curies":[{"name":"wp","href":"https:\/\/api.w.org\/{rel}","templated":true}]}}