{"id":243018,"date":"2020-11-10T13:47:14","date_gmt":"2020-11-10T12:47:14","guid":{"rendered":"https:\/\/acefootball.com\/da\/?p=243018"},"modified":"2020-11-10T13:50:21","modified_gmt":"2020-11-10T12:50:21","slug":"officielt-broendby-duo-og-agf-bomber-udtaget-til-det-danske-landshold","status":"publish","type":"post","link":"https:\/\/acefootball.com\/da\/fodboldnyheder\/officielt-broendby-duo-og-agf-bomber-udtaget-til-det-danske-landshold\/","title":{"rendered":"Officielt: Br\u00f8ndby-duo og AGF-bomber udtaget til det danske landshold"},"content":{"rendered":"\n<h2 id=\"h-dbu-har-netop-bekr-ftet-at-blandt-andre-andreas-maxs-og-jesper-lindstr-m-er-udtaget-til-morgendagens-kamp-mod-sverige\">DBU har netop bekr\u00e6ftet, at blandt andre Andreas Maxs\u00f8 og Jesper Lindstr\u00f8m er udtaget til morgendagens kamp mod Sverige<\/h2>\n\n\n\n<div class=\"wp-block-si-widget wp-block-si-widget--center\"><si-lb-widget widget-id=\"MatchInfo\" width=\"440\" data-nopadding=\"true\" data-card=\"true\" data-event-id=\"3290375\" data-theme-appearance=\"dark\"><\/si-lb-widget><\/div>\n\n\n\n<p>Det danske landshold m\u00e5 undv\u00e6re en r\u00e6kke spillere, n\u00e5r de i morgen skal m\u00f8de Sverige i en venskabskamp forud for Nations League-opg\u00f8rene mod Island og Belgien.<\/p>\n\n\n\n<p>Seneste nyt er, at landstr\u00e6ner Kasper Hjulmand og otte spillere er blevet sat i karant\u00e6ne efter, at Robert Skov har indleveret en positiv corona-test.<\/p>\n\n\n\n<p>Derfor har man sat Ebbe Sand ind som tr\u00e6ner til morgendagens kamp, og nu har DBU ogs\u00e5 sat navn p\u00e5 de ny spillere, der tr\u00e6der ind i truppen.<\/p>\n\n\n\n<p>Der er tale om f\u00f8lgende:<br><br>Jakob Ahlmann (AaB)<br>Patrick Mortensen (AGF)<br>Andreas Maxs\u00f8 (Br\u00f8ndby IF)<br>Jesper Lindstr\u00f8m (Br\u00f8ndby IF)<br>Carlo Holse (Rosenborg BK)<br>Alexander Bah (S\u00f8nderjyskE)<br>Thomas Mikkelsen (Lyngby BK)<br><\/p>\n\n\n\n<figure class=\"wp-block-embed-twitter wp-block-embed is-type-rich is-provider-twitter\"><div class=\"wp-block-embed__wrapper\">\n<blockquote class=\"twitter-tweet\" data-width=\"550\" data-dnt=\"true\"><p lang=\"da\" dir=\"ltr\">Nye spillere udtaget til testkampen mod Sverige.<br><br>&#8211; Patrick Mortensen<br>&#8211; Andreas Maxs\u00f8<br>&#8211; Alexander Bah<br>&#8211; Carlo Holse<br>&#8211; Thomas Mikkelsen<br>&#8211; Jesper Lindstr\u00f8m<br>&#8211; Jakob Ahlmann<br><br>Bah m\u00f8der ind i lejren i dag. De \u00f8vrige spillere m\u00f8der ind i l\u00f8bet af onsdagen. <a href=\"https:\/\/t.co\/XHmfTqRLH3\">pic.twitter.com\/XHmfTqRLH3<\/a><\/p>&mdash; Fodboldlandsholdene \ud83c\udde9\ud83c\uddf0 (@dbulandshold) <a href=\"https:\/\/twitter.com\/dbulandshold\/status\/1326143843520163841?ref_src=twsrc%5Etfw\">November 10, 2020<\/a><\/blockquote><script async src=\"https:\/\/platform.twitter.com\/widgets.js\" charset=\"utf-8\"><\/script>\n<\/div><\/figure>\n","protected":false},"excerpt":{"rendered":"<p>DBU har netop bekr\u00e6ftet, at blandt andre Andreas Maxs\u00f8 og Jesper Lindstr\u00f8m er udtaget til morgendagens kamp mod Sverige<\/p>\n","protected":false},"author":74,"featured_media":235986,"comment_status":"open","ping_status":"closed","sticky":false,"template":"","format":"standard","meta":{"om_disable_all_campaigns":false,"push_articles_ronaldo":{"active":false,"canonical":0,"publish":false},"force_updates":null},"categories":[8327],"tags":[429,53,692,7164,2210],"enet_tags":{"player":["408570","958335","62329"],"team":["8595","8238"],"sport_events":[3290375]},"yoast_head":"<!-- This site is optimized with the Yoast SEO plugin v18.3 - https:\/\/yoast.com\/wordpress\/plugins\/seo\/ -->\n<title>Officielt: Br\u00f8ndby-duo og AGF-bomber udtaget til det danske landshold<\/title>\n<meta name=\"description\" content=\"DBU har netop bekr\u00e6ftet, at blandt andre Andreas Maxs\u00f8 og Jesper Lindstr\u00f8m er udtaget til morgendagens kamp mod Sverige\" \/>\n<meta name=\"robots\" content=\"index, follow, max-snippet:-1, max-image-preview:large, max-video-preview:-1\" \/>\n<link rel=\"canonical\" href=\"https:\/\/acefootball.com\/da\/fodboldnyheder\/officielt-broendby-duo-og-agf-bomber-udtaget-til-det-danske-landshold\/\" \/>\n<meta property=\"og:locale\" content=\"en_US\" \/>\n<meta property=\"og:type\" content=\"article\" \/>\n<meta property=\"og:title\" content=\"Officielt: Br\u00f8ndby-duo og AGF-bomber udtaget til det danske landshold\" \/>\n<meta property=\"og:description\" content=\"DBU har netop bekr\u00e6ftet, at blandt andre Andreas Maxs\u00f8 og Jesper Lindstr\u00f8m er udtaget til morgendagens kamp mod Sverige\" \/>\n<meta property=\"og:url\" content=\"https:\/\/acefootball.com\/da\/fodboldnyheder\/officielt-broendby-duo-og-agf-bomber-udtaget-til-det-danske-landshold\/\" \/>\n<meta property=\"og:site_name\" content=\"Ace Football Danmark\" \/>\n<meta property=\"article:publisher\" content=\"https:\/\/www.facebook.com\/acefootballdk\" \/>\n<meta property=\"article:published_time\" content=\"2020-11-10T12:47:14+00:00\" \/>\n<meta property=\"article:modified_time\" content=\"2020-11-10T12:50:21+00:00\" \/>\n<meta property=\"og:image\" content=\"https:\/\/acefootball.com\/da\/wp-content\/uploads\/sites\/2\/2020\/11\/Ace-35-1.jpg\" \/>\n\t<meta property=\"og:image:width\" content=\"1920\" \/>\n\t<meta property=\"og:image:height\" content=\"1008\" \/>\n\t<meta property=\"og:image:type\" content=\"image\/jpeg\" \/>\n<meta name=\"twitter:card\" content=\"summary_large_image\" \/>\n<meta name=\"twitter:label1\" content=\"Written by\" \/>\n\t<meta name=\"twitter:data1\" content=\"Patrick Hesselb\u00e6k\" \/>\n\t<meta name=\"twitter:label2\" content=\"Est. reading time\" \/>\n\t<meta name=\"twitter:data2\" content=\"1 minute\" \/>\n<script type=\"application\/ld+json\" class=\"yoast-schema-graph\">{\"@context\":\"https:\/\/schema.org\",\"@graph\":[{\"@type\":\"Organization\",\"@id\":\"https:\/\/acefootball.com\/da\/#organization\",\"name\":\"Ace Football\",\"url\":\"https:\/\/acefootball.com\/da\/\",\"sameAs\":[\"https:\/\/www.facebook.com\/acefootballdk\"],\"logo\":{\"@type\":\"ImageObject\",\"@id\":\"https:\/\/acefootball.com\/da\/#logo\",\"inLanguage\":\"en-US\",\"url\":\"https:\/\/acefootball.com\/da\/wp-content\/uploads\/sites\/2\/2020\/07\/Ace-Football-30-07-2020-2.png\",\"contentUrl\":\"https:\/\/acefootball.com\/da\/wp-content\/uploads\/sites\/2\/2020\/07\/Ace-Football-30-07-2020-2.png\",\"width\":1200,\"height\":600,\"caption\":\"Ace Football\"},\"image\":{\"@id\":\"https:\/\/acefootball.com\/da\/#logo\"}},{\"@type\":\"WebSite\",\"@id\":\"https:\/\/acefootball.com\/da\/#website\",\"url\":\"https:\/\/acefootball.com\/da\/\",\"name\":\"Ace Football Danmark\",\"description\":\"Nyheder, Spiltips &amp; Livescore\",\"publisher\":{\"@id\":\"https:\/\/acefootball.com\/da\/#organization\"},\"potentialAction\":[{\"@type\":\"SearchAction\",\"target\":{\"@type\":\"EntryPoint\",\"urlTemplate\":\"https:\/\/acefootball.com\/da\/?s={search_term_string}\"},\"query-input\":\"required name=search_term_string\"}],\"inLanguage\":\"en-US\"},{\"@type\":\"ImageObject\",\"@id\":\"https:\/\/acefootball.com\/da\/fodboldnyheder\/officielt-broendby-duo-og-agf-bomber-udtaget-til-det-danske-landshold\/#primaryimage\",\"inLanguage\":\"en-US\",\"url\":\"https:\/\/acefootball.com\/da\/wp-content\/uploads\/sites\/2\/2020\/11\/Ace-35-1.jpg\",\"contentUrl\":\"https:\/\/acefootball.com\/da\/wp-content\/uploads\/sites\/2\/2020\/11\/Ace-35-1.jpg\",\"width\":1920,\"height\":1008},{\"@type\":\"WebPage\",\"@id\":\"https:\/\/acefootball.com\/da\/fodboldnyheder\/officielt-broendby-duo-og-agf-bomber-udtaget-til-det-danske-landshold\/#webpage\",\"url\":\"https:\/\/acefootball.com\/da\/fodboldnyheder\/officielt-broendby-duo-og-agf-bomber-udtaget-til-det-danske-landshold\/\",\"name\":\"Officielt: Br\u00f8ndby-duo og AGF-bomber udtaget til det danske landshold\",\"isPartOf\":{\"@id\":\"https:\/\/acefootball.com\/da\/#website\"},\"primaryImageOfPage\":{\"@id\":\"https:\/\/acefootball.com\/da\/fodboldnyheder\/officielt-broendby-duo-og-agf-bomber-udtaget-til-det-danske-landshold\/#primaryimage\"},\"datePublished\":\"2020-11-10T12:47:14+00:00\",\"dateModified\":\"2020-11-10T12:50:21+00:00\",\"description\":\"DBU har netop bekr\u00e6ftet, at blandt andre Andreas Maxs\u00f8 og Jesper Lindstr\u00f8m er udtaget til morgendagens kamp mod Sverige\",\"breadcrumb\":{\"@id\":\"https:\/\/acefootball.com\/da\/fodboldnyheder\/officielt-broendby-duo-og-agf-bomber-udtaget-til-det-danske-landshold\/#breadcrumb\"},\"inLanguage\":\"en-US\",\"potentialAction\":[{\"@type\":\"ReadAction\",\"target\":[\"https:\/\/acefootball.com\/da\/fodboldnyheder\/officielt-broendby-duo-og-agf-bomber-udtaget-til-det-danske-landshold\/\"]}]},{\"@type\":\"BreadcrumbList\",\"@id\":\"https:\/\/acefootball.com\/da\/fodboldnyheder\/officielt-broendby-duo-og-agf-bomber-udtaget-til-det-danske-landshold\/#breadcrumb\",\"itemListElement\":[{\"@type\":\"ListItem\",\"position\":1,\"name\":\"Home\",\"item\":\"https:\/\/acefootball.com\/da\/\"},{\"@type\":\"ListItem\",\"position\":2,\"name\":\"Officielt: Br\u00f8ndby-duo og AGF-bomber udtaget til det danske landshold\"}]},{\"@type\":\"Article\",\"@id\":\"https:\/\/acefootball.com\/da\/fodboldnyheder\/officielt-broendby-duo-og-agf-bomber-udtaget-til-det-danske-landshold\/#article\",\"isPartOf\":{\"@id\":\"https:\/\/acefootball.com\/da\/fodboldnyheder\/officielt-broendby-duo-og-agf-bomber-udtaget-til-det-danske-landshold\/#webpage\"},\"author\":{\"@id\":\"https:\/\/acefootball.com\/da\/#\/schema\/person\/fd6223a1c033400b41da7853ddf88c84\"},\"headline\":\"Officielt: Br\u00f8ndby-duo og AGF-bomber udtaget til det danske landshold\",\"datePublished\":\"2020-11-10T12:47:14+00:00\",\"dateModified\":\"2020-11-10T12:50:21+00:00\",\"mainEntityOfPage\":{\"@id\":\"https:\/\/acefootball.com\/da\/fodboldnyheder\/officielt-broendby-duo-og-agf-bomber-udtaget-til-det-danske-landshold\/#webpage\"},\"wordCount\":158,\"commentCount\":0,\"publisher\":{\"@id\":\"https:\/\/acefootball.com\/da\/#organization\"},\"image\":{\"@id\":\"https:\/\/acefootball.com\/da\/fodboldnyheder\/officielt-broendby-duo-og-agf-bomber-udtaget-til-det-danske-landshold\/#primaryimage\"},\"thumbnailUrl\":\"https:\/\/acefootball.com\/da\/wp-content\/uploads\/sites\/2\/2020\/09\/GettyImages-1226007230.jpg\",\"keywords\":[\"Andreas Maxs\u00f8\",\"Br\u00f8ndby IF\",\"Danmark\",\"Jesper Lindstr\u00f8m\",\"Patrick Mortensen\"],\"articleSection\":[\"Topnyhed\"],\"inLanguage\":\"en-US\",\"potentialAction\":[{\"@type\":\"CommentAction\",\"name\":\"Comment\",\"target\":[\"https:\/\/acefootball.com\/da\/fodboldnyheder\/officielt-broendby-duo-og-agf-bomber-udtaget-til-det-danske-landshold\/#respond\"]}]},{\"@type\":\"Person\",\"@id\":\"https:\/\/acefootball.com\/da\/#\/schema\/person\/fd6223a1c033400b41da7853ddf88c84\",\"name\":\"Patrick Hesselb\u00e6k\",\"image\":{\"@type\":\"ImageObject\",\"@id\":\"https:\/\/acefootball.com\/da\/#personlogo\",\"inLanguage\":\"en-US\",\"url\":\"https:\/\/secure.gravatar.com\/avatar\/7919060992759bffbffb199d6cbdce6f?s=96&d=mm&r=g\",\"contentUrl\":\"https:\/\/secure.gravatar.com\/avatar\/7919060992759bffbffb199d6cbdce6f?s=96&d=mm&r=g\",\"caption\":\"Patrick Hesselb\u00e6k\"},\"description\":\"Redakt\u00f8r p\u00e5 den danske Ace Football-redaktion. Uddannet i kommunikation fra Aalborg Universitet. Prim\u00e6rt fokus p\u00e5 den danske 3F Superliga og de st\u00f8rste europ\u00e6iske turneringer.\",\"sameAs\":[\"https:\/\/www.linkedin.com\/in\/patrick-hesselbk-2a4b1711a\/\"],\"url\":\"https:\/\/acefootball.com\/da\/fodboldnyheder\/author\/patrickhesselbaek\/\"}]}<\/script>\n<!-- \/ Yoast SEO plugin. -->","yoast_head_json":{"title":"Officielt: Br\u00f8ndby-duo og AGF-bomber udtaget til det danske landshold","description":"DBU har netop bekr\u00e6ftet, at blandt andre Andreas Maxs\u00f8 og Jesper Lindstr\u00f8m er udtaget til morgendagens kamp mod Sverige","robots":{"index":"index","follow":"follow","max-snippet":"max-snippet:-1","max-image-preview":"max-image-preview:large","max-video-preview":"max-video-preview:-1"},"canonical":"https:\/\/acefootball.com\/da\/fodboldnyheder\/officielt-broendby-duo-og-agf-bomber-udtaget-til-det-danske-landshold\/","og_locale":"en_US","og_type":"article","og_title":"Officielt: Br\u00f8ndby-duo og AGF-bomber udtaget til det danske landshold","og_description":"DBU har netop bekr\u00e6ftet, at blandt andre Andreas Maxs\u00f8 og Jesper Lindstr\u00f8m er udtaget til morgendagens kamp mod Sverige","og_url":"https:\/\/acefootball.com\/da\/fodboldnyheder\/officielt-broendby-duo-og-agf-bomber-udtaget-til-det-danske-landshold\/","og_site_name":"Ace Football Danmark","article_publisher":"https:\/\/www.facebook.com\/acefootballdk","article_published_time":"2020-11-10T12:47:14+00:00","article_modified_time":"2020-11-10T12:50:21+00:00","og_image":[{"width":1920,"height":1008,"url":"https:\/\/acefootball.com\/da\/wp-content\/uploads\/sites\/2\/2020\/11\/Ace-35-1.jpg","type":"image\/jpeg"}],"twitter_card":"summary_large_image","twitter_misc":{"Written by":"Patrick Hesselb\u00e6k","Est. reading time":"1 minute"},"schema":{"@context":"https:\/\/schema.org","@graph":[{"@type":"Organization","@id":"https:\/\/acefootball.com\/da\/#organization","name":"Ace Football","url":"https:\/\/acefootball.com\/da\/","sameAs":["https:\/\/www.facebook.com\/acefootballdk"],"logo":{"@type":"ImageObject","@id":"https:\/\/acefootball.com\/da\/#logo","inLanguage":"en-US","url":"https:\/\/acefootball.com\/da\/wp-content\/uploads\/sites\/2\/2020\/07\/Ace-Football-30-07-2020-2.png","contentUrl":"https:\/\/acefootball.com\/da\/wp-content\/uploads\/sites\/2\/2020\/07\/Ace-Football-30-07-2020-2.png","width":1200,"height":600,"caption":"Ace Football"},"image":{"@id":"https:\/\/acefootball.com\/da\/#logo"}},{"@type":"WebSite","@id":"https:\/\/acefootball.com\/da\/#website","url":"https:\/\/acefootball.com\/da\/","name":"Ace Football Danmark","description":"Nyheder, Spiltips &amp; Livescore","publisher":{"@id":"https:\/\/acefootball.com\/da\/#organization"},"potentialAction":[{"@type":"SearchAction","target":{"@type":"EntryPoint","urlTemplate":"https:\/\/acefootball.com\/da\/?s={search_term_string}"},"query-input":"required name=search_term_string"}],"inLanguage":"en-US"},{"@type":"ImageObject","@id":"https:\/\/acefootball.com\/da\/fodboldnyheder\/officielt-broendby-duo-og-agf-bomber-udtaget-til-det-danske-landshold\/#primaryimage","inLanguage":"en-US","url":"https:\/\/acefootball.com\/da\/wp-content\/uploads\/sites\/2\/2020\/11\/Ace-35-1.jpg","contentUrl":"https:\/\/acefootball.com\/da\/wp-content\/uploads\/sites\/2\/2020\/11\/Ace-35-1.jpg","width":1920,"height":1008},{"@type":"WebPage","@id":"https:\/\/acefootball.com\/da\/fodboldnyheder\/officielt-broendby-duo-og-agf-bomber-udtaget-til-det-danske-landshold\/#webpage","url":"https:\/\/acefootball.com\/da\/fodboldnyheder\/officielt-broendby-duo-og-agf-bomber-udtaget-til-det-danske-landshold\/","name":"Officielt: Br\u00f8ndby-duo og AGF-bomber udtaget til det danske landshold","isPartOf":{"@id":"https:\/\/acefootball.com\/da\/#website"},"primaryImageOfPage":{"@id":"https:\/\/acefootball.com\/da\/fodboldnyheder\/officielt-broendby-duo-og-agf-bomber-udtaget-til-det-danske-landshold\/#primaryimage"},"datePublished":"2020-11-10T12:47:14+00:00","dateModified":"2020-11-10T12:50:21+00:00","description":"DBU har netop bekr\u00e6ftet, at blandt andre Andreas Maxs\u00f8 og Jesper Lindstr\u00f8m er udtaget til morgendagens kamp mod Sverige","breadcrumb":{"@id":"https:\/\/acefootball.com\/da\/fodboldnyheder\/officielt-broendby-duo-og-agf-bomber-udtaget-til-det-danske-landshold\/#breadcrumb"},"inLanguage":"en-US","potentialAction":[{"@type":"ReadAction","target":["https:\/\/acefootball.com\/da\/fodboldnyheder\/officielt-broendby-duo-og-agf-bomber-udtaget-til-det-danske-landshold\/"]}]},{"@type":"BreadcrumbList","@id":"https:\/\/acefootball.com\/da\/fodboldnyheder\/officielt-broendby-duo-og-agf-bomber-udtaget-til-det-danske-landshold\/#breadcrumb","itemListElement":[{"@type":"ListItem","position":1,"name":"Home","item":"https:\/\/acefootball.com\/da\/"},{"@type":"ListItem","position":2,"name":"Officielt: Br\u00f8ndby-duo og AGF-bomber udtaget til det danske landshold"}]},{"@type":"Article","@id":"https:\/\/acefootball.com\/da\/fodboldnyheder\/officielt-broendby-duo-og-agf-bomber-udtaget-til-det-danske-landshold\/#article","isPartOf":{"@id":"https:\/\/acefootball.com\/da\/fodboldnyheder\/officielt-broendby-duo-og-agf-bomber-udtaget-til-det-danske-landshold\/#webpage"},"author":{"@id":"https:\/\/acefootball.com\/da\/#\/schema\/person\/fd6223a1c033400b41da7853ddf88c84"},"headline":"Officielt: Br\u00f8ndby-duo og AGF-bomber udtaget til det danske landshold","datePublished":"2020-11-10T12:47:14+00:00","dateModified":"2020-11-10T12:50:21+00:00","mainEntityOfPage":{"@id":"https:\/\/acefootball.com\/da\/fodboldnyheder\/officielt-broendby-duo-og-agf-bomber-udtaget-til-det-danske-landshold\/#webpage"},"wordCount":158,"commentCount":0,"publisher":{"@id":"https:\/\/acefootball.com\/da\/#organization"},"image":{"@id":"https:\/\/acefootball.com\/da\/fodboldnyheder\/officielt-broendby-duo-og-agf-bomber-udtaget-til-det-danske-landshold\/#primaryimage"},"thumbnailUrl":"https:\/\/acefootball.com\/da\/wp-content\/uploads\/sites\/2\/2020\/09\/GettyImages-1226007230.jpg","keywords":["Andreas Maxs\u00f8","Br\u00f8ndby IF","Danmark","Jesper Lindstr\u00f8m","Patrick Mortensen"],"articleSection":["Topnyhed"],"inLanguage":"en-US","potentialAction":[{"@type":"CommentAction","name":"Comment","target":["https:\/\/acefootball.com\/da\/fodboldnyheder\/officielt-broendby-duo-og-agf-bomber-udtaget-til-det-danske-landshold\/#respond"]}]},{"@type":"Person","@id":"https:\/\/acefootball.com\/da\/#\/schema\/person\/fd6223a1c033400b41da7853ddf88c84","name":"Patrick Hesselb\u00e6k","image":{"@type":"ImageObject","@id":"https:\/\/acefootball.com\/da\/#personlogo","inLanguage":"en-US","url":"https:\/\/secure.gravatar.com\/avatar\/7919060992759bffbffb199d6cbdce6f?s=96&d=mm&r=g","contentUrl":"https:\/\/secure.gravatar.com\/avatar\/7919060992759bffbffb199d6cbdce6f?s=96&d=mm&r=g","caption":"Patrick Hesselb\u00e6k"},"description":"Redakt\u00f8r p\u00e5 den danske Ace Football-redaktion. Uddannet i kommunikation fra Aalborg Universitet. Prim\u00e6rt fokus p\u00e5 den danske 3F Superliga og de st\u00f8rste europ\u00e6iske turneringer.","sameAs":["https:\/\/www.linkedin.com\/in\/patrick-hesselbk-2a4b1711a\/"],"url":"https:\/\/acefootball.com\/da\/fodboldnyheder\/author\/patrickhesselbaek\/"}]}},"fimg_url":"https:\/\/acefootball.com\/da\/wp-content\/uploads\/sites\/2\/2020\/09\/GettyImages-1226007230.jpg","_links":{"self":[{"href":"https:\/\/acefootball.com\/da\/wp-json\/wp\/v2\/posts\/243018"}],"collection":[{"href":"https:\/\/acefootball.com\/da\/wp-json\/wp\/v2\/posts"}],"about":[{"href":"https:\/\/acefootball.com\/da\/wp-json\/wp\/v2\/types\/post"}],"author":[{"embeddable":true,"href":"https:\/\/acefootball.com\/da\/wp-json\/wp\/v2\/users\/74"}],"replies":[{"embeddable":true,"href":"https:\/\/acefootball.com\/da\/wp-json\/wp\/v2\/comments?post=243018"}],"version-history":[{"count":0,"href":"https:\/\/acefootball.com\/da\/wp-json\/wp\/v2\/posts\/243018\/revisions"}],"wp:featuredmedia":[{"embeddable":true,"href":"https:\/\/acefootball.com\/da\/wp-json\/wp\/v2\/media\/235986"}],"wp:attachment":[{"href":"https:\/\/acefootball.com\/da\/wp-json\/wp\/v2\/media?parent=243018"}],"wp:term":[{"taxonomy":"category","embeddable":true,"href":"https:\/\/acefootball.com\/da\/wp-json\/wp\/v2\/categories?post=243018"},{"taxonomy":"post_tag","embeddable":true,"href":"https:\/\/acefootball.com\/da\/wp-json\/wp\/v2\/tags?post=243018"}],"curies":[{"name":"wp","href":"https:\/\/api.w.org\/{rel}","templated":true}]}}