{"id":243015,"date":"2020-11-10T12:36:29","date_gmt":"2020-11-10T11:36:29","guid":{"rendered":"https:\/\/acefootball.com\/da\/?p=243015"},"modified":"2020-11-10T12:50:15","modified_gmt":"2020-11-10T11:50:15","slug":"21-afbud-til-sverige-kamp-saadan-kan-danmark-stille-op-i-morgen","status":"publish","type":"post","link":"https:\/\/acefootball.com\/da\/fodboldnyheder\/21-afbud-til-sverige-kamp-saadan-kan-danmark-stille-op-i-morgen\/","title":{"rendered":"21 afbud til Sverige-kamp: S\u00e5dan kan Danmark stille op i morgen"},"content":{"rendered":"\n<h2 id=\"h-danmark-mangler-21-spillere-mod-sverige-onsdag-grundet-manglende-rejsetilladelse-coronasmitte-eller-isolation-se-her-hvordan-danmark-alligevel-kan-stille-op\">Danmark mangler 21 spillere mod Sverige onsdag grundet manglende rejsetilladelse, coronasmitte eller isolation. Se her hvordan Danmark alligevel kan stille op<\/h2>\n\n\n\n<div class=\"wp-block-si-widget wp-block-si-widget--center\"><si-lb-widget widget-id=\"MatchInfo\" width=\"440\" data-nopadding=\"true\" data-card=\"true\" data-event-id=\"3290375\" data-theme-appearance=\"dark\"><\/si-lb-widget><\/div>\n\n\n\n<p><em>*Opdatering: Kasper Dolberg er ligeledes blevet sendt i isolation efter artiklens udgivelse.<\/em><\/p>\n\n\n\n<p>Tidligere tirsdag kunne DBU melde ud, at Robert Skov og en behandler var blevet testet positive med Covid-19, og i samme omb\u00e6ring var yderligere otte spillere samt Kasper Hjulmand, Morten Wieghorst og flere fra staben, sendt i isolation.<\/p>\n\n\n\n<figure class=\"wp-block-embed-wordpress wp-block-embed is-type-wp-embed is-provider-ace-football-danmark\"><div class=\"wp-block-embed__wrapper\">\n<blockquote class=\"wp-embedded-content\" data-secret=\"vop545a2Xv\"><a href=\"https:\/\/acefootball.com\/da\/fodboldnyheder\/av-hjulmand-og-yderligere-otte-spillere-misser-sverige-kampen\/\">Av: Hjulmand og yderligere otte spillere misser Sverige-kampen<\/a><\/blockquote><iframe class=\"wp-embedded-content\" sandbox=\"allow-scripts\" security=\"restricted\" style=\"position: absolute; clip: rect(1px, 1px, 1px, 1px);\" title=\"&#8220;Av: Hjulmand og yderligere otte spillere misser Sverige-kampen&#8221; &#8212; Ace Football Danmark\" src=\"https:\/\/acefootball.com\/da\/fodboldnyheder\/av-hjulmand-og-yderligere-otte-spillere-misser-sverige-kampen\/embed\/#?secret=vop545a2Xv\" data-secret=\"vop545a2Xv\" width=\"600\" height=\"338\" frameborder=\"0\" marginwidth=\"0\" marginheight=\"0\" scrolling=\"no\"><\/iframe>\n<\/div><\/figure>\n\n\n\n<p>Der vil derfor blive efterudtaget flere spillere til landsholdet, der dermed ender med at blive et ret decimeret et af slagsen.<\/p>\n\n\n\n<p>Men hvilke spillere er p\u00e5 nuv\u00e6rende tidspunkt meldt klar til kampen, og hvilken startellever kan Kasper Hjulmand egentlig m\u00f8nstre?<\/p>\n\n\n\n<p>Se vores bud p\u00e5 en dansk opstilling til kampen mod Sverige her:<\/p>\n\n\n\n<figure class=\"wp-block-image size-large\"><img loading=\"lazy\" width=\"731\" height=\"1024\" src=\"https:\/\/acefootball.com\/da\/wp-content\/uploads\/sites\/2\/2020\/11\/formation_10_11_2020-11_48_54-731x1024.png\" alt=\"\" class=\"wp-image-243016\" srcset=\"https:\/\/acefootball.com\/da\/wp-content\/uploads\/sites\/2\/2020\/11\/formation_10_11_2020-11_48_54-731x1024.png 731w, https:\/\/acefootball.com\/da\/wp-content\/uploads\/sites\/2\/2020\/11\/formation_10_11_2020-11_48_54-214x300.png 214w, https:\/\/acefootball.com\/da\/wp-content\/uploads\/sites\/2\/2020\/11\/formation_10_11_2020-11_48_54-768x1075.png 768w, https:\/\/acefootball.com\/da\/wp-content\/uploads\/sites\/2\/2020\/11\/formation_10_11_2020-11_48_54.png 1000w\" sizes=\"(max-width: 731px) 100vw, 731px\" \/><\/figure>\n\n\n\n<p>P\u00e5 nuv\u00e6rende tidspunkt er f\u00f8lgende spillere klar til kampen mod Sverige:<\/p>\n\n\n\n<ul><li>Jesper Hansen<\/li><li>Oliver Christensen<\/li><li>Jens Stryger Larsen<\/li><li>Joakim M\u00e6hle<\/li><li>Mathias Zanka J\u00f8rgensen<\/li><li>Simon Kj\u00e6r<\/li><li>Victor Nelsson<\/li><li>Christian Eriksen<\/li><li>Daniel Wass<\/li><li>Jens J\u00f8nsson<\/li><li>Mikkel Damsgaard<\/li><li>Oliver Abildgaard<\/li><li>Thomas Delaney<\/li><li>Jonas Wind<\/li><li>Lucas Andersen<\/li><\/ul>\n","protected":false},"excerpt":{"rendered":"<p>Danmark mangler 21 spillere mod Sverige onsdag, grundet manglende rejsetilladelse, coronasmitte eller isolation. Se her hvordan Danmark alligevel kan stille op<\/p>\n","protected":false},"author":43,"featured_media":243019,"comment_status":"open","ping_status":"closed","sticky":false,"template":"","format":"standard","meta":{"om_disable_all_campaigns":false,"push_articles_ronaldo":{"active":false,"canonical":0,"publish":false},"force_updates":null},"categories":[1],"tags":[692],"enet_tags":{"team":["8238"],"sport_events":[3290375]},"yoast_head":"<!-- This site is optimized with the Yoast SEO plugin v18.3 - https:\/\/yoast.com\/wordpress\/plugins\/seo\/ -->\n<title>21 afbud til Sverige-kamp: S\u00e5dan kan Danmark stille op i morgen<\/title>\n<meta name=\"description\" content=\"Danmark mangler 21 spillere mod Sverige onsdag, grundet manglende rejsetilladelse, coronasmitte eller isolation. Se her hvordan Danmark alligevel kan stille op\" \/>\n<meta name=\"robots\" content=\"index, follow, max-snippet:-1, max-image-preview:large, max-video-preview:-1\" \/>\n<link rel=\"canonical\" href=\"https:\/\/acefootball.com\/da\/fodboldnyheder\/21-afbud-til-sverige-kamp-saadan-kan-danmark-stille-op-i-morgen\/\" \/>\n<meta property=\"og:locale\" content=\"en_US\" \/>\n<meta property=\"og:type\" content=\"article\" \/>\n<meta property=\"og:title\" content=\"21 afbud til Sverige-kamp: S\u00e5dan kan Danmark stille op i morgen\" \/>\n<meta property=\"og:description\" content=\"Danmark mangler 21 spillere mod Sverige onsdag, grundet manglende rejsetilladelse, coronasmitte eller isolation. Se her hvordan Danmark alligevel kan stille op\" \/>\n<meta property=\"og:url\" content=\"https:\/\/acefootball.com\/da\/fodboldnyheder\/21-afbud-til-sverige-kamp-saadan-kan-danmark-stille-op-i-morgen\/\" \/>\n<meta property=\"og:site_name\" content=\"Ace Football Danmark\" \/>\n<meta property=\"article:publisher\" content=\"https:\/\/www.facebook.com\/acefootballdk\" \/>\n<meta property=\"article:published_time\" content=\"2020-11-10T11:36:29+00:00\" \/>\n<meta property=\"article:modified_time\" content=\"2020-11-10T11:50:15+00:00\" \/>\n<meta property=\"og:image\" content=\"https:\/\/acefootball.com\/da\/wp-content\/uploads\/sites\/2\/2020\/11\/Ace-20-2.jpg\" \/>\n\t<meta property=\"og:image:width\" content=\"1920\" \/>\n\t<meta property=\"og:image:height\" content=\"1008\" \/>\n\t<meta property=\"og:image:type\" content=\"image\/jpeg\" \/>\n<meta name=\"twitter:card\" content=\"summary_large_image\" \/>\n<meta name=\"twitter:label1\" content=\"Written by\" \/>\n\t<meta name=\"twitter:data1\" content=\"Mikki M\u00f8ller-Iversen\" \/>\n\t<meta name=\"twitter:label2\" content=\"Est. reading time\" \/>\n\t<meta name=\"twitter:data2\" content=\"1 minute\" \/>\n<script type=\"application\/ld+json\" class=\"yoast-schema-graph\">{\"@context\":\"https:\/\/schema.org\",\"@graph\":[{\"@type\":\"Organization\",\"@id\":\"https:\/\/acefootball.com\/da\/#organization\",\"name\":\"Ace Football\",\"url\":\"https:\/\/acefootball.com\/da\/\",\"sameAs\":[\"https:\/\/www.facebook.com\/acefootballdk\"],\"logo\":{\"@type\":\"ImageObject\",\"@id\":\"https:\/\/acefootball.com\/da\/#logo\",\"inLanguage\":\"en-US\",\"url\":\"https:\/\/acefootball.com\/da\/wp-content\/uploads\/sites\/2\/2020\/07\/Ace-Football-30-07-2020-2.png\",\"contentUrl\":\"https:\/\/acefootball.com\/da\/wp-content\/uploads\/sites\/2\/2020\/07\/Ace-Football-30-07-2020-2.png\",\"width\":1200,\"height\":600,\"caption\":\"Ace Football\"},\"image\":{\"@id\":\"https:\/\/acefootball.com\/da\/#logo\"}},{\"@type\":\"WebSite\",\"@id\":\"https:\/\/acefootball.com\/da\/#website\",\"url\":\"https:\/\/acefootball.com\/da\/\",\"name\":\"Ace Football Danmark\",\"description\":\"Nyheder, Spiltips &amp; Livescore\",\"publisher\":{\"@id\":\"https:\/\/acefootball.com\/da\/#organization\"},\"potentialAction\":[{\"@type\":\"SearchAction\",\"target\":{\"@type\":\"EntryPoint\",\"urlTemplate\":\"https:\/\/acefootball.com\/da\/?s={search_term_string}\"},\"query-input\":\"required name=search_term_string\"}],\"inLanguage\":\"en-US\"},{\"@type\":\"ImageObject\",\"@id\":\"https:\/\/acefootball.com\/da\/fodboldnyheder\/21-afbud-til-sverige-kamp-saadan-kan-danmark-stille-op-i-morgen\/#primaryimage\",\"inLanguage\":\"en-US\",\"url\":\"https:\/\/acefootball.com\/da\/wp-content\/uploads\/sites\/2\/2020\/11\/Ace-20-2.jpg\",\"contentUrl\":\"https:\/\/acefootball.com\/da\/wp-content\/uploads\/sites\/2\/2020\/11\/Ace-20-2.jpg\",\"width\":1920,\"height\":1008},{\"@type\":\"WebPage\",\"@id\":\"https:\/\/acefootball.com\/da\/fodboldnyheder\/21-afbud-til-sverige-kamp-saadan-kan-danmark-stille-op-i-morgen\/#webpage\",\"url\":\"https:\/\/acefootball.com\/da\/fodboldnyheder\/21-afbud-til-sverige-kamp-saadan-kan-danmark-stille-op-i-morgen\/\",\"name\":\"21 afbud til Sverige-kamp: S\u00e5dan kan Danmark stille op i morgen\",\"isPartOf\":{\"@id\":\"https:\/\/acefootball.com\/da\/#website\"},\"primaryImageOfPage\":{\"@id\":\"https:\/\/acefootball.com\/da\/fodboldnyheder\/21-afbud-til-sverige-kamp-saadan-kan-danmark-stille-op-i-morgen\/#primaryimage\"},\"datePublished\":\"2020-11-10T11:36:29+00:00\",\"dateModified\":\"2020-11-10T11:50:15+00:00\",\"description\":\"Danmark mangler 21 spillere mod Sverige onsdag, grundet manglende rejsetilladelse, coronasmitte eller isolation. Se her hvordan Danmark alligevel kan stille op\",\"breadcrumb\":{\"@id\":\"https:\/\/acefootball.com\/da\/fodboldnyheder\/21-afbud-til-sverige-kamp-saadan-kan-danmark-stille-op-i-morgen\/#breadcrumb\"},\"inLanguage\":\"en-US\",\"potentialAction\":[{\"@type\":\"ReadAction\",\"target\":[\"https:\/\/acefootball.com\/da\/fodboldnyheder\/21-afbud-til-sverige-kamp-saadan-kan-danmark-stille-op-i-morgen\/\"]}]},{\"@type\":\"BreadcrumbList\",\"@id\":\"https:\/\/acefootball.com\/da\/fodboldnyheder\/21-afbud-til-sverige-kamp-saadan-kan-danmark-stille-op-i-morgen\/#breadcrumb\",\"itemListElement\":[{\"@type\":\"ListItem\",\"position\":1,\"name\":\"Home\",\"item\":\"https:\/\/acefootball.com\/da\/\"},{\"@type\":\"ListItem\",\"position\":2,\"name\":\"21 afbud til Sverige-kamp: S\u00e5dan kan Danmark stille op i morgen\"}]},{\"@type\":\"Article\",\"@id\":\"https:\/\/acefootball.com\/da\/fodboldnyheder\/21-afbud-til-sverige-kamp-saadan-kan-danmark-stille-op-i-morgen\/#article\",\"isPartOf\":{\"@id\":\"https:\/\/acefootball.com\/da\/fodboldnyheder\/21-afbud-til-sverige-kamp-saadan-kan-danmark-stille-op-i-morgen\/#webpage\"},\"author\":{\"@id\":\"https:\/\/acefootball.com\/da\/#\/schema\/person\/017c0abe4a8e92938220bf6c097dda93\"},\"headline\":\"21 afbud til Sverige-kamp: S\u00e5dan kan Danmark stille op i morgen\",\"datePublished\":\"2020-11-10T11:36:29+00:00\",\"dateModified\":\"2020-11-10T11:50:15+00:00\",\"mainEntityOfPage\":{\"@id\":\"https:\/\/acefootball.com\/da\/fodboldnyheder\/21-afbud-til-sverige-kamp-saadan-kan-danmark-stille-op-i-morgen\/#webpage\"},\"wordCount\":177,\"commentCount\":0,\"publisher\":{\"@id\":\"https:\/\/acefootball.com\/da\/#organization\"},\"image\":{\"@id\":\"https:\/\/acefootball.com\/da\/fodboldnyheder\/21-afbud-til-sverige-kamp-saadan-kan-danmark-stille-op-i-morgen\/#primaryimage\"},\"thumbnailUrl\":\"https:\/\/acefootball.com\/da\/wp-content\/uploads\/sites\/2\/2020\/11\/GettyImages-1228942612-1.jpg\",\"keywords\":[\"Danmark\"],\"articleSection\":[\"Nyhed\"],\"inLanguage\":\"en-US\",\"potentialAction\":[{\"@type\":\"CommentAction\",\"name\":\"Comment\",\"target\":[\"https:\/\/acefootball.com\/da\/fodboldnyheder\/21-afbud-til-sverige-kamp-saadan-kan-danmark-stille-op-i-morgen\/#respond\"]}]},{\"@type\":\"Person\",\"@id\":\"https:\/\/acefootball.com\/da\/#\/schema\/person\/017c0abe4a8e92938220bf6c097dda93\",\"name\":\"Mikki M\u00f8ller-Iversen\",\"image\":{\"@type\":\"ImageObject\",\"@id\":\"https:\/\/acefootball.com\/da\/#personlogo\",\"inLanguage\":\"en-US\",\"url\":\"https:\/\/secure.gravatar.com\/avatar\/e05b419e8b5ae5fcf516800181b96aa2?s=96&d=mm&r=g\",\"contentUrl\":\"https:\/\/secure.gravatar.com\/avatar\/e05b419e8b5ae5fcf516800181b96aa2?s=96&d=mm&r=g\",\"caption\":\"Mikki M\u00f8ller-Iversen\"},\"description\":\"Social Media Manager and writer at Ace Football. Main focus on Danish football and special stories.\",\"sameAs\":[\"https:\/\/www.linkedin.com\/in\/mikki-mller-iversen-26a3a689\/\"],\"url\":\"https:\/\/acefootball.com\/da\/fodboldnyheder\/author\/mmironaldo\/\"}]}<\/script>\n<!-- \/ Yoast SEO plugin. -->","yoast_head_json":{"title":"21 afbud til Sverige-kamp: S\u00e5dan kan Danmark stille op i morgen","description":"Danmark mangler 21 spillere mod Sverige onsdag, grundet manglende rejsetilladelse, coronasmitte eller isolation. Se her hvordan Danmark alligevel kan stille op","robots":{"index":"index","follow":"follow","max-snippet":"max-snippet:-1","max-image-preview":"max-image-preview:large","max-video-preview":"max-video-preview:-1"},"canonical":"https:\/\/acefootball.com\/da\/fodboldnyheder\/21-afbud-til-sverige-kamp-saadan-kan-danmark-stille-op-i-morgen\/","og_locale":"en_US","og_type":"article","og_title":"21 afbud til Sverige-kamp: S\u00e5dan kan Danmark stille op i morgen","og_description":"Danmark mangler 21 spillere mod Sverige onsdag, grundet manglende rejsetilladelse, coronasmitte eller isolation. Se her hvordan Danmark alligevel kan stille op","og_url":"https:\/\/acefootball.com\/da\/fodboldnyheder\/21-afbud-til-sverige-kamp-saadan-kan-danmark-stille-op-i-morgen\/","og_site_name":"Ace Football Danmark","article_publisher":"https:\/\/www.facebook.com\/acefootballdk","article_published_time":"2020-11-10T11:36:29+00:00","article_modified_time":"2020-11-10T11:50:15+00:00","og_image":[{"width":1920,"height":1008,"url":"https:\/\/acefootball.com\/da\/wp-content\/uploads\/sites\/2\/2020\/11\/Ace-20-2.jpg","type":"image\/jpeg"}],"twitter_card":"summary_large_image","twitter_misc":{"Written by":"Mikki M\u00f8ller-Iversen","Est. reading time":"1 minute"},"schema":{"@context":"https:\/\/schema.org","@graph":[{"@type":"Organization","@id":"https:\/\/acefootball.com\/da\/#organization","name":"Ace Football","url":"https:\/\/acefootball.com\/da\/","sameAs":["https:\/\/www.facebook.com\/acefootballdk"],"logo":{"@type":"ImageObject","@id":"https:\/\/acefootball.com\/da\/#logo","inLanguage":"en-US","url":"https:\/\/acefootball.com\/da\/wp-content\/uploads\/sites\/2\/2020\/07\/Ace-Football-30-07-2020-2.png","contentUrl":"https:\/\/acefootball.com\/da\/wp-content\/uploads\/sites\/2\/2020\/07\/Ace-Football-30-07-2020-2.png","width":1200,"height":600,"caption":"Ace Football"},"image":{"@id":"https:\/\/acefootball.com\/da\/#logo"}},{"@type":"WebSite","@id":"https:\/\/acefootball.com\/da\/#website","url":"https:\/\/acefootball.com\/da\/","name":"Ace Football Danmark","description":"Nyheder, Spiltips &amp; Livescore","publisher":{"@id":"https:\/\/acefootball.com\/da\/#organization"},"potentialAction":[{"@type":"SearchAction","target":{"@type":"EntryPoint","urlTemplate":"https:\/\/acefootball.com\/da\/?s={search_term_string}"},"query-input":"required name=search_term_string"}],"inLanguage":"en-US"},{"@type":"ImageObject","@id":"https:\/\/acefootball.com\/da\/fodboldnyheder\/21-afbud-til-sverige-kamp-saadan-kan-danmark-stille-op-i-morgen\/#primaryimage","inLanguage":"en-US","url":"https:\/\/acefootball.com\/da\/wp-content\/uploads\/sites\/2\/2020\/11\/Ace-20-2.jpg","contentUrl":"https:\/\/acefootball.com\/da\/wp-content\/uploads\/sites\/2\/2020\/11\/Ace-20-2.jpg","width":1920,"height":1008},{"@type":"WebPage","@id":"https:\/\/acefootball.com\/da\/fodboldnyheder\/21-afbud-til-sverige-kamp-saadan-kan-danmark-stille-op-i-morgen\/#webpage","url":"https:\/\/acefootball.com\/da\/fodboldnyheder\/21-afbud-til-sverige-kamp-saadan-kan-danmark-stille-op-i-morgen\/","name":"21 afbud til Sverige-kamp: S\u00e5dan kan Danmark stille op i morgen","isPartOf":{"@id":"https:\/\/acefootball.com\/da\/#website"},"primaryImageOfPage":{"@id":"https:\/\/acefootball.com\/da\/fodboldnyheder\/21-afbud-til-sverige-kamp-saadan-kan-danmark-stille-op-i-morgen\/#primaryimage"},"datePublished":"2020-11-10T11:36:29+00:00","dateModified":"2020-11-10T11:50:15+00:00","description":"Danmark mangler 21 spillere mod Sverige onsdag, grundet manglende rejsetilladelse, coronasmitte eller isolation. Se her hvordan Danmark alligevel kan stille op","breadcrumb":{"@id":"https:\/\/acefootball.com\/da\/fodboldnyheder\/21-afbud-til-sverige-kamp-saadan-kan-danmark-stille-op-i-morgen\/#breadcrumb"},"inLanguage":"en-US","potentialAction":[{"@type":"ReadAction","target":["https:\/\/acefootball.com\/da\/fodboldnyheder\/21-afbud-til-sverige-kamp-saadan-kan-danmark-stille-op-i-morgen\/"]}]},{"@type":"BreadcrumbList","@id":"https:\/\/acefootball.com\/da\/fodboldnyheder\/21-afbud-til-sverige-kamp-saadan-kan-danmark-stille-op-i-morgen\/#breadcrumb","itemListElement":[{"@type":"ListItem","position":1,"name":"Home","item":"https:\/\/acefootball.com\/da\/"},{"@type":"ListItem","position":2,"name":"21 afbud til Sverige-kamp: S\u00e5dan kan Danmark stille op i morgen"}]},{"@type":"Article","@id":"https:\/\/acefootball.com\/da\/fodboldnyheder\/21-afbud-til-sverige-kamp-saadan-kan-danmark-stille-op-i-morgen\/#article","isPartOf":{"@id":"https:\/\/acefootball.com\/da\/fodboldnyheder\/21-afbud-til-sverige-kamp-saadan-kan-danmark-stille-op-i-morgen\/#webpage"},"author":{"@id":"https:\/\/acefootball.com\/da\/#\/schema\/person\/017c0abe4a8e92938220bf6c097dda93"},"headline":"21 afbud til Sverige-kamp: S\u00e5dan kan Danmark stille op i morgen","datePublished":"2020-11-10T11:36:29+00:00","dateModified":"2020-11-10T11:50:15+00:00","mainEntityOfPage":{"@id":"https:\/\/acefootball.com\/da\/fodboldnyheder\/21-afbud-til-sverige-kamp-saadan-kan-danmark-stille-op-i-morgen\/#webpage"},"wordCount":177,"commentCount":0,"publisher":{"@id":"https:\/\/acefootball.com\/da\/#organization"},"image":{"@id":"https:\/\/acefootball.com\/da\/fodboldnyheder\/21-afbud-til-sverige-kamp-saadan-kan-danmark-stille-op-i-morgen\/#primaryimage"},"thumbnailUrl":"https:\/\/acefootball.com\/da\/wp-content\/uploads\/sites\/2\/2020\/11\/GettyImages-1228942612-1.jpg","keywords":["Danmark"],"articleSection":["Nyhed"],"inLanguage":"en-US","potentialAction":[{"@type":"CommentAction","name":"Comment","target":["https:\/\/acefootball.com\/da\/fodboldnyheder\/21-afbud-til-sverige-kamp-saadan-kan-danmark-stille-op-i-morgen\/#respond"]}]},{"@type":"Person","@id":"https:\/\/acefootball.com\/da\/#\/schema\/person\/017c0abe4a8e92938220bf6c097dda93","name":"Mikki M\u00f8ller-Iversen","image":{"@type":"ImageObject","@id":"https:\/\/acefootball.com\/da\/#personlogo","inLanguage":"en-US","url":"https:\/\/secure.gravatar.com\/avatar\/e05b419e8b5ae5fcf516800181b96aa2?s=96&d=mm&r=g","contentUrl":"https:\/\/secure.gravatar.com\/avatar\/e05b419e8b5ae5fcf516800181b96aa2?s=96&d=mm&r=g","caption":"Mikki M\u00f8ller-Iversen"},"description":"Social Media Manager and writer at Ace Football. Main focus on Danish football and special stories.","sameAs":["https:\/\/www.linkedin.com\/in\/mikki-mller-iversen-26a3a689\/"],"url":"https:\/\/acefootball.com\/da\/fodboldnyheder\/author\/mmironaldo\/"}]}},"fimg_url":"https:\/\/acefootball.com\/da\/wp-content\/uploads\/sites\/2\/2020\/11\/GettyImages-1228942612-1.jpg","_links":{"self":[{"href":"https:\/\/acefootball.com\/da\/wp-json\/wp\/v2\/posts\/243015"}],"collection":[{"href":"https:\/\/acefootball.com\/da\/wp-json\/wp\/v2\/posts"}],"about":[{"href":"https:\/\/acefootball.com\/da\/wp-json\/wp\/v2\/types\/post"}],"author":[{"embeddable":true,"href":"https:\/\/acefootball.com\/da\/wp-json\/wp\/v2\/users\/43"}],"replies":[{"embeddable":true,"href":"https:\/\/acefootball.com\/da\/wp-json\/wp\/v2\/comments?post=243015"}],"version-history":[{"count":0,"href":"https:\/\/acefootball.com\/da\/wp-json\/wp\/v2\/posts\/243015\/revisions"}],"wp:featuredmedia":[{"embeddable":true,"href":"https:\/\/acefootball.com\/da\/wp-json\/wp\/v2\/media\/243019"}],"wp:attachment":[{"href":"https:\/\/acefootball.com\/da\/wp-json\/wp\/v2\/media?parent=243015"}],"wp:term":[{"taxonomy":"category","embeddable":true,"href":"https:\/\/acefootball.com\/da\/wp-json\/wp\/v2\/categories?post=243015"},{"taxonomy":"post_tag","embeddable":true,"href":"https:\/\/acefootball.com\/da\/wp-json\/wp\/v2\/tags?post=243015"}],"curies":[{"name":"wp","href":"https:\/\/api.w.org\/{rel}","templated":true}]}}