{"id":242771,"date":"2020-11-08T14:56:29","date_gmt":"2020-11-08T13:56:29","guid":{"rendered":"https:\/\/acefootball.com\/da\/?p=242771"},"modified":"2020-11-08T14:56:30","modified_gmt":"2020-11-08T13:56:30","slug":"ikke-kun-danmark-sverige-ogsaa-ramt-af-afbud","status":"publish","type":"post","link":"https:\/\/acefootball.com\/da\/fodboldnyheder\/ikke-kun-danmark-sverige-ogsaa-ramt-af-afbud\/","title":{"rendered":"Ikke kun Danmark: Sverige ogs\u00e5 ramt af afbud"},"content":{"rendered":"\n<h2 id=\"h-danmark-m-sandsynligvis-se-bort-fra-flere-profiler-til-de-kommende-landskampe-men-ogs-sverige-kan-blive-ramt\">Danmark m\u00e5 sandsynligvis se bort fra flere profiler til de kommende landskampe, men ogs\u00e5 Sverige kan blive ramt<\/h2>\n\n\n\n<div class=\"wp-block-si-widget wp-block-si-widget--center\"><si-lb-widget widget-id=\"MatchInfoWithOdds\" data-nopadding=\"true\" data-card=\"true\" width=\"440\" data-event-id=\"3290375\" data-provider=\"mrgreen\" data-theme-appearance=\"dark\"><\/si-lb-widget><\/div>\n\n\n\n<p>Meget tyder p\u00e5, at Danmark m\u00e5 undv\u00e6re flere profiler til de kommende landskampe, da de engelske klubber ikke ser ud til at ville lade deres danske spillere rejse hjem p\u00e5 grund af corona-restriktioner.<\/p>\n\n\n\n<p>Det vil for Kasper Hjulmand betyde, at spillere som Kasper Schmeichel, Pierre-Emile H\u00f8jbjerg og Andreas Christensen ikke bliver aktuelle til onsdagens tr\u00e6ningskamp mod Sverige og Nations League-kampen mod Island, som begge spilles p\u00e5 dansk grund.<\/p>\n\n\n\n<figure class=\"wp-block-embed-wordpress wp-block-embed is-type-wp-embed is-provider-ace-football-danmark\"><div class=\"wp-block-embed__wrapper\">\n<blockquote class=\"wp-embedded-content\" data-secret=\"Ulx8oUEqn2\"><a href=\"https:\/\/acefootball.com\/da\/fodboldnyheder\/chok-melding-syv-landsholdsspillere-i-fare-for-afbud\/\">Chok-melding: Syv landsholdsspillere i fare for afbud<\/a><\/blockquote><iframe class=\"wp-embedded-content\" sandbox=\"allow-scripts\" security=\"restricted\" style=\"position: absolute; clip: rect(1px, 1px, 1px, 1px);\" title=\"&#8220;Chok-melding: Syv landsholdsspillere i fare for afbud&#8221; &#8212; Ace Football Danmark\" src=\"https:\/\/acefootball.com\/da\/fodboldnyheder\/chok-melding-syv-landsholdsspillere-i-fare-for-afbud\/embed\/#?secret=Ulx8oUEqn2\" data-secret=\"Ulx8oUEqn2\" width=\"600\" height=\"338\" frameborder=\"0\" marginwidth=\"0\" marginheight=\"0\" scrolling=\"no\"><\/iframe>\n<\/div><\/figure>\n\n\n\n<p>Men de svenske naboer bliver formentlig ramt af samme problemer, da der ogs\u00e5 er spillere, som til daglig g\u00f8r sig i de engelske r\u00e6kker.<\/p>\n\n\n\n<p>Der er tale om Manchester United-spilleren Victor Lindel\u00f6f, Evertons Robin Olsen og Newcastles Emil Krafth, som dermed ogs\u00e5 kan ende med at m\u00e5tte droppe onsdagens venskabskamp.<\/p>\n\n\n\n<p>Det er allerede bekr\u00e6ftet, at Sverige m\u00e5 undv\u00e6re landstr\u00e6ner Janne Andersson, som er i corona-karant\u00e6ne. Det skriver <a href=\"https:\/\/www.svt.se\/nyheter\/snabbkollen\/janne-andersson-i-covid-karantan\" target=\"_blank\" rel=\"noreferrer noopener\">SVT<\/a>.<\/p>\n","protected":false},"excerpt":{"rendered":"<p>Danmark m\u00e5 sandsynligvis se bort fra flere profiler til de kommende landskampe, men ogs\u00e5 Sverige kan blive ramt<\/p>\n","protected":false},"author":705,"featured_media":242498,"comment_status":"open","ping_status":"closed","sticky":false,"template":"","format":"standard","meta":{"om_disable_all_campaigns":false,"push_articles_ronaldo":{"active":false,"canonical":0,"publish":false},"force_updates":null},"categories":[1],"tags":[692,1015],"enet_tags":{"team":["8238","8520"],"sport_events":[3290375]},"yoast_head":"<!-- This site is optimized with the Yoast SEO plugin v18.3 - https:\/\/yoast.com\/wordpress\/plugins\/seo\/ -->\n<title>Ikke kun Danmark: Sverige ogs\u00e5 ramt af afbud<\/title>\n<meta name=\"description\" content=\"Danmark m\u00e5 sandsynligvis se bort fra flere profiler til de kommende landskampe, men ogs\u00e5 Sverige kan blive ramt\" \/>\n<meta name=\"robots\" content=\"index, follow, max-snippet:-1, max-image-preview:large, max-video-preview:-1\" \/>\n<link rel=\"canonical\" href=\"https:\/\/acefootball.com\/da\/fodboldnyheder\/ikke-kun-danmark-sverige-ogsaa-ramt-af-afbud\/\" \/>\n<meta property=\"og:locale\" content=\"en_US\" \/>\n<meta property=\"og:type\" content=\"article\" \/>\n<meta property=\"og:title\" content=\"Ikke kun Danmark: Sverige ogs\u00e5 ramt af afbud\" \/>\n<meta property=\"og:description\" content=\"Danmark m\u00e5 sandsynligvis se bort fra flere profiler til de kommende landskampe, men ogs\u00e5 Sverige kan blive ramt\" \/>\n<meta property=\"og:url\" content=\"https:\/\/acefootball.com\/da\/fodboldnyheder\/ikke-kun-danmark-sverige-ogsaa-ramt-af-afbud\/\" \/>\n<meta property=\"og:site_name\" content=\"Ace Football Danmark\" \/>\n<meta property=\"article:publisher\" content=\"https:\/\/www.facebook.com\/acefootballdk\" \/>\n<meta property=\"article:published_time\" content=\"2020-11-08T13:56:29+00:00\" \/>\n<meta property=\"article:modified_time\" content=\"2020-11-08T13:56:30+00:00\" \/>\n<meta property=\"og:image\" content=\"https:\/\/acefootball.com\/da\/wp-content\/uploads\/sites\/2\/2020\/11\/Ace-9-4.jpg\" \/>\n\t<meta property=\"og:image:width\" content=\"1920\" \/>\n\t<meta property=\"og:image:height\" content=\"1008\" \/>\n\t<meta property=\"og:image:type\" content=\"image\/jpeg\" \/>\n<meta name=\"twitter:card\" content=\"summary_large_image\" \/>\n<meta name=\"twitter:label1\" content=\"Written by\" \/>\n\t<meta name=\"twitter:data1\" content=\"Mads Dreyer\" \/>\n\t<meta name=\"twitter:label2\" content=\"Est. reading time\" \/>\n\t<meta name=\"twitter:data2\" content=\"1 minute\" \/>\n<script type=\"application\/ld+json\" class=\"yoast-schema-graph\">{\"@context\":\"https:\/\/schema.org\",\"@graph\":[{\"@type\":\"Organization\",\"@id\":\"https:\/\/acefootball.com\/da\/#organization\",\"name\":\"Ace Football\",\"url\":\"https:\/\/acefootball.com\/da\/\",\"sameAs\":[\"https:\/\/www.facebook.com\/acefootballdk\"],\"logo\":{\"@type\":\"ImageObject\",\"@id\":\"https:\/\/acefootball.com\/da\/#logo\",\"inLanguage\":\"en-US\",\"url\":\"https:\/\/acefootball.com\/da\/wp-content\/uploads\/sites\/2\/2020\/07\/Ace-Football-30-07-2020-2.png\",\"contentUrl\":\"https:\/\/acefootball.com\/da\/wp-content\/uploads\/sites\/2\/2020\/07\/Ace-Football-30-07-2020-2.png\",\"width\":1200,\"height\":600,\"caption\":\"Ace Football\"},\"image\":{\"@id\":\"https:\/\/acefootball.com\/da\/#logo\"}},{\"@type\":\"WebSite\",\"@id\":\"https:\/\/acefootball.com\/da\/#website\",\"url\":\"https:\/\/acefootball.com\/da\/\",\"name\":\"Ace Football Danmark\",\"description\":\"Nyheder, Spiltips &amp; Livescore\",\"publisher\":{\"@id\":\"https:\/\/acefootball.com\/da\/#organization\"},\"potentialAction\":[{\"@type\":\"SearchAction\",\"target\":{\"@type\":\"EntryPoint\",\"urlTemplate\":\"https:\/\/acefootball.com\/da\/?s={search_term_string}\"},\"query-input\":\"required name=search_term_string\"}],\"inLanguage\":\"en-US\"},{\"@type\":\"ImageObject\",\"@id\":\"https:\/\/acefootball.com\/da\/fodboldnyheder\/ikke-kun-danmark-sverige-ogsaa-ramt-af-afbud\/#primaryimage\",\"inLanguage\":\"en-US\",\"url\":\"https:\/\/acefootball.com\/da\/wp-content\/uploads\/sites\/2\/2020\/11\/Ace-9-4.jpg\",\"contentUrl\":\"https:\/\/acefootball.com\/da\/wp-content\/uploads\/sites\/2\/2020\/11\/Ace-9-4.jpg\",\"width\":1920,\"height\":1008},{\"@type\":\"WebPage\",\"@id\":\"https:\/\/acefootball.com\/da\/fodboldnyheder\/ikke-kun-danmark-sverige-ogsaa-ramt-af-afbud\/#webpage\",\"url\":\"https:\/\/acefootball.com\/da\/fodboldnyheder\/ikke-kun-danmark-sverige-ogsaa-ramt-af-afbud\/\",\"name\":\"Ikke kun Danmark: Sverige ogs\u00e5 ramt af afbud\",\"isPartOf\":{\"@id\":\"https:\/\/acefootball.com\/da\/#website\"},\"primaryImageOfPage\":{\"@id\":\"https:\/\/acefootball.com\/da\/fodboldnyheder\/ikke-kun-danmark-sverige-ogsaa-ramt-af-afbud\/#primaryimage\"},\"datePublished\":\"2020-11-08T13:56:29+00:00\",\"dateModified\":\"2020-11-08T13:56:30+00:00\",\"description\":\"Danmark m\u00e5 sandsynligvis se bort fra flere profiler til de kommende landskampe, men ogs\u00e5 Sverige kan blive ramt\",\"breadcrumb\":{\"@id\":\"https:\/\/acefootball.com\/da\/fodboldnyheder\/ikke-kun-danmark-sverige-ogsaa-ramt-af-afbud\/#breadcrumb\"},\"inLanguage\":\"en-US\",\"potentialAction\":[{\"@type\":\"ReadAction\",\"target\":[\"https:\/\/acefootball.com\/da\/fodboldnyheder\/ikke-kun-danmark-sverige-ogsaa-ramt-af-afbud\/\"]}]},{\"@type\":\"BreadcrumbList\",\"@id\":\"https:\/\/acefootball.com\/da\/fodboldnyheder\/ikke-kun-danmark-sverige-ogsaa-ramt-af-afbud\/#breadcrumb\",\"itemListElement\":[{\"@type\":\"ListItem\",\"position\":1,\"name\":\"Home\",\"item\":\"https:\/\/acefootball.com\/da\/\"},{\"@type\":\"ListItem\",\"position\":2,\"name\":\"Ikke kun Danmark: Sverige ogs\u00e5 ramt af afbud\"}]},{\"@type\":\"Article\",\"@id\":\"https:\/\/acefootball.com\/da\/fodboldnyheder\/ikke-kun-danmark-sverige-ogsaa-ramt-af-afbud\/#article\",\"isPartOf\":{\"@id\":\"https:\/\/acefootball.com\/da\/fodboldnyheder\/ikke-kun-danmark-sverige-ogsaa-ramt-af-afbud\/#webpage\"},\"author\":{\"@id\":\"https:\/\/acefootball.com\/da\/#\/schema\/person\/ee67e9cf04a276f144100ffa722f10cd\"},\"headline\":\"Ikke kun Danmark: Sverige ogs\u00e5 ramt af afbud\",\"datePublished\":\"2020-11-08T13:56:29+00:00\",\"dateModified\":\"2020-11-08T13:56:30+00:00\",\"mainEntityOfPage\":{\"@id\":\"https:\/\/acefootball.com\/da\/fodboldnyheder\/ikke-kun-danmark-sverige-ogsaa-ramt-af-afbud\/#webpage\"},\"wordCount\":179,\"commentCount\":0,\"publisher\":{\"@id\":\"https:\/\/acefootball.com\/da\/#organization\"},\"image\":{\"@id\":\"https:\/\/acefootball.com\/da\/fodboldnyheder\/ikke-kun-danmark-sverige-ogsaa-ramt-af-afbud\/#primaryimage\"},\"thumbnailUrl\":\"https:\/\/acefootball.com\/da\/wp-content\/uploads\/sites\/2\/2020\/11\/GettyImages-993377172.jpg\",\"keywords\":[\"Danmark\",\"Sverige\"],\"articleSection\":[\"Nyhed\"],\"inLanguage\":\"en-US\",\"potentialAction\":[{\"@type\":\"CommentAction\",\"name\":\"Comment\",\"target\":[\"https:\/\/acefootball.com\/da\/fodboldnyheder\/ikke-kun-danmark-sverige-ogsaa-ramt-af-afbud\/#respond\"]}]},{\"@type\":\"Person\",\"@id\":\"https:\/\/acefootball.com\/da\/#\/schema\/person\/ee67e9cf04a276f144100ffa722f10cd\",\"name\":\"Mads Dreyer\",\"image\":{\"@type\":\"ImageObject\",\"@id\":\"https:\/\/acefootball.com\/da\/#personlogo\",\"inLanguage\":\"en-US\",\"url\":\"https:\/\/secure.gravatar.com\/avatar\/7c7abf72cfde9902b6a60efe60c88d4c?s=96&d=mm&r=g\",\"contentUrl\":\"https:\/\/secure.gravatar.com\/avatar\/7c7abf72cfde9902b6a60efe60c88d4c?s=96&d=mm&r=g\",\"caption\":\"Mads Dreyer\"},\"description\":\"Skribent og fodboldn\u00f8rd, der lige nu fort\u00e6ller om alt og intet i fodboldverdenen p\u00e5 acefootball.com. Uddannet i kommunikation fra Aalborg Universitet.\",\"sameAs\":[\"https:\/\/www.linkedin.com\/in\/mads-dreyer-b9b08266\/\"],\"url\":\"https:\/\/acefootball.com\/da\/fodboldnyheder\/author\/mdnronaldo\/\"}]}<\/script>\n<!-- \/ Yoast SEO plugin. -->","yoast_head_json":{"title":"Ikke kun Danmark: Sverige ogs\u00e5 ramt af afbud","description":"Danmark m\u00e5 sandsynligvis se bort fra flere profiler til de kommende landskampe, men ogs\u00e5 Sverige kan blive ramt","robots":{"index":"index","follow":"follow","max-snippet":"max-snippet:-1","max-image-preview":"max-image-preview:large","max-video-preview":"max-video-preview:-1"},"canonical":"https:\/\/acefootball.com\/da\/fodboldnyheder\/ikke-kun-danmark-sverige-ogsaa-ramt-af-afbud\/","og_locale":"en_US","og_type":"article","og_title":"Ikke kun Danmark: Sverige ogs\u00e5 ramt af afbud","og_description":"Danmark m\u00e5 sandsynligvis se bort fra flere profiler til de kommende landskampe, men ogs\u00e5 Sverige kan blive ramt","og_url":"https:\/\/acefootball.com\/da\/fodboldnyheder\/ikke-kun-danmark-sverige-ogsaa-ramt-af-afbud\/","og_site_name":"Ace Football Danmark","article_publisher":"https:\/\/www.facebook.com\/acefootballdk","article_published_time":"2020-11-08T13:56:29+00:00","article_modified_time":"2020-11-08T13:56:30+00:00","og_image":[{"width":1920,"height":1008,"url":"https:\/\/acefootball.com\/da\/wp-content\/uploads\/sites\/2\/2020\/11\/Ace-9-4.jpg","type":"image\/jpeg"}],"twitter_card":"summary_large_image","twitter_misc":{"Written by":"Mads Dreyer","Est. reading time":"1 minute"},"schema":{"@context":"https:\/\/schema.org","@graph":[{"@type":"Organization","@id":"https:\/\/acefootball.com\/da\/#organization","name":"Ace Football","url":"https:\/\/acefootball.com\/da\/","sameAs":["https:\/\/www.facebook.com\/acefootballdk"],"logo":{"@type":"ImageObject","@id":"https:\/\/acefootball.com\/da\/#logo","inLanguage":"en-US","url":"https:\/\/acefootball.com\/da\/wp-content\/uploads\/sites\/2\/2020\/07\/Ace-Football-30-07-2020-2.png","contentUrl":"https:\/\/acefootball.com\/da\/wp-content\/uploads\/sites\/2\/2020\/07\/Ace-Football-30-07-2020-2.png","width":1200,"height":600,"caption":"Ace Football"},"image":{"@id":"https:\/\/acefootball.com\/da\/#logo"}},{"@type":"WebSite","@id":"https:\/\/acefootball.com\/da\/#website","url":"https:\/\/acefootball.com\/da\/","name":"Ace Football Danmark","description":"Nyheder, Spiltips &amp; Livescore","publisher":{"@id":"https:\/\/acefootball.com\/da\/#organization"},"potentialAction":[{"@type":"SearchAction","target":{"@type":"EntryPoint","urlTemplate":"https:\/\/acefootball.com\/da\/?s={search_term_string}"},"query-input":"required name=search_term_string"}],"inLanguage":"en-US"},{"@type":"ImageObject","@id":"https:\/\/acefootball.com\/da\/fodboldnyheder\/ikke-kun-danmark-sverige-ogsaa-ramt-af-afbud\/#primaryimage","inLanguage":"en-US","url":"https:\/\/acefootball.com\/da\/wp-content\/uploads\/sites\/2\/2020\/11\/Ace-9-4.jpg","contentUrl":"https:\/\/acefootball.com\/da\/wp-content\/uploads\/sites\/2\/2020\/11\/Ace-9-4.jpg","width":1920,"height":1008},{"@type":"WebPage","@id":"https:\/\/acefootball.com\/da\/fodboldnyheder\/ikke-kun-danmark-sverige-ogsaa-ramt-af-afbud\/#webpage","url":"https:\/\/acefootball.com\/da\/fodboldnyheder\/ikke-kun-danmark-sverige-ogsaa-ramt-af-afbud\/","name":"Ikke kun Danmark: Sverige ogs\u00e5 ramt af afbud","isPartOf":{"@id":"https:\/\/acefootball.com\/da\/#website"},"primaryImageOfPage":{"@id":"https:\/\/acefootball.com\/da\/fodboldnyheder\/ikke-kun-danmark-sverige-ogsaa-ramt-af-afbud\/#primaryimage"},"datePublished":"2020-11-08T13:56:29+00:00","dateModified":"2020-11-08T13:56:30+00:00","description":"Danmark m\u00e5 sandsynligvis se bort fra flere profiler til de kommende landskampe, men ogs\u00e5 Sverige kan blive ramt","breadcrumb":{"@id":"https:\/\/acefootball.com\/da\/fodboldnyheder\/ikke-kun-danmark-sverige-ogsaa-ramt-af-afbud\/#breadcrumb"},"inLanguage":"en-US","potentialAction":[{"@type":"ReadAction","target":["https:\/\/acefootball.com\/da\/fodboldnyheder\/ikke-kun-danmark-sverige-ogsaa-ramt-af-afbud\/"]}]},{"@type":"BreadcrumbList","@id":"https:\/\/acefootball.com\/da\/fodboldnyheder\/ikke-kun-danmark-sverige-ogsaa-ramt-af-afbud\/#breadcrumb","itemListElement":[{"@type":"ListItem","position":1,"name":"Home","item":"https:\/\/acefootball.com\/da\/"},{"@type":"ListItem","position":2,"name":"Ikke kun Danmark: Sverige ogs\u00e5 ramt af afbud"}]},{"@type":"Article","@id":"https:\/\/acefootball.com\/da\/fodboldnyheder\/ikke-kun-danmark-sverige-ogsaa-ramt-af-afbud\/#article","isPartOf":{"@id":"https:\/\/acefootball.com\/da\/fodboldnyheder\/ikke-kun-danmark-sverige-ogsaa-ramt-af-afbud\/#webpage"},"author":{"@id":"https:\/\/acefootball.com\/da\/#\/schema\/person\/ee67e9cf04a276f144100ffa722f10cd"},"headline":"Ikke kun Danmark: Sverige ogs\u00e5 ramt af afbud","datePublished":"2020-11-08T13:56:29+00:00","dateModified":"2020-11-08T13:56:30+00:00","mainEntityOfPage":{"@id":"https:\/\/acefootball.com\/da\/fodboldnyheder\/ikke-kun-danmark-sverige-ogsaa-ramt-af-afbud\/#webpage"},"wordCount":179,"commentCount":0,"publisher":{"@id":"https:\/\/acefootball.com\/da\/#organization"},"image":{"@id":"https:\/\/acefootball.com\/da\/fodboldnyheder\/ikke-kun-danmark-sverige-ogsaa-ramt-af-afbud\/#primaryimage"},"thumbnailUrl":"https:\/\/acefootball.com\/da\/wp-content\/uploads\/sites\/2\/2020\/11\/GettyImages-993377172.jpg","keywords":["Danmark","Sverige"],"articleSection":["Nyhed"],"inLanguage":"en-US","potentialAction":[{"@type":"CommentAction","name":"Comment","target":["https:\/\/acefootball.com\/da\/fodboldnyheder\/ikke-kun-danmark-sverige-ogsaa-ramt-af-afbud\/#respond"]}]},{"@type":"Person","@id":"https:\/\/acefootball.com\/da\/#\/schema\/person\/ee67e9cf04a276f144100ffa722f10cd","name":"Mads Dreyer","image":{"@type":"ImageObject","@id":"https:\/\/acefootball.com\/da\/#personlogo","inLanguage":"en-US","url":"https:\/\/secure.gravatar.com\/avatar\/7c7abf72cfde9902b6a60efe60c88d4c?s=96&d=mm&r=g","contentUrl":"https:\/\/secure.gravatar.com\/avatar\/7c7abf72cfde9902b6a60efe60c88d4c?s=96&d=mm&r=g","caption":"Mads Dreyer"},"description":"Skribent og fodboldn\u00f8rd, der lige nu fort\u00e6ller om alt og intet i fodboldverdenen p\u00e5 acefootball.com. Uddannet i kommunikation fra Aalborg Universitet.","sameAs":["https:\/\/www.linkedin.com\/in\/mads-dreyer-b9b08266\/"],"url":"https:\/\/acefootball.com\/da\/fodboldnyheder\/author\/mdnronaldo\/"}]}},"fimg_url":"https:\/\/acefootball.com\/da\/wp-content\/uploads\/sites\/2\/2020\/11\/GettyImages-993377172.jpg","_links":{"self":[{"href":"https:\/\/acefootball.com\/da\/wp-json\/wp\/v2\/posts\/242771"}],"collection":[{"href":"https:\/\/acefootball.com\/da\/wp-json\/wp\/v2\/posts"}],"about":[{"href":"https:\/\/acefootball.com\/da\/wp-json\/wp\/v2\/types\/post"}],"author":[{"embeddable":true,"href":"https:\/\/acefootball.com\/da\/wp-json\/wp\/v2\/users\/705"}],"replies":[{"embeddable":true,"href":"https:\/\/acefootball.com\/da\/wp-json\/wp\/v2\/comments?post=242771"}],"version-history":[{"count":0,"href":"https:\/\/acefootball.com\/da\/wp-json\/wp\/v2\/posts\/242771\/revisions"}],"wp:featuredmedia":[{"embeddable":true,"href":"https:\/\/acefootball.com\/da\/wp-json\/wp\/v2\/media\/242498"}],"wp:attachment":[{"href":"https:\/\/acefootball.com\/da\/wp-json\/wp\/v2\/media?parent=242771"}],"wp:term":[{"taxonomy":"category","embeddable":true,"href":"https:\/\/acefootball.com\/da\/wp-json\/wp\/v2\/categories?post=242771"},{"taxonomy":"post_tag","embeddable":true,"href":"https:\/\/acefootball.com\/da\/wp-json\/wp\/v2\/tags?post=242771"}],"curies":[{"name":"wp","href":"https:\/\/api.w.org\/{rel}","templated":true}]}}