{"id":242749,"date":"2020-11-08T10:34:01","date_gmt":"2020-11-08T09:34:01","guid":{"rendered":"https:\/\/acefootball.com\/da\/?p=242749"},"modified":"2020-11-08T10:34:02","modified_gmt":"2020-11-08T09:34:02","slug":"koeman-derfor-var-messi-baenket","status":"publish","type":"post","link":"https:\/\/acefootball.com\/da\/fodboldnyheder\/koeman-derfor-var-messi-baenket\/","title":{"rendered":"Koeman: Derfor var Messi b\u00e6nket"},"content":{"rendered":"\n<h2 id=\"h-ronald-koeman-valgte-at-placere-lionel-messi-p-b-nken-til-l-rdagens-kamp-mod-real-betis-nu-forklarer-han-hvorfor\">Ronald Koeman valgte at placere Lionel Messi p\u00e5 b\u00e6nken til l\u00f8rdagens kamp mod Real Betis. Nu forklarer han hvorfor<\/h2>\n\n\n\n<div class=\"wp-block-si-widget wp-block-si-widget--center\"><si-lb-widget widget-id=\"MatchInfoWithOdds\" data-nopadding=\"true\" data-card=\"true\" width=\"440\" data-event-id=\"3424119\" data-theme-appearance=\"dark\"><\/si-lb-widget><\/div>\n\n\n\n<p>FC Barcelona fik l\u00f8rdag bes\u00f8g af Real Betis i La Liga, og her havde Ronald Koeman en st\u00f8rre overraskelse i startopstillingen, da Lionel Messi var taget ud og placeret p\u00e5 b\u00e6nken.<\/p>\n\n\n\n<p>Der blev dog brug for Messi fra anden halvlegs start, da der p\u00e5 det tidspunktet stod 1-1, og med to kasser var argentineren st\u00e6rkt medvirkende til, at det alligevel blev til en solid 5-2-sejr.<\/p>\n\n\n\n<p>Efterf\u00f8lgende blev Koeman naturligvis spurgt ind til beslutningen om at b\u00e6nke verdensstjernen.<\/p>\n\n\n\n<figure class=\"wp-block-embed-wordpress wp-block-embed is-type-wp-embed is-provider-ace-football-danmark\"><div class=\"wp-block-embed__wrapper\">\n<blockquote class=\"wp-embedded-content\" data-secret=\"bD2FekpHt0\"><a href=\"https:\/\/acefootball.com\/da\/fodboldnyheder\/supersub-messi-udbygger-vild-la-liga-rekord\/\">Supersub: Messi udbygger vild La Liga-rekord<\/a><\/blockquote><iframe class=\"wp-embedded-content\" sandbox=\"allow-scripts\" security=\"restricted\" style=\"position: absolute; clip: rect(1px, 1px, 1px, 1px);\" title=\"&#8220;Supersub: Messi udbygger vild La Liga-rekord&#8221; &#8212; Ace Football Danmark\" src=\"https:\/\/acefootball.com\/da\/fodboldnyheder\/supersub-messi-udbygger-vild-la-liga-rekord\/embed\/#?secret=bD2FekpHt0\" data-secret=\"bD2FekpHt0\" width=\"600\" height=\"338\" frameborder=\"0\" marginwidth=\"0\" marginheight=\"0\" scrolling=\"no\"><\/iframe>\n<\/div><\/figure>\n\n\n\n<p>&#8220;Vi talte med Leo, som fik lidt problemer i kampen mod Dynamo Kiev, og han var ikke klar til at spille fra start. Han var med p\u00e5 b\u00e6nken, hvis vi skulle f\u00e5 brug for ham. Hvis han var okay, var han startet inde,&#8221; fort\u00e6ller Koeman if\u00f8lge <a href=\"https:\/\/www.goal.com\/en\/news\/messi-wasnt-fit-to-start-koeman-reveals-why-barcelona-star\/18oqbihcmgaxs1hz6catk6ztg2\" target=\"_blank\" rel=\"noreferrer noopener\">Goal<\/a>.<\/p>\n\n\n\n<p>Med sejren rykker Barcelona op p\u00e5 en forel\u00f8big ottendeplads i La Liga.<\/p>\n","protected":false},"excerpt":{"rendered":"<p>Ronald Koeman valgte at placere Lionel Messi p\u00e5 b\u00e6nken til l\u00f8rdagens kamp mod Real Betis. Nu forklarer han hvorfor<\/p>\n","protected":false},"author":705,"featured_media":241116,"comment_status":"open","ping_status":"closed","sticky":false,"template":"","format":"standard","meta":{"om_disable_all_campaigns":false,"push_articles_ronaldo":{"active":false,"canonical":0,"publish":false},"force_updates":null},"categories":[8204],"tags":[41,303,270,847],"enet_tags":{"team":["8634"],"league":["87"],"player":["30981"],"sport_events":[3424119]},"yoast_head":"<!-- This site is optimized with the Yoast SEO plugin v18.3 - https:\/\/yoast.com\/wordpress\/plugins\/seo\/ -->\n<title>Koeman: Derfor var Messi b\u00e6nket<\/title>\n<meta name=\"description\" content=\"Ronald Koeman valgte at placere Lionel Messi p\u00e5 b\u00e6nken til l\u00f8rdagens kamp mod Real Betis. Nu forklarer han hvorfor\" \/>\n<meta name=\"robots\" content=\"index, follow, max-snippet:-1, max-image-preview:large, max-video-preview:-1\" \/>\n<link rel=\"canonical\" href=\"https:\/\/acefootball.com\/da\/fodboldnyheder\/koeman-derfor-var-messi-baenket\/\" \/>\n<meta property=\"og:locale\" content=\"en_US\" \/>\n<meta property=\"og:type\" content=\"article\" \/>\n<meta property=\"og:title\" content=\"Koeman: Derfor var Messi b\u00e6nket\" \/>\n<meta property=\"og:description\" content=\"Ronald Koeman valgte at placere Lionel Messi p\u00e5 b\u00e6nken til l\u00f8rdagens kamp mod Real Betis. Nu forklarer han hvorfor\" \/>\n<meta property=\"og:url\" content=\"https:\/\/acefootball.com\/da\/fodboldnyheder\/koeman-derfor-var-messi-baenket\/\" \/>\n<meta property=\"og:site_name\" content=\"Ace Football Danmark\" \/>\n<meta property=\"article:publisher\" content=\"https:\/\/www.facebook.com\/acefootballdk\" \/>\n<meta property=\"article:published_time\" content=\"2020-11-08T09:34:01+00:00\" \/>\n<meta property=\"article:modified_time\" content=\"2020-11-08T09:34:02+00:00\" \/>\n<meta property=\"og:image\" content=\"https:\/\/acefootball.com\/da\/wp-content\/uploads\/sites\/2\/2020\/11\/Ace-2-4.jpg\" \/>\n\t<meta property=\"og:image:width\" content=\"1920\" \/>\n\t<meta property=\"og:image:height\" content=\"1008\" \/>\n\t<meta property=\"og:image:type\" content=\"image\/jpeg\" \/>\n<meta name=\"twitter:card\" content=\"summary_large_image\" \/>\n<meta name=\"twitter:label1\" content=\"Written by\" \/>\n\t<meta name=\"twitter:data1\" content=\"Mads Dreyer\" \/>\n\t<meta name=\"twitter:label2\" content=\"Est. reading time\" \/>\n\t<meta name=\"twitter:data2\" content=\"1 minute\" \/>\n<script type=\"application\/ld+json\" class=\"yoast-schema-graph\">{\"@context\":\"https:\/\/schema.org\",\"@graph\":[{\"@type\":\"Organization\",\"@id\":\"https:\/\/acefootball.com\/da\/#organization\",\"name\":\"Ace Football\",\"url\":\"https:\/\/acefootball.com\/da\/\",\"sameAs\":[\"https:\/\/www.facebook.com\/acefootballdk\"],\"logo\":{\"@type\":\"ImageObject\",\"@id\":\"https:\/\/acefootball.com\/da\/#logo\",\"inLanguage\":\"en-US\",\"url\":\"https:\/\/acefootball.com\/da\/wp-content\/uploads\/sites\/2\/2020\/07\/Ace-Football-30-07-2020-2.png\",\"contentUrl\":\"https:\/\/acefootball.com\/da\/wp-content\/uploads\/sites\/2\/2020\/07\/Ace-Football-30-07-2020-2.png\",\"width\":1200,\"height\":600,\"caption\":\"Ace Football\"},\"image\":{\"@id\":\"https:\/\/acefootball.com\/da\/#logo\"}},{\"@type\":\"WebSite\",\"@id\":\"https:\/\/acefootball.com\/da\/#website\",\"url\":\"https:\/\/acefootball.com\/da\/\",\"name\":\"Ace Football Danmark\",\"description\":\"Nyheder, Spiltips &amp; Livescore\",\"publisher\":{\"@id\":\"https:\/\/acefootball.com\/da\/#organization\"},\"potentialAction\":[{\"@type\":\"SearchAction\",\"target\":{\"@type\":\"EntryPoint\",\"urlTemplate\":\"https:\/\/acefootball.com\/da\/?s={search_term_string}\"},\"query-input\":\"required name=search_term_string\"}],\"inLanguage\":\"en-US\"},{\"@type\":\"ImageObject\",\"@id\":\"https:\/\/acefootball.com\/da\/fodboldnyheder\/koeman-derfor-var-messi-baenket\/#primaryimage\",\"inLanguage\":\"en-US\",\"url\":\"https:\/\/acefootball.com\/da\/wp-content\/uploads\/sites\/2\/2020\/11\/Ace-2-4.jpg\",\"contentUrl\":\"https:\/\/acefootball.com\/da\/wp-content\/uploads\/sites\/2\/2020\/11\/Ace-2-4.jpg\",\"width\":1920,\"height\":1008},{\"@type\":\"WebPage\",\"@id\":\"https:\/\/acefootball.com\/da\/fodboldnyheder\/koeman-derfor-var-messi-baenket\/#webpage\",\"url\":\"https:\/\/acefootball.com\/da\/fodboldnyheder\/koeman-derfor-var-messi-baenket\/\",\"name\":\"Koeman: Derfor var Messi b\u00e6nket\",\"isPartOf\":{\"@id\":\"https:\/\/acefootball.com\/da\/#website\"},\"primaryImageOfPage\":{\"@id\":\"https:\/\/acefootball.com\/da\/fodboldnyheder\/koeman-derfor-var-messi-baenket\/#primaryimage\"},\"datePublished\":\"2020-11-08T09:34:01+00:00\",\"dateModified\":\"2020-11-08T09:34:02+00:00\",\"description\":\"Ronald Koeman valgte at placere Lionel Messi p\u00e5 b\u00e6nken til l\u00f8rdagens kamp mod Real Betis. Nu forklarer han hvorfor\",\"breadcrumb\":{\"@id\":\"https:\/\/acefootball.com\/da\/fodboldnyheder\/koeman-derfor-var-messi-baenket\/#breadcrumb\"},\"inLanguage\":\"en-US\",\"potentialAction\":[{\"@type\":\"ReadAction\",\"target\":[\"https:\/\/acefootball.com\/da\/fodboldnyheder\/koeman-derfor-var-messi-baenket\/\"]}]},{\"@type\":\"BreadcrumbList\",\"@id\":\"https:\/\/acefootball.com\/da\/fodboldnyheder\/koeman-derfor-var-messi-baenket\/#breadcrumb\",\"itemListElement\":[{\"@type\":\"ListItem\",\"position\":1,\"name\":\"Home\",\"item\":\"https:\/\/acefootball.com\/da\/\"},{\"@type\":\"ListItem\",\"position\":2,\"name\":\"Koeman: Derfor var Messi b\u00e6nket\"}]},{\"@type\":\"Article\",\"@id\":\"https:\/\/acefootball.com\/da\/fodboldnyheder\/koeman-derfor-var-messi-baenket\/#article\",\"isPartOf\":{\"@id\":\"https:\/\/acefootball.com\/da\/fodboldnyheder\/koeman-derfor-var-messi-baenket\/#webpage\"},\"author\":{\"@id\":\"https:\/\/acefootball.com\/da\/#\/schema\/person\/ee67e9cf04a276f144100ffa722f10cd\"},\"headline\":\"Koeman: Derfor var Messi b\u00e6nket\",\"datePublished\":\"2020-11-08T09:34:01+00:00\",\"dateModified\":\"2020-11-08T09:34:02+00:00\",\"mainEntityOfPage\":{\"@id\":\"https:\/\/acefootball.com\/da\/fodboldnyheder\/koeman-derfor-var-messi-baenket\/#webpage\"},\"wordCount\":181,\"commentCount\":0,\"publisher\":{\"@id\":\"https:\/\/acefootball.com\/da\/#organization\"},\"image\":{\"@id\":\"https:\/\/acefootball.com\/da\/fodboldnyheder\/koeman-derfor-var-messi-baenket\/#primaryimage\"},\"thumbnailUrl\":\"https:\/\/acefootball.com\/da\/wp-content\/uploads\/sites\/2\/2020\/10\/GettyImages-1277027324-1.jpg\",\"keywords\":[\"FC Barcelona\",\"La Liga\",\"Lionel Messi\",\"Ronald Koeman\"],\"articleSection\":[\"Udtalelse\"],\"inLanguage\":\"en-US\",\"potentialAction\":[{\"@type\":\"CommentAction\",\"name\":\"Comment\",\"target\":[\"https:\/\/acefootball.com\/da\/fodboldnyheder\/koeman-derfor-var-messi-baenket\/#respond\"]}]},{\"@type\":\"Person\",\"@id\":\"https:\/\/acefootball.com\/da\/#\/schema\/person\/ee67e9cf04a276f144100ffa722f10cd\",\"name\":\"Mads Dreyer\",\"image\":{\"@type\":\"ImageObject\",\"@id\":\"https:\/\/acefootball.com\/da\/#personlogo\",\"inLanguage\":\"en-US\",\"url\":\"https:\/\/secure.gravatar.com\/avatar\/7c7abf72cfde9902b6a60efe60c88d4c?s=96&d=mm&r=g\",\"contentUrl\":\"https:\/\/secure.gravatar.com\/avatar\/7c7abf72cfde9902b6a60efe60c88d4c?s=96&d=mm&r=g\",\"caption\":\"Mads Dreyer\"},\"description\":\"Skribent og fodboldn\u00f8rd, der lige nu fort\u00e6ller om alt og intet i fodboldverdenen p\u00e5 acefootball.com. Uddannet i kommunikation fra Aalborg Universitet.\",\"sameAs\":[\"https:\/\/www.linkedin.com\/in\/mads-dreyer-b9b08266\/\"],\"url\":\"https:\/\/acefootball.com\/da\/fodboldnyheder\/author\/mdnronaldo\/\"}]}<\/script>\n<!-- \/ Yoast SEO plugin. -->","yoast_head_json":{"title":"Koeman: Derfor var Messi b\u00e6nket","description":"Ronald Koeman valgte at placere Lionel Messi p\u00e5 b\u00e6nken til l\u00f8rdagens kamp mod Real Betis. Nu forklarer han hvorfor","robots":{"index":"index","follow":"follow","max-snippet":"max-snippet:-1","max-image-preview":"max-image-preview:large","max-video-preview":"max-video-preview:-1"},"canonical":"https:\/\/acefootball.com\/da\/fodboldnyheder\/koeman-derfor-var-messi-baenket\/","og_locale":"en_US","og_type":"article","og_title":"Koeman: Derfor var Messi b\u00e6nket","og_description":"Ronald Koeman valgte at placere Lionel Messi p\u00e5 b\u00e6nken til l\u00f8rdagens kamp mod Real Betis. Nu forklarer han hvorfor","og_url":"https:\/\/acefootball.com\/da\/fodboldnyheder\/koeman-derfor-var-messi-baenket\/","og_site_name":"Ace Football Danmark","article_publisher":"https:\/\/www.facebook.com\/acefootballdk","article_published_time":"2020-11-08T09:34:01+00:00","article_modified_time":"2020-11-08T09:34:02+00:00","og_image":[{"width":1920,"height":1008,"url":"https:\/\/acefootball.com\/da\/wp-content\/uploads\/sites\/2\/2020\/11\/Ace-2-4.jpg","type":"image\/jpeg"}],"twitter_card":"summary_large_image","twitter_misc":{"Written by":"Mads Dreyer","Est. reading time":"1 minute"},"schema":{"@context":"https:\/\/schema.org","@graph":[{"@type":"Organization","@id":"https:\/\/acefootball.com\/da\/#organization","name":"Ace Football","url":"https:\/\/acefootball.com\/da\/","sameAs":["https:\/\/www.facebook.com\/acefootballdk"],"logo":{"@type":"ImageObject","@id":"https:\/\/acefootball.com\/da\/#logo","inLanguage":"en-US","url":"https:\/\/acefootball.com\/da\/wp-content\/uploads\/sites\/2\/2020\/07\/Ace-Football-30-07-2020-2.png","contentUrl":"https:\/\/acefootball.com\/da\/wp-content\/uploads\/sites\/2\/2020\/07\/Ace-Football-30-07-2020-2.png","width":1200,"height":600,"caption":"Ace Football"},"image":{"@id":"https:\/\/acefootball.com\/da\/#logo"}},{"@type":"WebSite","@id":"https:\/\/acefootball.com\/da\/#website","url":"https:\/\/acefootball.com\/da\/","name":"Ace Football Danmark","description":"Nyheder, Spiltips &amp; Livescore","publisher":{"@id":"https:\/\/acefootball.com\/da\/#organization"},"potentialAction":[{"@type":"SearchAction","target":{"@type":"EntryPoint","urlTemplate":"https:\/\/acefootball.com\/da\/?s={search_term_string}"},"query-input":"required name=search_term_string"}],"inLanguage":"en-US"},{"@type":"ImageObject","@id":"https:\/\/acefootball.com\/da\/fodboldnyheder\/koeman-derfor-var-messi-baenket\/#primaryimage","inLanguage":"en-US","url":"https:\/\/acefootball.com\/da\/wp-content\/uploads\/sites\/2\/2020\/11\/Ace-2-4.jpg","contentUrl":"https:\/\/acefootball.com\/da\/wp-content\/uploads\/sites\/2\/2020\/11\/Ace-2-4.jpg","width":1920,"height":1008},{"@type":"WebPage","@id":"https:\/\/acefootball.com\/da\/fodboldnyheder\/koeman-derfor-var-messi-baenket\/#webpage","url":"https:\/\/acefootball.com\/da\/fodboldnyheder\/koeman-derfor-var-messi-baenket\/","name":"Koeman: Derfor var Messi b\u00e6nket","isPartOf":{"@id":"https:\/\/acefootball.com\/da\/#website"},"primaryImageOfPage":{"@id":"https:\/\/acefootball.com\/da\/fodboldnyheder\/koeman-derfor-var-messi-baenket\/#primaryimage"},"datePublished":"2020-11-08T09:34:01+00:00","dateModified":"2020-11-08T09:34:02+00:00","description":"Ronald Koeman valgte at placere Lionel Messi p\u00e5 b\u00e6nken til l\u00f8rdagens kamp mod Real Betis. Nu forklarer han hvorfor","breadcrumb":{"@id":"https:\/\/acefootball.com\/da\/fodboldnyheder\/koeman-derfor-var-messi-baenket\/#breadcrumb"},"inLanguage":"en-US","potentialAction":[{"@type":"ReadAction","target":["https:\/\/acefootball.com\/da\/fodboldnyheder\/koeman-derfor-var-messi-baenket\/"]}]},{"@type":"BreadcrumbList","@id":"https:\/\/acefootball.com\/da\/fodboldnyheder\/koeman-derfor-var-messi-baenket\/#breadcrumb","itemListElement":[{"@type":"ListItem","position":1,"name":"Home","item":"https:\/\/acefootball.com\/da\/"},{"@type":"ListItem","position":2,"name":"Koeman: Derfor var Messi b\u00e6nket"}]},{"@type":"Article","@id":"https:\/\/acefootball.com\/da\/fodboldnyheder\/koeman-derfor-var-messi-baenket\/#article","isPartOf":{"@id":"https:\/\/acefootball.com\/da\/fodboldnyheder\/koeman-derfor-var-messi-baenket\/#webpage"},"author":{"@id":"https:\/\/acefootball.com\/da\/#\/schema\/person\/ee67e9cf04a276f144100ffa722f10cd"},"headline":"Koeman: Derfor var Messi b\u00e6nket","datePublished":"2020-11-08T09:34:01+00:00","dateModified":"2020-11-08T09:34:02+00:00","mainEntityOfPage":{"@id":"https:\/\/acefootball.com\/da\/fodboldnyheder\/koeman-derfor-var-messi-baenket\/#webpage"},"wordCount":181,"commentCount":0,"publisher":{"@id":"https:\/\/acefootball.com\/da\/#organization"},"image":{"@id":"https:\/\/acefootball.com\/da\/fodboldnyheder\/koeman-derfor-var-messi-baenket\/#primaryimage"},"thumbnailUrl":"https:\/\/acefootball.com\/da\/wp-content\/uploads\/sites\/2\/2020\/10\/GettyImages-1277027324-1.jpg","keywords":["FC Barcelona","La Liga","Lionel Messi","Ronald Koeman"],"articleSection":["Udtalelse"],"inLanguage":"en-US","potentialAction":[{"@type":"CommentAction","name":"Comment","target":["https:\/\/acefootball.com\/da\/fodboldnyheder\/koeman-derfor-var-messi-baenket\/#respond"]}]},{"@type":"Person","@id":"https:\/\/acefootball.com\/da\/#\/schema\/person\/ee67e9cf04a276f144100ffa722f10cd","name":"Mads Dreyer","image":{"@type":"ImageObject","@id":"https:\/\/acefootball.com\/da\/#personlogo","inLanguage":"en-US","url":"https:\/\/secure.gravatar.com\/avatar\/7c7abf72cfde9902b6a60efe60c88d4c?s=96&d=mm&r=g","contentUrl":"https:\/\/secure.gravatar.com\/avatar\/7c7abf72cfde9902b6a60efe60c88d4c?s=96&d=mm&r=g","caption":"Mads Dreyer"},"description":"Skribent og fodboldn\u00f8rd, der lige nu fort\u00e6ller om alt og intet i fodboldverdenen p\u00e5 acefootball.com. Uddannet i kommunikation fra Aalborg Universitet.","sameAs":["https:\/\/www.linkedin.com\/in\/mads-dreyer-b9b08266\/"],"url":"https:\/\/acefootball.com\/da\/fodboldnyheder\/author\/mdnronaldo\/"}]}},"fimg_url":"https:\/\/acefootball.com\/da\/wp-content\/uploads\/sites\/2\/2020\/10\/GettyImages-1277027324-1.jpg","_links":{"self":[{"href":"https:\/\/acefootball.com\/da\/wp-json\/wp\/v2\/posts\/242749"}],"collection":[{"href":"https:\/\/acefootball.com\/da\/wp-json\/wp\/v2\/posts"}],"about":[{"href":"https:\/\/acefootball.com\/da\/wp-json\/wp\/v2\/types\/post"}],"author":[{"embeddable":true,"href":"https:\/\/acefootball.com\/da\/wp-json\/wp\/v2\/users\/705"}],"replies":[{"embeddable":true,"href":"https:\/\/acefootball.com\/da\/wp-json\/wp\/v2\/comments?post=242749"}],"version-history":[{"count":0,"href":"https:\/\/acefootball.com\/da\/wp-json\/wp\/v2\/posts\/242749\/revisions"}],"wp:featuredmedia":[{"embeddable":true,"href":"https:\/\/acefootball.com\/da\/wp-json\/wp\/v2\/media\/241116"}],"wp:attachment":[{"href":"https:\/\/acefootball.com\/da\/wp-json\/wp\/v2\/media?parent=242749"}],"wp:term":[{"taxonomy":"category","embeddable":true,"href":"https:\/\/acefootball.com\/da\/wp-json\/wp\/v2\/categories?post=242749"},{"taxonomy":"post_tag","embeddable":true,"href":"https:\/\/acefootball.com\/da\/wp-json\/wp\/v2\/tags?post=242749"}],"curies":[{"name":"wp","href":"https:\/\/api.w.org\/{rel}","templated":true}]}}