{"id":242746,"date":"2020-11-08T10:14:09","date_gmt":"2020-11-08T09:14:09","guid":{"rendered":"https:\/\/acefootball.com\/da\/?p=242746"},"modified":"2020-11-08T10:14:10","modified_gmt":"2020-11-08T09:14:10","slug":"broendby-udloeb-naermer-sig-bekymrer-mig-ikke-saa-meget-om-fremtiden","status":"publish","type":"post","link":"https:\/\/acefootball.com\/da\/fodboldnyheder\/broendby-udloeb-naermer-sig-bekymrer-mig-ikke-saa-meget-om-fremtiden\/","title":{"rendered":"Br\u00f8ndby-udl\u00f8b n\u00e6rmer sig: Bekymrer mig ikke s\u00e5 meget om fremtiden"},"content":{"rendered":"\n<h2 id=\"h-niels-frederiksen-st-r-til-kontraktudl-b-n-ste-sommer-og-der-er-endnu-ingen-afklaring-p-om-han-forts-tter-i-br-ndby\">Niels Frederiksen st\u00e5r til kontraktudl\u00f8b n\u00e6ste sommer, og der er endnu ingen afklaring p\u00e5, om han forts\u00e6tter i Br\u00f8ndby<\/h2>\n\n\n\n<div class=\"wp-block-si-widget wp-block-si-widget--center\"><si-lb-widget widget-id=\"MatchInfoWithOdds\" data-nopadding=\"true\" data-card=\"true\" width=\"440\" data-event-id=\"3389114\" data-provider=\"mrgreen\" data-theme-appearance=\"dark\"><\/si-lb-widget><\/div>\n\n\n\n<p>Efter halvandet \u00e5r i tr\u00e6ners\u00e6det hos Br\u00f8ndby IF n\u00e6rmer Niels Frederiksen sig nu kontraktudl\u00f8b.<\/p>\n\n\n\n<p>Den nuv\u00e6rende aftale udl\u00f8ber n\u00e6ste sommer, og der er endnu ingen afklaring p\u00e5, om den 52-\u00e5rige cheftr\u00e6ner forts\u00e6tter p\u00e5 Vestegnen.<\/p>\n\n\n\n<p>Det er dog ikke noget, der bekymrer hovedpersonen selv, som tager situationen med stor ro.<\/p>\n\n\n\n<figure class=\"wp-block-embed-wordpress wp-block-embed is-type-wp-embed is-provider-ace-football-danmark\"><div class=\"wp-block-embed__wrapper\">\n<blockquote class=\"wp-embedded-content\" data-secret=\"8dFrRqjTac\"><a href=\"https:\/\/acefootball.com\/da\/fodboldnyheder\/spiltip-broendby-kommer-blaesende\/\">Spiltip: Br\u00f8ndby kommer bl\u00e6sende<\/a><\/blockquote><iframe class=\"wp-embedded-content\" sandbox=\"allow-scripts\" security=\"restricted\" style=\"position: absolute; clip: rect(1px, 1px, 1px, 1px);\" title=\"&#8220;Spiltip: Br\u00f8ndby kommer bl\u00e6sende&#8221; &#8212; Ace Football Danmark\" src=\"https:\/\/acefootball.com\/da\/fodboldnyheder\/spiltip-broendby-kommer-blaesende\/embed\/#?secret=8dFrRqjTac\" data-secret=\"8dFrRqjTac\" width=\"600\" height=\"338\" frameborder=\"0\" marginwidth=\"0\" marginheight=\"0\" scrolling=\"no\"><\/iframe>\n<\/div><\/figure>\n\n\n\n<p>&#8220;Ja, ved du hvad\u2026 Jeg tror, jeg er lidt easygoing, er jeg ikke det? For mig er det ikke afg\u00f8rende. Jeg lever lidt i nuet. I den her branche kan det pludselig v\u00e6re overst\u00e5et i morgen eller i overmorgen. Det ved man jo aldrig. S\u00e5dan er det bare. Derfor bekymrer jeg mig ikke s\u00e5 meget om fremtiden. Jeg er sikker p\u00e5, jeg nok skal finde noget fornuftigt at lave fremadrettet. Ogs\u00e5 efter 30. juni n\u00e6ste \u00e5r. Uanset om det bliver her, eller hvis det bliver noget andet,&#8221; fort\u00e6ller Frederiksen til <a href=\"https:\/\/www.bt.dk\/superligaen\/forlader-han-broendby-til-sommer-jeg-har-aldrig-lagt-store-karriereplaner\" target=\"_blank\" rel=\"noreferrer noopener\">B.T.<\/a><\/p>\n\n\n\n<p>Cheftr\u00e6neren forklarer dog ogs\u00e5, at der er planer om at tage en snak med klubledelsen. Hvorn\u00e5r den skal falde, vil han ikke afsl\u00f8re.<\/p>\n\n\n\n<p>Br\u00f8ndby tager denne s\u00f8ndag imod OB p\u00e5 hjemmebane. Kampen spilles klokken 16.00.<\/p>\n","protected":false},"excerpt":{"rendered":"<p>Niels Frederiksen st\u00e5r til kontraktudl\u00f8b n\u00e6ste sommer, og der er endnu ingen afklaring p\u00e5, om han forts\u00e6tter i Br\u00f8ndby<\/p>\n","protected":false},"author":705,"featured_media":235214,"comment_status":"open","ping_status":"closed","sticky":false,"template":"","format":"standard","meta":{"om_disable_all_campaigns":false,"push_articles_ronaldo":{"active":false,"canonical":0,"publish":false},"force_updates":null},"categories":[8204],"tags":[53,812,588],"enet_tags":{"team":["8595"],"player":["183862"],"league":["46"],"sport_events":[3389114]},"yoast_head":"<!-- This site is optimized with the Yoast SEO plugin v18.3 - https:\/\/yoast.com\/wordpress\/plugins\/seo\/ -->\n<title>Br\u00f8ndby-udl\u00f8b n\u00e6rmer sig: Bekymrer mig ikke s\u00e5 meget om fremtiden<\/title>\n<meta name=\"description\" content=\"Niels Frederiksen st\u00e5r til kontraktudl\u00f8b n\u00e6ste sommer, og der er endnu ingen afklaring p\u00e5, om han forts\u00e6tter i Br\u00f8ndby\" \/>\n<meta name=\"robots\" content=\"index, follow, max-snippet:-1, max-image-preview:large, max-video-preview:-1\" \/>\n<link rel=\"canonical\" href=\"https:\/\/acefootball.com\/da\/fodboldnyheder\/broendby-udloeb-naermer-sig-bekymrer-mig-ikke-saa-meget-om-fremtiden\/\" \/>\n<meta property=\"og:locale\" content=\"en_US\" \/>\n<meta property=\"og:type\" content=\"article\" \/>\n<meta property=\"og:title\" content=\"Br\u00f8ndby-udl\u00f8b n\u00e6rmer sig: Bekymrer mig ikke s\u00e5 meget om fremtiden\" \/>\n<meta property=\"og:description\" content=\"Niels Frederiksen st\u00e5r til kontraktudl\u00f8b n\u00e6ste sommer, og der er endnu ingen afklaring p\u00e5, om han forts\u00e6tter i Br\u00f8ndby\" \/>\n<meta property=\"og:url\" content=\"https:\/\/acefootball.com\/da\/fodboldnyheder\/broendby-udloeb-naermer-sig-bekymrer-mig-ikke-saa-meget-om-fremtiden\/\" \/>\n<meta property=\"og:site_name\" content=\"Ace Football Danmark\" \/>\n<meta property=\"article:publisher\" content=\"https:\/\/www.facebook.com\/acefootballdk\" \/>\n<meta property=\"article:published_time\" content=\"2020-11-08T09:14:09+00:00\" \/>\n<meta property=\"article:modified_time\" content=\"2020-11-08T09:14:10+00:00\" \/>\n<meta property=\"og:image\" content=\"https:\/\/acefootball.com\/da\/wp-content\/uploads\/sites\/2\/2020\/11\/Broendby-11.jpg\" \/>\n\t<meta property=\"og:image:width\" content=\"1920\" \/>\n\t<meta property=\"og:image:height\" content=\"1008\" \/>\n\t<meta property=\"og:image:type\" content=\"image\/jpeg\" \/>\n<meta name=\"twitter:card\" content=\"summary_large_image\" \/>\n<meta name=\"twitter:label1\" content=\"Written by\" \/>\n\t<meta name=\"twitter:data1\" content=\"Mads Dreyer\" \/>\n\t<meta name=\"twitter:label2\" content=\"Est. reading time\" \/>\n\t<meta name=\"twitter:data2\" content=\"1 minute\" \/>\n<script type=\"application\/ld+json\" class=\"yoast-schema-graph\">{\"@context\":\"https:\/\/schema.org\",\"@graph\":[{\"@type\":\"Organization\",\"@id\":\"https:\/\/acefootball.com\/da\/#organization\",\"name\":\"Ace Football\",\"url\":\"https:\/\/acefootball.com\/da\/\",\"sameAs\":[\"https:\/\/www.facebook.com\/acefootballdk\"],\"logo\":{\"@type\":\"ImageObject\",\"@id\":\"https:\/\/acefootball.com\/da\/#logo\",\"inLanguage\":\"en-US\",\"url\":\"https:\/\/acefootball.com\/da\/wp-content\/uploads\/sites\/2\/2020\/07\/Ace-Football-30-07-2020-2.png\",\"contentUrl\":\"https:\/\/acefootball.com\/da\/wp-content\/uploads\/sites\/2\/2020\/07\/Ace-Football-30-07-2020-2.png\",\"width\":1200,\"height\":600,\"caption\":\"Ace Football\"},\"image\":{\"@id\":\"https:\/\/acefootball.com\/da\/#logo\"}},{\"@type\":\"WebSite\",\"@id\":\"https:\/\/acefootball.com\/da\/#website\",\"url\":\"https:\/\/acefootball.com\/da\/\",\"name\":\"Ace Football Danmark\",\"description\":\"Nyheder, Spiltips &amp; Livescore\",\"publisher\":{\"@id\":\"https:\/\/acefootball.com\/da\/#organization\"},\"potentialAction\":[{\"@type\":\"SearchAction\",\"target\":{\"@type\":\"EntryPoint\",\"urlTemplate\":\"https:\/\/acefootball.com\/da\/?s={search_term_string}\"},\"query-input\":\"required name=search_term_string\"}],\"inLanguage\":\"en-US\"},{\"@type\":\"ImageObject\",\"@id\":\"https:\/\/acefootball.com\/da\/fodboldnyheder\/broendby-udloeb-naermer-sig-bekymrer-mig-ikke-saa-meget-om-fremtiden\/#primaryimage\",\"inLanguage\":\"en-US\",\"url\":\"https:\/\/acefootball.com\/da\/wp-content\/uploads\/sites\/2\/2020\/11\/Broendby-11.jpg\",\"contentUrl\":\"https:\/\/acefootball.com\/da\/wp-content\/uploads\/sites\/2\/2020\/11\/Broendby-11.jpg\",\"width\":1920,\"height\":1008},{\"@type\":\"WebPage\",\"@id\":\"https:\/\/acefootball.com\/da\/fodboldnyheder\/broendby-udloeb-naermer-sig-bekymrer-mig-ikke-saa-meget-om-fremtiden\/#webpage\",\"url\":\"https:\/\/acefootball.com\/da\/fodboldnyheder\/broendby-udloeb-naermer-sig-bekymrer-mig-ikke-saa-meget-om-fremtiden\/\",\"name\":\"Br\u00f8ndby-udl\u00f8b n\u00e6rmer sig: Bekymrer mig ikke s\u00e5 meget om fremtiden\",\"isPartOf\":{\"@id\":\"https:\/\/acefootball.com\/da\/#website\"},\"primaryImageOfPage\":{\"@id\":\"https:\/\/acefootball.com\/da\/fodboldnyheder\/broendby-udloeb-naermer-sig-bekymrer-mig-ikke-saa-meget-om-fremtiden\/#primaryimage\"},\"datePublished\":\"2020-11-08T09:14:09+00:00\",\"dateModified\":\"2020-11-08T09:14:10+00:00\",\"description\":\"Niels Frederiksen st\u00e5r til kontraktudl\u00f8b n\u00e6ste sommer, og der er endnu ingen afklaring p\u00e5, om han forts\u00e6tter i Br\u00f8ndby\",\"breadcrumb\":{\"@id\":\"https:\/\/acefootball.com\/da\/fodboldnyheder\/broendby-udloeb-naermer-sig-bekymrer-mig-ikke-saa-meget-om-fremtiden\/#breadcrumb\"},\"inLanguage\":\"en-US\",\"potentialAction\":[{\"@type\":\"ReadAction\",\"target\":[\"https:\/\/acefootball.com\/da\/fodboldnyheder\/broendby-udloeb-naermer-sig-bekymrer-mig-ikke-saa-meget-om-fremtiden\/\"]}]},{\"@type\":\"BreadcrumbList\",\"@id\":\"https:\/\/acefootball.com\/da\/fodboldnyheder\/broendby-udloeb-naermer-sig-bekymrer-mig-ikke-saa-meget-om-fremtiden\/#breadcrumb\",\"itemListElement\":[{\"@type\":\"ListItem\",\"position\":1,\"name\":\"Home\",\"item\":\"https:\/\/acefootball.com\/da\/\"},{\"@type\":\"ListItem\",\"position\":2,\"name\":\"Br\u00f8ndby-udl\u00f8b n\u00e6rmer sig: Bekymrer mig ikke s\u00e5 meget om fremtiden\"}]},{\"@type\":\"Article\",\"@id\":\"https:\/\/acefootball.com\/da\/fodboldnyheder\/broendby-udloeb-naermer-sig-bekymrer-mig-ikke-saa-meget-om-fremtiden\/#article\",\"isPartOf\":{\"@id\":\"https:\/\/acefootball.com\/da\/fodboldnyheder\/broendby-udloeb-naermer-sig-bekymrer-mig-ikke-saa-meget-om-fremtiden\/#webpage\"},\"author\":{\"@id\":\"https:\/\/acefootball.com\/da\/#\/schema\/person\/ee67e9cf04a276f144100ffa722f10cd\"},\"headline\":\"Br\u00f8ndby-udl\u00f8b n\u00e6rmer sig: Bekymrer mig ikke s\u00e5 meget om fremtiden\",\"datePublished\":\"2020-11-08T09:14:09+00:00\",\"dateModified\":\"2020-11-08T09:14:10+00:00\",\"mainEntityOfPage\":{\"@id\":\"https:\/\/acefootball.com\/da\/fodboldnyheder\/broendby-udloeb-naermer-sig-bekymrer-mig-ikke-saa-meget-om-fremtiden\/#webpage\"},\"wordCount\":239,\"commentCount\":0,\"publisher\":{\"@id\":\"https:\/\/acefootball.com\/da\/#organization\"},\"image\":{\"@id\":\"https:\/\/acefootball.com\/da\/fodboldnyheder\/broendby-udloeb-naermer-sig-bekymrer-mig-ikke-saa-meget-om-fremtiden\/#primaryimage\"},\"thumbnailUrl\":\"https:\/\/acefootball.com\/da\/wp-content\/uploads\/sites\/2\/2020\/08\/GettyImages-1204364047.jpg\",\"keywords\":[\"Br\u00f8ndby IF\",\"Niels Frederiksen\",\"Superligaen\"],\"articleSection\":[\"Udtalelse\"],\"inLanguage\":\"en-US\",\"potentialAction\":[{\"@type\":\"CommentAction\",\"name\":\"Comment\",\"target\":[\"https:\/\/acefootball.com\/da\/fodboldnyheder\/broendby-udloeb-naermer-sig-bekymrer-mig-ikke-saa-meget-om-fremtiden\/#respond\"]}]},{\"@type\":\"Person\",\"@id\":\"https:\/\/acefootball.com\/da\/#\/schema\/person\/ee67e9cf04a276f144100ffa722f10cd\",\"name\":\"Mads Dreyer\",\"image\":{\"@type\":\"ImageObject\",\"@id\":\"https:\/\/acefootball.com\/da\/#personlogo\",\"inLanguage\":\"en-US\",\"url\":\"https:\/\/secure.gravatar.com\/avatar\/7c7abf72cfde9902b6a60efe60c88d4c?s=96&d=mm&r=g\",\"contentUrl\":\"https:\/\/secure.gravatar.com\/avatar\/7c7abf72cfde9902b6a60efe60c88d4c?s=96&d=mm&r=g\",\"caption\":\"Mads Dreyer\"},\"description\":\"Skribent og fodboldn\u00f8rd, der lige nu fort\u00e6ller om alt og intet i fodboldverdenen p\u00e5 acefootball.com. Uddannet i kommunikation fra Aalborg Universitet.\",\"sameAs\":[\"https:\/\/www.linkedin.com\/in\/mads-dreyer-b9b08266\/\"],\"url\":\"https:\/\/acefootball.com\/da\/fodboldnyheder\/author\/mdnronaldo\/\"}]}<\/script>\n<!-- \/ Yoast SEO plugin. -->","yoast_head_json":{"title":"Br\u00f8ndby-udl\u00f8b n\u00e6rmer sig: Bekymrer mig ikke s\u00e5 meget om fremtiden","description":"Niels Frederiksen st\u00e5r til kontraktudl\u00f8b n\u00e6ste sommer, og der er endnu ingen afklaring p\u00e5, om han forts\u00e6tter i Br\u00f8ndby","robots":{"index":"index","follow":"follow","max-snippet":"max-snippet:-1","max-image-preview":"max-image-preview:large","max-video-preview":"max-video-preview:-1"},"canonical":"https:\/\/acefootball.com\/da\/fodboldnyheder\/broendby-udloeb-naermer-sig-bekymrer-mig-ikke-saa-meget-om-fremtiden\/","og_locale":"en_US","og_type":"article","og_title":"Br\u00f8ndby-udl\u00f8b n\u00e6rmer sig: Bekymrer mig ikke s\u00e5 meget om fremtiden","og_description":"Niels Frederiksen st\u00e5r til kontraktudl\u00f8b n\u00e6ste sommer, og der er endnu ingen afklaring p\u00e5, om han forts\u00e6tter i Br\u00f8ndby","og_url":"https:\/\/acefootball.com\/da\/fodboldnyheder\/broendby-udloeb-naermer-sig-bekymrer-mig-ikke-saa-meget-om-fremtiden\/","og_site_name":"Ace Football Danmark","article_publisher":"https:\/\/www.facebook.com\/acefootballdk","article_published_time":"2020-11-08T09:14:09+00:00","article_modified_time":"2020-11-08T09:14:10+00:00","og_image":[{"width":1920,"height":1008,"url":"https:\/\/acefootball.com\/da\/wp-content\/uploads\/sites\/2\/2020\/11\/Broendby-11.jpg","type":"image\/jpeg"}],"twitter_card":"summary_large_image","twitter_misc":{"Written by":"Mads Dreyer","Est. reading time":"1 minute"},"schema":{"@context":"https:\/\/schema.org","@graph":[{"@type":"Organization","@id":"https:\/\/acefootball.com\/da\/#organization","name":"Ace Football","url":"https:\/\/acefootball.com\/da\/","sameAs":["https:\/\/www.facebook.com\/acefootballdk"],"logo":{"@type":"ImageObject","@id":"https:\/\/acefootball.com\/da\/#logo","inLanguage":"en-US","url":"https:\/\/acefootball.com\/da\/wp-content\/uploads\/sites\/2\/2020\/07\/Ace-Football-30-07-2020-2.png","contentUrl":"https:\/\/acefootball.com\/da\/wp-content\/uploads\/sites\/2\/2020\/07\/Ace-Football-30-07-2020-2.png","width":1200,"height":600,"caption":"Ace Football"},"image":{"@id":"https:\/\/acefootball.com\/da\/#logo"}},{"@type":"WebSite","@id":"https:\/\/acefootball.com\/da\/#website","url":"https:\/\/acefootball.com\/da\/","name":"Ace Football Danmark","description":"Nyheder, Spiltips &amp; Livescore","publisher":{"@id":"https:\/\/acefootball.com\/da\/#organization"},"potentialAction":[{"@type":"SearchAction","target":{"@type":"EntryPoint","urlTemplate":"https:\/\/acefootball.com\/da\/?s={search_term_string}"},"query-input":"required name=search_term_string"}],"inLanguage":"en-US"},{"@type":"ImageObject","@id":"https:\/\/acefootball.com\/da\/fodboldnyheder\/broendby-udloeb-naermer-sig-bekymrer-mig-ikke-saa-meget-om-fremtiden\/#primaryimage","inLanguage":"en-US","url":"https:\/\/acefootball.com\/da\/wp-content\/uploads\/sites\/2\/2020\/11\/Broendby-11.jpg","contentUrl":"https:\/\/acefootball.com\/da\/wp-content\/uploads\/sites\/2\/2020\/11\/Broendby-11.jpg","width":1920,"height":1008},{"@type":"WebPage","@id":"https:\/\/acefootball.com\/da\/fodboldnyheder\/broendby-udloeb-naermer-sig-bekymrer-mig-ikke-saa-meget-om-fremtiden\/#webpage","url":"https:\/\/acefootball.com\/da\/fodboldnyheder\/broendby-udloeb-naermer-sig-bekymrer-mig-ikke-saa-meget-om-fremtiden\/","name":"Br\u00f8ndby-udl\u00f8b n\u00e6rmer sig: Bekymrer mig ikke s\u00e5 meget om fremtiden","isPartOf":{"@id":"https:\/\/acefootball.com\/da\/#website"},"primaryImageOfPage":{"@id":"https:\/\/acefootball.com\/da\/fodboldnyheder\/broendby-udloeb-naermer-sig-bekymrer-mig-ikke-saa-meget-om-fremtiden\/#primaryimage"},"datePublished":"2020-11-08T09:14:09+00:00","dateModified":"2020-11-08T09:14:10+00:00","description":"Niels Frederiksen st\u00e5r til kontraktudl\u00f8b n\u00e6ste sommer, og der er endnu ingen afklaring p\u00e5, om han forts\u00e6tter i Br\u00f8ndby","breadcrumb":{"@id":"https:\/\/acefootball.com\/da\/fodboldnyheder\/broendby-udloeb-naermer-sig-bekymrer-mig-ikke-saa-meget-om-fremtiden\/#breadcrumb"},"inLanguage":"en-US","potentialAction":[{"@type":"ReadAction","target":["https:\/\/acefootball.com\/da\/fodboldnyheder\/broendby-udloeb-naermer-sig-bekymrer-mig-ikke-saa-meget-om-fremtiden\/"]}]},{"@type":"BreadcrumbList","@id":"https:\/\/acefootball.com\/da\/fodboldnyheder\/broendby-udloeb-naermer-sig-bekymrer-mig-ikke-saa-meget-om-fremtiden\/#breadcrumb","itemListElement":[{"@type":"ListItem","position":1,"name":"Home","item":"https:\/\/acefootball.com\/da\/"},{"@type":"ListItem","position":2,"name":"Br\u00f8ndby-udl\u00f8b n\u00e6rmer sig: Bekymrer mig ikke s\u00e5 meget om fremtiden"}]},{"@type":"Article","@id":"https:\/\/acefootball.com\/da\/fodboldnyheder\/broendby-udloeb-naermer-sig-bekymrer-mig-ikke-saa-meget-om-fremtiden\/#article","isPartOf":{"@id":"https:\/\/acefootball.com\/da\/fodboldnyheder\/broendby-udloeb-naermer-sig-bekymrer-mig-ikke-saa-meget-om-fremtiden\/#webpage"},"author":{"@id":"https:\/\/acefootball.com\/da\/#\/schema\/person\/ee67e9cf04a276f144100ffa722f10cd"},"headline":"Br\u00f8ndby-udl\u00f8b n\u00e6rmer sig: Bekymrer mig ikke s\u00e5 meget om fremtiden","datePublished":"2020-11-08T09:14:09+00:00","dateModified":"2020-11-08T09:14:10+00:00","mainEntityOfPage":{"@id":"https:\/\/acefootball.com\/da\/fodboldnyheder\/broendby-udloeb-naermer-sig-bekymrer-mig-ikke-saa-meget-om-fremtiden\/#webpage"},"wordCount":239,"commentCount":0,"publisher":{"@id":"https:\/\/acefootball.com\/da\/#organization"},"image":{"@id":"https:\/\/acefootball.com\/da\/fodboldnyheder\/broendby-udloeb-naermer-sig-bekymrer-mig-ikke-saa-meget-om-fremtiden\/#primaryimage"},"thumbnailUrl":"https:\/\/acefootball.com\/da\/wp-content\/uploads\/sites\/2\/2020\/08\/GettyImages-1204364047.jpg","keywords":["Br\u00f8ndby IF","Niels Frederiksen","Superligaen"],"articleSection":["Udtalelse"],"inLanguage":"en-US","potentialAction":[{"@type":"CommentAction","name":"Comment","target":["https:\/\/acefootball.com\/da\/fodboldnyheder\/broendby-udloeb-naermer-sig-bekymrer-mig-ikke-saa-meget-om-fremtiden\/#respond"]}]},{"@type":"Person","@id":"https:\/\/acefootball.com\/da\/#\/schema\/person\/ee67e9cf04a276f144100ffa722f10cd","name":"Mads Dreyer","image":{"@type":"ImageObject","@id":"https:\/\/acefootball.com\/da\/#personlogo","inLanguage":"en-US","url":"https:\/\/secure.gravatar.com\/avatar\/7c7abf72cfde9902b6a60efe60c88d4c?s=96&d=mm&r=g","contentUrl":"https:\/\/secure.gravatar.com\/avatar\/7c7abf72cfde9902b6a60efe60c88d4c?s=96&d=mm&r=g","caption":"Mads Dreyer"},"description":"Skribent og fodboldn\u00f8rd, der lige nu fort\u00e6ller om alt og intet i fodboldverdenen p\u00e5 acefootball.com. Uddannet i kommunikation fra Aalborg Universitet.","sameAs":["https:\/\/www.linkedin.com\/in\/mads-dreyer-b9b08266\/"],"url":"https:\/\/acefootball.com\/da\/fodboldnyheder\/author\/mdnronaldo\/"}]}},"fimg_url":"https:\/\/acefootball.com\/da\/wp-content\/uploads\/sites\/2\/2020\/08\/GettyImages-1204364047.jpg","_links":{"self":[{"href":"https:\/\/acefootball.com\/da\/wp-json\/wp\/v2\/posts\/242746"}],"collection":[{"href":"https:\/\/acefootball.com\/da\/wp-json\/wp\/v2\/posts"}],"about":[{"href":"https:\/\/acefootball.com\/da\/wp-json\/wp\/v2\/types\/post"}],"author":[{"embeddable":true,"href":"https:\/\/acefootball.com\/da\/wp-json\/wp\/v2\/users\/705"}],"replies":[{"embeddable":true,"href":"https:\/\/acefootball.com\/da\/wp-json\/wp\/v2\/comments?post=242746"}],"version-history":[{"count":0,"href":"https:\/\/acefootball.com\/da\/wp-json\/wp\/v2\/posts\/242746\/revisions"}],"wp:featuredmedia":[{"embeddable":true,"href":"https:\/\/acefootball.com\/da\/wp-json\/wp\/v2\/media\/235214"}],"wp:attachment":[{"href":"https:\/\/acefootball.com\/da\/wp-json\/wp\/v2\/media?parent=242746"}],"wp:term":[{"taxonomy":"category","embeddable":true,"href":"https:\/\/acefootball.com\/da\/wp-json\/wp\/v2\/categories?post=242746"},{"taxonomy":"post_tag","embeddable":true,"href":"https:\/\/acefootball.com\/da\/wp-json\/wp\/v2\/tags?post=242746"}],"curies":[{"name":"wp","href":"https:\/\/api.w.org\/{rel}","templated":true}]}}