{"id":242638,"date":"2020-11-06T21:40:11","date_gmt":"2020-11-06T20:40:11","guid":{"rendered":"https:\/\/acefootball.com\/da\/?p=242638"},"modified":"2020-11-06T21:43:28","modified_gmt":"2020-11-06T20:43:28","slug":"tidligere-fck-boss-kritiserer-rosted-karantaene","status":"publish","type":"post","link":"https:\/\/acefootball.com\/da\/fodboldnyheder\/tidligere-fck-boss-kritiserer-rosted-karantaene\/","title":{"rendered":"Tidligere FCK-boss kritiserer Rosted-karant\u00e6ne"},"content":{"rendered":"\n<h2 id=\"h-den-tidligere-bestyrelsesformand-i-fc-k-benhavn-niels-christian-holmstr-m-forst-r-ikke-tanken-bag-den-ekstra-spilledags-karant-ne-til-sigurd-rosted\">Den tidligere bestyrelsesformand i FC K\u00f8benhavn, Niels-Christian Holmstr\u00f8m, forst\u00e5r ikke tanken bag den ekstra spilledags karant\u00e6ne til Sigurd Rosted<\/h2>\n\n\n\n<p>Da Br\u00f8ndby IF i forrige Superliga-runde m\u00e5tte lide et smertefuldt nederlag til FC Midtjylland, fik det sindene i kog hos et par af hjemmeholdets spillere.<\/p>\n\n\n\n<p>Blandt andre midtstopperen Sigurd Rosted kunne ikke t\u00f8jle frustrationerne efter at have modtaget sit andet gule kort, og det gik efterf\u00f8lgende ud over en rude i spillertunnellen.<\/p>\n\n\n\n<p>Det s\u00e5 dog ikke ud til at koste nordmanden yderligere sanktioner, og karant\u00e6nen kunne dermed overst\u00e5s i sidste weekend mod AaB, men i starten af denne uge blev der langet endnu en spilledag over disken fra Disciplin\u00e6rudvalget.<\/p>\n\n\n\n<figure class=\"wp-block-embed-wordpress wp-block-embed is-type-wp-embed is-provider-ace-football-danmark\"><div class=\"wp-block-embed__wrapper\">\n<blockquote class=\"wp-embedded-content\" data-secret=\"OpGWSBa7Ay\"><a href=\"https:\/\/acefootball.com\/da\/fodboldnyheder\/tidligere-dommer-om-rosted-karantaene-fucking-emsig-parkeringsvagt-mentalitet\/\">Tidligere dommer om Rosted-karant\u00e6ne: &#8220;Fucking emsig-parkeringsvagt-mentalitet&#8221;<\/a><\/blockquote><iframe class=\"wp-embedded-content\" sandbox=\"allow-scripts\" security=\"restricted\" style=\"position: absolute; clip: rect(1px, 1px, 1px, 1px);\" title=\"&#8220;Tidligere dommer om Rosted-karant\u00e6ne: &#8220;Fucking emsig-parkeringsvagt-mentalitet&#8221;&#8221; &#8212; Ace Football Danmark\" src=\"https:\/\/acefootball.com\/da\/fodboldnyheder\/tidligere-dommer-om-rosted-karantaene-fucking-emsig-parkeringsvagt-mentalitet\/embed\/#?secret=OpGWSBa7Ay\" data-secret=\"OpGWSBa7Ay\" width=\"600\" height=\"338\" frameborder=\"0\" marginwidth=\"0\" marginheight=\"0\" scrolling=\"no\"><\/iframe>\n<\/div><\/figure>\n\n\n\n<p>Den beslutning har m\u00f8dt stor kritik fra Vestegnen, og det g\u00f8r den nu ogs\u00e5 fra en mange\u00e5rig \u00e6rkerival.<\/p>\n\n\n\n<p>Den tidligere bestyrelsesformand i FC K\u00f8benhavn, Niels-Christian Holmstr\u00f8m, er ikke tilh\u00e6nger af, at der g\u00e5r s\u00e5 lang tid, f\u00f8r en yderligere karant\u00e6ne bliver tildelt.<\/p>\n\n\n\n<p>&#8220;Det virker en lille smule lemf\u00e6ldigt, m\u00e5 jeg sige. Hvis en spiller bliver vist ud, skal han forlade banen i god ro og orden, og der er det bare s\u00e5dan, at hvis spilleren foretager sig noget over for dommerne eller omgivelserne, som man karakteriserer som usportslig opf\u00f8rsel, s\u00e5 skal det med det samme sanktioneres,&#8221; udtaler Holmstr\u00f8m til <a href=\"https:\/\/www.eurosport.dk\/all-sports\/holmstrom-om-disciplinaerudvalgets-behandling-af-rosted-sagen-virker-tilfaeldigt-og-lemfaeldigt_vid1378529\/video.shtml\" target=\"_blank\" rel=\"noreferrer noopener\">Eurosport<\/a>.<\/p>\n\n\n\n<figure class=\"wp-block-embed-wordpress wp-block-embed is-type-wp-embed is-provider-ace-football-danmark\"><div class=\"wp-block-embed__wrapper\">\n<blockquote class=\"wp-embedded-content\" data-secret=\"0Ic5vlkYsY\"><a href=\"https:\/\/acefootball.com\/da\/fodboldnyheder\/broendby-faar-roeg-for-twitter-opslag-naesten-paa-2-divisionsniveau\/\">Br\u00f8ndby f\u00e5r r\u00f8g for Twitter-opslag: &#8216;N\u00e6sten p\u00e5 2. divisionsniveau&#8217;<\/a><\/blockquote><iframe class=\"wp-embedded-content\" sandbox=\"allow-scripts\" security=\"restricted\" style=\"position: absolute; clip: rect(1px, 1px, 1px, 1px);\" title=\"&#8220;Br\u00f8ndby f\u00e5r r\u00f8g for Twitter-opslag: &#8216;N\u00e6sten p\u00e5 2. divisionsniveau&#8217;&#8221; &#8212; Ace Football Danmark\" src=\"https:\/\/acefootball.com\/da\/fodboldnyheder\/broendby-faar-roeg-for-twitter-opslag-naesten-paa-2-divisionsniveau\/embed\/#?secret=0Ic5vlkYsY\" data-secret=\"0Ic5vlkYsY\" width=\"600\" height=\"338\" frameborder=\"0\" marginwidth=\"0\" marginheight=\"0\" scrolling=\"no\"><\/iframe>\n<\/div><\/figure>\n\n\n\n<p>&#8220;For mig virkelig det \u00e6rligt talt en lille smule tilf\u00e6ldigt og lemf\u00e6ldigt, at man stanger den automatiske karant\u00e6ne ud for det r\u00f8de kort, og s\u00e5 kommer der en f\u00f8lgestraf p\u00e5 yderligere en spilledag en uge efter ud af det bl\u00e5.&#8221;<\/p>\n\n\n\n<p>Karant\u00e6nen st\u00e5r dog ved magt, og dermed er Sigurd Rosted heller ikke med, n\u00e5r Br\u00f8ndby p\u00e5 s\u00f8ndag tager imod OB.<\/p>\n","protected":false},"excerpt":{"rendered":"<p>Tidligere bestyrelsesformand i FCK, Niels-Christian Holmstr\u00f8m, forst\u00e5r ikke tanken bag den ekstra spilledags karant\u00e6ne til Sigurd Rosted<\/p>\n","protected":false},"author":705,"featured_media":241379,"comment_status":"open","ping_status":"closed","sticky":false,"template":"","format":"standard","meta":{"om_disable_all_campaigns":false,"push_articles_ronaldo":{"active":false,"canonical":0,"publish":false},"force_updates":null},"categories":[8060],"tags":[53,7818,588],"enet_tags":{"team":["8595"],"player":["535466"],"league":["46"],"sport_events":[]},"yoast_head":"<!-- This site is optimized with the Yoast SEO plugin v18.3 - https:\/\/yoast.com\/wordpress\/plugins\/seo\/ -->\n<title>Tidligere FCK-boss kritiserer Rosted-karant\u00e6ne<\/title>\n<meta name=\"description\" content=\"Tidligere bestyrelsesformand i FCK, Niels-Christian Holmstr\u00f8m, forst\u00e5r ikke tanken bag den ekstra spilledags karant\u00e6ne til Sigurd Rosted\" \/>\n<meta name=\"robots\" content=\"index, follow, max-snippet:-1, max-image-preview:large, max-video-preview:-1\" \/>\n<link rel=\"canonical\" href=\"https:\/\/acefootball.com\/da\/fodboldnyheder\/tidligere-fck-boss-kritiserer-rosted-karantaene\/\" \/>\n<meta property=\"og:locale\" content=\"en_US\" \/>\n<meta property=\"og:type\" content=\"article\" \/>\n<meta property=\"og:title\" content=\"Tidligere FCK-boss kritiserer Rosted-karant\u00e6ne\" \/>\n<meta property=\"og:description\" content=\"Tidligere bestyrelsesformand i FCK, Niels-Christian Holmstr\u00f8m, forst\u00e5r ikke tanken bag den ekstra spilledags karant\u00e6ne til Sigurd Rosted\" \/>\n<meta property=\"og:url\" content=\"https:\/\/acefootball.com\/da\/fodboldnyheder\/tidligere-fck-boss-kritiserer-rosted-karantaene\/\" \/>\n<meta property=\"og:site_name\" content=\"Ace Football Danmark\" \/>\n<meta property=\"article:publisher\" content=\"https:\/\/www.facebook.com\/acefootballdk\" \/>\n<meta property=\"article:published_time\" content=\"2020-11-06T20:40:11+00:00\" \/>\n<meta property=\"article:modified_time\" content=\"2020-11-06T20:43:28+00:00\" \/>\n<meta property=\"og:image\" content=\"https:\/\/acefootball.com\/da\/wp-content\/uploads\/sites\/2\/2020\/11\/Ace-6-3.jpg\" \/>\n\t<meta property=\"og:image:width\" content=\"1920\" \/>\n\t<meta property=\"og:image:height\" content=\"1008\" \/>\n\t<meta property=\"og:image:type\" content=\"image\/jpeg\" \/>\n<meta name=\"twitter:card\" content=\"summary_large_image\" \/>\n<meta name=\"twitter:label1\" content=\"Written by\" \/>\n\t<meta name=\"twitter:data1\" content=\"Mads Dreyer\" \/>\n\t<meta name=\"twitter:label2\" content=\"Est. reading time\" \/>\n\t<meta name=\"twitter:data2\" content=\"2 minutes\" \/>\n<script type=\"application\/ld+json\" class=\"yoast-schema-graph\">{\"@context\":\"https:\/\/schema.org\",\"@graph\":[{\"@type\":\"Organization\",\"@id\":\"https:\/\/acefootball.com\/da\/#organization\",\"name\":\"Ace Football\",\"url\":\"https:\/\/acefootball.com\/da\/\",\"sameAs\":[\"https:\/\/www.facebook.com\/acefootballdk\"],\"logo\":{\"@type\":\"ImageObject\",\"@id\":\"https:\/\/acefootball.com\/da\/#logo\",\"inLanguage\":\"en-US\",\"url\":\"https:\/\/acefootball.com\/da\/wp-content\/uploads\/sites\/2\/2020\/07\/Ace-Football-30-07-2020-2.png\",\"contentUrl\":\"https:\/\/acefootball.com\/da\/wp-content\/uploads\/sites\/2\/2020\/07\/Ace-Football-30-07-2020-2.png\",\"width\":1200,\"height\":600,\"caption\":\"Ace Football\"},\"image\":{\"@id\":\"https:\/\/acefootball.com\/da\/#logo\"}},{\"@type\":\"WebSite\",\"@id\":\"https:\/\/acefootball.com\/da\/#website\",\"url\":\"https:\/\/acefootball.com\/da\/\",\"name\":\"Ace Football Danmark\",\"description\":\"Nyheder, Spiltips &amp; Livescore\",\"publisher\":{\"@id\":\"https:\/\/acefootball.com\/da\/#organization\"},\"potentialAction\":[{\"@type\":\"SearchAction\",\"target\":{\"@type\":\"EntryPoint\",\"urlTemplate\":\"https:\/\/acefootball.com\/da\/?s={search_term_string}\"},\"query-input\":\"required name=search_term_string\"}],\"inLanguage\":\"en-US\"},{\"@type\":\"ImageObject\",\"@id\":\"https:\/\/acefootball.com\/da\/fodboldnyheder\/tidligere-fck-boss-kritiserer-rosted-karantaene\/#primaryimage\",\"inLanguage\":\"en-US\",\"url\":\"https:\/\/acefootball.com\/da\/wp-content\/uploads\/sites\/2\/2020\/11\/Ace-6-3.jpg\",\"contentUrl\":\"https:\/\/acefootball.com\/da\/wp-content\/uploads\/sites\/2\/2020\/11\/Ace-6-3.jpg\",\"width\":1920,\"height\":1008},{\"@type\":\"WebPage\",\"@id\":\"https:\/\/acefootball.com\/da\/fodboldnyheder\/tidligere-fck-boss-kritiserer-rosted-karantaene\/#webpage\",\"url\":\"https:\/\/acefootball.com\/da\/fodboldnyheder\/tidligere-fck-boss-kritiserer-rosted-karantaene\/\",\"name\":\"Tidligere FCK-boss kritiserer Rosted-karant\u00e6ne\",\"isPartOf\":{\"@id\":\"https:\/\/acefootball.com\/da\/#website\"},\"primaryImageOfPage\":{\"@id\":\"https:\/\/acefootball.com\/da\/fodboldnyheder\/tidligere-fck-boss-kritiserer-rosted-karantaene\/#primaryimage\"},\"datePublished\":\"2020-11-06T20:40:11+00:00\",\"dateModified\":\"2020-11-06T20:43:28+00:00\",\"description\":\"Tidligere bestyrelsesformand i FCK, Niels-Christian Holmstr\u00f8m, forst\u00e5r ikke tanken bag den ekstra spilledags karant\u00e6ne til Sigurd Rosted\",\"breadcrumb\":{\"@id\":\"https:\/\/acefootball.com\/da\/fodboldnyheder\/tidligere-fck-boss-kritiserer-rosted-karantaene\/#breadcrumb\"},\"inLanguage\":\"en-US\",\"potentialAction\":[{\"@type\":\"ReadAction\",\"target\":[\"https:\/\/acefootball.com\/da\/fodboldnyheder\/tidligere-fck-boss-kritiserer-rosted-karantaene\/\"]}]},{\"@type\":\"BreadcrumbList\",\"@id\":\"https:\/\/acefootball.com\/da\/fodboldnyheder\/tidligere-fck-boss-kritiserer-rosted-karantaene\/#breadcrumb\",\"itemListElement\":[{\"@type\":\"ListItem\",\"position\":1,\"name\":\"Home\",\"item\":\"https:\/\/acefootball.com\/da\/\"},{\"@type\":\"ListItem\",\"position\":2,\"name\":\"Tidligere FCK-boss kritiserer Rosted-karant\u00e6ne\"}]},{\"@type\":\"Article\",\"@id\":\"https:\/\/acefootball.com\/da\/fodboldnyheder\/tidligere-fck-boss-kritiserer-rosted-karantaene\/#article\",\"isPartOf\":{\"@id\":\"https:\/\/acefootball.com\/da\/fodboldnyheder\/tidligere-fck-boss-kritiserer-rosted-karantaene\/#webpage\"},\"author\":{\"@id\":\"https:\/\/acefootball.com\/da\/#\/schema\/person\/ee67e9cf04a276f144100ffa722f10cd\"},\"headline\":\"Tidligere FCK-boss kritiserer Rosted-karant\u00e6ne\",\"datePublished\":\"2020-11-06T20:40:11+00:00\",\"dateModified\":\"2020-11-06T20:43:28+00:00\",\"mainEntityOfPage\":{\"@id\":\"https:\/\/acefootball.com\/da\/fodboldnyheder\/tidligere-fck-boss-kritiserer-rosted-karantaene\/#webpage\"},\"wordCount\":320,\"commentCount\":0,\"publisher\":{\"@id\":\"https:\/\/acefootball.com\/da\/#organization\"},\"image\":{\"@id\":\"https:\/\/acefootball.com\/da\/fodboldnyheder\/tidligere-fck-boss-kritiserer-rosted-karantaene\/#primaryimage\"},\"thumbnailUrl\":\"https:\/\/acefootball.com\/da\/wp-content\/uploads\/sites\/2\/2020\/10\/GettyImages-1229259688.jpg\",\"keywords\":[\"Br\u00f8ndby IF\",\"Sigurd Rosted\",\"Superligaen\"],\"articleSection\":[\"Reaktion\"],\"inLanguage\":\"en-US\",\"potentialAction\":[{\"@type\":\"CommentAction\",\"name\":\"Comment\",\"target\":[\"https:\/\/acefootball.com\/da\/fodboldnyheder\/tidligere-fck-boss-kritiserer-rosted-karantaene\/#respond\"]}]},{\"@type\":\"Person\",\"@id\":\"https:\/\/acefootball.com\/da\/#\/schema\/person\/ee67e9cf04a276f144100ffa722f10cd\",\"name\":\"Mads Dreyer\",\"image\":{\"@type\":\"ImageObject\",\"@id\":\"https:\/\/acefootball.com\/da\/#personlogo\",\"inLanguage\":\"en-US\",\"url\":\"https:\/\/secure.gravatar.com\/avatar\/7c7abf72cfde9902b6a60efe60c88d4c?s=96&d=mm&r=g\",\"contentUrl\":\"https:\/\/secure.gravatar.com\/avatar\/7c7abf72cfde9902b6a60efe60c88d4c?s=96&d=mm&r=g\",\"caption\":\"Mads Dreyer\"},\"description\":\"Skribent og fodboldn\u00f8rd, der lige nu fort\u00e6ller om alt og intet i fodboldverdenen p\u00e5 acefootball.com. Uddannet i kommunikation fra Aalborg Universitet.\",\"sameAs\":[\"https:\/\/www.linkedin.com\/in\/mads-dreyer-b9b08266\/\"],\"url\":\"https:\/\/acefootball.com\/da\/fodboldnyheder\/author\/mdnronaldo\/\"}]}<\/script>\n<!-- \/ Yoast SEO plugin. -->","yoast_head_json":{"title":"Tidligere FCK-boss kritiserer Rosted-karant\u00e6ne","description":"Tidligere bestyrelsesformand i FCK, Niels-Christian Holmstr\u00f8m, forst\u00e5r ikke tanken bag den ekstra spilledags karant\u00e6ne til Sigurd Rosted","robots":{"index":"index","follow":"follow","max-snippet":"max-snippet:-1","max-image-preview":"max-image-preview:large","max-video-preview":"max-video-preview:-1"},"canonical":"https:\/\/acefootball.com\/da\/fodboldnyheder\/tidligere-fck-boss-kritiserer-rosted-karantaene\/","og_locale":"en_US","og_type":"article","og_title":"Tidligere FCK-boss kritiserer Rosted-karant\u00e6ne","og_description":"Tidligere bestyrelsesformand i FCK, Niels-Christian Holmstr\u00f8m, forst\u00e5r ikke tanken bag den ekstra spilledags karant\u00e6ne til Sigurd Rosted","og_url":"https:\/\/acefootball.com\/da\/fodboldnyheder\/tidligere-fck-boss-kritiserer-rosted-karantaene\/","og_site_name":"Ace Football Danmark","article_publisher":"https:\/\/www.facebook.com\/acefootballdk","article_published_time":"2020-11-06T20:40:11+00:00","article_modified_time":"2020-11-06T20:43:28+00:00","og_image":[{"width":1920,"height":1008,"url":"https:\/\/acefootball.com\/da\/wp-content\/uploads\/sites\/2\/2020\/11\/Ace-6-3.jpg","type":"image\/jpeg"}],"twitter_card":"summary_large_image","twitter_misc":{"Written by":"Mads Dreyer","Est. reading time":"2 minutes"},"schema":{"@context":"https:\/\/schema.org","@graph":[{"@type":"Organization","@id":"https:\/\/acefootball.com\/da\/#organization","name":"Ace Football","url":"https:\/\/acefootball.com\/da\/","sameAs":["https:\/\/www.facebook.com\/acefootballdk"],"logo":{"@type":"ImageObject","@id":"https:\/\/acefootball.com\/da\/#logo","inLanguage":"en-US","url":"https:\/\/acefootball.com\/da\/wp-content\/uploads\/sites\/2\/2020\/07\/Ace-Football-30-07-2020-2.png","contentUrl":"https:\/\/acefootball.com\/da\/wp-content\/uploads\/sites\/2\/2020\/07\/Ace-Football-30-07-2020-2.png","width":1200,"height":600,"caption":"Ace Football"},"image":{"@id":"https:\/\/acefootball.com\/da\/#logo"}},{"@type":"WebSite","@id":"https:\/\/acefootball.com\/da\/#website","url":"https:\/\/acefootball.com\/da\/","name":"Ace Football Danmark","description":"Nyheder, Spiltips &amp; Livescore","publisher":{"@id":"https:\/\/acefootball.com\/da\/#organization"},"potentialAction":[{"@type":"SearchAction","target":{"@type":"EntryPoint","urlTemplate":"https:\/\/acefootball.com\/da\/?s={search_term_string}"},"query-input":"required name=search_term_string"}],"inLanguage":"en-US"},{"@type":"ImageObject","@id":"https:\/\/acefootball.com\/da\/fodboldnyheder\/tidligere-fck-boss-kritiserer-rosted-karantaene\/#primaryimage","inLanguage":"en-US","url":"https:\/\/acefootball.com\/da\/wp-content\/uploads\/sites\/2\/2020\/11\/Ace-6-3.jpg","contentUrl":"https:\/\/acefootball.com\/da\/wp-content\/uploads\/sites\/2\/2020\/11\/Ace-6-3.jpg","width":1920,"height":1008},{"@type":"WebPage","@id":"https:\/\/acefootball.com\/da\/fodboldnyheder\/tidligere-fck-boss-kritiserer-rosted-karantaene\/#webpage","url":"https:\/\/acefootball.com\/da\/fodboldnyheder\/tidligere-fck-boss-kritiserer-rosted-karantaene\/","name":"Tidligere FCK-boss kritiserer Rosted-karant\u00e6ne","isPartOf":{"@id":"https:\/\/acefootball.com\/da\/#website"},"primaryImageOfPage":{"@id":"https:\/\/acefootball.com\/da\/fodboldnyheder\/tidligere-fck-boss-kritiserer-rosted-karantaene\/#primaryimage"},"datePublished":"2020-11-06T20:40:11+00:00","dateModified":"2020-11-06T20:43:28+00:00","description":"Tidligere bestyrelsesformand i FCK, Niels-Christian Holmstr\u00f8m, forst\u00e5r ikke tanken bag den ekstra spilledags karant\u00e6ne til Sigurd Rosted","breadcrumb":{"@id":"https:\/\/acefootball.com\/da\/fodboldnyheder\/tidligere-fck-boss-kritiserer-rosted-karantaene\/#breadcrumb"},"inLanguage":"en-US","potentialAction":[{"@type":"ReadAction","target":["https:\/\/acefootball.com\/da\/fodboldnyheder\/tidligere-fck-boss-kritiserer-rosted-karantaene\/"]}]},{"@type":"BreadcrumbList","@id":"https:\/\/acefootball.com\/da\/fodboldnyheder\/tidligere-fck-boss-kritiserer-rosted-karantaene\/#breadcrumb","itemListElement":[{"@type":"ListItem","position":1,"name":"Home","item":"https:\/\/acefootball.com\/da\/"},{"@type":"ListItem","position":2,"name":"Tidligere FCK-boss kritiserer Rosted-karant\u00e6ne"}]},{"@type":"Article","@id":"https:\/\/acefootball.com\/da\/fodboldnyheder\/tidligere-fck-boss-kritiserer-rosted-karantaene\/#article","isPartOf":{"@id":"https:\/\/acefootball.com\/da\/fodboldnyheder\/tidligere-fck-boss-kritiserer-rosted-karantaene\/#webpage"},"author":{"@id":"https:\/\/acefootball.com\/da\/#\/schema\/person\/ee67e9cf04a276f144100ffa722f10cd"},"headline":"Tidligere FCK-boss kritiserer Rosted-karant\u00e6ne","datePublished":"2020-11-06T20:40:11+00:00","dateModified":"2020-11-06T20:43:28+00:00","mainEntityOfPage":{"@id":"https:\/\/acefootball.com\/da\/fodboldnyheder\/tidligere-fck-boss-kritiserer-rosted-karantaene\/#webpage"},"wordCount":320,"commentCount":0,"publisher":{"@id":"https:\/\/acefootball.com\/da\/#organization"},"image":{"@id":"https:\/\/acefootball.com\/da\/fodboldnyheder\/tidligere-fck-boss-kritiserer-rosted-karantaene\/#primaryimage"},"thumbnailUrl":"https:\/\/acefootball.com\/da\/wp-content\/uploads\/sites\/2\/2020\/10\/GettyImages-1229259688.jpg","keywords":["Br\u00f8ndby IF","Sigurd Rosted","Superligaen"],"articleSection":["Reaktion"],"inLanguage":"en-US","potentialAction":[{"@type":"CommentAction","name":"Comment","target":["https:\/\/acefootball.com\/da\/fodboldnyheder\/tidligere-fck-boss-kritiserer-rosted-karantaene\/#respond"]}]},{"@type":"Person","@id":"https:\/\/acefootball.com\/da\/#\/schema\/person\/ee67e9cf04a276f144100ffa722f10cd","name":"Mads Dreyer","image":{"@type":"ImageObject","@id":"https:\/\/acefootball.com\/da\/#personlogo","inLanguage":"en-US","url":"https:\/\/secure.gravatar.com\/avatar\/7c7abf72cfde9902b6a60efe60c88d4c?s=96&d=mm&r=g","contentUrl":"https:\/\/secure.gravatar.com\/avatar\/7c7abf72cfde9902b6a60efe60c88d4c?s=96&d=mm&r=g","caption":"Mads Dreyer"},"description":"Skribent og fodboldn\u00f8rd, der lige nu fort\u00e6ller om alt og intet i fodboldverdenen p\u00e5 acefootball.com. Uddannet i kommunikation fra Aalborg Universitet.","sameAs":["https:\/\/www.linkedin.com\/in\/mads-dreyer-b9b08266\/"],"url":"https:\/\/acefootball.com\/da\/fodboldnyheder\/author\/mdnronaldo\/"}]}},"fimg_url":"https:\/\/acefootball.com\/da\/wp-content\/uploads\/sites\/2\/2020\/10\/GettyImages-1229259688.jpg","_links":{"self":[{"href":"https:\/\/acefootball.com\/da\/wp-json\/wp\/v2\/posts\/242638"}],"collection":[{"href":"https:\/\/acefootball.com\/da\/wp-json\/wp\/v2\/posts"}],"about":[{"href":"https:\/\/acefootball.com\/da\/wp-json\/wp\/v2\/types\/post"}],"author":[{"embeddable":true,"href":"https:\/\/acefootball.com\/da\/wp-json\/wp\/v2\/users\/705"}],"replies":[{"embeddable":true,"href":"https:\/\/acefootball.com\/da\/wp-json\/wp\/v2\/comments?post=242638"}],"version-history":[{"count":0,"href":"https:\/\/acefootball.com\/da\/wp-json\/wp\/v2\/posts\/242638\/revisions"}],"wp:featuredmedia":[{"embeddable":true,"href":"https:\/\/acefootball.com\/da\/wp-json\/wp\/v2\/media\/241379"}],"wp:attachment":[{"href":"https:\/\/acefootball.com\/da\/wp-json\/wp\/v2\/media?parent=242638"}],"wp:term":[{"taxonomy":"category","embeddable":true,"href":"https:\/\/acefootball.com\/da\/wp-json\/wp\/v2\/categories?post=242638"},{"taxonomy":"post_tag","embeddable":true,"href":"https:\/\/acefootball.com\/da\/wp-json\/wp\/v2\/tags?post=242638"}],"curies":[{"name":"wp","href":"https:\/\/api.w.org\/{rel}","templated":true}]}}