{"id":242607,"date":"2020-11-06T15:42:19","date_gmt":"2020-11-06T14:42:19","guid":{"rendered":"https:\/\/acefootball.com\/da\/?p=242607"},"modified":"2020-11-06T15:42:20","modified_gmt":"2020-11-06T14:42:20","slug":"liverpool-stjerne-ikke-klar-til-verdens-svaereste-kamp","status":"publish","type":"post","link":"https:\/\/acefootball.com\/da\/fodboldnyheder\/liverpool-stjerne-ikke-klar-til-verdens-svaereste-kamp\/","title":{"rendered":"Liverpool-stjerne ikke klar til &#8216;verdens sv\u00e6reste kamp&#8217;"},"content":{"rendered":"\n<h2 id=\"h-thiago-alcantara-bliver-ikke-klar-for-liverpool-til-s-ndagens-kamp-mod-manchester-city-som-klopp-kalder-for-verdens-sv-reste-kamp\">Thiago Alcantara bliver ikke klar for Liverpool til s\u00f8ndagens kamp mod Manchester City, som Klopp kalder for verdens sv\u00e6reste kamp<\/h2>\n\n\n\n<div class=\"wp-block-si-widget wp-block-si-widget--center\"><si-lb-widget widget-id=\"MatchInfoWithOdds\" data-nopadding=\"true\" data-card=\"true\" width=\"440\" data-event-id=\"3411425\" data-provider=\"mrgreen\" data-theme-appearance=\"dark\"><\/si-lb-widget><\/div>\n\n\n\n<p>P\u00e5 s\u00f8ndag venter en &#8216;ny-klassiker&#8217; i engelsk fodbold, n\u00e5r Manchester City og Liverpool brager sammen p\u00e5 Etihad Stadium.<\/p>\n\n\n\n<p>Liverpool har haft et godt tag p\u00e5 titelrivalerne de senere \u00e5r, men denne gang er man uden et par n\u00f8glespillere. Virgil van Dijk er som bekendt langtidsskadet, og nu fort\u00e6ller J\u00fcrgen Klopp, at nyindk\u00f8bet Thiago Alcantara heller ikke n\u00e5r at blive klar efter sin skade mod Everton.<\/p>\n\n\n\n<p>&#8220;Det var en h\u00e5rd tackling direkte mod benet, men det bliver bedre. Han er ikke ude meget l\u00e6ngere, men jeg tror ikke, han bliver klar til denne (mod Manchester City, red.)&#8221; melder Klopp p\u00e5 <a href=\"https:\/\/www.liverpoolfc.com\/news\/first-team\/415077-jurgen-klopp-injury-update-manchester-city\" target=\"_blank\" rel=\"noreferrer noopener\">klubbens hjemmeside<\/a>.<\/p>\n\n\n\n<figure class=\"wp-block-embed-wordpress wp-block-embed is-type-wp-embed is-provider-ace-football-danmark\"><div class=\"wp-block-embed__wrapper\">\n<blockquote class=\"wp-embedded-content\" data-secret=\"sirY5E4WUU\"><a href=\"https:\/\/acefootball.com\/da\/fodboldnyheder\/hylende-morsomt-liverpool-stjerne-faar-tunnel-og-bold-i-kuglerne-til-traening\/\">Hylende morsomt: Liverpool-stjerne f\u00e5r tunnel og bold i kuglerne til tr\u00e6ning<\/a><\/blockquote><iframe class=\"wp-embedded-content\" sandbox=\"allow-scripts\" security=\"restricted\" style=\"position: absolute; clip: rect(1px, 1px, 1px, 1px);\" title=\"&#8220;Hylende morsomt: Liverpool-stjerne f\u00e5r tunnel og bold i kuglerne til tr\u00e6ning&#8221; &#8212; Ace Football Danmark\" src=\"https:\/\/acefootball.com\/da\/fodboldnyheder\/hylende-morsomt-liverpool-stjerne-faar-tunnel-og-bold-i-kuglerne-til-traening\/embed\/#?secret=sirY5E4WUU\" data-secret=\"sirY5E4WUU\" width=\"600\" height=\"338\" frameborder=\"0\" marginwidth=\"0\" marginheight=\"0\" scrolling=\"no\"><\/iframe>\n<\/div><\/figure>\n\n\n\n<p>Derfor g\u00e5r Liverpool ind til s\u00f8ndagens kamp med oddsene imod sig, og selvom den tyske manager ikke vil uddele favoritv\u00e6rdigheden, erkender han, at det bliver meget vanskeligt.<\/p>\n\n\n\n<p>&#8220;Det betyder ikke noget, om vi spiller hjemme eller ude. Det betyder noget, at vi er modige og spiller med alt, vi har. S\u00e5 har vi en chance. Jeg vil sige, at det er den sv\u00e6reste kamp i verden at spille mod Manchester City,&#8221; udtaler Klopp if\u00f8lge <a href=\"https:\/\/www.goal.com\/en\/news\/liverpool-boss-klopp-man-city-most-difficult-game-football\/lj462j7c48ls18ci6t3ozbk70\" target=\"_blank\" rel=\"noreferrer noopener\">Goal<\/a>.<\/p>\n\n\n\n<p>Det er fortsat tvivlsomt, hvorvidt Fabinho bliver klar til kampen, efter han p\u00e5drog sig en muskelskade i sidste uge mod FC Midtjylland.<\/p>\n\n\n\n<p>Du har desuden muligheden for at hente et godt spil p\u00e5 kampen, da Betfair give nye spillere odds 2.00 p\u00e5 kun \u00e9t m\u00e5l i kampen. F\u00e5 adgang til tilbuddet herunder.<\/p>\n\n\n\n<div class=\"wp-block-si-widget wp-block-si-widget--center\"><si-lb-widget widget-id=\"BookmakerPromotions\" data-nopadding=\"true\" data-transparent=\"true\" width=\"600\" data-providers=\"betfair\"><\/si-lb-widget><\/div>\n","protected":false},"excerpt":{"rendered":"<p>Thiago Alcantara bliver ikke klar for Liverpool til s\u00f8ndagens kamp mod Manchester City, som Klopp kalder for verdens sv\u00e6reste kamp<\/p>\n","protected":false},"author":705,"featured_media":241440,"comment_status":"open","ping_status":"closed","sticky":false,"template":"","format":"standard","meta":{"om_disable_all_campaigns":false,"push_articles_ronaldo":{"active":false,"canonical":0,"publish":false},"force_updates":null},"categories":[8062],"tags":[135,132,44,134,1381],"enet_tags":{"player":["78660","172949"],"team":["8650","8456"],"league":["47"],"sport_events":[3411425]},"yoast_head":"<!-- This site is optimized with the Yoast SEO plugin v18.3 - https:\/\/yoast.com\/wordpress\/plugins\/seo\/ -->\n<title>Liverpool-stjerne ikke klar til &#039;verdens sv\u00e6reste kamp&#039;<\/title>\n<meta name=\"description\" content=\"Thiago Alcantara bliver ikke klar for Liverpool til s\u00f8ndagens kamp mod Manchester City, som Klopp kalder for verdens sv\u00e6reste kamp\" \/>\n<meta name=\"robots\" content=\"index, follow, max-snippet:-1, max-image-preview:large, max-video-preview:-1\" \/>\n<link rel=\"canonical\" href=\"https:\/\/acefootball.com\/da\/fodboldnyheder\/liverpool-stjerne-ikke-klar-til-verdens-svaereste-kamp\/\" \/>\n<meta property=\"og:locale\" content=\"en_US\" \/>\n<meta property=\"og:type\" content=\"article\" \/>\n<meta property=\"og:title\" content=\"Liverpool-stjerne ikke klar til &#039;verdens sv\u00e6reste kamp&#039;\" \/>\n<meta property=\"og:description\" content=\"Thiago Alcantara bliver ikke klar for Liverpool til s\u00f8ndagens kamp mod Manchester City, som Klopp kalder for verdens sv\u00e6reste kamp\" \/>\n<meta property=\"og:url\" content=\"https:\/\/acefootball.com\/da\/fodboldnyheder\/liverpool-stjerne-ikke-klar-til-verdens-svaereste-kamp\/\" \/>\n<meta property=\"og:site_name\" content=\"Ace Football Danmark\" \/>\n<meta property=\"article:publisher\" content=\"https:\/\/www.facebook.com\/acefootballdk\" \/>\n<meta property=\"article:published_time\" content=\"2020-11-06T14:42:19+00:00\" \/>\n<meta property=\"article:modified_time\" content=\"2020-11-06T14:42:20+00:00\" \/>\n<meta property=\"og:image\" content=\"https:\/\/acefootball.com\/da\/wp-content\/uploads\/sites\/2\/2020\/10\/Ace.jpg\" \/>\n\t<meta property=\"og:image:width\" content=\"1920\" \/>\n\t<meta property=\"og:image:height\" content=\"1008\" \/>\n\t<meta property=\"og:image:type\" content=\"image\/jpeg\" \/>\n<meta name=\"twitter:card\" content=\"summary_large_image\" \/>\n<meta name=\"twitter:label1\" content=\"Written by\" \/>\n\t<meta name=\"twitter:data1\" content=\"Mads Dreyer\" \/>\n\t<meta name=\"twitter:label2\" content=\"Est. reading time\" \/>\n\t<meta name=\"twitter:data2\" content=\"1 minute\" \/>\n<script type=\"application\/ld+json\" class=\"yoast-schema-graph\">{\"@context\":\"https:\/\/schema.org\",\"@graph\":[{\"@type\":\"Organization\",\"@id\":\"https:\/\/acefootball.com\/da\/#organization\",\"name\":\"Ace Football\",\"url\":\"https:\/\/acefootball.com\/da\/\",\"sameAs\":[\"https:\/\/www.facebook.com\/acefootballdk\"],\"logo\":{\"@type\":\"ImageObject\",\"@id\":\"https:\/\/acefootball.com\/da\/#logo\",\"inLanguage\":\"en-US\",\"url\":\"https:\/\/acefootball.com\/da\/wp-content\/uploads\/sites\/2\/2020\/07\/Ace-Football-30-07-2020-2.png\",\"contentUrl\":\"https:\/\/acefootball.com\/da\/wp-content\/uploads\/sites\/2\/2020\/07\/Ace-Football-30-07-2020-2.png\",\"width\":1200,\"height\":600,\"caption\":\"Ace Football\"},\"image\":{\"@id\":\"https:\/\/acefootball.com\/da\/#logo\"}},{\"@type\":\"WebSite\",\"@id\":\"https:\/\/acefootball.com\/da\/#website\",\"url\":\"https:\/\/acefootball.com\/da\/\",\"name\":\"Ace Football Danmark\",\"description\":\"Nyheder, Spiltips &amp; Livescore\",\"publisher\":{\"@id\":\"https:\/\/acefootball.com\/da\/#organization\"},\"potentialAction\":[{\"@type\":\"SearchAction\",\"target\":{\"@type\":\"EntryPoint\",\"urlTemplate\":\"https:\/\/acefootball.com\/da\/?s={search_term_string}\"},\"query-input\":\"required name=search_term_string\"}],\"inLanguage\":\"en-US\"},{\"@type\":\"ImageObject\",\"@id\":\"https:\/\/acefootball.com\/da\/fodboldnyheder\/liverpool-stjerne-ikke-klar-til-verdens-svaereste-kamp\/#primaryimage\",\"inLanguage\":\"en-US\",\"url\":\"https:\/\/acefootball.com\/da\/wp-content\/uploads\/sites\/2\/2020\/10\/Ace.jpg\",\"contentUrl\":\"https:\/\/acefootball.com\/da\/wp-content\/uploads\/sites\/2\/2020\/10\/Ace.jpg\",\"width\":1920,\"height\":1008,\"caption\":\"klopp\"},{\"@type\":\"WebPage\",\"@id\":\"https:\/\/acefootball.com\/da\/fodboldnyheder\/liverpool-stjerne-ikke-klar-til-verdens-svaereste-kamp\/#webpage\",\"url\":\"https:\/\/acefootball.com\/da\/fodboldnyheder\/liverpool-stjerne-ikke-klar-til-verdens-svaereste-kamp\/\",\"name\":\"Liverpool-stjerne ikke klar til 'verdens sv\u00e6reste kamp'\",\"isPartOf\":{\"@id\":\"https:\/\/acefootball.com\/da\/#website\"},\"primaryImageOfPage\":{\"@id\":\"https:\/\/acefootball.com\/da\/fodboldnyheder\/liverpool-stjerne-ikke-klar-til-verdens-svaereste-kamp\/#primaryimage\"},\"datePublished\":\"2020-11-06T14:42:19+00:00\",\"dateModified\":\"2020-11-06T14:42:20+00:00\",\"description\":\"Thiago Alcantara bliver ikke klar for Liverpool til s\u00f8ndagens kamp mod Manchester City, som Klopp kalder for verdens sv\u00e6reste kamp\",\"breadcrumb\":{\"@id\":\"https:\/\/acefootball.com\/da\/fodboldnyheder\/liverpool-stjerne-ikke-klar-til-verdens-svaereste-kamp\/#breadcrumb\"},\"inLanguage\":\"en-US\",\"potentialAction\":[{\"@type\":\"ReadAction\",\"target\":[\"https:\/\/acefootball.com\/da\/fodboldnyheder\/liverpool-stjerne-ikke-klar-til-verdens-svaereste-kamp\/\"]}]},{\"@type\":\"BreadcrumbList\",\"@id\":\"https:\/\/acefootball.com\/da\/fodboldnyheder\/liverpool-stjerne-ikke-klar-til-verdens-svaereste-kamp\/#breadcrumb\",\"itemListElement\":[{\"@type\":\"ListItem\",\"position\":1,\"name\":\"Home\",\"item\":\"https:\/\/acefootball.com\/da\/\"},{\"@type\":\"ListItem\",\"position\":2,\"name\":\"Liverpool-stjerne ikke klar til &#8216;verdens sv\u00e6reste kamp&#8217;\"}]},{\"@type\":\"Article\",\"@id\":\"https:\/\/acefootball.com\/da\/fodboldnyheder\/liverpool-stjerne-ikke-klar-til-verdens-svaereste-kamp\/#article\",\"isPartOf\":{\"@id\":\"https:\/\/acefootball.com\/da\/fodboldnyheder\/liverpool-stjerne-ikke-klar-til-verdens-svaereste-kamp\/#webpage\"},\"author\":{\"@id\":\"https:\/\/acefootball.com\/da\/#\/schema\/person\/ee67e9cf04a276f144100ffa722f10cd\"},\"headline\":\"Liverpool-stjerne ikke klar til &#8216;verdens sv\u00e6reste kamp&#8217;\",\"datePublished\":\"2020-11-06T14:42:19+00:00\",\"dateModified\":\"2020-11-06T14:42:20+00:00\",\"mainEntityOfPage\":{\"@id\":\"https:\/\/acefootball.com\/da\/fodboldnyheder\/liverpool-stjerne-ikke-klar-til-verdens-svaereste-kamp\/#webpage\"},\"wordCount\":279,\"commentCount\":0,\"publisher\":{\"@id\":\"https:\/\/acefootball.com\/da\/#organization\"},\"image\":{\"@id\":\"https:\/\/acefootball.com\/da\/fodboldnyheder\/liverpool-stjerne-ikke-klar-til-verdens-svaereste-kamp\/#primaryimage\"},\"thumbnailUrl\":\"https:\/\/acefootball.com\/da\/wp-content\/uploads\/sites\/2\/2020\/10\/GettyImages-1272147076.jpg\",\"keywords\":[\"J\u00fcrgen Klopp\",\"Liverpool\",\"Manchester City\",\"Premier League\",\"Thiago Alc\u00e2ntara\"],\"articleSection\":[\"Kamp\"],\"inLanguage\":\"en-US\",\"potentialAction\":[{\"@type\":\"CommentAction\",\"name\":\"Comment\",\"target\":[\"https:\/\/acefootball.com\/da\/fodboldnyheder\/liverpool-stjerne-ikke-klar-til-verdens-svaereste-kamp\/#respond\"]}]},{\"@type\":\"Person\",\"@id\":\"https:\/\/acefootball.com\/da\/#\/schema\/person\/ee67e9cf04a276f144100ffa722f10cd\",\"name\":\"Mads Dreyer\",\"image\":{\"@type\":\"ImageObject\",\"@id\":\"https:\/\/acefootball.com\/da\/#personlogo\",\"inLanguage\":\"en-US\",\"url\":\"https:\/\/secure.gravatar.com\/avatar\/7c7abf72cfde9902b6a60efe60c88d4c?s=96&d=mm&r=g\",\"contentUrl\":\"https:\/\/secure.gravatar.com\/avatar\/7c7abf72cfde9902b6a60efe60c88d4c?s=96&d=mm&r=g\",\"caption\":\"Mads Dreyer\"},\"description\":\"Skribent og fodboldn\u00f8rd, der lige nu fort\u00e6ller om alt og intet i fodboldverdenen p\u00e5 acefootball.com. Uddannet i kommunikation fra Aalborg Universitet.\",\"sameAs\":[\"https:\/\/www.linkedin.com\/in\/mads-dreyer-b9b08266\/\"],\"url\":\"https:\/\/acefootball.com\/da\/fodboldnyheder\/author\/mdnronaldo\/\"}]}<\/script>\n<!-- \/ Yoast SEO plugin. -->","yoast_head_json":{"title":"Liverpool-stjerne ikke klar til 'verdens sv\u00e6reste kamp'","description":"Thiago Alcantara bliver ikke klar for Liverpool til s\u00f8ndagens kamp mod Manchester City, som Klopp kalder for verdens sv\u00e6reste kamp","robots":{"index":"index","follow":"follow","max-snippet":"max-snippet:-1","max-image-preview":"max-image-preview:large","max-video-preview":"max-video-preview:-1"},"canonical":"https:\/\/acefootball.com\/da\/fodboldnyheder\/liverpool-stjerne-ikke-klar-til-verdens-svaereste-kamp\/","og_locale":"en_US","og_type":"article","og_title":"Liverpool-stjerne ikke klar til 'verdens sv\u00e6reste kamp'","og_description":"Thiago Alcantara bliver ikke klar for Liverpool til s\u00f8ndagens kamp mod Manchester City, som Klopp kalder for verdens sv\u00e6reste kamp","og_url":"https:\/\/acefootball.com\/da\/fodboldnyheder\/liverpool-stjerne-ikke-klar-til-verdens-svaereste-kamp\/","og_site_name":"Ace Football Danmark","article_publisher":"https:\/\/www.facebook.com\/acefootballdk","article_published_time":"2020-11-06T14:42:19+00:00","article_modified_time":"2020-11-06T14:42:20+00:00","og_image":[{"width":1920,"height":1008,"url":"https:\/\/acefootball.com\/da\/wp-content\/uploads\/sites\/2\/2020\/10\/Ace.jpg","type":"image\/jpeg"}],"twitter_card":"summary_large_image","twitter_misc":{"Written by":"Mads Dreyer","Est. reading time":"1 minute"},"schema":{"@context":"https:\/\/schema.org","@graph":[{"@type":"Organization","@id":"https:\/\/acefootball.com\/da\/#organization","name":"Ace Football","url":"https:\/\/acefootball.com\/da\/","sameAs":["https:\/\/www.facebook.com\/acefootballdk"],"logo":{"@type":"ImageObject","@id":"https:\/\/acefootball.com\/da\/#logo","inLanguage":"en-US","url":"https:\/\/acefootball.com\/da\/wp-content\/uploads\/sites\/2\/2020\/07\/Ace-Football-30-07-2020-2.png","contentUrl":"https:\/\/acefootball.com\/da\/wp-content\/uploads\/sites\/2\/2020\/07\/Ace-Football-30-07-2020-2.png","width":1200,"height":600,"caption":"Ace Football"},"image":{"@id":"https:\/\/acefootball.com\/da\/#logo"}},{"@type":"WebSite","@id":"https:\/\/acefootball.com\/da\/#website","url":"https:\/\/acefootball.com\/da\/","name":"Ace Football Danmark","description":"Nyheder, Spiltips &amp; Livescore","publisher":{"@id":"https:\/\/acefootball.com\/da\/#organization"},"potentialAction":[{"@type":"SearchAction","target":{"@type":"EntryPoint","urlTemplate":"https:\/\/acefootball.com\/da\/?s={search_term_string}"},"query-input":"required name=search_term_string"}],"inLanguage":"en-US"},{"@type":"ImageObject","@id":"https:\/\/acefootball.com\/da\/fodboldnyheder\/liverpool-stjerne-ikke-klar-til-verdens-svaereste-kamp\/#primaryimage","inLanguage":"en-US","url":"https:\/\/acefootball.com\/da\/wp-content\/uploads\/sites\/2\/2020\/10\/Ace.jpg","contentUrl":"https:\/\/acefootball.com\/da\/wp-content\/uploads\/sites\/2\/2020\/10\/Ace.jpg","width":1920,"height":1008,"caption":"klopp"},{"@type":"WebPage","@id":"https:\/\/acefootball.com\/da\/fodboldnyheder\/liverpool-stjerne-ikke-klar-til-verdens-svaereste-kamp\/#webpage","url":"https:\/\/acefootball.com\/da\/fodboldnyheder\/liverpool-stjerne-ikke-klar-til-verdens-svaereste-kamp\/","name":"Liverpool-stjerne ikke klar til 'verdens sv\u00e6reste kamp'","isPartOf":{"@id":"https:\/\/acefootball.com\/da\/#website"},"primaryImageOfPage":{"@id":"https:\/\/acefootball.com\/da\/fodboldnyheder\/liverpool-stjerne-ikke-klar-til-verdens-svaereste-kamp\/#primaryimage"},"datePublished":"2020-11-06T14:42:19+00:00","dateModified":"2020-11-06T14:42:20+00:00","description":"Thiago Alcantara bliver ikke klar for Liverpool til s\u00f8ndagens kamp mod Manchester City, som Klopp kalder for verdens sv\u00e6reste kamp","breadcrumb":{"@id":"https:\/\/acefootball.com\/da\/fodboldnyheder\/liverpool-stjerne-ikke-klar-til-verdens-svaereste-kamp\/#breadcrumb"},"inLanguage":"en-US","potentialAction":[{"@type":"ReadAction","target":["https:\/\/acefootball.com\/da\/fodboldnyheder\/liverpool-stjerne-ikke-klar-til-verdens-svaereste-kamp\/"]}]},{"@type":"BreadcrumbList","@id":"https:\/\/acefootball.com\/da\/fodboldnyheder\/liverpool-stjerne-ikke-klar-til-verdens-svaereste-kamp\/#breadcrumb","itemListElement":[{"@type":"ListItem","position":1,"name":"Home","item":"https:\/\/acefootball.com\/da\/"},{"@type":"ListItem","position":2,"name":"Liverpool-stjerne ikke klar til &#8216;verdens sv\u00e6reste kamp&#8217;"}]},{"@type":"Article","@id":"https:\/\/acefootball.com\/da\/fodboldnyheder\/liverpool-stjerne-ikke-klar-til-verdens-svaereste-kamp\/#article","isPartOf":{"@id":"https:\/\/acefootball.com\/da\/fodboldnyheder\/liverpool-stjerne-ikke-klar-til-verdens-svaereste-kamp\/#webpage"},"author":{"@id":"https:\/\/acefootball.com\/da\/#\/schema\/person\/ee67e9cf04a276f144100ffa722f10cd"},"headline":"Liverpool-stjerne ikke klar til &#8216;verdens sv\u00e6reste kamp&#8217;","datePublished":"2020-11-06T14:42:19+00:00","dateModified":"2020-11-06T14:42:20+00:00","mainEntityOfPage":{"@id":"https:\/\/acefootball.com\/da\/fodboldnyheder\/liverpool-stjerne-ikke-klar-til-verdens-svaereste-kamp\/#webpage"},"wordCount":279,"commentCount":0,"publisher":{"@id":"https:\/\/acefootball.com\/da\/#organization"},"image":{"@id":"https:\/\/acefootball.com\/da\/fodboldnyheder\/liverpool-stjerne-ikke-klar-til-verdens-svaereste-kamp\/#primaryimage"},"thumbnailUrl":"https:\/\/acefootball.com\/da\/wp-content\/uploads\/sites\/2\/2020\/10\/GettyImages-1272147076.jpg","keywords":["J\u00fcrgen Klopp","Liverpool","Manchester City","Premier League","Thiago Alc\u00e2ntara"],"articleSection":["Kamp"],"inLanguage":"en-US","potentialAction":[{"@type":"CommentAction","name":"Comment","target":["https:\/\/acefootball.com\/da\/fodboldnyheder\/liverpool-stjerne-ikke-klar-til-verdens-svaereste-kamp\/#respond"]}]},{"@type":"Person","@id":"https:\/\/acefootball.com\/da\/#\/schema\/person\/ee67e9cf04a276f144100ffa722f10cd","name":"Mads Dreyer","image":{"@type":"ImageObject","@id":"https:\/\/acefootball.com\/da\/#personlogo","inLanguage":"en-US","url":"https:\/\/secure.gravatar.com\/avatar\/7c7abf72cfde9902b6a60efe60c88d4c?s=96&d=mm&r=g","contentUrl":"https:\/\/secure.gravatar.com\/avatar\/7c7abf72cfde9902b6a60efe60c88d4c?s=96&d=mm&r=g","caption":"Mads Dreyer"},"description":"Skribent og fodboldn\u00f8rd, der lige nu fort\u00e6ller om alt og intet i fodboldverdenen p\u00e5 acefootball.com. Uddannet i kommunikation fra Aalborg Universitet.","sameAs":["https:\/\/www.linkedin.com\/in\/mads-dreyer-b9b08266\/"],"url":"https:\/\/acefootball.com\/da\/fodboldnyheder\/author\/mdnronaldo\/"}]}},"fimg_url":"https:\/\/acefootball.com\/da\/wp-content\/uploads\/sites\/2\/2020\/10\/GettyImages-1272147076.jpg","_links":{"self":[{"href":"https:\/\/acefootball.com\/da\/wp-json\/wp\/v2\/posts\/242607"}],"collection":[{"href":"https:\/\/acefootball.com\/da\/wp-json\/wp\/v2\/posts"}],"about":[{"href":"https:\/\/acefootball.com\/da\/wp-json\/wp\/v2\/types\/post"}],"author":[{"embeddable":true,"href":"https:\/\/acefootball.com\/da\/wp-json\/wp\/v2\/users\/705"}],"replies":[{"embeddable":true,"href":"https:\/\/acefootball.com\/da\/wp-json\/wp\/v2\/comments?post=242607"}],"version-history":[{"count":0,"href":"https:\/\/acefootball.com\/da\/wp-json\/wp\/v2\/posts\/242607\/revisions"}],"wp:featuredmedia":[{"embeddable":true,"href":"https:\/\/acefootball.com\/da\/wp-json\/wp\/v2\/media\/241440"}],"wp:attachment":[{"href":"https:\/\/acefootball.com\/da\/wp-json\/wp\/v2\/media?parent=242607"}],"wp:term":[{"taxonomy":"category","embeddable":true,"href":"https:\/\/acefootball.com\/da\/wp-json\/wp\/v2\/categories?post=242607"},{"taxonomy":"post_tag","embeddable":true,"href":"https:\/\/acefootball.com\/da\/wp-json\/wp\/v2\/tags?post=242607"}],"curies":[{"name":"wp","href":"https:\/\/api.w.org\/{rel}","templated":true}]}}