{"id":242484,"date":"2020-11-05T13:55:18","date_gmt":"2020-11-05T12:55:18","guid":{"rendered":"https:\/\/acefootball.com\/da\/?p=242484"},"modified":"2020-11-05T13:58:03","modified_gmt":"2020-11-05T12:58:03","slug":"medie-koeman-kan-faa-laengere-karantaene-for-var-sviner","status":"publish","type":"post","link":"https:\/\/acefootball.com\/da\/fodboldnyheder\/medie-koeman-kan-faa-laengere-karantaene-for-var-sviner\/","title":{"rendered":"Medie: Koeman kan f\u00e5 l\u00e6ngere karant\u00e6ne for VAR-sviner"},"content":{"rendered":"\n<h2 id=\"h-ronald-koeman-var-ude-med-riven-over-for-en-var-kendelse-i-kampen-mod-real-madrid-og-det-kan-koste-barcelona-tr-neren-en-tur-p-tribunen\">Ronald Koeman var ude med riven over for en VAR-kendelse i kampen mod Real Madrid, og det kan koste Barcelona-tr\u00e6neren en tur p\u00e5 tribunen<\/h2>\n\n\n\n<div class=\"wp-block-si-widget wp-block-si-widget--center\"><si-lb-widget widget-id=\"MatchInfoWithOdds\" data-nopadding=\"true\" data-card=\"true\" width=\"440\" data-event-id=\"3424119\" data-provider=\"mrgreen\" data-theme-appearance=\"dark\"><\/si-lb-widget><\/div>\n\n\n\n<p>Da Real Madrid tidligere p\u00e5 m\u00e5neden slog FC Barcelona i s\u00e6sonens f\u00f8rste El Cl\u00e1sico, skete det blandt andet p\u00e5 et m\u00e5l af Sergio Ramos, der lagde bolden i kassen fra 11 meter-pletten.<\/p>\n\n\n\n<p>Straffesparket blev beg\u00e5et af Clement Lenglet, der havde fat i tr\u00f8jen p\u00e5 anf\u00f8reren selv, og efter kampen var Barcelona-tr\u00e6ner ude med en h\u00e5rd kommentar over for VAR-dommerne.<\/p>\n\n\n\n<p>Du kan se situationen ved straffesparket i artiklen herunder.<\/p>\n\n\n\n<figure class=\"wp-block-embed-wordpress wp-block-embed is-type-wp-embed is-provider-ace-football-danmark\"><div class=\"wp-block-embed__wrapper\">\n<blockquote class=\"wp-embedded-content\" data-secret=\"x25tiLLhEk\"><a href=\"https:\/\/acefootball.com\/da\/fodboldnyheder\/koeman-raser-over-real-straffe-se-situationen-her\/\">Koeman raser over Real-straffe: Se situationen her<\/a><\/blockquote><iframe class=\"wp-embedded-content\" sandbox=\"allow-scripts\" security=\"restricted\" style=\"position: absolute; clip: rect(1px, 1px, 1px, 1px);\" title=\"&#8220;Koeman raser over Real-straffe: Se situationen her&#8221; &#8212; Ace Football Danmark\" src=\"https:\/\/acefootball.com\/da\/fodboldnyheder\/koeman-raser-over-real-straffe-se-situationen-her\/embed\/#?secret=x25tiLLhEk\" data-secret=\"x25tiLLhEk\" width=\"600\" height=\"338\" frameborder=\"0\" marginwidth=\"0\" marginheight=\"0\" scrolling=\"no\"><\/iframe>\n<\/div><\/figure>\n\n\n\n<p>\u201cVi er fem kampe inde i s\u00e6sonen, og VAR er kun blevet brugt imod Barca. Hverken Messis straffe mod Sevilla eller de to r\u00f8de kort til Getafe. Hvorfor bruges VAR kun imod Barca?\u201d er Koeman citeret for at sige.<\/p>\n\n\n\n<p>Nu har det spanske fodboldforbund taget sagen op, og det kan if\u00f8lge <a rel=\"noreferrer noopener\" href=\"https:\/\/www.marca.com\/en\/football\/barcelona\/2020\/11\/04\/5fa2f64ce2704e7f228b45b2.html\" target=\"_blank\">Marca <\/a>ende med at koste en karant\u00e6ne p\u00e5 fire kampe. Noget der kan redde holl\u00e6nderen fra flere dage p\u00e5 tribunen er, at frustrationen blev rettet mod VAR-systemet og ikke personligt mod en dommer.<\/p>\n\n\n\n<p>I s\u00e5 fald kunne karant\u00e6nen komme til at g\u00e6lde de fleste La Liga-kampe p\u00e5 denne side af nyt\u00e5ret.<\/p>\n\n\n\n<p>FC Barcelona skal fors\u00f8ge at f\u00e5 gang i s\u00e6sonen, n\u00e5r man p\u00e5 l\u00f8rdag tager imod Real Betis.<\/p>\n","protected":false},"excerpt":{"rendered":"<p>Ronald Koeman var ude med riven over for en VAR-kendelse i kampen mod Real Madrid, og det kan koste Barcelona-tr\u00e6neren en tur p\u00e5 tribunen<\/p>\n","protected":false},"author":705,"featured_media":234320,"comment_status":"open","ping_status":"closed","sticky":false,"template":"","format":"standard","meta":{"om_disable_all_campaigns":false,"push_articles_ronaldo":{"active":false,"canonical":0,"publish":false},"force_updates":null},"categories":[1],"tags":[41,303,847],"enet_tags":{"team":["8634"],"league":["87"],"sport_events":[3424119]},"yoast_head":"<!-- This site is optimized with the Yoast SEO plugin v18.3 - https:\/\/yoast.com\/wordpress\/plugins\/seo\/ -->\n<title>Medie: Koeman kan f\u00e5 l\u00e6ngere karant\u00e6ne for VAR-sviner<\/title>\n<meta name=\"description\" content=\"Ronald Koeman var ude med riven over for en VAR-kendelse i kampen mod Real Madrid, og det kan koste Barcelona-tr\u00e6neren en tur p\u00e5 tribunen\" \/>\n<meta name=\"robots\" content=\"index, follow, max-snippet:-1, max-image-preview:large, max-video-preview:-1\" \/>\n<link rel=\"canonical\" href=\"https:\/\/acefootball.com\/da\/fodboldnyheder\/medie-koeman-kan-faa-laengere-karantaene-for-var-sviner\/\" \/>\n<meta property=\"og:locale\" content=\"en_US\" \/>\n<meta property=\"og:type\" content=\"article\" \/>\n<meta property=\"og:title\" content=\"Medie: Koeman kan f\u00e5 l\u00e6ngere karant\u00e6ne for VAR-sviner\" \/>\n<meta property=\"og:description\" content=\"Ronald Koeman var ude med riven over for en VAR-kendelse i kampen mod Real Madrid, og det kan koste Barcelona-tr\u00e6neren en tur p\u00e5 tribunen\" \/>\n<meta property=\"og:url\" content=\"https:\/\/acefootball.com\/da\/fodboldnyheder\/medie-koeman-kan-faa-laengere-karantaene-for-var-sviner\/\" \/>\n<meta property=\"og:site_name\" content=\"Ace Football Danmark\" \/>\n<meta property=\"article:publisher\" content=\"https:\/\/www.facebook.com\/acefootballdk\" \/>\n<meta property=\"article:published_time\" content=\"2020-11-05T12:55:18+00:00\" \/>\n<meta property=\"article:modified_time\" content=\"2020-11-05T12:58:03+00:00\" \/>\n<meta property=\"og:image\" content=\"https:\/\/acefootball.com\/da\/wp-content\/uploads\/sites\/2\/2020\/11\/Ace-7-2.jpg\" \/>\n\t<meta property=\"og:image:width\" content=\"1920\" \/>\n\t<meta property=\"og:image:height\" content=\"1008\" \/>\n\t<meta property=\"og:image:type\" content=\"image\/jpeg\" \/>\n<meta name=\"twitter:card\" content=\"summary_large_image\" \/>\n<meta name=\"twitter:label1\" content=\"Written by\" \/>\n\t<meta name=\"twitter:data1\" content=\"Mads Dreyer\" \/>\n\t<meta name=\"twitter:label2\" content=\"Est. reading time\" \/>\n\t<meta name=\"twitter:data2\" content=\"1 minute\" \/>\n<script type=\"application\/ld+json\" class=\"yoast-schema-graph\">{\"@context\":\"https:\/\/schema.org\",\"@graph\":[{\"@type\":\"Organization\",\"@id\":\"https:\/\/acefootball.com\/da\/#organization\",\"name\":\"Ace Football\",\"url\":\"https:\/\/acefootball.com\/da\/\",\"sameAs\":[\"https:\/\/www.facebook.com\/acefootballdk\"],\"logo\":{\"@type\":\"ImageObject\",\"@id\":\"https:\/\/acefootball.com\/da\/#logo\",\"inLanguage\":\"en-US\",\"url\":\"https:\/\/acefootball.com\/da\/wp-content\/uploads\/sites\/2\/2020\/07\/Ace-Football-30-07-2020-2.png\",\"contentUrl\":\"https:\/\/acefootball.com\/da\/wp-content\/uploads\/sites\/2\/2020\/07\/Ace-Football-30-07-2020-2.png\",\"width\":1200,\"height\":600,\"caption\":\"Ace Football\"},\"image\":{\"@id\":\"https:\/\/acefootball.com\/da\/#logo\"}},{\"@type\":\"WebSite\",\"@id\":\"https:\/\/acefootball.com\/da\/#website\",\"url\":\"https:\/\/acefootball.com\/da\/\",\"name\":\"Ace Football Danmark\",\"description\":\"Nyheder, Spiltips &amp; Livescore\",\"publisher\":{\"@id\":\"https:\/\/acefootball.com\/da\/#organization\"},\"potentialAction\":[{\"@type\":\"SearchAction\",\"target\":{\"@type\":\"EntryPoint\",\"urlTemplate\":\"https:\/\/acefootball.com\/da\/?s={search_term_string}\"},\"query-input\":\"required name=search_term_string\"}],\"inLanguage\":\"en-US\"},{\"@type\":\"ImageObject\",\"@id\":\"https:\/\/acefootball.com\/da\/fodboldnyheder\/medie-koeman-kan-faa-laengere-karantaene-for-var-sviner\/#primaryimage\",\"inLanguage\":\"en-US\",\"url\":\"https:\/\/acefootball.com\/da\/wp-content\/uploads\/sites\/2\/2020\/11\/Ace-7-2.jpg\",\"contentUrl\":\"https:\/\/acefootball.com\/da\/wp-content\/uploads\/sites\/2\/2020\/11\/Ace-7-2.jpg\",\"width\":1920,\"height\":1008},{\"@type\":\"WebPage\",\"@id\":\"https:\/\/acefootball.com\/da\/fodboldnyheder\/medie-koeman-kan-faa-laengere-karantaene-for-var-sviner\/#webpage\",\"url\":\"https:\/\/acefootball.com\/da\/fodboldnyheder\/medie-koeman-kan-faa-laengere-karantaene-for-var-sviner\/\",\"name\":\"Medie: Koeman kan f\u00e5 l\u00e6ngere karant\u00e6ne for VAR-sviner\",\"isPartOf\":{\"@id\":\"https:\/\/acefootball.com\/da\/#website\"},\"primaryImageOfPage\":{\"@id\":\"https:\/\/acefootball.com\/da\/fodboldnyheder\/medie-koeman-kan-faa-laengere-karantaene-for-var-sviner\/#primaryimage\"},\"datePublished\":\"2020-11-05T12:55:18+00:00\",\"dateModified\":\"2020-11-05T12:58:03+00:00\",\"description\":\"Ronald Koeman var ude med riven over for en VAR-kendelse i kampen mod Real Madrid, og det kan koste Barcelona-tr\u00e6neren en tur p\u00e5 tribunen\",\"breadcrumb\":{\"@id\":\"https:\/\/acefootball.com\/da\/fodboldnyheder\/medie-koeman-kan-faa-laengere-karantaene-for-var-sviner\/#breadcrumb\"},\"inLanguage\":\"en-US\",\"potentialAction\":[{\"@type\":\"ReadAction\",\"target\":[\"https:\/\/acefootball.com\/da\/fodboldnyheder\/medie-koeman-kan-faa-laengere-karantaene-for-var-sviner\/\"]}]},{\"@type\":\"BreadcrumbList\",\"@id\":\"https:\/\/acefootball.com\/da\/fodboldnyheder\/medie-koeman-kan-faa-laengere-karantaene-for-var-sviner\/#breadcrumb\",\"itemListElement\":[{\"@type\":\"ListItem\",\"position\":1,\"name\":\"Home\",\"item\":\"https:\/\/acefootball.com\/da\/\"},{\"@type\":\"ListItem\",\"position\":2,\"name\":\"Medie: Koeman kan f\u00e5 l\u00e6ngere karant\u00e6ne for VAR-sviner\"}]},{\"@type\":\"Article\",\"@id\":\"https:\/\/acefootball.com\/da\/fodboldnyheder\/medie-koeman-kan-faa-laengere-karantaene-for-var-sviner\/#article\",\"isPartOf\":{\"@id\":\"https:\/\/acefootball.com\/da\/fodboldnyheder\/medie-koeman-kan-faa-laengere-karantaene-for-var-sviner\/#webpage\"},\"author\":{\"@id\":\"https:\/\/acefootball.com\/da\/#\/schema\/person\/ee67e9cf04a276f144100ffa722f10cd\"},\"headline\":\"Medie: Koeman kan f\u00e5 l\u00e6ngere karant\u00e6ne for VAR-sviner\",\"datePublished\":\"2020-11-05T12:55:18+00:00\",\"dateModified\":\"2020-11-05T12:58:03+00:00\",\"mainEntityOfPage\":{\"@id\":\"https:\/\/acefootball.com\/da\/fodboldnyheder\/medie-koeman-kan-faa-laengere-karantaene-for-var-sviner\/#webpage\"},\"wordCount\":249,\"commentCount\":0,\"publisher\":{\"@id\":\"https:\/\/acefootball.com\/da\/#organization\"},\"image\":{\"@id\":\"https:\/\/acefootball.com\/da\/fodboldnyheder\/medie-koeman-kan-faa-laengere-karantaene-for-var-sviner\/#primaryimage\"},\"thumbnailUrl\":\"https:\/\/acefootball.com\/da\/wp-content\/uploads\/sites\/2\/2020\/08\/GettyImages-1172794793.jpg\",\"keywords\":[\"FC Barcelona\",\"La Liga\",\"Ronald Koeman\"],\"articleSection\":[\"Nyhed\"],\"inLanguage\":\"en-US\",\"potentialAction\":[{\"@type\":\"CommentAction\",\"name\":\"Comment\",\"target\":[\"https:\/\/acefootball.com\/da\/fodboldnyheder\/medie-koeman-kan-faa-laengere-karantaene-for-var-sviner\/#respond\"]}]},{\"@type\":\"Person\",\"@id\":\"https:\/\/acefootball.com\/da\/#\/schema\/person\/ee67e9cf04a276f144100ffa722f10cd\",\"name\":\"Mads Dreyer\",\"image\":{\"@type\":\"ImageObject\",\"@id\":\"https:\/\/acefootball.com\/da\/#personlogo\",\"inLanguage\":\"en-US\",\"url\":\"https:\/\/secure.gravatar.com\/avatar\/7c7abf72cfde9902b6a60efe60c88d4c?s=96&d=mm&r=g\",\"contentUrl\":\"https:\/\/secure.gravatar.com\/avatar\/7c7abf72cfde9902b6a60efe60c88d4c?s=96&d=mm&r=g\",\"caption\":\"Mads Dreyer\"},\"description\":\"Skribent og fodboldn\u00f8rd, der lige nu fort\u00e6ller om alt og intet i fodboldverdenen p\u00e5 acefootball.com. Uddannet i kommunikation fra Aalborg Universitet.\",\"sameAs\":[\"https:\/\/www.linkedin.com\/in\/mads-dreyer-b9b08266\/\"],\"url\":\"https:\/\/acefootball.com\/da\/fodboldnyheder\/author\/mdnronaldo\/\"}]}<\/script>\n<!-- \/ Yoast SEO plugin. -->","yoast_head_json":{"title":"Medie: Koeman kan f\u00e5 l\u00e6ngere karant\u00e6ne for VAR-sviner","description":"Ronald Koeman var ude med riven over for en VAR-kendelse i kampen mod Real Madrid, og det kan koste Barcelona-tr\u00e6neren en tur p\u00e5 tribunen","robots":{"index":"index","follow":"follow","max-snippet":"max-snippet:-1","max-image-preview":"max-image-preview:large","max-video-preview":"max-video-preview:-1"},"canonical":"https:\/\/acefootball.com\/da\/fodboldnyheder\/medie-koeman-kan-faa-laengere-karantaene-for-var-sviner\/","og_locale":"en_US","og_type":"article","og_title":"Medie: Koeman kan f\u00e5 l\u00e6ngere karant\u00e6ne for VAR-sviner","og_description":"Ronald Koeman var ude med riven over for en VAR-kendelse i kampen mod Real Madrid, og det kan koste Barcelona-tr\u00e6neren en tur p\u00e5 tribunen","og_url":"https:\/\/acefootball.com\/da\/fodboldnyheder\/medie-koeman-kan-faa-laengere-karantaene-for-var-sviner\/","og_site_name":"Ace Football Danmark","article_publisher":"https:\/\/www.facebook.com\/acefootballdk","article_published_time":"2020-11-05T12:55:18+00:00","article_modified_time":"2020-11-05T12:58:03+00:00","og_image":[{"width":1920,"height":1008,"url":"https:\/\/acefootball.com\/da\/wp-content\/uploads\/sites\/2\/2020\/11\/Ace-7-2.jpg","type":"image\/jpeg"}],"twitter_card":"summary_large_image","twitter_misc":{"Written by":"Mads Dreyer","Est. reading time":"1 minute"},"schema":{"@context":"https:\/\/schema.org","@graph":[{"@type":"Organization","@id":"https:\/\/acefootball.com\/da\/#organization","name":"Ace Football","url":"https:\/\/acefootball.com\/da\/","sameAs":["https:\/\/www.facebook.com\/acefootballdk"],"logo":{"@type":"ImageObject","@id":"https:\/\/acefootball.com\/da\/#logo","inLanguage":"en-US","url":"https:\/\/acefootball.com\/da\/wp-content\/uploads\/sites\/2\/2020\/07\/Ace-Football-30-07-2020-2.png","contentUrl":"https:\/\/acefootball.com\/da\/wp-content\/uploads\/sites\/2\/2020\/07\/Ace-Football-30-07-2020-2.png","width":1200,"height":600,"caption":"Ace Football"},"image":{"@id":"https:\/\/acefootball.com\/da\/#logo"}},{"@type":"WebSite","@id":"https:\/\/acefootball.com\/da\/#website","url":"https:\/\/acefootball.com\/da\/","name":"Ace Football Danmark","description":"Nyheder, Spiltips &amp; Livescore","publisher":{"@id":"https:\/\/acefootball.com\/da\/#organization"},"potentialAction":[{"@type":"SearchAction","target":{"@type":"EntryPoint","urlTemplate":"https:\/\/acefootball.com\/da\/?s={search_term_string}"},"query-input":"required name=search_term_string"}],"inLanguage":"en-US"},{"@type":"ImageObject","@id":"https:\/\/acefootball.com\/da\/fodboldnyheder\/medie-koeman-kan-faa-laengere-karantaene-for-var-sviner\/#primaryimage","inLanguage":"en-US","url":"https:\/\/acefootball.com\/da\/wp-content\/uploads\/sites\/2\/2020\/11\/Ace-7-2.jpg","contentUrl":"https:\/\/acefootball.com\/da\/wp-content\/uploads\/sites\/2\/2020\/11\/Ace-7-2.jpg","width":1920,"height":1008},{"@type":"WebPage","@id":"https:\/\/acefootball.com\/da\/fodboldnyheder\/medie-koeman-kan-faa-laengere-karantaene-for-var-sviner\/#webpage","url":"https:\/\/acefootball.com\/da\/fodboldnyheder\/medie-koeman-kan-faa-laengere-karantaene-for-var-sviner\/","name":"Medie: Koeman kan f\u00e5 l\u00e6ngere karant\u00e6ne for VAR-sviner","isPartOf":{"@id":"https:\/\/acefootball.com\/da\/#website"},"primaryImageOfPage":{"@id":"https:\/\/acefootball.com\/da\/fodboldnyheder\/medie-koeman-kan-faa-laengere-karantaene-for-var-sviner\/#primaryimage"},"datePublished":"2020-11-05T12:55:18+00:00","dateModified":"2020-11-05T12:58:03+00:00","description":"Ronald Koeman var ude med riven over for en VAR-kendelse i kampen mod Real Madrid, og det kan koste Barcelona-tr\u00e6neren en tur p\u00e5 tribunen","breadcrumb":{"@id":"https:\/\/acefootball.com\/da\/fodboldnyheder\/medie-koeman-kan-faa-laengere-karantaene-for-var-sviner\/#breadcrumb"},"inLanguage":"en-US","potentialAction":[{"@type":"ReadAction","target":["https:\/\/acefootball.com\/da\/fodboldnyheder\/medie-koeman-kan-faa-laengere-karantaene-for-var-sviner\/"]}]},{"@type":"BreadcrumbList","@id":"https:\/\/acefootball.com\/da\/fodboldnyheder\/medie-koeman-kan-faa-laengere-karantaene-for-var-sviner\/#breadcrumb","itemListElement":[{"@type":"ListItem","position":1,"name":"Home","item":"https:\/\/acefootball.com\/da\/"},{"@type":"ListItem","position":2,"name":"Medie: Koeman kan f\u00e5 l\u00e6ngere karant\u00e6ne for VAR-sviner"}]},{"@type":"Article","@id":"https:\/\/acefootball.com\/da\/fodboldnyheder\/medie-koeman-kan-faa-laengere-karantaene-for-var-sviner\/#article","isPartOf":{"@id":"https:\/\/acefootball.com\/da\/fodboldnyheder\/medie-koeman-kan-faa-laengere-karantaene-for-var-sviner\/#webpage"},"author":{"@id":"https:\/\/acefootball.com\/da\/#\/schema\/person\/ee67e9cf04a276f144100ffa722f10cd"},"headline":"Medie: Koeman kan f\u00e5 l\u00e6ngere karant\u00e6ne for VAR-sviner","datePublished":"2020-11-05T12:55:18+00:00","dateModified":"2020-11-05T12:58:03+00:00","mainEntityOfPage":{"@id":"https:\/\/acefootball.com\/da\/fodboldnyheder\/medie-koeman-kan-faa-laengere-karantaene-for-var-sviner\/#webpage"},"wordCount":249,"commentCount":0,"publisher":{"@id":"https:\/\/acefootball.com\/da\/#organization"},"image":{"@id":"https:\/\/acefootball.com\/da\/fodboldnyheder\/medie-koeman-kan-faa-laengere-karantaene-for-var-sviner\/#primaryimage"},"thumbnailUrl":"https:\/\/acefootball.com\/da\/wp-content\/uploads\/sites\/2\/2020\/08\/GettyImages-1172794793.jpg","keywords":["FC Barcelona","La Liga","Ronald Koeman"],"articleSection":["Nyhed"],"inLanguage":"en-US","potentialAction":[{"@type":"CommentAction","name":"Comment","target":["https:\/\/acefootball.com\/da\/fodboldnyheder\/medie-koeman-kan-faa-laengere-karantaene-for-var-sviner\/#respond"]}]},{"@type":"Person","@id":"https:\/\/acefootball.com\/da\/#\/schema\/person\/ee67e9cf04a276f144100ffa722f10cd","name":"Mads Dreyer","image":{"@type":"ImageObject","@id":"https:\/\/acefootball.com\/da\/#personlogo","inLanguage":"en-US","url":"https:\/\/secure.gravatar.com\/avatar\/7c7abf72cfde9902b6a60efe60c88d4c?s=96&d=mm&r=g","contentUrl":"https:\/\/secure.gravatar.com\/avatar\/7c7abf72cfde9902b6a60efe60c88d4c?s=96&d=mm&r=g","caption":"Mads Dreyer"},"description":"Skribent og fodboldn\u00f8rd, der lige nu fort\u00e6ller om alt og intet i fodboldverdenen p\u00e5 acefootball.com. Uddannet i kommunikation fra Aalborg Universitet.","sameAs":["https:\/\/www.linkedin.com\/in\/mads-dreyer-b9b08266\/"],"url":"https:\/\/acefootball.com\/da\/fodboldnyheder\/author\/mdnronaldo\/"}]}},"fimg_url":"https:\/\/acefootball.com\/da\/wp-content\/uploads\/sites\/2\/2020\/08\/GettyImages-1172794793.jpg","_links":{"self":[{"href":"https:\/\/acefootball.com\/da\/wp-json\/wp\/v2\/posts\/242484"}],"collection":[{"href":"https:\/\/acefootball.com\/da\/wp-json\/wp\/v2\/posts"}],"about":[{"href":"https:\/\/acefootball.com\/da\/wp-json\/wp\/v2\/types\/post"}],"author":[{"embeddable":true,"href":"https:\/\/acefootball.com\/da\/wp-json\/wp\/v2\/users\/705"}],"replies":[{"embeddable":true,"href":"https:\/\/acefootball.com\/da\/wp-json\/wp\/v2\/comments?post=242484"}],"version-history":[{"count":0,"href":"https:\/\/acefootball.com\/da\/wp-json\/wp\/v2\/posts\/242484\/revisions"}],"wp:featuredmedia":[{"embeddable":true,"href":"https:\/\/acefootball.com\/da\/wp-json\/wp\/v2\/media\/234320"}],"wp:attachment":[{"href":"https:\/\/acefootball.com\/da\/wp-json\/wp\/v2\/media?parent=242484"}],"wp:term":[{"taxonomy":"category","embeddable":true,"href":"https:\/\/acefootball.com\/da\/wp-json\/wp\/v2\/categories?post=242484"},{"taxonomy":"post_tag","embeddable":true,"href":"https:\/\/acefootball.com\/da\/wp-json\/wp\/v2\/tags?post=242484"}],"curies":[{"name":"wp","href":"https:\/\/api.w.org\/{rel}","templated":true}]}}