{"id":242426,"date":"2020-11-04T19:56:19","date_gmt":"2020-11-04T18:56:19","guid":{"rendered":"https:\/\/acefootball.com\/da\/?p=242426"},"modified":"2020-11-04T19:56:20","modified_gmt":"2020-11-04T18:56:20","slug":"se-den-her-fc-nordsjaelland-lancerer-ny-spillertroeje","status":"publish","type":"post","link":"https:\/\/acefootball.com\/da\/fodboldnyheder\/se-den-her-fc-nordsjaelland-lancerer-ny-spillertroeje\/","title":{"rendered":"Se den her: FC Nordsj\u00e6lland lancerer ny spillertr\u00f8je"},"content":{"rendered":"\n<h2 id=\"h-fc-nordsj-lland-har-valgt-at-lancere-en-ny-spillertr-je-som-for-f-rste-gang-kommer-i-aktion-p-s-ndag-mod-vejle\">FC Nordsj\u00e6lland har valgt at lancere en ny spillertr\u00f8je, som for f\u00f8rste gang kommer i aktion p\u00e5 s\u00f8ndag mod Vejle<\/h2>\n\n\n\n<div class=\"wp-block-si-widget wp-block-si-widget--center\"><si-lb-widget widget-id=\"MatchInfoWithOdds\" data-nopadding=\"true\" data-card=\"true\" width=\"440\" data-event-id=\"3389118\" data-provider=\"mrgreen\" data-theme-appearance=\"dark\"><\/si-lb-widget><\/div>\n\n\n\n<p>N\u00e5r FC Nordsj\u00e6lland p\u00e5 s\u00f8ndag tr\u00e6der p\u00e5 banen til Superliga-opg\u00f8ret mod Vejle Boldklub, er det ikke i den vanlige, r\u00f8de hjemmebanedragt.<\/p>\n\n\n\n<p>Klubben har nemlig lanceret en ny, m\u00f8rkebl\u00e5 tr\u00f8je, som tages i brug for f\u00f8rste gang i s\u00f8ndagens hjemmekamp.<\/p>\n\n\n\n<figure class=\"wp-block-embed-twitter wp-block-embed is-type-rich is-provider-twitter\"><div class=\"wp-block-embed__wrapper\">\n<blockquote class=\"twitter-tweet\" data-width=\"550\" data-dnt=\"true\"><p lang=\"da\" dir=\"ltr\">\ud835\uddd9\ud835\uddd4\ud835\udde5\ud835\udde8\ud835\udde0 \ud835\uddd5\ud835\uddde | est. 1910<br> <br>Man m\u00e5 aldrig glemme sine r\u00f8dder. Og vi kom fra Farum Boldklub.<br> <br>Denne her er til jer. Vores fans. Vores lokale f\u00e6llesskab.<br> <br>\ud835\ude4d\ud835\ude5a\ud835\ude68\ud835\ude65\ud835\ude5a\ud835\ude60\ud835\ude69\ud835\ude5a\ud835\ude67 \ud835\ude59\ud835\ude5e\ud835\ude63 \ud835\ude5b\ud835\ude64\ud835\ude67\ud835\ude69\ud835\ude5e\ud835\ude59. Defin\u00e9r fremtiden.<br> <br>TAK. \ud83d\udc99\u2764\ufe0f\ud83d\udc9b <a href=\"https:\/\/t.co\/bS9Xm34LCJ\">pic.twitter.com\/bS9Xm34LCJ<\/a><\/p>&mdash; FC Nordsj\u00e6lland \ud83d\udc2f (@FCNordsjaelland) <a href=\"https:\/\/twitter.com\/FCNordsjaelland\/status\/1324051399332794368?ref_src=twsrc%5Etfw\">November 4, 2020<\/a><\/blockquote><script async src=\"https:\/\/platform.twitter.com\/widgets.js\" charset=\"utf-8\"><\/script>\n<\/div><\/figure>\n\n\n\n<p>Tr\u00f8jen er en hyldest til b\u00e5de lokalsamfundet men ogs\u00e5 moderklubben Farum Boldklub, som har lagt grundstenen for FC Nordsj\u00e6lland.<\/p>\n\n\n\n<p>Du kan se flere af tr\u00f8jens detaljer p\u00e5 billederne herunder eller hoppe ind p\u00e5 <a href=\"https:\/\/fcn.dk\/2020\/11\/farum-bk-tribute-jersey\/\" target=\"_blank\" rel=\"noreferrer noopener\">FC Nordsj\u00e6llands hjemmeside<\/a> og l\u00e6se mere.<\/p>\n\n\n\n<figure class=\"wp-block-embed-twitter wp-block-embed is-type-rich is-provider-twitter\"><div class=\"wp-block-embed__wrapper\">\n<blockquote class=\"twitter-tweet\" data-width=\"550\" data-dnt=\"true\"><p lang=\"da\" dir=\"ltr\">\ud835\uddd7\ud835\uddf2\ud835\ude01\ud835\uddee\ud835\uddf9\ud835\uddf7\ud835\uddf2\ud835\uddff \ud83d\udd35\ud83d\udd34\ud83d\udfe1<br><br>Hop forbi shoppen inden klokken 22.00 og k\u00f8b din tr\u00f8je! Ellers kan du bestille den lige her p\u00e5: <a href=\"https:\/\/t.co\/JveXVisQcn\">https:\/\/t.co\/JveXVisQcn<\/a> \ud83e\udd1d <a href=\"https:\/\/t.co\/BVeiqDyhSC\">pic.twitter.com\/BVeiqDyhSC<\/a><\/p>&mdash; FC Nordsj\u00e6lland \ud83d\udc2f (@FCNordsjaelland) <a href=\"https:\/\/twitter.com\/FCNordsjaelland\/status\/1324060772855664642?ref_src=twsrc%5Etfw\">November 4, 2020<\/a><\/blockquote><script async src=\"https:\/\/platform.twitter.com\/widgets.js\" charset=\"utf-8\"><\/script>\n<\/div><\/figure>\n","protected":false},"excerpt":{"rendered":"<p>FC Nordsj\u00e6lland har valgt at lancere en ny spillertr\u00f8je, som for f\u00f8rste gang kommer i aktion p\u00e5 s\u00f8ndag mod Vejle<\/p>\n","protected":false},"author":705,"featured_media":242429,"comment_status":"open","ping_status":"closed","sticky":false,"template":"","format":"standard","meta":{"om_disable_all_campaigns":false,"push_articles_ronaldo":{"active":false,"canonical":0,"publish":false},"force_updates":null},"categories":[1],"tags":[47,588],"enet_tags":{"team":["10202"],"league":["46"],"sport_events":[3389118]},"yoast_head":"<!-- This site is optimized with the Yoast SEO plugin v18.3 - https:\/\/yoast.com\/wordpress\/plugins\/seo\/ -->\n<title>Se den her: FC Nordsj\u00e6lland lancerer ny spillertr\u00f8je<\/title>\n<meta name=\"description\" content=\"FC Nordsj\u00e6lland har valgt at lancere en ny spillertr\u00f8je, som for f\u00f8rste gang kommer i aktion p\u00e5 s\u00f8ndag mod Vejle\" \/>\n<meta name=\"robots\" content=\"index, follow, max-snippet:-1, max-image-preview:large, max-video-preview:-1\" \/>\n<link rel=\"canonical\" href=\"https:\/\/acefootball.com\/da\/fodboldnyheder\/se-den-her-fc-nordsjaelland-lancerer-ny-spillertroeje\/\" \/>\n<meta property=\"og:locale\" content=\"en_US\" \/>\n<meta property=\"og:type\" content=\"article\" \/>\n<meta property=\"og:title\" content=\"Se den her: FC Nordsj\u00e6lland lancerer ny spillertr\u00f8je\" \/>\n<meta property=\"og:description\" content=\"FC Nordsj\u00e6lland har valgt at lancere en ny spillertr\u00f8je, som for f\u00f8rste gang kommer i aktion p\u00e5 s\u00f8ndag mod Vejle\" \/>\n<meta property=\"og:url\" content=\"https:\/\/acefootball.com\/da\/fodboldnyheder\/se-den-her-fc-nordsjaelland-lancerer-ny-spillertroeje\/\" \/>\n<meta property=\"og:site_name\" content=\"Ace Football Danmark\" \/>\n<meta property=\"article:publisher\" content=\"https:\/\/www.facebook.com\/acefootballdk\" \/>\n<meta property=\"article:published_time\" content=\"2020-11-04T18:56:19+00:00\" \/>\n<meta property=\"article:modified_time\" content=\"2020-11-04T18:56:20+00:00\" \/>\n<meta property=\"og:image\" content=\"https:\/\/acefootball.com\/da\/wp-content\/uploads\/sites\/2\/2020\/11\/Ace-7-1.jpg\" \/>\n\t<meta property=\"og:image:width\" content=\"1920\" \/>\n\t<meta property=\"og:image:height\" content=\"1008\" \/>\n\t<meta property=\"og:image:type\" content=\"image\/jpeg\" \/>\n<meta name=\"twitter:card\" content=\"summary_large_image\" \/>\n<meta name=\"twitter:label1\" content=\"Written by\" \/>\n\t<meta name=\"twitter:data1\" content=\"Mads Dreyer\" \/>\n\t<meta name=\"twitter:label2\" content=\"Est. reading time\" \/>\n\t<meta name=\"twitter:data2\" content=\"1 minute\" \/>\n<script type=\"application\/ld+json\" class=\"yoast-schema-graph\">{\"@context\":\"https:\/\/schema.org\",\"@graph\":[{\"@type\":\"Organization\",\"@id\":\"https:\/\/acefootball.com\/da\/#organization\",\"name\":\"Ace Football\",\"url\":\"https:\/\/acefootball.com\/da\/\",\"sameAs\":[\"https:\/\/www.facebook.com\/acefootballdk\"],\"logo\":{\"@type\":\"ImageObject\",\"@id\":\"https:\/\/acefootball.com\/da\/#logo\",\"inLanguage\":\"en-US\",\"url\":\"https:\/\/acefootball.com\/da\/wp-content\/uploads\/sites\/2\/2020\/07\/Ace-Football-30-07-2020-2.png\",\"contentUrl\":\"https:\/\/acefootball.com\/da\/wp-content\/uploads\/sites\/2\/2020\/07\/Ace-Football-30-07-2020-2.png\",\"width\":1200,\"height\":600,\"caption\":\"Ace Football\"},\"image\":{\"@id\":\"https:\/\/acefootball.com\/da\/#logo\"}},{\"@type\":\"WebSite\",\"@id\":\"https:\/\/acefootball.com\/da\/#website\",\"url\":\"https:\/\/acefootball.com\/da\/\",\"name\":\"Ace Football Danmark\",\"description\":\"Nyheder, Spiltips &amp; Livescore\",\"publisher\":{\"@id\":\"https:\/\/acefootball.com\/da\/#organization\"},\"potentialAction\":[{\"@type\":\"SearchAction\",\"target\":{\"@type\":\"EntryPoint\",\"urlTemplate\":\"https:\/\/acefootball.com\/da\/?s={search_term_string}\"},\"query-input\":\"required name=search_term_string\"}],\"inLanguage\":\"en-US\"},{\"@type\":\"ImageObject\",\"@id\":\"https:\/\/acefootball.com\/da\/fodboldnyheder\/se-den-her-fc-nordsjaelland-lancerer-ny-spillertroeje\/#primaryimage\",\"inLanguage\":\"en-US\",\"url\":\"https:\/\/acefootball.com\/da\/wp-content\/uploads\/sites\/2\/2020\/11\/Ace-7-1.jpg\",\"contentUrl\":\"https:\/\/acefootball.com\/da\/wp-content\/uploads\/sites\/2\/2020\/11\/Ace-7-1.jpg\",\"width\":1920,\"height\":1008},{\"@type\":\"WebPage\",\"@id\":\"https:\/\/acefootball.com\/da\/fodboldnyheder\/se-den-her-fc-nordsjaelland-lancerer-ny-spillertroeje\/#webpage\",\"url\":\"https:\/\/acefootball.com\/da\/fodboldnyheder\/se-den-her-fc-nordsjaelland-lancerer-ny-spillertroeje\/\",\"name\":\"Se den her: FC Nordsj\u00e6lland lancerer ny spillertr\u00f8je\",\"isPartOf\":{\"@id\":\"https:\/\/acefootball.com\/da\/#website\"},\"primaryImageOfPage\":{\"@id\":\"https:\/\/acefootball.com\/da\/fodboldnyheder\/se-den-her-fc-nordsjaelland-lancerer-ny-spillertroeje\/#primaryimage\"},\"datePublished\":\"2020-11-04T18:56:19+00:00\",\"dateModified\":\"2020-11-04T18:56:20+00:00\",\"description\":\"FC Nordsj\u00e6lland har valgt at lancere en ny spillertr\u00f8je, som for f\u00f8rste gang kommer i aktion p\u00e5 s\u00f8ndag mod Vejle\",\"breadcrumb\":{\"@id\":\"https:\/\/acefootball.com\/da\/fodboldnyheder\/se-den-her-fc-nordsjaelland-lancerer-ny-spillertroeje\/#breadcrumb\"},\"inLanguage\":\"en-US\",\"potentialAction\":[{\"@type\":\"ReadAction\",\"target\":[\"https:\/\/acefootball.com\/da\/fodboldnyheder\/se-den-her-fc-nordsjaelland-lancerer-ny-spillertroeje\/\"]}]},{\"@type\":\"BreadcrumbList\",\"@id\":\"https:\/\/acefootball.com\/da\/fodboldnyheder\/se-den-her-fc-nordsjaelland-lancerer-ny-spillertroeje\/#breadcrumb\",\"itemListElement\":[{\"@type\":\"ListItem\",\"position\":1,\"name\":\"Home\",\"item\":\"https:\/\/acefootball.com\/da\/\"},{\"@type\":\"ListItem\",\"position\":2,\"name\":\"Se den her: FC Nordsj\u00e6lland lancerer ny spillertr\u00f8je\"}]},{\"@type\":\"Article\",\"@id\":\"https:\/\/acefootball.com\/da\/fodboldnyheder\/se-den-her-fc-nordsjaelland-lancerer-ny-spillertroeje\/#article\",\"isPartOf\":{\"@id\":\"https:\/\/acefootball.com\/da\/fodboldnyheder\/se-den-her-fc-nordsjaelland-lancerer-ny-spillertroeje\/#webpage\"},\"author\":{\"@id\":\"https:\/\/acefootball.com\/da\/#\/schema\/person\/ee67e9cf04a276f144100ffa722f10cd\"},\"headline\":\"Se den her: FC Nordsj\u00e6lland lancerer ny spillertr\u00f8je\",\"datePublished\":\"2020-11-04T18:56:19+00:00\",\"dateModified\":\"2020-11-04T18:56:20+00:00\",\"mainEntityOfPage\":{\"@id\":\"https:\/\/acefootball.com\/da\/fodboldnyheder\/se-den-her-fc-nordsjaelland-lancerer-ny-spillertroeje\/#webpage\"},\"wordCount\":138,\"commentCount\":0,\"publisher\":{\"@id\":\"https:\/\/acefootball.com\/da\/#organization\"},\"image\":{\"@id\":\"https:\/\/acefootball.com\/da\/fodboldnyheder\/se-den-her-fc-nordsjaelland-lancerer-ny-spillertroeje\/#primaryimage\"},\"thumbnailUrl\":\"https:\/\/acefootball.com\/da\/wp-content\/uploads\/sites\/2\/2020\/11\/Untitled-design-1.jpg\",\"keywords\":[\"FC Nordsj\u00e6lland\",\"Superligaen\"],\"articleSection\":[\"Nyhed\"],\"inLanguage\":\"en-US\",\"potentialAction\":[{\"@type\":\"CommentAction\",\"name\":\"Comment\",\"target\":[\"https:\/\/acefootball.com\/da\/fodboldnyheder\/se-den-her-fc-nordsjaelland-lancerer-ny-spillertroeje\/#respond\"]}]},{\"@type\":\"Person\",\"@id\":\"https:\/\/acefootball.com\/da\/#\/schema\/person\/ee67e9cf04a276f144100ffa722f10cd\",\"name\":\"Mads Dreyer\",\"image\":{\"@type\":\"ImageObject\",\"@id\":\"https:\/\/acefootball.com\/da\/#personlogo\",\"inLanguage\":\"en-US\",\"url\":\"https:\/\/secure.gravatar.com\/avatar\/7c7abf72cfde9902b6a60efe60c88d4c?s=96&d=mm&r=g\",\"contentUrl\":\"https:\/\/secure.gravatar.com\/avatar\/7c7abf72cfde9902b6a60efe60c88d4c?s=96&d=mm&r=g\",\"caption\":\"Mads Dreyer\"},\"description\":\"Skribent og fodboldn\u00f8rd, der lige nu fort\u00e6ller om alt og intet i fodboldverdenen p\u00e5 acefootball.com. Uddannet i kommunikation fra Aalborg Universitet.\",\"sameAs\":[\"https:\/\/www.linkedin.com\/in\/mads-dreyer-b9b08266\/\"],\"url\":\"https:\/\/acefootball.com\/da\/fodboldnyheder\/author\/mdnronaldo\/\"}]}<\/script>\n<!-- \/ Yoast SEO plugin. -->","yoast_head_json":{"title":"Se den her: FC Nordsj\u00e6lland lancerer ny spillertr\u00f8je","description":"FC Nordsj\u00e6lland har valgt at lancere en ny spillertr\u00f8je, som for f\u00f8rste gang kommer i aktion p\u00e5 s\u00f8ndag mod Vejle","robots":{"index":"index","follow":"follow","max-snippet":"max-snippet:-1","max-image-preview":"max-image-preview:large","max-video-preview":"max-video-preview:-1"},"canonical":"https:\/\/acefootball.com\/da\/fodboldnyheder\/se-den-her-fc-nordsjaelland-lancerer-ny-spillertroeje\/","og_locale":"en_US","og_type":"article","og_title":"Se den her: FC Nordsj\u00e6lland lancerer ny spillertr\u00f8je","og_description":"FC Nordsj\u00e6lland har valgt at lancere en ny spillertr\u00f8je, som for f\u00f8rste gang kommer i aktion p\u00e5 s\u00f8ndag mod Vejle","og_url":"https:\/\/acefootball.com\/da\/fodboldnyheder\/se-den-her-fc-nordsjaelland-lancerer-ny-spillertroeje\/","og_site_name":"Ace Football Danmark","article_publisher":"https:\/\/www.facebook.com\/acefootballdk","article_published_time":"2020-11-04T18:56:19+00:00","article_modified_time":"2020-11-04T18:56:20+00:00","og_image":[{"width":1920,"height":1008,"url":"https:\/\/acefootball.com\/da\/wp-content\/uploads\/sites\/2\/2020\/11\/Ace-7-1.jpg","type":"image\/jpeg"}],"twitter_card":"summary_large_image","twitter_misc":{"Written by":"Mads Dreyer","Est. reading time":"1 minute"},"schema":{"@context":"https:\/\/schema.org","@graph":[{"@type":"Organization","@id":"https:\/\/acefootball.com\/da\/#organization","name":"Ace Football","url":"https:\/\/acefootball.com\/da\/","sameAs":["https:\/\/www.facebook.com\/acefootballdk"],"logo":{"@type":"ImageObject","@id":"https:\/\/acefootball.com\/da\/#logo","inLanguage":"en-US","url":"https:\/\/acefootball.com\/da\/wp-content\/uploads\/sites\/2\/2020\/07\/Ace-Football-30-07-2020-2.png","contentUrl":"https:\/\/acefootball.com\/da\/wp-content\/uploads\/sites\/2\/2020\/07\/Ace-Football-30-07-2020-2.png","width":1200,"height":600,"caption":"Ace Football"},"image":{"@id":"https:\/\/acefootball.com\/da\/#logo"}},{"@type":"WebSite","@id":"https:\/\/acefootball.com\/da\/#website","url":"https:\/\/acefootball.com\/da\/","name":"Ace Football Danmark","description":"Nyheder, Spiltips &amp; Livescore","publisher":{"@id":"https:\/\/acefootball.com\/da\/#organization"},"potentialAction":[{"@type":"SearchAction","target":{"@type":"EntryPoint","urlTemplate":"https:\/\/acefootball.com\/da\/?s={search_term_string}"},"query-input":"required name=search_term_string"}],"inLanguage":"en-US"},{"@type":"ImageObject","@id":"https:\/\/acefootball.com\/da\/fodboldnyheder\/se-den-her-fc-nordsjaelland-lancerer-ny-spillertroeje\/#primaryimage","inLanguage":"en-US","url":"https:\/\/acefootball.com\/da\/wp-content\/uploads\/sites\/2\/2020\/11\/Ace-7-1.jpg","contentUrl":"https:\/\/acefootball.com\/da\/wp-content\/uploads\/sites\/2\/2020\/11\/Ace-7-1.jpg","width":1920,"height":1008},{"@type":"WebPage","@id":"https:\/\/acefootball.com\/da\/fodboldnyheder\/se-den-her-fc-nordsjaelland-lancerer-ny-spillertroeje\/#webpage","url":"https:\/\/acefootball.com\/da\/fodboldnyheder\/se-den-her-fc-nordsjaelland-lancerer-ny-spillertroeje\/","name":"Se den her: FC Nordsj\u00e6lland lancerer ny spillertr\u00f8je","isPartOf":{"@id":"https:\/\/acefootball.com\/da\/#website"},"primaryImageOfPage":{"@id":"https:\/\/acefootball.com\/da\/fodboldnyheder\/se-den-her-fc-nordsjaelland-lancerer-ny-spillertroeje\/#primaryimage"},"datePublished":"2020-11-04T18:56:19+00:00","dateModified":"2020-11-04T18:56:20+00:00","description":"FC Nordsj\u00e6lland har valgt at lancere en ny spillertr\u00f8je, som for f\u00f8rste gang kommer i aktion p\u00e5 s\u00f8ndag mod Vejle","breadcrumb":{"@id":"https:\/\/acefootball.com\/da\/fodboldnyheder\/se-den-her-fc-nordsjaelland-lancerer-ny-spillertroeje\/#breadcrumb"},"inLanguage":"en-US","potentialAction":[{"@type":"ReadAction","target":["https:\/\/acefootball.com\/da\/fodboldnyheder\/se-den-her-fc-nordsjaelland-lancerer-ny-spillertroeje\/"]}]},{"@type":"BreadcrumbList","@id":"https:\/\/acefootball.com\/da\/fodboldnyheder\/se-den-her-fc-nordsjaelland-lancerer-ny-spillertroeje\/#breadcrumb","itemListElement":[{"@type":"ListItem","position":1,"name":"Home","item":"https:\/\/acefootball.com\/da\/"},{"@type":"ListItem","position":2,"name":"Se den her: FC Nordsj\u00e6lland lancerer ny spillertr\u00f8je"}]},{"@type":"Article","@id":"https:\/\/acefootball.com\/da\/fodboldnyheder\/se-den-her-fc-nordsjaelland-lancerer-ny-spillertroeje\/#article","isPartOf":{"@id":"https:\/\/acefootball.com\/da\/fodboldnyheder\/se-den-her-fc-nordsjaelland-lancerer-ny-spillertroeje\/#webpage"},"author":{"@id":"https:\/\/acefootball.com\/da\/#\/schema\/person\/ee67e9cf04a276f144100ffa722f10cd"},"headline":"Se den her: FC Nordsj\u00e6lland lancerer ny spillertr\u00f8je","datePublished":"2020-11-04T18:56:19+00:00","dateModified":"2020-11-04T18:56:20+00:00","mainEntityOfPage":{"@id":"https:\/\/acefootball.com\/da\/fodboldnyheder\/se-den-her-fc-nordsjaelland-lancerer-ny-spillertroeje\/#webpage"},"wordCount":138,"commentCount":0,"publisher":{"@id":"https:\/\/acefootball.com\/da\/#organization"},"image":{"@id":"https:\/\/acefootball.com\/da\/fodboldnyheder\/se-den-her-fc-nordsjaelland-lancerer-ny-spillertroeje\/#primaryimage"},"thumbnailUrl":"https:\/\/acefootball.com\/da\/wp-content\/uploads\/sites\/2\/2020\/11\/Untitled-design-1.jpg","keywords":["FC Nordsj\u00e6lland","Superligaen"],"articleSection":["Nyhed"],"inLanguage":"en-US","potentialAction":[{"@type":"CommentAction","name":"Comment","target":["https:\/\/acefootball.com\/da\/fodboldnyheder\/se-den-her-fc-nordsjaelland-lancerer-ny-spillertroeje\/#respond"]}]},{"@type":"Person","@id":"https:\/\/acefootball.com\/da\/#\/schema\/person\/ee67e9cf04a276f144100ffa722f10cd","name":"Mads Dreyer","image":{"@type":"ImageObject","@id":"https:\/\/acefootball.com\/da\/#personlogo","inLanguage":"en-US","url":"https:\/\/secure.gravatar.com\/avatar\/7c7abf72cfde9902b6a60efe60c88d4c?s=96&d=mm&r=g","contentUrl":"https:\/\/secure.gravatar.com\/avatar\/7c7abf72cfde9902b6a60efe60c88d4c?s=96&d=mm&r=g","caption":"Mads Dreyer"},"description":"Skribent og fodboldn\u00f8rd, der lige nu fort\u00e6ller om alt og intet i fodboldverdenen p\u00e5 acefootball.com. Uddannet i kommunikation fra Aalborg Universitet.","sameAs":["https:\/\/www.linkedin.com\/in\/mads-dreyer-b9b08266\/"],"url":"https:\/\/acefootball.com\/da\/fodboldnyheder\/author\/mdnronaldo\/"}]}},"fimg_url":"https:\/\/acefootball.com\/da\/wp-content\/uploads\/sites\/2\/2020\/11\/Untitled-design-1.jpg","_links":{"self":[{"href":"https:\/\/acefootball.com\/da\/wp-json\/wp\/v2\/posts\/242426"}],"collection":[{"href":"https:\/\/acefootball.com\/da\/wp-json\/wp\/v2\/posts"}],"about":[{"href":"https:\/\/acefootball.com\/da\/wp-json\/wp\/v2\/types\/post"}],"author":[{"embeddable":true,"href":"https:\/\/acefootball.com\/da\/wp-json\/wp\/v2\/users\/705"}],"replies":[{"embeddable":true,"href":"https:\/\/acefootball.com\/da\/wp-json\/wp\/v2\/comments?post=242426"}],"version-history":[{"count":0,"href":"https:\/\/acefootball.com\/da\/wp-json\/wp\/v2\/posts\/242426\/revisions"}],"wp:featuredmedia":[{"embeddable":true,"href":"https:\/\/acefootball.com\/da\/wp-json\/wp\/v2\/media\/242429"}],"wp:attachment":[{"href":"https:\/\/acefootball.com\/da\/wp-json\/wp\/v2\/media?parent=242426"}],"wp:term":[{"taxonomy":"category","embeddable":true,"href":"https:\/\/acefootball.com\/da\/wp-json\/wp\/v2\/categories?post=242426"},{"taxonomy":"post_tag","embeddable":true,"href":"https:\/\/acefootball.com\/da\/wp-json\/wp\/v2\/tags?post=242426"}],"curies":[{"name":"wp","href":"https:\/\/api.w.org\/{rel}","templated":true}]}}