{"id":242412,"date":"2020-11-04T17:47:23","date_gmt":"2020-11-04T16:47:23","guid":{"rendered":"https:\/\/acefootball.com\/da\/?p=242412"},"modified":"2020-11-04T17:47:24","modified_gmt":"2020-11-04T16:47:24","slug":"udelukket-fra-el-finale-og-em-nu-faar-han-undskyldning","status":"publish","type":"post","link":"https:\/\/acefootball.com\/da\/fodboldnyheder\/udelukket-fra-el-finale-og-em-nu-faar-han-undskyldning\/","title":{"rendered":"Udelukket fra EL-finale og EM: Nu f\u00e5r han undskyldning"},"content":{"rendered":"\n<h2 id=\"h-da-liverpool-i-2016-spillede-finale-i-europa-league-var-det-uden-mamadou-sakho-som-havde-f-et-karant-ne-for-brug-af-doping\">Da Liverpool i 2016 spillede finale i Europa League, var det uden Mamadou Sakho, som havde f\u00e5et karant\u00e6ne for brug af doping<\/h2>\n\n\n\n<p>I J\u00fcrgen Klopps f\u00f8rste s\u00e6son som Liverpool-manager lykkedes det at spille sig frem til finalen i Europa League, blandt andet med Mamadou Sakho i truppen.<\/p>\n\n\n\n<p>Den franske midtstopper blev dog udelukket fra finalen mod Sevilla, da han fik en m\u00e5neds karant\u00e6ne for brug af det fedtforbr\u00e6ndende stof higenamine. Noget der ogs\u00e5 gik ud over deltagelsen ved sommerens EM-slutrunde.<\/p>\n\n\n\n<div class=\"wp-block-si-widget wp-block-si-widget--center\"><si-lb-widget widget-id=\"BookmakerPromotionsSlider\" width=\"440\"><\/si-lb-widget><\/div>\n\n\n\n<p>Karant\u00e6nen blev udstedt af antidoping-agenturet WADA men blev senere m\u00f8dt med kritik af UEFA, da de mente, at stoffet ikke var at finde p\u00e5 listen over forbudte midler.<\/p>\n\n\n\n<p>WADA holdt dog fast, men nu tr\u00e6kker agenturet i land. Det sker i en pressemeddelelse if\u00f8lge <a href=\"https:\/\/www.skysports.com\/football\/news\/12040\/12123601\/mamadou-sakho-wada-apologises-to-former-liverpool-defender-over-wrongful-drugs-ban\" target=\"_blank\" rel=\"noreferrer noopener\">Sky Sports<\/a>.<\/p>\n\n\n\n<figure class=\"wp-block-embed-twitter wp-block-embed is-type-rich is-provider-twitter\"><div class=\"wp-block-embed__wrapper\">\n<blockquote class=\"twitter-tweet\" data-width=\"550\" data-dnt=\"true\"><p lang=\"en\" dir=\"ltr\">Mamadou Sakho has received an apology from &#8211; and been paid substantial damages by &#8211; the World Anti-Doping Agency after it wrongly asserted that the Crystal Palace defender had failed a drugs test during his time at <a href=\"https:\/\/twitter.com\/hashtag\/LFC?src=hash&amp;ref_src=twsrc%5Etfw\">#LFC<\/a>.<\/p>&mdash; Sky Sports News (@SkySportsNews) <a href=\"https:\/\/twitter.com\/SkySportsNews\/status\/1324024794979966976?ref_src=twsrc%5Etfw\">November 4, 2020<\/a><\/blockquote><script async src=\"https:\/\/platform.twitter.com\/widgets.js\" charset=\"utf-8\"><\/script>\n<\/div><\/figure>\n\n\n\n<p>Her erkender man sin egen fejl, mens der sendes en uforbeholden undskyldning afsted til Sakho. Den nuv\u00e6rende Crystal Palace-spiller f\u00e5r tilmed en \u00f8konomisk kompensation for den d\u00e5rlige omtale, sagen har givet.<\/p>\n\n\n\n<p>Mamadou Sakho forlod Liverpool et halvt \u00e5r efter karant\u00e6nen oph\u00f8rte og spillede siden kun en enkelt landskamp for Frankrig.<\/p>\n","protected":false},"excerpt":{"rendered":"<p>Da Liverpool i 2016 spillede finale i Europa League, var det uden Mamadou Sakho, som havde f\u00e5et karant\u00e6ne for brug af doping<\/p>\n","protected":false},"author":705,"featured_media":242413,"comment_status":"open","ping_status":"closed","sticky":false,"template":"","format":"standard","meta":{"om_disable_all_campaigns":false,"push_articles_ronaldo":{"active":false,"canonical":0,"publish":false},"force_updates":null},"categories":[1],"tags":[268,49,1016,132,269,134],"enet_tags":{"team":["9826","6723","8650"],"league":["73","47"],"player":["94043"],"sport_events":[]},"yoast_head":"<!-- This site is optimized with the Yoast SEO plugin v18.3 - https:\/\/yoast.com\/wordpress\/plugins\/seo\/ -->\n<title>Udelukket fra EL-finale og EM: Nu f\u00e5r han undskyldning<\/title>\n<meta name=\"description\" content=\"Da Liverpool i 2016 spillede finale i Europa League, var det uden Mamadou Sakho, som havde f\u00e5et karant\u00e6ne for brug af doping\" \/>\n<meta name=\"robots\" content=\"index, follow, max-snippet:-1, max-image-preview:large, max-video-preview:-1\" \/>\n<link rel=\"canonical\" href=\"https:\/\/acefootball.com\/da\/fodboldnyheder\/udelukket-fra-el-finale-og-em-nu-faar-han-undskyldning\/\" \/>\n<meta property=\"og:locale\" content=\"en_US\" \/>\n<meta property=\"og:type\" content=\"article\" \/>\n<meta property=\"og:title\" content=\"Udelukket fra EL-finale og EM: Nu f\u00e5r han undskyldning\" \/>\n<meta property=\"og:description\" content=\"Da Liverpool i 2016 spillede finale i Europa League, var det uden Mamadou Sakho, som havde f\u00e5et karant\u00e6ne for brug af doping\" \/>\n<meta property=\"og:url\" content=\"https:\/\/acefootball.com\/da\/fodboldnyheder\/udelukket-fra-el-finale-og-em-nu-faar-han-undskyldning\/\" \/>\n<meta property=\"og:site_name\" content=\"Ace Football Danmark\" \/>\n<meta property=\"article:publisher\" content=\"https:\/\/www.facebook.com\/acefootballdk\" \/>\n<meta property=\"article:published_time\" content=\"2020-11-04T16:47:23+00:00\" \/>\n<meta property=\"article:modified_time\" content=\"2020-11-04T16:47:24+00:00\" \/>\n<meta property=\"og:image\" content=\"https:\/\/acefootball.com\/da\/wp-content\/uploads\/sites\/2\/2020\/11\/Ace-2-1.jpg\" \/>\n\t<meta property=\"og:image:width\" content=\"1920\" \/>\n\t<meta property=\"og:image:height\" content=\"1008\" \/>\n\t<meta property=\"og:image:type\" content=\"image\/jpeg\" \/>\n<meta name=\"twitter:card\" content=\"summary_large_image\" \/>\n<meta name=\"twitter:label1\" content=\"Written by\" \/>\n\t<meta name=\"twitter:data1\" content=\"Mads Dreyer\" \/>\n\t<meta name=\"twitter:label2\" content=\"Est. reading time\" \/>\n\t<meta name=\"twitter:data2\" content=\"1 minute\" \/>\n<script type=\"application\/ld+json\" class=\"yoast-schema-graph\">{\"@context\":\"https:\/\/schema.org\",\"@graph\":[{\"@type\":\"Organization\",\"@id\":\"https:\/\/acefootball.com\/da\/#organization\",\"name\":\"Ace Football\",\"url\":\"https:\/\/acefootball.com\/da\/\",\"sameAs\":[\"https:\/\/www.facebook.com\/acefootballdk\"],\"logo\":{\"@type\":\"ImageObject\",\"@id\":\"https:\/\/acefootball.com\/da\/#logo\",\"inLanguage\":\"en-US\",\"url\":\"https:\/\/acefootball.com\/da\/wp-content\/uploads\/sites\/2\/2020\/07\/Ace-Football-30-07-2020-2.png\",\"contentUrl\":\"https:\/\/acefootball.com\/da\/wp-content\/uploads\/sites\/2\/2020\/07\/Ace-Football-30-07-2020-2.png\",\"width\":1200,\"height\":600,\"caption\":\"Ace Football\"},\"image\":{\"@id\":\"https:\/\/acefootball.com\/da\/#logo\"}},{\"@type\":\"WebSite\",\"@id\":\"https:\/\/acefootball.com\/da\/#website\",\"url\":\"https:\/\/acefootball.com\/da\/\",\"name\":\"Ace Football Danmark\",\"description\":\"Nyheder, Spiltips &amp; Livescore\",\"publisher\":{\"@id\":\"https:\/\/acefootball.com\/da\/#organization\"},\"potentialAction\":[{\"@type\":\"SearchAction\",\"target\":{\"@type\":\"EntryPoint\",\"urlTemplate\":\"https:\/\/acefootball.com\/da\/?s={search_term_string}\"},\"query-input\":\"required name=search_term_string\"}],\"inLanguage\":\"en-US\"},{\"@type\":\"ImageObject\",\"@id\":\"https:\/\/acefootball.com\/da\/fodboldnyheder\/udelukket-fra-el-finale-og-em-nu-faar-han-undskyldning\/#primaryimage\",\"inLanguage\":\"en-US\",\"url\":\"https:\/\/acefootball.com\/da\/wp-content\/uploads\/sites\/2\/2020\/11\/Ace-2-1.jpg\",\"contentUrl\":\"https:\/\/acefootball.com\/da\/wp-content\/uploads\/sites\/2\/2020\/11\/Ace-2-1.jpg\",\"width\":1920,\"height\":1008},{\"@type\":\"WebPage\",\"@id\":\"https:\/\/acefootball.com\/da\/fodboldnyheder\/udelukket-fra-el-finale-og-em-nu-faar-han-undskyldning\/#webpage\",\"url\":\"https:\/\/acefootball.com\/da\/fodboldnyheder\/udelukket-fra-el-finale-og-em-nu-faar-han-undskyldning\/\",\"name\":\"Udelukket fra EL-finale og EM: Nu f\u00e5r han undskyldning\",\"isPartOf\":{\"@id\":\"https:\/\/acefootball.com\/da\/#website\"},\"primaryImageOfPage\":{\"@id\":\"https:\/\/acefootball.com\/da\/fodboldnyheder\/udelukket-fra-el-finale-og-em-nu-faar-han-undskyldning\/#primaryimage\"},\"datePublished\":\"2020-11-04T16:47:23+00:00\",\"dateModified\":\"2020-11-04T16:47:24+00:00\",\"description\":\"Da Liverpool i 2016 spillede finale i Europa League, var det uden Mamadou Sakho, som havde f\u00e5et karant\u00e6ne for brug af doping\",\"breadcrumb\":{\"@id\":\"https:\/\/acefootball.com\/da\/fodboldnyheder\/udelukket-fra-el-finale-og-em-nu-faar-han-undskyldning\/#breadcrumb\"},\"inLanguage\":\"en-US\",\"potentialAction\":[{\"@type\":\"ReadAction\",\"target\":[\"https:\/\/acefootball.com\/da\/fodboldnyheder\/udelukket-fra-el-finale-og-em-nu-faar-han-undskyldning\/\"]}]},{\"@type\":\"BreadcrumbList\",\"@id\":\"https:\/\/acefootball.com\/da\/fodboldnyheder\/udelukket-fra-el-finale-og-em-nu-faar-han-undskyldning\/#breadcrumb\",\"itemListElement\":[{\"@type\":\"ListItem\",\"position\":1,\"name\":\"Home\",\"item\":\"https:\/\/acefootball.com\/da\/\"},{\"@type\":\"ListItem\",\"position\":2,\"name\":\"Udelukket fra EL-finale og EM: Nu f\u00e5r han undskyldning\"}]},{\"@type\":\"Article\",\"@id\":\"https:\/\/acefootball.com\/da\/fodboldnyheder\/udelukket-fra-el-finale-og-em-nu-faar-han-undskyldning\/#article\",\"isPartOf\":{\"@id\":\"https:\/\/acefootball.com\/da\/fodboldnyheder\/udelukket-fra-el-finale-og-em-nu-faar-han-undskyldning\/#webpage\"},\"author\":{\"@id\":\"https:\/\/acefootball.com\/da\/#\/schema\/person\/ee67e9cf04a276f144100ffa722f10cd\"},\"headline\":\"Udelukket fra EL-finale og EM: Nu f\u00e5r han undskyldning\",\"datePublished\":\"2020-11-04T16:47:23+00:00\",\"dateModified\":\"2020-11-04T16:47:24+00:00\",\"mainEntityOfPage\":{\"@id\":\"https:\/\/acefootball.com\/da\/fodboldnyheder\/udelukket-fra-el-finale-og-em-nu-faar-han-undskyldning\/#webpage\"},\"wordCount\":207,\"commentCount\":0,\"publisher\":{\"@id\":\"https:\/\/acefootball.com\/da\/#organization\"},\"image\":{\"@id\":\"https:\/\/acefootball.com\/da\/fodboldnyheder\/udelukket-fra-el-finale-og-em-nu-faar-han-undskyldning\/#primaryimage\"},\"thumbnailUrl\":\"https:\/\/acefootball.com\/da\/wp-content\/uploads\/sites\/2\/2020\/11\/GettyImages-522681188.jpg\",\"keywords\":[\"Crystal Palace\",\"Europa League\",\"Frankrig\",\"Liverpool\",\"Mamadou Sakho\",\"Premier League\"],\"articleSection\":[\"Nyhed\"],\"inLanguage\":\"en-US\",\"potentialAction\":[{\"@type\":\"CommentAction\",\"name\":\"Comment\",\"target\":[\"https:\/\/acefootball.com\/da\/fodboldnyheder\/udelukket-fra-el-finale-og-em-nu-faar-han-undskyldning\/#respond\"]}]},{\"@type\":\"Person\",\"@id\":\"https:\/\/acefootball.com\/da\/#\/schema\/person\/ee67e9cf04a276f144100ffa722f10cd\",\"name\":\"Mads Dreyer\",\"image\":{\"@type\":\"ImageObject\",\"@id\":\"https:\/\/acefootball.com\/da\/#personlogo\",\"inLanguage\":\"en-US\",\"url\":\"https:\/\/secure.gravatar.com\/avatar\/7c7abf72cfde9902b6a60efe60c88d4c?s=96&d=mm&r=g\",\"contentUrl\":\"https:\/\/secure.gravatar.com\/avatar\/7c7abf72cfde9902b6a60efe60c88d4c?s=96&d=mm&r=g\",\"caption\":\"Mads Dreyer\"},\"description\":\"Skribent og fodboldn\u00f8rd, der lige nu fort\u00e6ller om alt og intet i fodboldverdenen p\u00e5 acefootball.com. Uddannet i kommunikation fra Aalborg Universitet.\",\"sameAs\":[\"https:\/\/www.linkedin.com\/in\/mads-dreyer-b9b08266\/\"],\"url\":\"https:\/\/acefootball.com\/da\/fodboldnyheder\/author\/mdnronaldo\/\"}]}<\/script>\n<!-- \/ Yoast SEO plugin. -->","yoast_head_json":{"title":"Udelukket fra EL-finale og EM: Nu f\u00e5r han undskyldning","description":"Da Liverpool i 2016 spillede finale i Europa League, var det uden Mamadou Sakho, som havde f\u00e5et karant\u00e6ne for brug af doping","robots":{"index":"index","follow":"follow","max-snippet":"max-snippet:-1","max-image-preview":"max-image-preview:large","max-video-preview":"max-video-preview:-1"},"canonical":"https:\/\/acefootball.com\/da\/fodboldnyheder\/udelukket-fra-el-finale-og-em-nu-faar-han-undskyldning\/","og_locale":"en_US","og_type":"article","og_title":"Udelukket fra EL-finale og EM: Nu f\u00e5r han undskyldning","og_description":"Da Liverpool i 2016 spillede finale i Europa League, var det uden Mamadou Sakho, som havde f\u00e5et karant\u00e6ne for brug af doping","og_url":"https:\/\/acefootball.com\/da\/fodboldnyheder\/udelukket-fra-el-finale-og-em-nu-faar-han-undskyldning\/","og_site_name":"Ace Football Danmark","article_publisher":"https:\/\/www.facebook.com\/acefootballdk","article_published_time":"2020-11-04T16:47:23+00:00","article_modified_time":"2020-11-04T16:47:24+00:00","og_image":[{"width":1920,"height":1008,"url":"https:\/\/acefootball.com\/da\/wp-content\/uploads\/sites\/2\/2020\/11\/Ace-2-1.jpg","type":"image\/jpeg"}],"twitter_card":"summary_large_image","twitter_misc":{"Written by":"Mads Dreyer","Est. reading time":"1 minute"},"schema":{"@context":"https:\/\/schema.org","@graph":[{"@type":"Organization","@id":"https:\/\/acefootball.com\/da\/#organization","name":"Ace Football","url":"https:\/\/acefootball.com\/da\/","sameAs":["https:\/\/www.facebook.com\/acefootballdk"],"logo":{"@type":"ImageObject","@id":"https:\/\/acefootball.com\/da\/#logo","inLanguage":"en-US","url":"https:\/\/acefootball.com\/da\/wp-content\/uploads\/sites\/2\/2020\/07\/Ace-Football-30-07-2020-2.png","contentUrl":"https:\/\/acefootball.com\/da\/wp-content\/uploads\/sites\/2\/2020\/07\/Ace-Football-30-07-2020-2.png","width":1200,"height":600,"caption":"Ace Football"},"image":{"@id":"https:\/\/acefootball.com\/da\/#logo"}},{"@type":"WebSite","@id":"https:\/\/acefootball.com\/da\/#website","url":"https:\/\/acefootball.com\/da\/","name":"Ace Football Danmark","description":"Nyheder, Spiltips &amp; Livescore","publisher":{"@id":"https:\/\/acefootball.com\/da\/#organization"},"potentialAction":[{"@type":"SearchAction","target":{"@type":"EntryPoint","urlTemplate":"https:\/\/acefootball.com\/da\/?s={search_term_string}"},"query-input":"required name=search_term_string"}],"inLanguage":"en-US"},{"@type":"ImageObject","@id":"https:\/\/acefootball.com\/da\/fodboldnyheder\/udelukket-fra-el-finale-og-em-nu-faar-han-undskyldning\/#primaryimage","inLanguage":"en-US","url":"https:\/\/acefootball.com\/da\/wp-content\/uploads\/sites\/2\/2020\/11\/Ace-2-1.jpg","contentUrl":"https:\/\/acefootball.com\/da\/wp-content\/uploads\/sites\/2\/2020\/11\/Ace-2-1.jpg","width":1920,"height":1008},{"@type":"WebPage","@id":"https:\/\/acefootball.com\/da\/fodboldnyheder\/udelukket-fra-el-finale-og-em-nu-faar-han-undskyldning\/#webpage","url":"https:\/\/acefootball.com\/da\/fodboldnyheder\/udelukket-fra-el-finale-og-em-nu-faar-han-undskyldning\/","name":"Udelukket fra EL-finale og EM: Nu f\u00e5r han undskyldning","isPartOf":{"@id":"https:\/\/acefootball.com\/da\/#website"},"primaryImageOfPage":{"@id":"https:\/\/acefootball.com\/da\/fodboldnyheder\/udelukket-fra-el-finale-og-em-nu-faar-han-undskyldning\/#primaryimage"},"datePublished":"2020-11-04T16:47:23+00:00","dateModified":"2020-11-04T16:47:24+00:00","description":"Da Liverpool i 2016 spillede finale i Europa League, var det uden Mamadou Sakho, som havde f\u00e5et karant\u00e6ne for brug af doping","breadcrumb":{"@id":"https:\/\/acefootball.com\/da\/fodboldnyheder\/udelukket-fra-el-finale-og-em-nu-faar-han-undskyldning\/#breadcrumb"},"inLanguage":"en-US","potentialAction":[{"@type":"ReadAction","target":["https:\/\/acefootball.com\/da\/fodboldnyheder\/udelukket-fra-el-finale-og-em-nu-faar-han-undskyldning\/"]}]},{"@type":"BreadcrumbList","@id":"https:\/\/acefootball.com\/da\/fodboldnyheder\/udelukket-fra-el-finale-og-em-nu-faar-han-undskyldning\/#breadcrumb","itemListElement":[{"@type":"ListItem","position":1,"name":"Home","item":"https:\/\/acefootball.com\/da\/"},{"@type":"ListItem","position":2,"name":"Udelukket fra EL-finale og EM: Nu f\u00e5r han undskyldning"}]},{"@type":"Article","@id":"https:\/\/acefootball.com\/da\/fodboldnyheder\/udelukket-fra-el-finale-og-em-nu-faar-han-undskyldning\/#article","isPartOf":{"@id":"https:\/\/acefootball.com\/da\/fodboldnyheder\/udelukket-fra-el-finale-og-em-nu-faar-han-undskyldning\/#webpage"},"author":{"@id":"https:\/\/acefootball.com\/da\/#\/schema\/person\/ee67e9cf04a276f144100ffa722f10cd"},"headline":"Udelukket fra EL-finale og EM: Nu f\u00e5r han undskyldning","datePublished":"2020-11-04T16:47:23+00:00","dateModified":"2020-11-04T16:47:24+00:00","mainEntityOfPage":{"@id":"https:\/\/acefootball.com\/da\/fodboldnyheder\/udelukket-fra-el-finale-og-em-nu-faar-han-undskyldning\/#webpage"},"wordCount":207,"commentCount":0,"publisher":{"@id":"https:\/\/acefootball.com\/da\/#organization"},"image":{"@id":"https:\/\/acefootball.com\/da\/fodboldnyheder\/udelukket-fra-el-finale-og-em-nu-faar-han-undskyldning\/#primaryimage"},"thumbnailUrl":"https:\/\/acefootball.com\/da\/wp-content\/uploads\/sites\/2\/2020\/11\/GettyImages-522681188.jpg","keywords":["Crystal Palace","Europa League","Frankrig","Liverpool","Mamadou Sakho","Premier League"],"articleSection":["Nyhed"],"inLanguage":"en-US","potentialAction":[{"@type":"CommentAction","name":"Comment","target":["https:\/\/acefootball.com\/da\/fodboldnyheder\/udelukket-fra-el-finale-og-em-nu-faar-han-undskyldning\/#respond"]}]},{"@type":"Person","@id":"https:\/\/acefootball.com\/da\/#\/schema\/person\/ee67e9cf04a276f144100ffa722f10cd","name":"Mads Dreyer","image":{"@type":"ImageObject","@id":"https:\/\/acefootball.com\/da\/#personlogo","inLanguage":"en-US","url":"https:\/\/secure.gravatar.com\/avatar\/7c7abf72cfde9902b6a60efe60c88d4c?s=96&d=mm&r=g","contentUrl":"https:\/\/secure.gravatar.com\/avatar\/7c7abf72cfde9902b6a60efe60c88d4c?s=96&d=mm&r=g","caption":"Mads Dreyer"},"description":"Skribent og fodboldn\u00f8rd, der lige nu fort\u00e6ller om alt og intet i fodboldverdenen p\u00e5 acefootball.com. Uddannet i kommunikation fra Aalborg Universitet.","sameAs":["https:\/\/www.linkedin.com\/in\/mads-dreyer-b9b08266\/"],"url":"https:\/\/acefootball.com\/da\/fodboldnyheder\/author\/mdnronaldo\/"}]}},"fimg_url":"https:\/\/acefootball.com\/da\/wp-content\/uploads\/sites\/2\/2020\/11\/GettyImages-522681188.jpg","_links":{"self":[{"href":"https:\/\/acefootball.com\/da\/wp-json\/wp\/v2\/posts\/242412"}],"collection":[{"href":"https:\/\/acefootball.com\/da\/wp-json\/wp\/v2\/posts"}],"about":[{"href":"https:\/\/acefootball.com\/da\/wp-json\/wp\/v2\/types\/post"}],"author":[{"embeddable":true,"href":"https:\/\/acefootball.com\/da\/wp-json\/wp\/v2\/users\/705"}],"replies":[{"embeddable":true,"href":"https:\/\/acefootball.com\/da\/wp-json\/wp\/v2\/comments?post=242412"}],"version-history":[{"count":0,"href":"https:\/\/acefootball.com\/da\/wp-json\/wp\/v2\/posts\/242412\/revisions"}],"wp:featuredmedia":[{"embeddable":true,"href":"https:\/\/acefootball.com\/da\/wp-json\/wp\/v2\/media\/242413"}],"wp:attachment":[{"href":"https:\/\/acefootball.com\/da\/wp-json\/wp\/v2\/media?parent=242412"}],"wp:term":[{"taxonomy":"category","embeddable":true,"href":"https:\/\/acefootball.com\/da\/wp-json\/wp\/v2\/categories?post=242412"},{"taxonomy":"post_tag","embeddable":true,"href":"https:\/\/acefootball.com\/da\/wp-json\/wp\/v2\/tags?post=242412"}],"curies":[{"name":"wp","href":"https:\/\/api.w.org\/{rel}","templated":true}]}}