{"id":242255,"date":"2020-11-03T12:55:08","date_gmt":"2020-11-03T11:55:08","guid":{"rendered":"https:\/\/acefootball.com\/da\/?p=242255"},"modified":"2020-11-03T12:58:03","modified_gmt":"2020-11-03T11:58:03","slug":"broendbys-sigurd-rosted-faar-ekstra-straf-af-disciplinaerinstans","status":"publish","type":"post","link":"https:\/\/acefootball.com\/da\/fodboldnyheder\/broendbys-sigurd-rosted-faar-ekstra-straf-af-disciplinaerinstans\/","title":{"rendered":"Br\u00f8ndbys Sigurd Rosted f\u00e5r ekstra straf af Disciplin\u00e6rinstansen"},"content":{"rendered":"\n<h2 id=\"h-fodboldens-disciplin-rinstans-har-uddelt-en-ekstra-karant-ne-til-br-ndby-stopper-sigurd-rosted-efter-episoden-i-kampen-mod-fc-midtjylland\">Fodboldens Disciplin\u00e6rinstans har uddelt en ekstra karant\u00e6ne til Br\u00f8ndby-stopper Sigurd Rosted efter episoden i kampen mod FC Midtjylland<\/h2>\n\n\n\n<p>Sigurd Rosted modtog i kampen mellem Br\u00f8ndby IF og FC Midtjylland to gule kort, hvilket resulterede i et r\u00f8dt af slagsen og et tidligt bad.<\/p>\n\n\n\n<p>P\u00e5 vej i omkl\u00e6dningsrummet valgte nordmanden dog at knuse en rude med sin h\u00e5nd, og dette har Fodboldens Disciplin\u00e6rinstans nu valgt at straffe ved at give stopperen en ekstra karant\u00e6nedag.<\/p>\n\n\n\n<figure class=\"wp-block-embed-twitter wp-block-embed is-type-rich is-provider-twitter\"><div class=\"wp-block-embed__wrapper\">\n<blockquote class=\"twitter-tweet\" data-width=\"550\" data-dnt=\"true\"><p lang=\"da\" dir=\"ltr\">Disciplin\u00e6rinstansen straffer Sigurd Rosted yderligere <a href=\"https:\/\/t.co\/NV3fakibJ7\">https:\/\/t.co\/NV3fakibJ7<\/a> <a href=\"https:\/\/twitter.com\/hashtag\/Br%C3%B8ndby?src=hash&amp;ref_src=twsrc%5Etfw\">#Br\u00f8ndby<\/a><\/p>&mdash; BrondbyIF (@BrondbyIF) <a href=\"https:\/\/twitter.com\/BrondbyIF\/status\/1323591134334095360?ref_src=twsrc%5Etfw\">November 3, 2020<\/a><\/blockquote><script async src=\"https:\/\/platform.twitter.com\/widgets.js\" charset=\"utf-8\"><\/script>\n<\/div><\/figure>\n\n\n\n<p>Cheftertr\u00e6ner Niels Frederiksen \u00e6rgrer sig over beslutningen.<\/p>\n\n\n\n<p>&#8220;Vi er utrolig \u00e6rgerlige over, at vi m\u00e5 undv\u00e6re Sigurd mod OB. Vi kan konstatere, at dommerteamet til kampen valgte ikke at indberette det, s\u00e5 det er udelukkende Disciplin\u00e6rudvalget selv, der p\u00e5 baggrund af de artikler, der blev bragt i dagene efter kampen, som har valgt at g\u00f8re en sag ud af det. Der er mange f\u00f8lelser i spil i fodbold, og det vil der forh\u00e5bentligt blive ved med at v\u00e6re fremadrettet, uanset hvor mange karant\u00e6ner som denne, der bliver uddelt,&#8221; siger han til klubbens hjemmeside.<\/p>\n\n\n\n<p>Kampen mod OB spilles p\u00e5 s\u00f8ndag kl. 16.00 p\u00e5 Br\u00f8ndby Stadion.<\/p>\n\n\n\n<div class=\"wp-block-si-widget wp-block-si-widget--center\"><si-lb-widget widget-id=\"MatchInfoWithOdds\" data-nopadding=\"true\" data-card=\"true\" width=\"440\" data-event-id=\"3389114\" data-provider=\"mrgreen\" data-theme-appearance=\"dark\"><\/si-lb-widget><\/div>\n","protected":false},"excerpt":{"rendered":"<p>Fodboldens Disciplin\u00e6rinstans har uddelt en ekstra karant\u00e6ne til Br\u00f8ndby-stopper Sigurd Rosted efter episoden i kampen mod FC Midtjylland<\/p>\n","protected":false},"author":74,"featured_media":241379,"comment_status":"open","ping_status":"closed","sticky":false,"template":"","format":"standard","meta":{"om_disable_all_campaigns":false,"push_articles_ronaldo":{"active":false,"canonical":0,"publish":false},"force_updates":null},"categories":[1],"tags":[53,7818,588],"enet_tags":{"team":["8595"],"player":["535466"],"league":["46"],"sport_events":[3389114]},"yoast_head":"<!-- This site is optimized with the Yoast SEO plugin v18.3 - https:\/\/yoast.com\/wordpress\/plugins\/seo\/ -->\n<title>Br\u00f8ndbys Sigurd Rosted f\u00e5r ekstra straf af Disciplin\u00e6rinstansen<\/title>\n<meta name=\"description\" content=\"Fodboldens Disciplin\u00e6rinstans har uddelt en ekstra karant\u00e6ne til Br\u00f8ndby-stopper Sigurd Rosted efter episoden i kampen mod FC Midtjylland\" \/>\n<meta name=\"robots\" content=\"index, follow, max-snippet:-1, max-image-preview:large, max-video-preview:-1\" \/>\n<link rel=\"canonical\" href=\"https:\/\/acefootball.com\/da\/fodboldnyheder\/broendbys-sigurd-rosted-faar-ekstra-straf-af-disciplinaerinstans\/\" \/>\n<meta property=\"og:locale\" content=\"en_US\" \/>\n<meta property=\"og:type\" content=\"article\" \/>\n<meta property=\"og:title\" content=\"Br\u00f8ndbys Sigurd Rosted f\u00e5r ekstra straf af Disciplin\u00e6rinstansen\" \/>\n<meta property=\"og:description\" content=\"Fodboldens Disciplin\u00e6rinstans har uddelt en ekstra karant\u00e6ne til Br\u00f8ndby-stopper Sigurd Rosted efter episoden i kampen mod FC Midtjylland\" \/>\n<meta property=\"og:url\" content=\"https:\/\/acefootball.com\/da\/fodboldnyheder\/broendbys-sigurd-rosted-faar-ekstra-straf-af-disciplinaerinstans\/\" \/>\n<meta property=\"og:site_name\" content=\"Ace Football Danmark\" \/>\n<meta property=\"article:publisher\" content=\"https:\/\/www.facebook.com\/acefootballdk\" \/>\n<meta property=\"article:published_time\" content=\"2020-11-03T11:55:08+00:00\" \/>\n<meta property=\"article:modified_time\" content=\"2020-11-03T11:58:03+00:00\" \/>\n<meta property=\"og:image\" content=\"https:\/\/acefootball.com\/da\/wp-content\/uploads\/sites\/2\/2020\/11\/Broendby-5.jpg\" \/>\n\t<meta property=\"og:image:width\" content=\"1920\" \/>\n\t<meta property=\"og:image:height\" content=\"1008\" \/>\n\t<meta property=\"og:image:type\" content=\"image\/jpeg\" \/>\n<meta name=\"twitter:card\" content=\"summary_large_image\" \/>\n<meta name=\"twitter:label1\" content=\"Written by\" \/>\n\t<meta name=\"twitter:data1\" content=\"Patrick Hesselb\u00e6k\" \/>\n\t<meta name=\"twitter:label2\" content=\"Est. reading time\" \/>\n\t<meta name=\"twitter:data2\" content=\"1 minute\" \/>\n<script type=\"application\/ld+json\" class=\"yoast-schema-graph\">{\"@context\":\"https:\/\/schema.org\",\"@graph\":[{\"@type\":\"Organization\",\"@id\":\"https:\/\/acefootball.com\/da\/#organization\",\"name\":\"Ace Football\",\"url\":\"https:\/\/acefootball.com\/da\/\",\"sameAs\":[\"https:\/\/www.facebook.com\/acefootballdk\"],\"logo\":{\"@type\":\"ImageObject\",\"@id\":\"https:\/\/acefootball.com\/da\/#logo\",\"inLanguage\":\"en-US\",\"url\":\"https:\/\/acefootball.com\/da\/wp-content\/uploads\/sites\/2\/2020\/07\/Ace-Football-30-07-2020-2.png\",\"contentUrl\":\"https:\/\/acefootball.com\/da\/wp-content\/uploads\/sites\/2\/2020\/07\/Ace-Football-30-07-2020-2.png\",\"width\":1200,\"height\":600,\"caption\":\"Ace Football\"},\"image\":{\"@id\":\"https:\/\/acefootball.com\/da\/#logo\"}},{\"@type\":\"WebSite\",\"@id\":\"https:\/\/acefootball.com\/da\/#website\",\"url\":\"https:\/\/acefootball.com\/da\/\",\"name\":\"Ace Football Danmark\",\"description\":\"Nyheder, Spiltips &amp; Livescore\",\"publisher\":{\"@id\":\"https:\/\/acefootball.com\/da\/#organization\"},\"potentialAction\":[{\"@type\":\"SearchAction\",\"target\":{\"@type\":\"EntryPoint\",\"urlTemplate\":\"https:\/\/acefootball.com\/da\/?s={search_term_string}\"},\"query-input\":\"required name=search_term_string\"}],\"inLanguage\":\"en-US\"},{\"@type\":\"ImageObject\",\"@id\":\"https:\/\/acefootball.com\/da\/fodboldnyheder\/broendbys-sigurd-rosted-faar-ekstra-straf-af-disciplinaerinstans\/#primaryimage\",\"inLanguage\":\"en-US\",\"url\":\"https:\/\/acefootball.com\/da\/wp-content\/uploads\/sites\/2\/2020\/11\/Broendby-5.jpg\",\"contentUrl\":\"https:\/\/acefootball.com\/da\/wp-content\/uploads\/sites\/2\/2020\/11\/Broendby-5.jpg\",\"width\":1920,\"height\":1008},{\"@type\":\"WebPage\",\"@id\":\"https:\/\/acefootball.com\/da\/fodboldnyheder\/broendbys-sigurd-rosted-faar-ekstra-straf-af-disciplinaerinstans\/#webpage\",\"url\":\"https:\/\/acefootball.com\/da\/fodboldnyheder\/broendbys-sigurd-rosted-faar-ekstra-straf-af-disciplinaerinstans\/\",\"name\":\"Br\u00f8ndbys Sigurd Rosted f\u00e5r ekstra straf af Disciplin\u00e6rinstansen\",\"isPartOf\":{\"@id\":\"https:\/\/acefootball.com\/da\/#website\"},\"primaryImageOfPage\":{\"@id\":\"https:\/\/acefootball.com\/da\/fodboldnyheder\/broendbys-sigurd-rosted-faar-ekstra-straf-af-disciplinaerinstans\/#primaryimage\"},\"datePublished\":\"2020-11-03T11:55:08+00:00\",\"dateModified\":\"2020-11-03T11:58:03+00:00\",\"description\":\"Fodboldens Disciplin\u00e6rinstans har uddelt en ekstra karant\u00e6ne til Br\u00f8ndby-stopper Sigurd Rosted efter episoden i kampen mod FC Midtjylland\",\"breadcrumb\":{\"@id\":\"https:\/\/acefootball.com\/da\/fodboldnyheder\/broendbys-sigurd-rosted-faar-ekstra-straf-af-disciplinaerinstans\/#breadcrumb\"},\"inLanguage\":\"en-US\",\"potentialAction\":[{\"@type\":\"ReadAction\",\"target\":[\"https:\/\/acefootball.com\/da\/fodboldnyheder\/broendbys-sigurd-rosted-faar-ekstra-straf-af-disciplinaerinstans\/\"]}]},{\"@type\":\"BreadcrumbList\",\"@id\":\"https:\/\/acefootball.com\/da\/fodboldnyheder\/broendbys-sigurd-rosted-faar-ekstra-straf-af-disciplinaerinstans\/#breadcrumb\",\"itemListElement\":[{\"@type\":\"ListItem\",\"position\":1,\"name\":\"Home\",\"item\":\"https:\/\/acefootball.com\/da\/\"},{\"@type\":\"ListItem\",\"position\":2,\"name\":\"Br\u00f8ndbys Sigurd Rosted f\u00e5r ekstra straf af Disciplin\u00e6rinstansen\"}]},{\"@type\":\"Article\",\"@id\":\"https:\/\/acefootball.com\/da\/fodboldnyheder\/broendbys-sigurd-rosted-faar-ekstra-straf-af-disciplinaerinstans\/#article\",\"isPartOf\":{\"@id\":\"https:\/\/acefootball.com\/da\/fodboldnyheder\/broendbys-sigurd-rosted-faar-ekstra-straf-af-disciplinaerinstans\/#webpage\"},\"author\":{\"@id\":\"https:\/\/acefootball.com\/da\/#\/schema\/person\/fd6223a1c033400b41da7853ddf88c84\"},\"headline\":\"Br\u00f8ndbys Sigurd Rosted f\u00e5r ekstra straf af Disciplin\u00e6rinstansen\",\"datePublished\":\"2020-11-03T11:55:08+00:00\",\"dateModified\":\"2020-11-03T11:58:03+00:00\",\"mainEntityOfPage\":{\"@id\":\"https:\/\/acefootball.com\/da\/fodboldnyheder\/broendbys-sigurd-rosted-faar-ekstra-straf-af-disciplinaerinstans\/#webpage\"},\"wordCount\":211,\"commentCount\":0,\"publisher\":{\"@id\":\"https:\/\/acefootball.com\/da\/#organization\"},\"image\":{\"@id\":\"https:\/\/acefootball.com\/da\/fodboldnyheder\/broendbys-sigurd-rosted-faar-ekstra-straf-af-disciplinaerinstans\/#primaryimage\"},\"thumbnailUrl\":\"https:\/\/acefootball.com\/da\/wp-content\/uploads\/sites\/2\/2020\/10\/GettyImages-1229259688.jpg\",\"keywords\":[\"Br\u00f8ndby IF\",\"Sigurd Rosted\",\"Superligaen\"],\"articleSection\":[\"Nyhed\"],\"inLanguage\":\"en-US\",\"potentialAction\":[{\"@type\":\"CommentAction\",\"name\":\"Comment\",\"target\":[\"https:\/\/acefootball.com\/da\/fodboldnyheder\/broendbys-sigurd-rosted-faar-ekstra-straf-af-disciplinaerinstans\/#respond\"]}]},{\"@type\":\"Person\",\"@id\":\"https:\/\/acefootball.com\/da\/#\/schema\/person\/fd6223a1c033400b41da7853ddf88c84\",\"name\":\"Patrick Hesselb\u00e6k\",\"image\":{\"@type\":\"ImageObject\",\"@id\":\"https:\/\/acefootball.com\/da\/#personlogo\",\"inLanguage\":\"en-US\",\"url\":\"https:\/\/secure.gravatar.com\/avatar\/7919060992759bffbffb199d6cbdce6f?s=96&d=mm&r=g\",\"contentUrl\":\"https:\/\/secure.gravatar.com\/avatar\/7919060992759bffbffb199d6cbdce6f?s=96&d=mm&r=g\",\"caption\":\"Patrick Hesselb\u00e6k\"},\"description\":\"Redakt\u00f8r p\u00e5 den danske Ace Football-redaktion. Uddannet i kommunikation fra Aalborg Universitet. Prim\u00e6rt fokus p\u00e5 den danske 3F Superliga og de st\u00f8rste europ\u00e6iske turneringer.\",\"sameAs\":[\"https:\/\/www.linkedin.com\/in\/patrick-hesselbk-2a4b1711a\/\"],\"url\":\"https:\/\/acefootball.com\/da\/fodboldnyheder\/author\/patrickhesselbaek\/\"}]}<\/script>\n<!-- \/ Yoast SEO plugin. -->","yoast_head_json":{"title":"Br\u00f8ndbys Sigurd Rosted f\u00e5r ekstra straf af Disciplin\u00e6rinstansen","description":"Fodboldens Disciplin\u00e6rinstans har uddelt en ekstra karant\u00e6ne til Br\u00f8ndby-stopper Sigurd Rosted efter episoden i kampen mod FC Midtjylland","robots":{"index":"index","follow":"follow","max-snippet":"max-snippet:-1","max-image-preview":"max-image-preview:large","max-video-preview":"max-video-preview:-1"},"canonical":"https:\/\/acefootball.com\/da\/fodboldnyheder\/broendbys-sigurd-rosted-faar-ekstra-straf-af-disciplinaerinstans\/","og_locale":"en_US","og_type":"article","og_title":"Br\u00f8ndbys Sigurd Rosted f\u00e5r ekstra straf af Disciplin\u00e6rinstansen","og_description":"Fodboldens Disciplin\u00e6rinstans har uddelt en ekstra karant\u00e6ne til Br\u00f8ndby-stopper Sigurd Rosted efter episoden i kampen mod FC Midtjylland","og_url":"https:\/\/acefootball.com\/da\/fodboldnyheder\/broendbys-sigurd-rosted-faar-ekstra-straf-af-disciplinaerinstans\/","og_site_name":"Ace Football Danmark","article_publisher":"https:\/\/www.facebook.com\/acefootballdk","article_published_time":"2020-11-03T11:55:08+00:00","article_modified_time":"2020-11-03T11:58:03+00:00","og_image":[{"width":1920,"height":1008,"url":"https:\/\/acefootball.com\/da\/wp-content\/uploads\/sites\/2\/2020\/11\/Broendby-5.jpg","type":"image\/jpeg"}],"twitter_card":"summary_large_image","twitter_misc":{"Written by":"Patrick Hesselb\u00e6k","Est. reading time":"1 minute"},"schema":{"@context":"https:\/\/schema.org","@graph":[{"@type":"Organization","@id":"https:\/\/acefootball.com\/da\/#organization","name":"Ace Football","url":"https:\/\/acefootball.com\/da\/","sameAs":["https:\/\/www.facebook.com\/acefootballdk"],"logo":{"@type":"ImageObject","@id":"https:\/\/acefootball.com\/da\/#logo","inLanguage":"en-US","url":"https:\/\/acefootball.com\/da\/wp-content\/uploads\/sites\/2\/2020\/07\/Ace-Football-30-07-2020-2.png","contentUrl":"https:\/\/acefootball.com\/da\/wp-content\/uploads\/sites\/2\/2020\/07\/Ace-Football-30-07-2020-2.png","width":1200,"height":600,"caption":"Ace Football"},"image":{"@id":"https:\/\/acefootball.com\/da\/#logo"}},{"@type":"WebSite","@id":"https:\/\/acefootball.com\/da\/#website","url":"https:\/\/acefootball.com\/da\/","name":"Ace Football Danmark","description":"Nyheder, Spiltips &amp; Livescore","publisher":{"@id":"https:\/\/acefootball.com\/da\/#organization"},"potentialAction":[{"@type":"SearchAction","target":{"@type":"EntryPoint","urlTemplate":"https:\/\/acefootball.com\/da\/?s={search_term_string}"},"query-input":"required name=search_term_string"}],"inLanguage":"en-US"},{"@type":"ImageObject","@id":"https:\/\/acefootball.com\/da\/fodboldnyheder\/broendbys-sigurd-rosted-faar-ekstra-straf-af-disciplinaerinstans\/#primaryimage","inLanguage":"en-US","url":"https:\/\/acefootball.com\/da\/wp-content\/uploads\/sites\/2\/2020\/11\/Broendby-5.jpg","contentUrl":"https:\/\/acefootball.com\/da\/wp-content\/uploads\/sites\/2\/2020\/11\/Broendby-5.jpg","width":1920,"height":1008},{"@type":"WebPage","@id":"https:\/\/acefootball.com\/da\/fodboldnyheder\/broendbys-sigurd-rosted-faar-ekstra-straf-af-disciplinaerinstans\/#webpage","url":"https:\/\/acefootball.com\/da\/fodboldnyheder\/broendbys-sigurd-rosted-faar-ekstra-straf-af-disciplinaerinstans\/","name":"Br\u00f8ndbys Sigurd Rosted f\u00e5r ekstra straf af Disciplin\u00e6rinstansen","isPartOf":{"@id":"https:\/\/acefootball.com\/da\/#website"},"primaryImageOfPage":{"@id":"https:\/\/acefootball.com\/da\/fodboldnyheder\/broendbys-sigurd-rosted-faar-ekstra-straf-af-disciplinaerinstans\/#primaryimage"},"datePublished":"2020-11-03T11:55:08+00:00","dateModified":"2020-11-03T11:58:03+00:00","description":"Fodboldens Disciplin\u00e6rinstans har uddelt en ekstra karant\u00e6ne til Br\u00f8ndby-stopper Sigurd Rosted efter episoden i kampen mod FC Midtjylland","breadcrumb":{"@id":"https:\/\/acefootball.com\/da\/fodboldnyheder\/broendbys-sigurd-rosted-faar-ekstra-straf-af-disciplinaerinstans\/#breadcrumb"},"inLanguage":"en-US","potentialAction":[{"@type":"ReadAction","target":["https:\/\/acefootball.com\/da\/fodboldnyheder\/broendbys-sigurd-rosted-faar-ekstra-straf-af-disciplinaerinstans\/"]}]},{"@type":"BreadcrumbList","@id":"https:\/\/acefootball.com\/da\/fodboldnyheder\/broendbys-sigurd-rosted-faar-ekstra-straf-af-disciplinaerinstans\/#breadcrumb","itemListElement":[{"@type":"ListItem","position":1,"name":"Home","item":"https:\/\/acefootball.com\/da\/"},{"@type":"ListItem","position":2,"name":"Br\u00f8ndbys Sigurd Rosted f\u00e5r ekstra straf af Disciplin\u00e6rinstansen"}]},{"@type":"Article","@id":"https:\/\/acefootball.com\/da\/fodboldnyheder\/broendbys-sigurd-rosted-faar-ekstra-straf-af-disciplinaerinstans\/#article","isPartOf":{"@id":"https:\/\/acefootball.com\/da\/fodboldnyheder\/broendbys-sigurd-rosted-faar-ekstra-straf-af-disciplinaerinstans\/#webpage"},"author":{"@id":"https:\/\/acefootball.com\/da\/#\/schema\/person\/fd6223a1c033400b41da7853ddf88c84"},"headline":"Br\u00f8ndbys Sigurd Rosted f\u00e5r ekstra straf af Disciplin\u00e6rinstansen","datePublished":"2020-11-03T11:55:08+00:00","dateModified":"2020-11-03T11:58:03+00:00","mainEntityOfPage":{"@id":"https:\/\/acefootball.com\/da\/fodboldnyheder\/broendbys-sigurd-rosted-faar-ekstra-straf-af-disciplinaerinstans\/#webpage"},"wordCount":211,"commentCount":0,"publisher":{"@id":"https:\/\/acefootball.com\/da\/#organization"},"image":{"@id":"https:\/\/acefootball.com\/da\/fodboldnyheder\/broendbys-sigurd-rosted-faar-ekstra-straf-af-disciplinaerinstans\/#primaryimage"},"thumbnailUrl":"https:\/\/acefootball.com\/da\/wp-content\/uploads\/sites\/2\/2020\/10\/GettyImages-1229259688.jpg","keywords":["Br\u00f8ndby IF","Sigurd Rosted","Superligaen"],"articleSection":["Nyhed"],"inLanguage":"en-US","potentialAction":[{"@type":"CommentAction","name":"Comment","target":["https:\/\/acefootball.com\/da\/fodboldnyheder\/broendbys-sigurd-rosted-faar-ekstra-straf-af-disciplinaerinstans\/#respond"]}]},{"@type":"Person","@id":"https:\/\/acefootball.com\/da\/#\/schema\/person\/fd6223a1c033400b41da7853ddf88c84","name":"Patrick Hesselb\u00e6k","image":{"@type":"ImageObject","@id":"https:\/\/acefootball.com\/da\/#personlogo","inLanguage":"en-US","url":"https:\/\/secure.gravatar.com\/avatar\/7919060992759bffbffb199d6cbdce6f?s=96&d=mm&r=g","contentUrl":"https:\/\/secure.gravatar.com\/avatar\/7919060992759bffbffb199d6cbdce6f?s=96&d=mm&r=g","caption":"Patrick Hesselb\u00e6k"},"description":"Redakt\u00f8r p\u00e5 den danske Ace Football-redaktion. Uddannet i kommunikation fra Aalborg Universitet. Prim\u00e6rt fokus p\u00e5 den danske 3F Superliga og de st\u00f8rste europ\u00e6iske turneringer.","sameAs":["https:\/\/www.linkedin.com\/in\/patrick-hesselbk-2a4b1711a\/"],"url":"https:\/\/acefootball.com\/da\/fodboldnyheder\/author\/patrickhesselbaek\/"}]}},"fimg_url":"https:\/\/acefootball.com\/da\/wp-content\/uploads\/sites\/2\/2020\/10\/GettyImages-1229259688.jpg","_links":{"self":[{"href":"https:\/\/acefootball.com\/da\/wp-json\/wp\/v2\/posts\/242255"}],"collection":[{"href":"https:\/\/acefootball.com\/da\/wp-json\/wp\/v2\/posts"}],"about":[{"href":"https:\/\/acefootball.com\/da\/wp-json\/wp\/v2\/types\/post"}],"author":[{"embeddable":true,"href":"https:\/\/acefootball.com\/da\/wp-json\/wp\/v2\/users\/74"}],"replies":[{"embeddable":true,"href":"https:\/\/acefootball.com\/da\/wp-json\/wp\/v2\/comments?post=242255"}],"version-history":[{"count":0,"href":"https:\/\/acefootball.com\/da\/wp-json\/wp\/v2\/posts\/242255\/revisions"}],"wp:featuredmedia":[{"embeddable":true,"href":"https:\/\/acefootball.com\/da\/wp-json\/wp\/v2\/media\/241379"}],"wp:attachment":[{"href":"https:\/\/acefootball.com\/da\/wp-json\/wp\/v2\/media?parent=242255"}],"wp:term":[{"taxonomy":"category","embeddable":true,"href":"https:\/\/acefootball.com\/da\/wp-json\/wp\/v2\/categories?post=242255"},{"taxonomy":"post_tag","embeddable":true,"href":"https:\/\/acefootball.com\/da\/wp-json\/wp\/v2\/tags?post=242255"}],"curies":[{"name":"wp","href":"https:\/\/api.w.org\/{rel}","templated":true}]}}