{"id":242118,"date":"2020-11-02T11:53:22","date_gmt":"2020-11-02T10:53:22","guid":{"rendered":"https:\/\/acefootball.com\/da\/?p=242118"},"modified":"2020-11-02T11:53:25","modified_gmt":"2020-11-02T10:53:25","slug":"harry-kane-moedes-af-stor-vrede-spoergsmaal-om-tid-foer-han-skader-nogen-alvorligt","status":"publish","type":"post","link":"https:\/\/acefootball.com\/da\/fodboldnyheder\/harry-kane-moedes-af-stor-vrede-spoergsmaal-om-tid-foer-han-skader-nogen-alvorligt\/","title":{"rendered":"Harry Kane m\u00f8des af stor vrede: Sp\u00f8rgsm\u00e5l om tid, f\u00f8r han skader nogen alvorligt"},"content":{"rendered":"\n<h2 id=\"h-harry-kane-har-en-tendens-til-at-underl-be-sin-modstander-i-luftdueller-men-det-kan-alts-potentielt-v-re-meget-farligt\">Harry Kane har en tendens til at underl\u00f8be sin modstander i luftdueller, men det kan alts\u00e5 potentielt v\u00e6re meget farligt<\/h2>\n\n\n\n<div class=\"wp-block-si-widget wp-block-si-widget--center\"><si-lb-widget widget-id=\"MatchInfoWithOdds\" data-nopadding=\"true\" data-card=\"true\" width=\"440\" data-event-id=\"3411417\" data-theme-appearance=\"dark\"><\/si-lb-widget><\/div>\n\n\n\n<p>Tottenham indtog i g\u00e5r en andenplads i Premier League-tabellen, da de besejrede Brighton med 2-1 hjemme p\u00e5 Tottenham Hotspur Stadium.<\/p>\n\n\n\n<p>Holdets angrebsprofil Harry Kane scorede tidligt i kampen p\u00e5 et halvtyndt straffespark, som han selv tilk\u00e6mpede sig. Efter kampen blev Tottenham-angriberen dog m\u00f8dt af stor vrede, da man mener, at det var Kane selv, der bakkede ind i en sv\u00e6vende Adam Lallana, hvorfor der burde v\u00e6re d\u00f8mt farligt spil og ikke straffespark.<\/p>\n\n\n\n<p>Dette er dog langt fra den eneste gang, at den engelske stjerneangriber har underl\u00f8bet sin modstander, og det skete s\u00e5gar igen i anden halvleg, hvor han sendte Brighton-stopper Adam Webster p\u00e5 lidt af en flyvetur, hvorefter han landede p\u00e5 ryggen af Kane. Det samme skete i kampen mod West Ham, hvor det gik udover Aaron Cresswell.<\/p>\n\n\n\n<p>Flere fans mener dog, at det er alt for farligt, og at nogen b\u00f8r tage fat i ham og bede ham stoppe denne d\u00e5rlige vane, f\u00f8r det kommer til at koste en alvorlig skade. Du kan herunder se nogle af de mange vrede reaktioner.<\/p>\n\n\n\n<figure class=\"wp-block-embed-twitter wp-block-embed is-type-rich is-provider-twitter\"><div class=\"wp-block-embed__wrapper\">\n<blockquote class=\"twitter-tweet\" data-width=\"550\" data-dnt=\"true\"><p lang=\"en\" dir=\"ltr\"><a href=\"https:\/\/twitter.com\/GaryLineker?ref_src=twsrc%5Etfw\">@GaryLineker<\/a> <a href=\"https:\/\/twitter.com\/alanshearer?ref_src=twsrc%5Etfw\">@alanshearer<\/a> Please do the decent thing and call Harry Kane our &#8211; yesterday against Brighton was not his first and, until you do something, won\u2019t be his last if this is anything to go by.<a href=\"https:\/\/twitter.com\/HACKETTREF?ref_src=twsrc%5Etfw\">@HACKETTREF<\/a> this is pre-meditated cheating of a fellow professional. <a href=\"https:\/\/t.co\/s7c00qG7ju\">https:\/\/t.co\/s7c00qG7ju<\/a><\/p>&mdash; Alun Roberts (AJAR) (@AlunInHope) <a href=\"https:\/\/twitter.com\/AlunInHope\/status\/1323197623193554944?ref_src=twsrc%5Etfw\">November 2, 2020<\/a><\/blockquote><script async src=\"https:\/\/platform.twitter.com\/widgets.js\" charset=\"utf-8\"><\/script>\n<\/div><\/figure>\n\n\n\n<figure class=\"wp-block-image size-large\"><img loading=\"lazy\" width=\"546\" height=\"275\" src=\"https:\/\/acefootball.com\/da\/wp-content\/uploads\/sites\/2\/2020\/11\/image-2.png\" alt=\"\" class=\"wp-image-242137\" srcset=\"https:\/\/acefootball.com\/da\/wp-content\/uploads\/sites\/2\/2020\/11\/image-2.png 546w, https:\/\/acefootball.com\/da\/wp-content\/uploads\/sites\/2\/2020\/11\/image-2-300x151.png 300w\" sizes=\"(max-width: 546px) 100vw, 546px\" \/><\/figure>\n\n\n\n<figure class=\"wp-block-embed-twitter wp-block-embed is-type-rich is-provider-twitter\"><div class=\"wp-block-embed__wrapper\">\n<blockquote class=\"twitter-tweet\" data-width=\"550\" data-dnt=\"true\"><p lang=\"en\" dir=\"ltr\">How long before media darling Harry Kane breaks someone\u2019s neck? He\u2019ll probably get a penalty for it. It\u2019s not even subtle. He looks beforehand. <a href=\"https:\/\/t.co\/LWIRN9PSgr\">pic.twitter.com\/LWIRN9PSgr<\/a><\/p>&mdash; JB\u2122\ufe0f (@gunnerpunner) <a href=\"https:\/\/twitter.com\/gunnerpunner\/status\/1322997685901733895?ref_src=twsrc%5Etfw\">November 1, 2020<\/a><\/blockquote><script async src=\"https:\/\/platform.twitter.com\/widgets.js\" charset=\"utf-8\"><\/script>\n<\/div><\/figure>\n\n\n\n<figure class=\"wp-block-embed-twitter wp-block-embed\"><div class=\"wp-block-embed__wrapper\">\n<blockquote class=\"twitter-tweet\" data-width=\"550\" data-dnt=\"true\"><p lang=\"en\" dir=\"ltr\">Only a matter of time before <a href=\"https:\/\/twitter.com\/HKane?ref_src=twsrc%5Etfw\">@HKane<\/a> seriously injures someone by doing this. If it was rugby he would have been sent off both times. Taking both payers out in the air, yet today he gets a penalty?! \ud83e\udd37\ud83c\udffb\u200d\u2642\ufe0fReckless &amp; very dangerous  <a href=\"https:\/\/twitter.com\/hashtag\/TOTBRI?src=hash&amp;ref_src=twsrc%5Etfw\">#TOTBRI<\/a> <a href=\"https:\/\/t.co\/9hPtiTe9Bw\">pic.twitter.com\/9hPtiTe9Bw<\/a><\/p>&mdash; Barry Phillips (@bwp80) <a href=\"https:\/\/twitter.com\/bwp80\/status\/1323042517428981761?ref_src=twsrc%5Etfw\">November 1, 2020<\/a><\/blockquote><script async src=\"https:\/\/platform.twitter.com\/widgets.js\" charset=\"utf-8\"><\/script>\n<\/div><\/figure>\n\n\n\n<figure class=\"wp-block-embed-twitter wp-block-embed is-type-rich is-provider-twitter\"><div class=\"wp-block-embed__wrapper\">\n<blockquote class=\"twitter-tweet\" data-width=\"550\" data-dnt=\"true\"><p lang=\"en\" dir=\"ltr\">Hope one day harry kane don&#39;t end another player&#39;s career with thst nonsense he does all time by going underneath a player that&#39;s already jumped. Someone will land awkwardly one of these days <a href=\"https:\/\/twitter.com\/hashtag\/Kane?src=hash&amp;ref_src=twsrc%5Etfw\">#Kane<\/a> <a href=\"https:\/\/twitter.com\/hashtag\/TOTBRI?src=hash&amp;ref_src=twsrc%5Etfw\">#TOTBRI<\/a><\/p>&mdash; son of Queen Nefertari (@truth007) <a href=\"https:\/\/twitter.com\/truth007\/status\/1323039074186371072?ref_src=twsrc%5Etfw\">November 1, 2020<\/a><\/blockquote><script async src=\"https:\/\/platform.twitter.com\/widgets.js\" charset=\"utf-8\"><\/script>\n<\/div><\/figure>\n","protected":false},"excerpt":{"rendered":"<p>Harry Kane har en tendens til at underl\u00f8be sin modstander i luftdueller, men det kan alts\u00e5 potentielt v\u00e6re meget farligt<\/p>\n","protected":false},"author":74,"featured_media":242133,"comment_status":"open","ping_status":"closed","sticky":false,"template":"","format":"standard","meta":{"om_disable_all_campaigns":false,"push_articles_ronaldo":{"active":false,"canonical":0,"publish":false},"force_updates":null},"categories":[8204],"tags":[550,134,45],"enet_tags":{"player":["194165"],"league":["47"],"team":["8586"],"sport_events":[3411417]},"yoast_head":"<!-- This site is optimized with the Yoast SEO plugin v18.3 - https:\/\/yoast.com\/wordpress\/plugins\/seo\/ -->\n<title>Harry Kane m\u00f8des af stor vrede: Sp\u00f8rgsm\u00e5l om tid, f\u00f8r han skader nogen alvorligt<\/title>\n<meta name=\"description\" content=\"Harry Kane har en tendens til at underl\u00f8be sin modstander i luftdueller, men det kan alts\u00e5 potentielt v\u00e6re meget farligt\" \/>\n<meta name=\"robots\" content=\"index, follow, max-snippet:-1, max-image-preview:large, max-video-preview:-1\" \/>\n<link rel=\"canonical\" href=\"https:\/\/acefootball.com\/da\/fodboldnyheder\/harry-kane-moedes-af-stor-vrede-spoergsmaal-om-tid-foer-han-skader-nogen-alvorligt\/\" \/>\n<meta property=\"og:locale\" content=\"en_US\" \/>\n<meta property=\"og:type\" content=\"article\" \/>\n<meta property=\"og:title\" content=\"Harry Kane m\u00f8des af stor vrede: Sp\u00f8rgsm\u00e5l om tid, f\u00f8r han skader nogen alvorligt\" \/>\n<meta property=\"og:description\" content=\"Harry Kane har en tendens til at underl\u00f8be sin modstander i luftdueller, men det kan alts\u00e5 potentielt v\u00e6re meget farligt\" \/>\n<meta property=\"og:url\" content=\"https:\/\/acefootball.com\/da\/fodboldnyheder\/harry-kane-moedes-af-stor-vrede-spoergsmaal-om-tid-foer-han-skader-nogen-alvorligt\/\" \/>\n<meta property=\"og:site_name\" content=\"Ace Football Danmark\" \/>\n<meta property=\"article:publisher\" content=\"https:\/\/www.facebook.com\/acefootballdk\" \/>\n<meta property=\"article:published_time\" content=\"2020-11-02T10:53:22+00:00\" \/>\n<meta property=\"article:modified_time\" content=\"2020-11-02T10:53:25+00:00\" \/>\n<meta property=\"og:image\" content=\"https:\/\/acefootball.com\/da\/wp-content\/uploads\/sites\/2\/2020\/11\/Try-out.jpg\" \/>\n\t<meta property=\"og:image:width\" content=\"1920\" \/>\n\t<meta property=\"og:image:height\" content=\"1008\" \/>\n\t<meta property=\"og:image:type\" content=\"image\/jpeg\" \/>\n<meta name=\"twitter:card\" content=\"summary_large_image\" \/>\n<meta name=\"twitter:label1\" content=\"Written by\" \/>\n\t<meta name=\"twitter:data1\" content=\"Patrick Hesselb\u00e6k\" \/>\n\t<meta name=\"twitter:label2\" content=\"Est. reading time\" \/>\n\t<meta name=\"twitter:data2\" content=\"1 minute\" \/>\n<script type=\"application\/ld+json\" class=\"yoast-schema-graph\">{\"@context\":\"https:\/\/schema.org\",\"@graph\":[{\"@type\":\"Organization\",\"@id\":\"https:\/\/acefootball.com\/da\/#organization\",\"name\":\"Ace Football\",\"url\":\"https:\/\/acefootball.com\/da\/\",\"sameAs\":[\"https:\/\/www.facebook.com\/acefootballdk\"],\"logo\":{\"@type\":\"ImageObject\",\"@id\":\"https:\/\/acefootball.com\/da\/#logo\",\"inLanguage\":\"en-US\",\"url\":\"https:\/\/acefootball.com\/da\/wp-content\/uploads\/sites\/2\/2020\/07\/Ace-Football-30-07-2020-2.png\",\"contentUrl\":\"https:\/\/acefootball.com\/da\/wp-content\/uploads\/sites\/2\/2020\/07\/Ace-Football-30-07-2020-2.png\",\"width\":1200,\"height\":600,\"caption\":\"Ace Football\"},\"image\":{\"@id\":\"https:\/\/acefootball.com\/da\/#logo\"}},{\"@type\":\"WebSite\",\"@id\":\"https:\/\/acefootball.com\/da\/#website\",\"url\":\"https:\/\/acefootball.com\/da\/\",\"name\":\"Ace Football Danmark\",\"description\":\"Nyheder, Spiltips &amp; Livescore\",\"publisher\":{\"@id\":\"https:\/\/acefootball.com\/da\/#organization\"},\"potentialAction\":[{\"@type\":\"SearchAction\",\"target\":{\"@type\":\"EntryPoint\",\"urlTemplate\":\"https:\/\/acefootball.com\/da\/?s={search_term_string}\"},\"query-input\":\"required name=search_term_string\"}],\"inLanguage\":\"en-US\"},{\"@type\":\"ImageObject\",\"@id\":\"https:\/\/acefootball.com\/da\/fodboldnyheder\/harry-kane-moedes-af-stor-vrede-spoergsmaal-om-tid-foer-han-skader-nogen-alvorligt\/#primaryimage\",\"inLanguage\":\"en-US\",\"url\":\"https:\/\/acefootball.com\/da\/wp-content\/uploads\/sites\/2\/2020\/11\/Try-out.jpg\",\"contentUrl\":\"https:\/\/acefootball.com\/da\/wp-content\/uploads\/sites\/2\/2020\/11\/Try-out.jpg\",\"width\":1920,\"height\":1008},{\"@type\":\"WebPage\",\"@id\":\"https:\/\/acefootball.com\/da\/fodboldnyheder\/harry-kane-moedes-af-stor-vrede-spoergsmaal-om-tid-foer-han-skader-nogen-alvorligt\/#webpage\",\"url\":\"https:\/\/acefootball.com\/da\/fodboldnyheder\/harry-kane-moedes-af-stor-vrede-spoergsmaal-om-tid-foer-han-skader-nogen-alvorligt\/\",\"name\":\"Harry Kane m\u00f8des af stor vrede: Sp\u00f8rgsm\u00e5l om tid, f\u00f8r han skader nogen alvorligt\",\"isPartOf\":{\"@id\":\"https:\/\/acefootball.com\/da\/#website\"},\"primaryImageOfPage\":{\"@id\":\"https:\/\/acefootball.com\/da\/fodboldnyheder\/harry-kane-moedes-af-stor-vrede-spoergsmaal-om-tid-foer-han-skader-nogen-alvorligt\/#primaryimage\"},\"datePublished\":\"2020-11-02T10:53:22+00:00\",\"dateModified\":\"2020-11-02T10:53:25+00:00\",\"description\":\"Harry Kane har en tendens til at underl\u00f8be sin modstander i luftdueller, men det kan alts\u00e5 potentielt v\u00e6re meget farligt\",\"breadcrumb\":{\"@id\":\"https:\/\/acefootball.com\/da\/fodboldnyheder\/harry-kane-moedes-af-stor-vrede-spoergsmaal-om-tid-foer-han-skader-nogen-alvorligt\/#breadcrumb\"},\"inLanguage\":\"en-US\",\"potentialAction\":[{\"@type\":\"ReadAction\",\"target\":[\"https:\/\/acefootball.com\/da\/fodboldnyheder\/harry-kane-moedes-af-stor-vrede-spoergsmaal-om-tid-foer-han-skader-nogen-alvorligt\/\"]}]},{\"@type\":\"BreadcrumbList\",\"@id\":\"https:\/\/acefootball.com\/da\/fodboldnyheder\/harry-kane-moedes-af-stor-vrede-spoergsmaal-om-tid-foer-han-skader-nogen-alvorligt\/#breadcrumb\",\"itemListElement\":[{\"@type\":\"ListItem\",\"position\":1,\"name\":\"Home\",\"item\":\"https:\/\/acefootball.com\/da\/\"},{\"@type\":\"ListItem\",\"position\":2,\"name\":\"Harry Kane m\u00f8des af stor vrede: Sp\u00f8rgsm\u00e5l om tid, f\u00f8r han skader nogen alvorligt\"}]},{\"@type\":\"Article\",\"@id\":\"https:\/\/acefootball.com\/da\/fodboldnyheder\/harry-kane-moedes-af-stor-vrede-spoergsmaal-om-tid-foer-han-skader-nogen-alvorligt\/#article\",\"isPartOf\":{\"@id\":\"https:\/\/acefootball.com\/da\/fodboldnyheder\/harry-kane-moedes-af-stor-vrede-spoergsmaal-om-tid-foer-han-skader-nogen-alvorligt\/#webpage\"},\"author\":{\"@id\":\"https:\/\/acefootball.com\/da\/#\/schema\/person\/fd6223a1c033400b41da7853ddf88c84\"},\"headline\":\"Harry Kane m\u00f8des af stor vrede: Sp\u00f8rgsm\u00e5l om tid, f\u00f8r han skader nogen alvorligt\",\"datePublished\":\"2020-11-02T10:53:22+00:00\",\"dateModified\":\"2020-11-02T10:53:25+00:00\",\"mainEntityOfPage\":{\"@id\":\"https:\/\/acefootball.com\/da\/fodboldnyheder\/harry-kane-moedes-af-stor-vrede-spoergsmaal-om-tid-foer-han-skader-nogen-alvorligt\/#webpage\"},\"wordCount\":243,\"commentCount\":0,\"publisher\":{\"@id\":\"https:\/\/acefootball.com\/da\/#organization\"},\"image\":{\"@id\":\"https:\/\/acefootball.com\/da\/fodboldnyheder\/harry-kane-moedes-af-stor-vrede-spoergsmaal-om-tid-foer-han-skader-nogen-alvorligt\/#primaryimage\"},\"thumbnailUrl\":\"https:\/\/acefootball.com\/da\/wp-content\/uploads\/sites\/2\/2020\/11\/Harry-Kane.jpg\",\"keywords\":[\"Harry Kane\",\"Premier League\",\"Tottenham\"],\"articleSection\":[\"Udtalelse\"],\"inLanguage\":\"en-US\",\"potentialAction\":[{\"@type\":\"CommentAction\",\"name\":\"Comment\",\"target\":[\"https:\/\/acefootball.com\/da\/fodboldnyheder\/harry-kane-moedes-af-stor-vrede-spoergsmaal-om-tid-foer-han-skader-nogen-alvorligt\/#respond\"]}]},{\"@type\":\"Person\",\"@id\":\"https:\/\/acefootball.com\/da\/#\/schema\/person\/fd6223a1c033400b41da7853ddf88c84\",\"name\":\"Patrick Hesselb\u00e6k\",\"image\":{\"@type\":\"ImageObject\",\"@id\":\"https:\/\/acefootball.com\/da\/#personlogo\",\"inLanguage\":\"en-US\",\"url\":\"https:\/\/secure.gravatar.com\/avatar\/7919060992759bffbffb199d6cbdce6f?s=96&d=mm&r=g\",\"contentUrl\":\"https:\/\/secure.gravatar.com\/avatar\/7919060992759bffbffb199d6cbdce6f?s=96&d=mm&r=g\",\"caption\":\"Patrick Hesselb\u00e6k\"},\"description\":\"Redakt\u00f8r p\u00e5 den danske Ace Football-redaktion. Uddannet i kommunikation fra Aalborg Universitet. Prim\u00e6rt fokus p\u00e5 den danske 3F Superliga og de st\u00f8rste europ\u00e6iske turneringer.\",\"sameAs\":[\"https:\/\/www.linkedin.com\/in\/patrick-hesselbk-2a4b1711a\/\"],\"url\":\"https:\/\/acefootball.com\/da\/fodboldnyheder\/author\/patrickhesselbaek\/\"}]}<\/script>\n<!-- \/ Yoast SEO plugin. -->","yoast_head_json":{"title":"Harry Kane m\u00f8des af stor vrede: Sp\u00f8rgsm\u00e5l om tid, f\u00f8r han skader nogen alvorligt","description":"Harry Kane har en tendens til at underl\u00f8be sin modstander i luftdueller, men det kan alts\u00e5 potentielt v\u00e6re meget farligt","robots":{"index":"index","follow":"follow","max-snippet":"max-snippet:-1","max-image-preview":"max-image-preview:large","max-video-preview":"max-video-preview:-1"},"canonical":"https:\/\/acefootball.com\/da\/fodboldnyheder\/harry-kane-moedes-af-stor-vrede-spoergsmaal-om-tid-foer-han-skader-nogen-alvorligt\/","og_locale":"en_US","og_type":"article","og_title":"Harry Kane m\u00f8des af stor vrede: Sp\u00f8rgsm\u00e5l om tid, f\u00f8r han skader nogen alvorligt","og_description":"Harry Kane har en tendens til at underl\u00f8be sin modstander i luftdueller, men det kan alts\u00e5 potentielt v\u00e6re meget farligt","og_url":"https:\/\/acefootball.com\/da\/fodboldnyheder\/harry-kane-moedes-af-stor-vrede-spoergsmaal-om-tid-foer-han-skader-nogen-alvorligt\/","og_site_name":"Ace Football Danmark","article_publisher":"https:\/\/www.facebook.com\/acefootballdk","article_published_time":"2020-11-02T10:53:22+00:00","article_modified_time":"2020-11-02T10:53:25+00:00","og_image":[{"width":1920,"height":1008,"url":"https:\/\/acefootball.com\/da\/wp-content\/uploads\/sites\/2\/2020\/11\/Try-out.jpg","type":"image\/jpeg"}],"twitter_card":"summary_large_image","twitter_misc":{"Written by":"Patrick Hesselb\u00e6k","Est. reading time":"1 minute"},"schema":{"@context":"https:\/\/schema.org","@graph":[{"@type":"Organization","@id":"https:\/\/acefootball.com\/da\/#organization","name":"Ace Football","url":"https:\/\/acefootball.com\/da\/","sameAs":["https:\/\/www.facebook.com\/acefootballdk"],"logo":{"@type":"ImageObject","@id":"https:\/\/acefootball.com\/da\/#logo","inLanguage":"en-US","url":"https:\/\/acefootball.com\/da\/wp-content\/uploads\/sites\/2\/2020\/07\/Ace-Football-30-07-2020-2.png","contentUrl":"https:\/\/acefootball.com\/da\/wp-content\/uploads\/sites\/2\/2020\/07\/Ace-Football-30-07-2020-2.png","width":1200,"height":600,"caption":"Ace Football"},"image":{"@id":"https:\/\/acefootball.com\/da\/#logo"}},{"@type":"WebSite","@id":"https:\/\/acefootball.com\/da\/#website","url":"https:\/\/acefootball.com\/da\/","name":"Ace Football Danmark","description":"Nyheder, Spiltips &amp; Livescore","publisher":{"@id":"https:\/\/acefootball.com\/da\/#organization"},"potentialAction":[{"@type":"SearchAction","target":{"@type":"EntryPoint","urlTemplate":"https:\/\/acefootball.com\/da\/?s={search_term_string}"},"query-input":"required name=search_term_string"}],"inLanguage":"en-US"},{"@type":"ImageObject","@id":"https:\/\/acefootball.com\/da\/fodboldnyheder\/harry-kane-moedes-af-stor-vrede-spoergsmaal-om-tid-foer-han-skader-nogen-alvorligt\/#primaryimage","inLanguage":"en-US","url":"https:\/\/acefootball.com\/da\/wp-content\/uploads\/sites\/2\/2020\/11\/Try-out.jpg","contentUrl":"https:\/\/acefootball.com\/da\/wp-content\/uploads\/sites\/2\/2020\/11\/Try-out.jpg","width":1920,"height":1008},{"@type":"WebPage","@id":"https:\/\/acefootball.com\/da\/fodboldnyheder\/harry-kane-moedes-af-stor-vrede-spoergsmaal-om-tid-foer-han-skader-nogen-alvorligt\/#webpage","url":"https:\/\/acefootball.com\/da\/fodboldnyheder\/harry-kane-moedes-af-stor-vrede-spoergsmaal-om-tid-foer-han-skader-nogen-alvorligt\/","name":"Harry Kane m\u00f8des af stor vrede: Sp\u00f8rgsm\u00e5l om tid, f\u00f8r han skader nogen alvorligt","isPartOf":{"@id":"https:\/\/acefootball.com\/da\/#website"},"primaryImageOfPage":{"@id":"https:\/\/acefootball.com\/da\/fodboldnyheder\/harry-kane-moedes-af-stor-vrede-spoergsmaal-om-tid-foer-han-skader-nogen-alvorligt\/#primaryimage"},"datePublished":"2020-11-02T10:53:22+00:00","dateModified":"2020-11-02T10:53:25+00:00","description":"Harry Kane har en tendens til at underl\u00f8be sin modstander i luftdueller, men det kan alts\u00e5 potentielt v\u00e6re meget farligt","breadcrumb":{"@id":"https:\/\/acefootball.com\/da\/fodboldnyheder\/harry-kane-moedes-af-stor-vrede-spoergsmaal-om-tid-foer-han-skader-nogen-alvorligt\/#breadcrumb"},"inLanguage":"en-US","potentialAction":[{"@type":"ReadAction","target":["https:\/\/acefootball.com\/da\/fodboldnyheder\/harry-kane-moedes-af-stor-vrede-spoergsmaal-om-tid-foer-han-skader-nogen-alvorligt\/"]}]},{"@type":"BreadcrumbList","@id":"https:\/\/acefootball.com\/da\/fodboldnyheder\/harry-kane-moedes-af-stor-vrede-spoergsmaal-om-tid-foer-han-skader-nogen-alvorligt\/#breadcrumb","itemListElement":[{"@type":"ListItem","position":1,"name":"Home","item":"https:\/\/acefootball.com\/da\/"},{"@type":"ListItem","position":2,"name":"Harry Kane m\u00f8des af stor vrede: Sp\u00f8rgsm\u00e5l om tid, f\u00f8r han skader nogen alvorligt"}]},{"@type":"Article","@id":"https:\/\/acefootball.com\/da\/fodboldnyheder\/harry-kane-moedes-af-stor-vrede-spoergsmaal-om-tid-foer-han-skader-nogen-alvorligt\/#article","isPartOf":{"@id":"https:\/\/acefootball.com\/da\/fodboldnyheder\/harry-kane-moedes-af-stor-vrede-spoergsmaal-om-tid-foer-han-skader-nogen-alvorligt\/#webpage"},"author":{"@id":"https:\/\/acefootball.com\/da\/#\/schema\/person\/fd6223a1c033400b41da7853ddf88c84"},"headline":"Harry Kane m\u00f8des af stor vrede: Sp\u00f8rgsm\u00e5l om tid, f\u00f8r han skader nogen alvorligt","datePublished":"2020-11-02T10:53:22+00:00","dateModified":"2020-11-02T10:53:25+00:00","mainEntityOfPage":{"@id":"https:\/\/acefootball.com\/da\/fodboldnyheder\/harry-kane-moedes-af-stor-vrede-spoergsmaal-om-tid-foer-han-skader-nogen-alvorligt\/#webpage"},"wordCount":243,"commentCount":0,"publisher":{"@id":"https:\/\/acefootball.com\/da\/#organization"},"image":{"@id":"https:\/\/acefootball.com\/da\/fodboldnyheder\/harry-kane-moedes-af-stor-vrede-spoergsmaal-om-tid-foer-han-skader-nogen-alvorligt\/#primaryimage"},"thumbnailUrl":"https:\/\/acefootball.com\/da\/wp-content\/uploads\/sites\/2\/2020\/11\/Harry-Kane.jpg","keywords":["Harry Kane","Premier League","Tottenham"],"articleSection":["Udtalelse"],"inLanguage":"en-US","potentialAction":[{"@type":"CommentAction","name":"Comment","target":["https:\/\/acefootball.com\/da\/fodboldnyheder\/harry-kane-moedes-af-stor-vrede-spoergsmaal-om-tid-foer-han-skader-nogen-alvorligt\/#respond"]}]},{"@type":"Person","@id":"https:\/\/acefootball.com\/da\/#\/schema\/person\/fd6223a1c033400b41da7853ddf88c84","name":"Patrick Hesselb\u00e6k","image":{"@type":"ImageObject","@id":"https:\/\/acefootball.com\/da\/#personlogo","inLanguage":"en-US","url":"https:\/\/secure.gravatar.com\/avatar\/7919060992759bffbffb199d6cbdce6f?s=96&d=mm&r=g","contentUrl":"https:\/\/secure.gravatar.com\/avatar\/7919060992759bffbffb199d6cbdce6f?s=96&d=mm&r=g","caption":"Patrick Hesselb\u00e6k"},"description":"Redakt\u00f8r p\u00e5 den danske Ace Football-redaktion. Uddannet i kommunikation fra Aalborg Universitet. Prim\u00e6rt fokus p\u00e5 den danske 3F Superliga og de st\u00f8rste europ\u00e6iske turneringer.","sameAs":["https:\/\/www.linkedin.com\/in\/patrick-hesselbk-2a4b1711a\/"],"url":"https:\/\/acefootball.com\/da\/fodboldnyheder\/author\/patrickhesselbaek\/"}]}},"fimg_url":"https:\/\/acefootball.com\/da\/wp-content\/uploads\/sites\/2\/2020\/11\/Harry-Kane.jpg","_links":{"self":[{"href":"https:\/\/acefootball.com\/da\/wp-json\/wp\/v2\/posts\/242118"}],"collection":[{"href":"https:\/\/acefootball.com\/da\/wp-json\/wp\/v2\/posts"}],"about":[{"href":"https:\/\/acefootball.com\/da\/wp-json\/wp\/v2\/types\/post"}],"author":[{"embeddable":true,"href":"https:\/\/acefootball.com\/da\/wp-json\/wp\/v2\/users\/74"}],"replies":[{"embeddable":true,"href":"https:\/\/acefootball.com\/da\/wp-json\/wp\/v2\/comments?post=242118"}],"version-history":[{"count":0,"href":"https:\/\/acefootball.com\/da\/wp-json\/wp\/v2\/posts\/242118\/revisions"}],"wp:featuredmedia":[{"embeddable":true,"href":"https:\/\/acefootball.com\/da\/wp-json\/wp\/v2\/media\/242133"}],"wp:attachment":[{"href":"https:\/\/acefootball.com\/da\/wp-json\/wp\/v2\/media?parent=242118"}],"wp:term":[{"taxonomy":"category","embeddable":true,"href":"https:\/\/acefootball.com\/da\/wp-json\/wp\/v2\/categories?post=242118"},{"taxonomy":"post_tag","embeddable":true,"href":"https:\/\/acefootball.com\/da\/wp-json\/wp\/v2\/tags?post=242118"}],"curies":[{"name":"wp","href":"https:\/\/api.w.org\/{rel}","templated":true}]}}