{"id":242107,"date":"2020-11-02T10:11:43","date_gmt":"2020-11-02T09:11:43","guid":{"rendered":"https:\/\/acefootball.com\/da\/?p=242107"},"modified":"2020-11-02T10:11:44","modified_gmt":"2020-11-02T09:11:44","slug":"efter-nederlag-til-aab-broendby-spiller-hagles-ned-paa-twitter","status":"publish","type":"post","link":"https:\/\/acefootball.com\/da\/fodboldnyheder\/efter-nederlag-til-aab-broendby-spiller-hagles-ned-paa-twitter\/","title":{"rendered":"Efter nederlag til AaB: Br\u00f8ndby-spiller hagles ned p\u00e5 Twitter"},"content":{"rendered":"\n<h2 id=\"h-br-ndby-tabte-s-ndag-med-2-1-i-aalborg-is-t-midtbanespilleren-josip-radosevic-h-ster-stor-kritik-for-sin-pr-station-p-de-sociale-medier\">Br\u00f8ndby tabte s\u00f8ndag med 2-1 i Aalborg. Is\u00e6t midtbanespilleren Josip Radosevic h\u00f8ster stor kritik for sin pr\u00e6station p\u00e5 de sociale medier<\/h2>\n\n\n\n<p>Br\u00f8ndby m\u00e5tte for tredje kamp i streg g\u00e5 fra banen uden point, da man s\u00f8ndag tabte med 2-1 til AaB p\u00e5 Aalborg Portland Park.<\/p>\n\n\n\n<figure class=\"wp-block-embed-wordpress wp-block-embed is-type-wp-embed is-provider-ace-football-danmark\"><div class=\"wp-block-embed__wrapper\">\n<blockquote class=\"wp-embedded-content\" data-secret=\"XPTdxjSrWq\"><a href=\"https:\/\/acefootball.com\/da\/fodboldnyheder\/niels-frederiksen-ikke-tilfreds-med-broendby-offensiven\/\">Niels Frederiksen ikke tilfreds med Br\u00f8ndby-offensiven<\/a><\/blockquote><iframe class=\"wp-embedded-content\" sandbox=\"allow-scripts\" security=\"restricted\" style=\"position: absolute; clip: rect(1px, 1px, 1px, 1px);\" title=\"&#8220;Niels Frederiksen ikke tilfreds med Br\u00f8ndby-offensiven&#8221; &#8212; Ace Football Danmark\" src=\"https:\/\/acefootball.com\/da\/fodboldnyheder\/niels-frederiksen-ikke-tilfreds-med-broendby-offensiven\/embed\/#?secret=XPTdxjSrWq\" data-secret=\"XPTdxjSrWq\" width=\"600\" height=\"338\" frameborder=\"0\" marginwidth=\"0\" marginheight=\"0\" scrolling=\"no\"><\/iframe>\n<\/div><\/figure>\n\n\n\n<p>Niels Frederiksen og flere af spillerne har efterf\u00f8lgende modtaget kritik fra klubbens fans p\u00e5 de sociale medier, hvor is\u00e6r midtbanespilleren Josip Radosevic har m\u00e5tte st\u00e5 model til en stor del af kritikken.<\/p>\n\n\n\n<p>L\u00e6s her et udsnit af Br\u00f8ndby-fansenes kritik af den kroatiske midtbanespiller, der ikke havde den bedste dag p\u00e5 kontoret for Br\u00f8ndby s\u00f8ndag:<\/p>\n\n\n\n<figure class=\"wp-block-embed-twitter wp-block-embed is-type-rich is-provider-twitter\"><div class=\"wp-block-embed__wrapper\">\n<blockquote class=\"twitter-tweet\" data-width=\"550\" data-dnt=\"true\"><p lang=\"da\" dir=\"ltr\">Er der ikke please en der snart tager en snak med Niels om Rado. Jeg ville blive S\u00c5 glad! <a href=\"https:\/\/twitter.com\/hashtag\/br%C3%B8ndby?src=hash&amp;ref_src=twsrc%5Etfw\">#br\u00f8ndby<\/a><\/p>&mdash; Sklander (@Sklander89) <a href=\"https:\/\/twitter.com\/Sklander89\/status\/1322982943808200707?ref_src=twsrc%5Etfw\">November 1, 2020<\/a><\/blockquote><script async src=\"https:\/\/platform.twitter.com\/widgets.js\" charset=\"utf-8\"><\/script>\n<\/div><\/figure>\n\n\n\n<figure class=\"wp-block-embed-twitter wp-block-embed is-type-rich is-provider-twitter\"><div class=\"wp-block-embed__wrapper\">\n<blockquote class=\"twitter-tweet\" data-width=\"550\" data-dnt=\"true\"><p lang=\"no\" dir=\"ltr\">Tobias B\u00f8rkeeiet m\u00e5 snart f\u00e5 chancen p\u00e5 den 6\u2019er. Rado er lige s\u00e5 d\u00e5rlige venner med bolden i ethvert opstil, som Trump er med Nordkorea <a href=\"https:\/\/twitter.com\/hashtag\/br%C3%B8ndby?src=hash&amp;ref_src=twsrc%5Etfw\">#br\u00f8ndby<\/a> <a href=\"https:\/\/twitter.com\/hashtag\/sldk?src=hash&amp;ref_src=twsrc%5Etfw\">#sldk<\/a> <a href=\"https:\/\/twitter.com\/hashtag\/aabbif?src=hash&amp;ref_src=twsrc%5Etfw\">#aabbif<\/a><\/p>&mdash; Ditlev Vallentin \ud83d\udc9b\ud83d\udc99\u26bd\ufe0f (@VallentinDitlev) <a href=\"https:\/\/twitter.com\/VallentinDitlev\/status\/1322981123622928384?ref_src=twsrc%5Etfw\">November 1, 2020<\/a><\/blockquote><script async src=\"https:\/\/platform.twitter.com\/widgets.js\" charset=\"utf-8\"><\/script>\n<\/div><\/figure>\n\n\n\n<figure class=\"wp-block-image size-large\"><img loading=\"lazy\" width=\"593\" height=\"210\" src=\"https:\/\/acefootball.com\/da\/wp-content\/uploads\/sites\/2\/2020\/11\/image.png\" alt=\"\" class=\"wp-image-242108\" srcset=\"https:\/\/acefootball.com\/da\/wp-content\/uploads\/sites\/2\/2020\/11\/image.png 593w, https:\/\/acefootball.com\/da\/wp-content\/uploads\/sites\/2\/2020\/11\/image-300x106.png 300w\" sizes=\"(max-width: 593px) 100vw, 593px\" \/><\/figure>\n\n\n\n<figure class=\"wp-block-embed-twitter wp-block-embed is-type-rich is-provider-twitter\"><div class=\"wp-block-embed__wrapper\">\n<blockquote class=\"twitter-tweet\" data-width=\"550\" data-dnt=\"true\"><p lang=\"no\" dir=\"ltr\">D\u00e5rlige ting: Josep Radosevic <a href=\"https:\/\/twitter.com\/hashtag\/josepgiverNFmorgenguffer?src=hash&amp;ref_src=twsrc%5Etfw\">#josepgiverNFmorgenguffer<\/a><\/p>&mdash; Emil Fredberg (@FredbergEmil) <a href=\"https:\/\/twitter.com\/FredbergEmil\/status\/1322970252574101504?ref_src=twsrc%5Etfw\">November 1, 2020<\/a><\/blockquote><script async src=\"https:\/\/platform.twitter.com\/widgets.js\" charset=\"utf-8\"><\/script>\n<\/div><\/figure>\n\n\n\n<figure class=\"wp-block-embed-twitter wp-block-embed is-type-rich is-provider-twitter\"><div class=\"wp-block-embed__wrapper\">\n<blockquote class=\"twitter-tweet\" data-width=\"550\" data-dnt=\"true\"><p lang=\"da\" dir=\"ltr\">Er jeg den eneste som t\u00e6nker at Radosevic kan blive en ganske god danser. \ud83e\udd23<a href=\"https:\/\/twitter.com\/hashtag\/sldk?src=hash&amp;ref_src=twsrc%5Etfw\">#sldk<\/a> <a href=\"https:\/\/twitter.com\/hashtag\/AabBif?src=hash&amp;ref_src=twsrc%5Etfw\">#AabBif<\/a> <a href=\"https:\/\/t.co\/BHCXyByZKx\">pic.twitter.com\/BHCXyByZKx<\/a><\/p>&mdash; Nicolai S\u00f8rensen (@NicolaiSor) <a href=\"https:\/\/twitter.com\/NicolaiSor\/status\/1322967563236790273?ref_src=twsrc%5Etfw\">November 1, 2020<\/a><\/blockquote><script async src=\"https:\/\/platform.twitter.com\/widgets.js\" charset=\"utf-8\"><\/script>\n<\/div><\/figure>\n\n\n\n<figure class=\"wp-block-embed-twitter wp-block-embed is-type-rich is-provider-twitter\"><div class=\"wp-block-embed__wrapper\">\n<blockquote class=\"twitter-tweet\" data-width=\"550\" data-dnt=\"true\"><p lang=\"und\" dir=\"ltr\">Rado\u0161evi\u0107 bedste aflevering, var en tackling. Det siger vidst alt \ud83d\ude33<a href=\"https:\/\/twitter.com\/hashtag\/aabbif?src=hash&amp;ref_src=twsrc%5Etfw\">#aabbif<\/a> <a href=\"https:\/\/twitter.com\/hashtag\/sldk?src=hash&amp;ref_src=twsrc%5Etfw\">#sldk<\/a><\/p>&mdash; Danny Kj\u00e6r (@Dannykj87) <a href=\"https:\/\/twitter.com\/Dannykj87\/status\/1322959063462879234?ref_src=twsrc%5Etfw\">November 1, 2020<\/a><\/blockquote><script async src=\"https:\/\/platform.twitter.com\/widgets.js\" charset=\"utf-8\"><\/script>\n<\/div><\/figure>\n\n\n\n<figure class=\"wp-block-embed-twitter wp-block-embed is-type-rich is-provider-twitter\"><div class=\"wp-block-embed__wrapper\">\n<blockquote class=\"twitter-tweet\" data-width=\"550\" data-dnt=\"true\"><p lang=\"da\" dir=\"ltr\">At du sp\u00f8rg hvorfor Rado skulle ud, det er vel en joke? Manden kan jo ikke spille fodbold. Han skulle have v\u00e6ret fl\u00e5et ud i halvlegen&#8230;. <a href=\"https:\/\/t.co\/rgi0yHomQS\">https:\/\/t.co\/rgi0yHomQS<\/a><\/p>&mdash; Nicki Bulow (@BulowNicki) <a href=\"https:\/\/twitter.com\/BulowNicki\/status\/1322977503183540226?ref_src=twsrc%5Etfw\">November 1, 2020<\/a><\/blockquote><script async src=\"https:\/\/platform.twitter.com\/widgets.js\" charset=\"utf-8\"><\/script>\n<\/div><\/figure>\n\n\n\n<figure class=\"wp-block-image size-large\"><img loading=\"lazy\" width=\"594\" height=\"229\" src=\"https:\/\/acefootball.com\/da\/wp-content\/uploads\/sites\/2\/2020\/11\/image-1.png\" alt=\"\" class=\"wp-image-242111\" srcset=\"https:\/\/acefootball.com\/da\/wp-content\/uploads\/sites\/2\/2020\/11\/image-1.png 594w, https:\/\/acefootball.com\/da\/wp-content\/uploads\/sites\/2\/2020\/11\/image-1-300x116.png 300w\" sizes=\"(max-width: 594px) 100vw, 594px\" \/><\/figure>\n\n\n\n<figure class=\"wp-block-embed-wordpress wp-block-embed is-type-wp-embed is-provider-ace-football-danmark\"><div class=\"wp-block-embed__wrapper\">\n<blockquote class=\"wp-embedded-content\" data-secret=\"2K17EaDs36\"><a href=\"https:\/\/acefootball.com\/da\/fodboldnyheder\/aab-taet-paa-staerk-broendby-rekord-efter-perfekt-2020\/\">AaB t\u00e6t p\u00e5 st\u00e6rk Br\u00f8ndby-rekord efter perfekt 2020<\/a><\/blockquote><iframe class=\"wp-embedded-content\" sandbox=\"allow-scripts\" security=\"restricted\" style=\"position: absolute; clip: rect(1px, 1px, 1px, 1px);\" title=\"&#8220;AaB t\u00e6t p\u00e5 st\u00e6rk Br\u00f8ndby-rekord efter perfekt 2020&#8221; &#8212; Ace Football Danmark\" src=\"https:\/\/acefootball.com\/da\/fodboldnyheder\/aab-taet-paa-staerk-broendby-rekord-efter-perfekt-2020\/embed\/#?secret=2K17EaDs36\" data-secret=\"2K17EaDs36\" width=\"600\" height=\"338\" frameborder=\"0\" marginwidth=\"0\" marginheight=\"0\" scrolling=\"no\"><\/iframe>\n<\/div><\/figure>\n","protected":false},"excerpt":{"rendered":"<p>Br\u00f8ndby tabte s\u00f8ndag med 2-1 i Aalborg. Is\u00e6t midtbanespilleren Josip Radosevic h\u00f8ster stor kritik for sin pr\u00e6station p\u00e5 de sociale medier<\/p>\n","protected":false},"author":43,"featured_media":242121,"comment_status":"open","ping_status":"closed","sticky":false,"template":"","format":"standard","meta":{"om_disable_all_campaigns":false,"push_articles_ronaldo":{"active":false,"canonical":0,"publish":false},"force_updates":null},"categories":[8060],"tags":[53,4571,588],"enet_tags":{"team":["8595"],"player":["298940"],"league":["46"],"sport_events":[]},"yoast_head":"<!-- This site is optimized with the Yoast SEO plugin v18.3 - https:\/\/yoast.com\/wordpress\/plugins\/seo\/ -->\n<title>Efter nederlag til AaB: Br\u00f8ndby-spiller hagles ned p\u00e5 Twitter<\/title>\n<meta name=\"description\" content=\"Br\u00f8ndby tabte s\u00f8ndag med 2-1 i Aalborg. Is\u00e6t midtbanespilleren Josip Radosevic h\u00f8ster stor kritik for sin pr\u00e6station p\u00e5 de sociale medier\" \/>\n<meta name=\"robots\" content=\"index, follow, max-snippet:-1, max-image-preview:large, max-video-preview:-1\" \/>\n<link rel=\"canonical\" href=\"https:\/\/acefootball.com\/da\/fodboldnyheder\/efter-nederlag-til-aab-broendby-spiller-hagles-ned-paa-twitter\/\" \/>\n<meta property=\"og:locale\" content=\"en_US\" \/>\n<meta property=\"og:type\" content=\"article\" \/>\n<meta property=\"og:title\" content=\"Efter nederlag til AaB: Br\u00f8ndby-spiller hagles ned p\u00e5 Twitter\" \/>\n<meta property=\"og:description\" content=\"Br\u00f8ndby tabte s\u00f8ndag med 2-1 i Aalborg. Is\u00e6t midtbanespilleren Josip Radosevic h\u00f8ster stor kritik for sin pr\u00e6station p\u00e5 de sociale medier\" \/>\n<meta property=\"og:url\" content=\"https:\/\/acefootball.com\/da\/fodboldnyheder\/efter-nederlag-til-aab-broendby-spiller-hagles-ned-paa-twitter\/\" \/>\n<meta property=\"og:site_name\" content=\"Ace Football Danmark\" \/>\n<meta property=\"article:publisher\" content=\"https:\/\/www.facebook.com\/acefootballdk\" \/>\n<meta property=\"article:published_time\" content=\"2020-11-02T09:11:43+00:00\" \/>\n<meta property=\"article:modified_time\" content=\"2020-11-02T09:11:44+00:00\" \/>\n<meta property=\"og:image\" content=\"https:\/\/acefootball.com\/da\/wp-content\/uploads\/sites\/2\/2020\/11\/Broendby-3-1.jpg\" \/>\n\t<meta property=\"og:image:width\" content=\"1920\" \/>\n\t<meta property=\"og:image:height\" content=\"1008\" \/>\n\t<meta property=\"og:image:type\" content=\"image\/jpeg\" \/>\n<meta name=\"twitter:card\" content=\"summary_large_image\" \/>\n<meta name=\"twitter:label1\" content=\"Written by\" \/>\n\t<meta name=\"twitter:data1\" content=\"Mikki M\u00f8ller-Iversen\" \/>\n\t<meta name=\"twitter:label2\" content=\"Est. reading time\" \/>\n\t<meta name=\"twitter:data2\" content=\"1 minute\" \/>\n<script type=\"application\/ld+json\" class=\"yoast-schema-graph\">{\"@context\":\"https:\/\/schema.org\",\"@graph\":[{\"@type\":\"Organization\",\"@id\":\"https:\/\/acefootball.com\/da\/#organization\",\"name\":\"Ace Football\",\"url\":\"https:\/\/acefootball.com\/da\/\",\"sameAs\":[\"https:\/\/www.facebook.com\/acefootballdk\"],\"logo\":{\"@type\":\"ImageObject\",\"@id\":\"https:\/\/acefootball.com\/da\/#logo\",\"inLanguage\":\"en-US\",\"url\":\"https:\/\/acefootball.com\/da\/wp-content\/uploads\/sites\/2\/2020\/07\/Ace-Football-30-07-2020-2.png\",\"contentUrl\":\"https:\/\/acefootball.com\/da\/wp-content\/uploads\/sites\/2\/2020\/07\/Ace-Football-30-07-2020-2.png\",\"width\":1200,\"height\":600,\"caption\":\"Ace Football\"},\"image\":{\"@id\":\"https:\/\/acefootball.com\/da\/#logo\"}},{\"@type\":\"WebSite\",\"@id\":\"https:\/\/acefootball.com\/da\/#website\",\"url\":\"https:\/\/acefootball.com\/da\/\",\"name\":\"Ace Football Danmark\",\"description\":\"Nyheder, Spiltips &amp; Livescore\",\"publisher\":{\"@id\":\"https:\/\/acefootball.com\/da\/#organization\"},\"potentialAction\":[{\"@type\":\"SearchAction\",\"target\":{\"@type\":\"EntryPoint\",\"urlTemplate\":\"https:\/\/acefootball.com\/da\/?s={search_term_string}\"},\"query-input\":\"required name=search_term_string\"}],\"inLanguage\":\"en-US\"},{\"@type\":\"ImageObject\",\"@id\":\"https:\/\/acefootball.com\/da\/fodboldnyheder\/efter-nederlag-til-aab-broendby-spiller-hagles-ned-paa-twitter\/#primaryimage\",\"inLanguage\":\"en-US\",\"url\":\"https:\/\/acefootball.com\/da\/wp-content\/uploads\/sites\/2\/2020\/11\/Broendby-3-1.jpg\",\"contentUrl\":\"https:\/\/acefootball.com\/da\/wp-content\/uploads\/sites\/2\/2020\/11\/Broendby-3-1.jpg\",\"width\":1920,\"height\":1008},{\"@type\":\"WebPage\",\"@id\":\"https:\/\/acefootball.com\/da\/fodboldnyheder\/efter-nederlag-til-aab-broendby-spiller-hagles-ned-paa-twitter\/#webpage\",\"url\":\"https:\/\/acefootball.com\/da\/fodboldnyheder\/efter-nederlag-til-aab-broendby-spiller-hagles-ned-paa-twitter\/\",\"name\":\"Efter nederlag til AaB: Br\u00f8ndby-spiller hagles ned p\u00e5 Twitter\",\"isPartOf\":{\"@id\":\"https:\/\/acefootball.com\/da\/#website\"},\"primaryImageOfPage\":{\"@id\":\"https:\/\/acefootball.com\/da\/fodboldnyheder\/efter-nederlag-til-aab-broendby-spiller-hagles-ned-paa-twitter\/#primaryimage\"},\"datePublished\":\"2020-11-02T09:11:43+00:00\",\"dateModified\":\"2020-11-02T09:11:44+00:00\",\"description\":\"Br\u00f8ndby tabte s\u00f8ndag med 2-1 i Aalborg. Is\u00e6t midtbanespilleren Josip Radosevic h\u00f8ster stor kritik for sin pr\u00e6station p\u00e5 de sociale medier\",\"breadcrumb\":{\"@id\":\"https:\/\/acefootball.com\/da\/fodboldnyheder\/efter-nederlag-til-aab-broendby-spiller-hagles-ned-paa-twitter\/#breadcrumb\"},\"inLanguage\":\"en-US\",\"potentialAction\":[{\"@type\":\"ReadAction\",\"target\":[\"https:\/\/acefootball.com\/da\/fodboldnyheder\/efter-nederlag-til-aab-broendby-spiller-hagles-ned-paa-twitter\/\"]}]},{\"@type\":\"BreadcrumbList\",\"@id\":\"https:\/\/acefootball.com\/da\/fodboldnyheder\/efter-nederlag-til-aab-broendby-spiller-hagles-ned-paa-twitter\/#breadcrumb\",\"itemListElement\":[{\"@type\":\"ListItem\",\"position\":1,\"name\":\"Home\",\"item\":\"https:\/\/acefootball.com\/da\/\"},{\"@type\":\"ListItem\",\"position\":2,\"name\":\"Efter nederlag til AaB: Br\u00f8ndby-spiller hagles ned p\u00e5 Twitter\"}]},{\"@type\":\"Article\",\"@id\":\"https:\/\/acefootball.com\/da\/fodboldnyheder\/efter-nederlag-til-aab-broendby-spiller-hagles-ned-paa-twitter\/#article\",\"isPartOf\":{\"@id\":\"https:\/\/acefootball.com\/da\/fodboldnyheder\/efter-nederlag-til-aab-broendby-spiller-hagles-ned-paa-twitter\/#webpage\"},\"author\":{\"@id\":\"https:\/\/acefootball.com\/da\/#\/schema\/person\/017c0abe4a8e92938220bf6c097dda93\"},\"headline\":\"Efter nederlag til AaB: Br\u00f8ndby-spiller hagles ned p\u00e5 Twitter\",\"datePublished\":\"2020-11-02T09:11:43+00:00\",\"dateModified\":\"2020-11-02T09:11:44+00:00\",\"mainEntityOfPage\":{\"@id\":\"https:\/\/acefootball.com\/da\/fodboldnyheder\/efter-nederlag-til-aab-broendby-spiller-hagles-ned-paa-twitter\/#webpage\"},\"wordCount\":166,\"commentCount\":0,\"publisher\":{\"@id\":\"https:\/\/acefootball.com\/da\/#organization\"},\"image\":{\"@id\":\"https:\/\/acefootball.com\/da\/fodboldnyheder\/efter-nederlag-til-aab-broendby-spiller-hagles-ned-paa-twitter\/#primaryimage\"},\"thumbnailUrl\":\"https:\/\/acefootball.com\/da\/wp-content\/uploads\/sites\/2\/2020\/11\/GettyImages-1228851050-1.jpg\",\"keywords\":[\"Br\u00f8ndby IF\",\"Josip Radosevic\",\"Superligaen\"],\"articleSection\":[\"Reaktion\"],\"inLanguage\":\"en-US\",\"potentialAction\":[{\"@type\":\"CommentAction\",\"name\":\"Comment\",\"target\":[\"https:\/\/acefootball.com\/da\/fodboldnyheder\/efter-nederlag-til-aab-broendby-spiller-hagles-ned-paa-twitter\/#respond\"]}]},{\"@type\":\"Person\",\"@id\":\"https:\/\/acefootball.com\/da\/#\/schema\/person\/017c0abe4a8e92938220bf6c097dda93\",\"name\":\"Mikki M\u00f8ller-Iversen\",\"image\":{\"@type\":\"ImageObject\",\"@id\":\"https:\/\/acefootball.com\/da\/#personlogo\",\"inLanguage\":\"en-US\",\"url\":\"https:\/\/secure.gravatar.com\/avatar\/e05b419e8b5ae5fcf516800181b96aa2?s=96&d=mm&r=g\",\"contentUrl\":\"https:\/\/secure.gravatar.com\/avatar\/e05b419e8b5ae5fcf516800181b96aa2?s=96&d=mm&r=g\",\"caption\":\"Mikki M\u00f8ller-Iversen\"},\"description\":\"Social Media Manager and writer at Ace Football. Main focus on Danish football and special stories.\",\"sameAs\":[\"https:\/\/www.linkedin.com\/in\/mikki-mller-iversen-26a3a689\/\"],\"url\":\"https:\/\/acefootball.com\/da\/fodboldnyheder\/author\/mmironaldo\/\"}]}<\/script>\n<!-- \/ Yoast SEO plugin. -->","yoast_head_json":{"title":"Efter nederlag til AaB: Br\u00f8ndby-spiller hagles ned p\u00e5 Twitter","description":"Br\u00f8ndby tabte s\u00f8ndag med 2-1 i Aalborg. Is\u00e6t midtbanespilleren Josip Radosevic h\u00f8ster stor kritik for sin pr\u00e6station p\u00e5 de sociale medier","robots":{"index":"index","follow":"follow","max-snippet":"max-snippet:-1","max-image-preview":"max-image-preview:large","max-video-preview":"max-video-preview:-1"},"canonical":"https:\/\/acefootball.com\/da\/fodboldnyheder\/efter-nederlag-til-aab-broendby-spiller-hagles-ned-paa-twitter\/","og_locale":"en_US","og_type":"article","og_title":"Efter nederlag til AaB: Br\u00f8ndby-spiller hagles ned p\u00e5 Twitter","og_description":"Br\u00f8ndby tabte s\u00f8ndag med 2-1 i Aalborg. Is\u00e6t midtbanespilleren Josip Radosevic h\u00f8ster stor kritik for sin pr\u00e6station p\u00e5 de sociale medier","og_url":"https:\/\/acefootball.com\/da\/fodboldnyheder\/efter-nederlag-til-aab-broendby-spiller-hagles-ned-paa-twitter\/","og_site_name":"Ace Football Danmark","article_publisher":"https:\/\/www.facebook.com\/acefootballdk","article_published_time":"2020-11-02T09:11:43+00:00","article_modified_time":"2020-11-02T09:11:44+00:00","og_image":[{"width":1920,"height":1008,"url":"https:\/\/acefootball.com\/da\/wp-content\/uploads\/sites\/2\/2020\/11\/Broendby-3-1.jpg","type":"image\/jpeg"}],"twitter_card":"summary_large_image","twitter_misc":{"Written by":"Mikki M\u00f8ller-Iversen","Est. reading time":"1 minute"},"schema":{"@context":"https:\/\/schema.org","@graph":[{"@type":"Organization","@id":"https:\/\/acefootball.com\/da\/#organization","name":"Ace Football","url":"https:\/\/acefootball.com\/da\/","sameAs":["https:\/\/www.facebook.com\/acefootballdk"],"logo":{"@type":"ImageObject","@id":"https:\/\/acefootball.com\/da\/#logo","inLanguage":"en-US","url":"https:\/\/acefootball.com\/da\/wp-content\/uploads\/sites\/2\/2020\/07\/Ace-Football-30-07-2020-2.png","contentUrl":"https:\/\/acefootball.com\/da\/wp-content\/uploads\/sites\/2\/2020\/07\/Ace-Football-30-07-2020-2.png","width":1200,"height":600,"caption":"Ace Football"},"image":{"@id":"https:\/\/acefootball.com\/da\/#logo"}},{"@type":"WebSite","@id":"https:\/\/acefootball.com\/da\/#website","url":"https:\/\/acefootball.com\/da\/","name":"Ace Football Danmark","description":"Nyheder, Spiltips &amp; Livescore","publisher":{"@id":"https:\/\/acefootball.com\/da\/#organization"},"potentialAction":[{"@type":"SearchAction","target":{"@type":"EntryPoint","urlTemplate":"https:\/\/acefootball.com\/da\/?s={search_term_string}"},"query-input":"required name=search_term_string"}],"inLanguage":"en-US"},{"@type":"ImageObject","@id":"https:\/\/acefootball.com\/da\/fodboldnyheder\/efter-nederlag-til-aab-broendby-spiller-hagles-ned-paa-twitter\/#primaryimage","inLanguage":"en-US","url":"https:\/\/acefootball.com\/da\/wp-content\/uploads\/sites\/2\/2020\/11\/Broendby-3-1.jpg","contentUrl":"https:\/\/acefootball.com\/da\/wp-content\/uploads\/sites\/2\/2020\/11\/Broendby-3-1.jpg","width":1920,"height":1008},{"@type":"WebPage","@id":"https:\/\/acefootball.com\/da\/fodboldnyheder\/efter-nederlag-til-aab-broendby-spiller-hagles-ned-paa-twitter\/#webpage","url":"https:\/\/acefootball.com\/da\/fodboldnyheder\/efter-nederlag-til-aab-broendby-spiller-hagles-ned-paa-twitter\/","name":"Efter nederlag til AaB: Br\u00f8ndby-spiller hagles ned p\u00e5 Twitter","isPartOf":{"@id":"https:\/\/acefootball.com\/da\/#website"},"primaryImageOfPage":{"@id":"https:\/\/acefootball.com\/da\/fodboldnyheder\/efter-nederlag-til-aab-broendby-spiller-hagles-ned-paa-twitter\/#primaryimage"},"datePublished":"2020-11-02T09:11:43+00:00","dateModified":"2020-11-02T09:11:44+00:00","description":"Br\u00f8ndby tabte s\u00f8ndag med 2-1 i Aalborg. Is\u00e6t midtbanespilleren Josip Radosevic h\u00f8ster stor kritik for sin pr\u00e6station p\u00e5 de sociale medier","breadcrumb":{"@id":"https:\/\/acefootball.com\/da\/fodboldnyheder\/efter-nederlag-til-aab-broendby-spiller-hagles-ned-paa-twitter\/#breadcrumb"},"inLanguage":"en-US","potentialAction":[{"@type":"ReadAction","target":["https:\/\/acefootball.com\/da\/fodboldnyheder\/efter-nederlag-til-aab-broendby-spiller-hagles-ned-paa-twitter\/"]}]},{"@type":"BreadcrumbList","@id":"https:\/\/acefootball.com\/da\/fodboldnyheder\/efter-nederlag-til-aab-broendby-spiller-hagles-ned-paa-twitter\/#breadcrumb","itemListElement":[{"@type":"ListItem","position":1,"name":"Home","item":"https:\/\/acefootball.com\/da\/"},{"@type":"ListItem","position":2,"name":"Efter nederlag til AaB: Br\u00f8ndby-spiller hagles ned p\u00e5 Twitter"}]},{"@type":"Article","@id":"https:\/\/acefootball.com\/da\/fodboldnyheder\/efter-nederlag-til-aab-broendby-spiller-hagles-ned-paa-twitter\/#article","isPartOf":{"@id":"https:\/\/acefootball.com\/da\/fodboldnyheder\/efter-nederlag-til-aab-broendby-spiller-hagles-ned-paa-twitter\/#webpage"},"author":{"@id":"https:\/\/acefootball.com\/da\/#\/schema\/person\/017c0abe4a8e92938220bf6c097dda93"},"headline":"Efter nederlag til AaB: Br\u00f8ndby-spiller hagles ned p\u00e5 Twitter","datePublished":"2020-11-02T09:11:43+00:00","dateModified":"2020-11-02T09:11:44+00:00","mainEntityOfPage":{"@id":"https:\/\/acefootball.com\/da\/fodboldnyheder\/efter-nederlag-til-aab-broendby-spiller-hagles-ned-paa-twitter\/#webpage"},"wordCount":166,"commentCount":0,"publisher":{"@id":"https:\/\/acefootball.com\/da\/#organization"},"image":{"@id":"https:\/\/acefootball.com\/da\/fodboldnyheder\/efter-nederlag-til-aab-broendby-spiller-hagles-ned-paa-twitter\/#primaryimage"},"thumbnailUrl":"https:\/\/acefootball.com\/da\/wp-content\/uploads\/sites\/2\/2020\/11\/GettyImages-1228851050-1.jpg","keywords":["Br\u00f8ndby IF","Josip Radosevic","Superligaen"],"articleSection":["Reaktion"],"inLanguage":"en-US","potentialAction":[{"@type":"CommentAction","name":"Comment","target":["https:\/\/acefootball.com\/da\/fodboldnyheder\/efter-nederlag-til-aab-broendby-spiller-hagles-ned-paa-twitter\/#respond"]}]},{"@type":"Person","@id":"https:\/\/acefootball.com\/da\/#\/schema\/person\/017c0abe4a8e92938220bf6c097dda93","name":"Mikki M\u00f8ller-Iversen","image":{"@type":"ImageObject","@id":"https:\/\/acefootball.com\/da\/#personlogo","inLanguage":"en-US","url":"https:\/\/secure.gravatar.com\/avatar\/e05b419e8b5ae5fcf516800181b96aa2?s=96&d=mm&r=g","contentUrl":"https:\/\/secure.gravatar.com\/avatar\/e05b419e8b5ae5fcf516800181b96aa2?s=96&d=mm&r=g","caption":"Mikki M\u00f8ller-Iversen"},"description":"Social Media Manager and writer at Ace Football. Main focus on Danish football and special stories.","sameAs":["https:\/\/www.linkedin.com\/in\/mikki-mller-iversen-26a3a689\/"],"url":"https:\/\/acefootball.com\/da\/fodboldnyheder\/author\/mmironaldo\/"}]}},"fimg_url":"https:\/\/acefootball.com\/da\/wp-content\/uploads\/sites\/2\/2020\/11\/GettyImages-1228851050-1.jpg","_links":{"self":[{"href":"https:\/\/acefootball.com\/da\/wp-json\/wp\/v2\/posts\/242107"}],"collection":[{"href":"https:\/\/acefootball.com\/da\/wp-json\/wp\/v2\/posts"}],"about":[{"href":"https:\/\/acefootball.com\/da\/wp-json\/wp\/v2\/types\/post"}],"author":[{"embeddable":true,"href":"https:\/\/acefootball.com\/da\/wp-json\/wp\/v2\/users\/43"}],"replies":[{"embeddable":true,"href":"https:\/\/acefootball.com\/da\/wp-json\/wp\/v2\/comments?post=242107"}],"version-history":[{"count":0,"href":"https:\/\/acefootball.com\/da\/wp-json\/wp\/v2\/posts\/242107\/revisions"}],"wp:featuredmedia":[{"embeddable":true,"href":"https:\/\/acefootball.com\/da\/wp-json\/wp\/v2\/media\/242121"}],"wp:attachment":[{"href":"https:\/\/acefootball.com\/da\/wp-json\/wp\/v2\/media?parent=242107"}],"wp:term":[{"taxonomy":"category","embeddable":true,"href":"https:\/\/acefootball.com\/da\/wp-json\/wp\/v2\/categories?post=242107"},{"taxonomy":"post_tag","embeddable":true,"href":"https:\/\/acefootball.com\/da\/wp-json\/wp\/v2\/tags?post=242107"}],"curies":[{"name":"wp","href":"https:\/\/api.w.org\/{rel}","templated":true}]}}