{"id":242104,"date":"2020-11-02T10:07:18","date_gmt":"2020-11-02T09:07:18","guid":{"rendered":"https:\/\/acefootball.com\/da\/?p=242104"},"modified":"2020-11-02T10:07:19","modified_gmt":"2020-11-02T09:07:19","slug":"lindstroem-paa-sin-plads-med-udskiftning","status":"publish","type":"post","link":"https:\/\/acefootball.com\/da\/fodboldnyheder\/lindstroem-paa-sin-plads-med-udskiftning\/","title":{"rendered":"Lindstr\u00f8m: P\u00e5 sin plads med udskiftning"},"content":{"rendered":"\n<h2 id=\"h-jesper-lindstr-m-har-fuld-forst-else-for-at-han-blev-pillet-ud-og-erstattet-med-rezan-corlu-i-s-ndagens-kamp-mod-aab\">Jesper Lindstr\u00f8m har fuld forst\u00e5else for, at han blev pillet ud og erstattet med Rezan Corlu i s\u00f8ndagens kamp mod AaB<\/h2>\n\n\n\n<div class=\"wp-block-si-widget wp-block-si-widget--center\"><si-lb-widget widget-id=\"MatchInfoWithOdds\" data-nopadding=\"true\" data-card=\"true\" width=\"440\" data-event-id=\"3389112\" data-theme-appearance=\"dark\"><\/si-lb-widget><\/div>\n\n\n\n<p>Br\u00f8ndby IF tabte for tredje gang i tr\u00e6k i Superligaen, da man s\u00f8ndag aften led et 1-2-nederlag p\u00e5 udebane til AaB.<\/p>\n\n\n\n<p>Det skete blandt andet p\u00e5 grund af manglende skarphed p\u00e5 den sidste tredjedel, og \u00e9n af de spillere, som ikke levede op til s\u00e6sonens hidtidige niveau, var Jesper Lindstr\u00f8m.<\/p>\n\n\n\n<p>Derfor pillede Niels Frederiksen ham ogs\u00e5 ud midt i anden halvleg, og det har Br\u00f8ndby-profilen fuld forst\u00e5else for.<\/p>\n\n\n\n<figure class=\"wp-block-embed-wordpress wp-block-embed is-type-wp-embed is-provider-ace-football-danmark\"><div class=\"wp-block-embed__wrapper\">\n<blockquote class=\"wp-embedded-content\" data-secret=\"UHkQdtEFzZ\"><a href=\"https:\/\/acefootball.com\/da\/fodboldnyheder\/niels-frederiksen-ikke-tilfreds-med-broendby-offensiven\/\">Niels Frederiksen ikke tilfreds med Br\u00f8ndby-offensiven<\/a><\/blockquote><iframe class=\"wp-embedded-content\" sandbox=\"allow-scripts\" security=\"restricted\" style=\"position: absolute; clip: rect(1px, 1px, 1px, 1px);\" title=\"&#8220;Niels Frederiksen ikke tilfreds med Br\u00f8ndby-offensiven&#8221; &#8212; Ace Football Danmark\" src=\"https:\/\/acefootball.com\/da\/fodboldnyheder\/niels-frederiksen-ikke-tilfreds-med-broendby-offensiven\/embed\/#?secret=UHkQdtEFzZ\" data-secret=\"UHkQdtEFzZ\" width=\"600\" height=\"338\" frameborder=\"0\" marginwidth=\"0\" marginheight=\"0\" scrolling=\"no\"><\/iframe>\n<\/div><\/figure>\n\n\n\n<p>&#8220;Jeg ved godt, at vi er et ungt hold, og det m\u00e5 forventes, at der er udsving. Men i aften synes jeg ikke det er det vi ser. Peter Bjur kommer ind og spiller en fin kamp. Han er en offensiv spiller, som ogs\u00e5 f\u00e5r en assist,&#8221; udtaler Lindstr\u00f8m if\u00f8lge <a href=\"https:\/\/ekstrabladet.dk\/sport\/fodbold\/dansk_fodbold\/superligaen\/tre-broendby-nederlag-i-rap-kald-det-ikke-krise\/8349376\" target=\"_blank\" rel=\"noreferrer noopener\">Ekstra Bladet<\/a>.<\/p>\n\n\n\n<p>&#8220;Personligt har jeg ikke min bedste kamp, og Rezan Corlu har tr\u00e6net rigtig godt hele ugen, s\u00e5 det var p\u00e5 sin plads, at der blev fors\u00f8gt noget nyt.&#8221;<\/p>\n\n\n\n<p>Br\u00f8ndby ligger nu nummer fire i Superligaen. N\u00e6ste kamp er p\u00e5 s\u00f8ndag mod OB.<\/p>\n","protected":false},"excerpt":{"rendered":"<p>Jesper Lindstr\u00f8m har fuld forst\u00e5else for, at han blev pillet ud og erstattet med Rezan Corlu i s\u00f8ndagens kamp mod AaB<\/p>\n","protected":false},"author":705,"featured_media":241598,"comment_status":"open","ping_status":"closed","sticky":false,"template":"","format":"standard","meta":{"om_disable_all_campaigns":false,"push_articles_ronaldo":{"active":false,"canonical":0,"publish":false},"force_updates":null},"categories":[8060],"tags":[53,7164,588],"enet_tags":{"team":["8595"],"player":["958335"],"league":["46"],"sport_events":[3389112]},"yoast_head":"<!-- This site is optimized with the Yoast SEO plugin v18.3 - https:\/\/yoast.com\/wordpress\/plugins\/seo\/ -->\n<title>Lindstr\u00f8m: P\u00e5 sin plads med udskiftning<\/title>\n<meta name=\"description\" content=\"Jesper Lindstr\u00f8m har fuld forst\u00e5else for, at han blev pillet ud og erstattet med Rezan Corlu i s\u00f8ndagens kamp mod AaB\" \/>\n<meta name=\"robots\" content=\"index, follow, max-snippet:-1, max-image-preview:large, max-video-preview:-1\" \/>\n<link rel=\"canonical\" href=\"https:\/\/acefootball.com\/da\/fodboldnyheder\/lindstroem-paa-sin-plads-med-udskiftning\/\" \/>\n<meta property=\"og:locale\" content=\"en_US\" \/>\n<meta property=\"og:type\" content=\"article\" \/>\n<meta property=\"og:title\" content=\"Lindstr\u00f8m: P\u00e5 sin plads med udskiftning\" \/>\n<meta property=\"og:description\" content=\"Jesper Lindstr\u00f8m har fuld forst\u00e5else for, at han blev pillet ud og erstattet med Rezan Corlu i s\u00f8ndagens kamp mod AaB\" \/>\n<meta property=\"og:url\" content=\"https:\/\/acefootball.com\/da\/fodboldnyheder\/lindstroem-paa-sin-plads-med-udskiftning\/\" \/>\n<meta property=\"og:site_name\" content=\"Ace Football Danmark\" \/>\n<meta property=\"article:publisher\" content=\"https:\/\/www.facebook.com\/acefootballdk\" \/>\n<meta property=\"article:published_time\" content=\"2020-11-02T09:07:18+00:00\" \/>\n<meta property=\"article:modified_time\" content=\"2020-11-02T09:07:19+00:00\" \/>\n<meta property=\"og:image\" content=\"https:\/\/acefootball.com\/da\/wp-content\/uploads\/sites\/2\/2020\/10\/GettyImages-1229259789.jpg\" \/>\n\t<meta property=\"og:image:width\" content=\"1024\" \/>\n\t<meta property=\"og:image:height\" content=\"687\" \/>\n\t<meta property=\"og:image:type\" content=\"image\/jpeg\" \/>\n<meta name=\"twitter:card\" content=\"summary_large_image\" \/>\n<meta name=\"twitter:label1\" content=\"Written by\" \/>\n\t<meta name=\"twitter:data1\" content=\"Mads Dreyer\" \/>\n\t<meta name=\"twitter:label2\" content=\"Est. reading time\" \/>\n\t<meta name=\"twitter:data2\" content=\"1 minute\" \/>\n<script type=\"application\/ld+json\" class=\"yoast-schema-graph\">{\"@context\":\"https:\/\/schema.org\",\"@graph\":[{\"@type\":\"Organization\",\"@id\":\"https:\/\/acefootball.com\/da\/#organization\",\"name\":\"Ace Football\",\"url\":\"https:\/\/acefootball.com\/da\/\",\"sameAs\":[\"https:\/\/www.facebook.com\/acefootballdk\"],\"logo\":{\"@type\":\"ImageObject\",\"@id\":\"https:\/\/acefootball.com\/da\/#logo\",\"inLanguage\":\"en-US\",\"url\":\"https:\/\/acefootball.com\/da\/wp-content\/uploads\/sites\/2\/2020\/07\/Ace-Football-30-07-2020-2.png\",\"contentUrl\":\"https:\/\/acefootball.com\/da\/wp-content\/uploads\/sites\/2\/2020\/07\/Ace-Football-30-07-2020-2.png\",\"width\":1200,\"height\":600,\"caption\":\"Ace Football\"},\"image\":{\"@id\":\"https:\/\/acefootball.com\/da\/#logo\"}},{\"@type\":\"WebSite\",\"@id\":\"https:\/\/acefootball.com\/da\/#website\",\"url\":\"https:\/\/acefootball.com\/da\/\",\"name\":\"Ace Football Danmark\",\"description\":\"Nyheder, Spiltips &amp; Livescore\",\"publisher\":{\"@id\":\"https:\/\/acefootball.com\/da\/#organization\"},\"potentialAction\":[{\"@type\":\"SearchAction\",\"target\":{\"@type\":\"EntryPoint\",\"urlTemplate\":\"https:\/\/acefootball.com\/da\/?s={search_term_string}\"},\"query-input\":\"required name=search_term_string\"}],\"inLanguage\":\"en-US\"},{\"@type\":\"ImageObject\",\"@id\":\"https:\/\/acefootball.com\/da\/fodboldnyheder\/lindstroem-paa-sin-plads-med-udskiftning\/#primaryimage\",\"inLanguage\":\"en-US\",\"url\":\"https:\/\/acefootball.com\/da\/wp-content\/uploads\/sites\/2\/2020\/10\/GettyImages-1229259789.jpg\",\"contentUrl\":\"https:\/\/acefootball.com\/da\/wp-content\/uploads\/sites\/2\/2020\/10\/GettyImages-1229259789.jpg\",\"width\":1024,\"height\":687,\"caption\":\"BRONDBY, DENMARK - OCTOBER 24: Jesper Lindstrom of Brondby IF looks on during the Danish 3F Superliga match between Brondby IF and FC Midtjylland at Brondby Stadion on October 24, 2020 in Brondby, Denmark. (Photo by Lars Ronbog \/ FrontZoneSport via Getty Images)\"},{\"@type\":\"WebPage\",\"@id\":\"https:\/\/acefootball.com\/da\/fodboldnyheder\/lindstroem-paa-sin-plads-med-udskiftning\/#webpage\",\"url\":\"https:\/\/acefootball.com\/da\/fodboldnyheder\/lindstroem-paa-sin-plads-med-udskiftning\/\",\"name\":\"Lindstr\u00f8m: P\u00e5 sin plads med udskiftning\",\"isPartOf\":{\"@id\":\"https:\/\/acefootball.com\/da\/#website\"},\"primaryImageOfPage\":{\"@id\":\"https:\/\/acefootball.com\/da\/fodboldnyheder\/lindstroem-paa-sin-plads-med-udskiftning\/#primaryimage\"},\"datePublished\":\"2020-11-02T09:07:18+00:00\",\"dateModified\":\"2020-11-02T09:07:19+00:00\",\"description\":\"Jesper Lindstr\u00f8m har fuld forst\u00e5else for, at han blev pillet ud og erstattet med Rezan Corlu i s\u00f8ndagens kamp mod AaB\",\"breadcrumb\":{\"@id\":\"https:\/\/acefootball.com\/da\/fodboldnyheder\/lindstroem-paa-sin-plads-med-udskiftning\/#breadcrumb\"},\"inLanguage\":\"en-US\",\"potentialAction\":[{\"@type\":\"ReadAction\",\"target\":[\"https:\/\/acefootball.com\/da\/fodboldnyheder\/lindstroem-paa-sin-plads-med-udskiftning\/\"]}]},{\"@type\":\"BreadcrumbList\",\"@id\":\"https:\/\/acefootball.com\/da\/fodboldnyheder\/lindstroem-paa-sin-plads-med-udskiftning\/#breadcrumb\",\"itemListElement\":[{\"@type\":\"ListItem\",\"position\":1,\"name\":\"Home\",\"item\":\"https:\/\/acefootball.com\/da\/\"},{\"@type\":\"ListItem\",\"position\":2,\"name\":\"Lindstr\u00f8m: P\u00e5 sin plads med udskiftning\"}]},{\"@type\":\"Article\",\"@id\":\"https:\/\/acefootball.com\/da\/fodboldnyheder\/lindstroem-paa-sin-plads-med-udskiftning\/#article\",\"isPartOf\":{\"@id\":\"https:\/\/acefootball.com\/da\/fodboldnyheder\/lindstroem-paa-sin-plads-med-udskiftning\/#webpage\"},\"author\":{\"@id\":\"https:\/\/acefootball.com\/da\/#\/schema\/person\/ee67e9cf04a276f144100ffa722f10cd\"},\"headline\":\"Lindstr\u00f8m: P\u00e5 sin plads med udskiftning\",\"datePublished\":\"2020-11-02T09:07:18+00:00\",\"dateModified\":\"2020-11-02T09:07:19+00:00\",\"mainEntityOfPage\":{\"@id\":\"https:\/\/acefootball.com\/da\/fodboldnyheder\/lindstroem-paa-sin-plads-med-udskiftning\/#webpage\"},\"wordCount\":215,\"commentCount\":0,\"publisher\":{\"@id\":\"https:\/\/acefootball.com\/da\/#organization\"},\"image\":{\"@id\":\"https:\/\/acefootball.com\/da\/fodboldnyheder\/lindstroem-paa-sin-plads-med-udskiftning\/#primaryimage\"},\"thumbnailUrl\":\"https:\/\/acefootball.com\/da\/wp-content\/uploads\/sites\/2\/2020\/10\/GettyImages-1229259789.jpg\",\"keywords\":[\"Br\u00f8ndby IF\",\"Jesper Lindstr\u00f8m\",\"Superligaen\"],\"articleSection\":[\"Reaktion\"],\"inLanguage\":\"en-US\",\"potentialAction\":[{\"@type\":\"CommentAction\",\"name\":\"Comment\",\"target\":[\"https:\/\/acefootball.com\/da\/fodboldnyheder\/lindstroem-paa-sin-plads-med-udskiftning\/#respond\"]}]},{\"@type\":\"Person\",\"@id\":\"https:\/\/acefootball.com\/da\/#\/schema\/person\/ee67e9cf04a276f144100ffa722f10cd\",\"name\":\"Mads Dreyer\",\"image\":{\"@type\":\"ImageObject\",\"@id\":\"https:\/\/acefootball.com\/da\/#personlogo\",\"inLanguage\":\"en-US\",\"url\":\"https:\/\/secure.gravatar.com\/avatar\/7c7abf72cfde9902b6a60efe60c88d4c?s=96&d=mm&r=g\",\"contentUrl\":\"https:\/\/secure.gravatar.com\/avatar\/7c7abf72cfde9902b6a60efe60c88d4c?s=96&d=mm&r=g\",\"caption\":\"Mads Dreyer\"},\"description\":\"Skribent og fodboldn\u00f8rd, der lige nu fort\u00e6ller om alt og intet i fodboldverdenen p\u00e5 acefootball.com. Uddannet i kommunikation fra Aalborg Universitet.\",\"sameAs\":[\"https:\/\/www.linkedin.com\/in\/mads-dreyer-b9b08266\/\"],\"url\":\"https:\/\/acefootball.com\/da\/fodboldnyheder\/author\/mdnronaldo\/\"}]}<\/script>\n<!-- \/ Yoast SEO plugin. -->","yoast_head_json":{"title":"Lindstr\u00f8m: P\u00e5 sin plads med udskiftning","description":"Jesper Lindstr\u00f8m har fuld forst\u00e5else for, at han blev pillet ud og erstattet med Rezan Corlu i s\u00f8ndagens kamp mod AaB","robots":{"index":"index","follow":"follow","max-snippet":"max-snippet:-1","max-image-preview":"max-image-preview:large","max-video-preview":"max-video-preview:-1"},"canonical":"https:\/\/acefootball.com\/da\/fodboldnyheder\/lindstroem-paa-sin-plads-med-udskiftning\/","og_locale":"en_US","og_type":"article","og_title":"Lindstr\u00f8m: P\u00e5 sin plads med udskiftning","og_description":"Jesper Lindstr\u00f8m har fuld forst\u00e5else for, at han blev pillet ud og erstattet med Rezan Corlu i s\u00f8ndagens kamp mod AaB","og_url":"https:\/\/acefootball.com\/da\/fodboldnyheder\/lindstroem-paa-sin-plads-med-udskiftning\/","og_site_name":"Ace Football Danmark","article_publisher":"https:\/\/www.facebook.com\/acefootballdk","article_published_time":"2020-11-02T09:07:18+00:00","article_modified_time":"2020-11-02T09:07:19+00:00","og_image":[{"width":1024,"height":687,"url":"https:\/\/acefootball.com\/da\/wp-content\/uploads\/sites\/2\/2020\/10\/GettyImages-1229259789.jpg","type":"image\/jpeg"}],"twitter_card":"summary_large_image","twitter_misc":{"Written by":"Mads Dreyer","Est. reading time":"1 minute"},"schema":{"@context":"https:\/\/schema.org","@graph":[{"@type":"Organization","@id":"https:\/\/acefootball.com\/da\/#organization","name":"Ace Football","url":"https:\/\/acefootball.com\/da\/","sameAs":["https:\/\/www.facebook.com\/acefootballdk"],"logo":{"@type":"ImageObject","@id":"https:\/\/acefootball.com\/da\/#logo","inLanguage":"en-US","url":"https:\/\/acefootball.com\/da\/wp-content\/uploads\/sites\/2\/2020\/07\/Ace-Football-30-07-2020-2.png","contentUrl":"https:\/\/acefootball.com\/da\/wp-content\/uploads\/sites\/2\/2020\/07\/Ace-Football-30-07-2020-2.png","width":1200,"height":600,"caption":"Ace Football"},"image":{"@id":"https:\/\/acefootball.com\/da\/#logo"}},{"@type":"WebSite","@id":"https:\/\/acefootball.com\/da\/#website","url":"https:\/\/acefootball.com\/da\/","name":"Ace Football Danmark","description":"Nyheder, Spiltips &amp; Livescore","publisher":{"@id":"https:\/\/acefootball.com\/da\/#organization"},"potentialAction":[{"@type":"SearchAction","target":{"@type":"EntryPoint","urlTemplate":"https:\/\/acefootball.com\/da\/?s={search_term_string}"},"query-input":"required name=search_term_string"}],"inLanguage":"en-US"},{"@type":"ImageObject","@id":"https:\/\/acefootball.com\/da\/fodboldnyheder\/lindstroem-paa-sin-plads-med-udskiftning\/#primaryimage","inLanguage":"en-US","url":"https:\/\/acefootball.com\/da\/wp-content\/uploads\/sites\/2\/2020\/10\/GettyImages-1229259789.jpg","contentUrl":"https:\/\/acefootball.com\/da\/wp-content\/uploads\/sites\/2\/2020\/10\/GettyImages-1229259789.jpg","width":1024,"height":687,"caption":"BRONDBY, DENMARK - OCTOBER 24: Jesper Lindstrom of Brondby IF looks on during the Danish 3F Superliga match between Brondby IF and FC Midtjylland at Brondby Stadion on October 24, 2020 in Brondby, Denmark. (Photo by Lars Ronbog \/ FrontZoneSport via Getty Images)"},{"@type":"WebPage","@id":"https:\/\/acefootball.com\/da\/fodboldnyheder\/lindstroem-paa-sin-plads-med-udskiftning\/#webpage","url":"https:\/\/acefootball.com\/da\/fodboldnyheder\/lindstroem-paa-sin-plads-med-udskiftning\/","name":"Lindstr\u00f8m: P\u00e5 sin plads med udskiftning","isPartOf":{"@id":"https:\/\/acefootball.com\/da\/#website"},"primaryImageOfPage":{"@id":"https:\/\/acefootball.com\/da\/fodboldnyheder\/lindstroem-paa-sin-plads-med-udskiftning\/#primaryimage"},"datePublished":"2020-11-02T09:07:18+00:00","dateModified":"2020-11-02T09:07:19+00:00","description":"Jesper Lindstr\u00f8m har fuld forst\u00e5else for, at han blev pillet ud og erstattet med Rezan Corlu i s\u00f8ndagens kamp mod AaB","breadcrumb":{"@id":"https:\/\/acefootball.com\/da\/fodboldnyheder\/lindstroem-paa-sin-plads-med-udskiftning\/#breadcrumb"},"inLanguage":"en-US","potentialAction":[{"@type":"ReadAction","target":["https:\/\/acefootball.com\/da\/fodboldnyheder\/lindstroem-paa-sin-plads-med-udskiftning\/"]}]},{"@type":"BreadcrumbList","@id":"https:\/\/acefootball.com\/da\/fodboldnyheder\/lindstroem-paa-sin-plads-med-udskiftning\/#breadcrumb","itemListElement":[{"@type":"ListItem","position":1,"name":"Home","item":"https:\/\/acefootball.com\/da\/"},{"@type":"ListItem","position":2,"name":"Lindstr\u00f8m: P\u00e5 sin plads med udskiftning"}]},{"@type":"Article","@id":"https:\/\/acefootball.com\/da\/fodboldnyheder\/lindstroem-paa-sin-plads-med-udskiftning\/#article","isPartOf":{"@id":"https:\/\/acefootball.com\/da\/fodboldnyheder\/lindstroem-paa-sin-plads-med-udskiftning\/#webpage"},"author":{"@id":"https:\/\/acefootball.com\/da\/#\/schema\/person\/ee67e9cf04a276f144100ffa722f10cd"},"headline":"Lindstr\u00f8m: P\u00e5 sin plads med udskiftning","datePublished":"2020-11-02T09:07:18+00:00","dateModified":"2020-11-02T09:07:19+00:00","mainEntityOfPage":{"@id":"https:\/\/acefootball.com\/da\/fodboldnyheder\/lindstroem-paa-sin-plads-med-udskiftning\/#webpage"},"wordCount":215,"commentCount":0,"publisher":{"@id":"https:\/\/acefootball.com\/da\/#organization"},"image":{"@id":"https:\/\/acefootball.com\/da\/fodboldnyheder\/lindstroem-paa-sin-plads-med-udskiftning\/#primaryimage"},"thumbnailUrl":"https:\/\/acefootball.com\/da\/wp-content\/uploads\/sites\/2\/2020\/10\/GettyImages-1229259789.jpg","keywords":["Br\u00f8ndby IF","Jesper Lindstr\u00f8m","Superligaen"],"articleSection":["Reaktion"],"inLanguage":"en-US","potentialAction":[{"@type":"CommentAction","name":"Comment","target":["https:\/\/acefootball.com\/da\/fodboldnyheder\/lindstroem-paa-sin-plads-med-udskiftning\/#respond"]}]},{"@type":"Person","@id":"https:\/\/acefootball.com\/da\/#\/schema\/person\/ee67e9cf04a276f144100ffa722f10cd","name":"Mads Dreyer","image":{"@type":"ImageObject","@id":"https:\/\/acefootball.com\/da\/#personlogo","inLanguage":"en-US","url":"https:\/\/secure.gravatar.com\/avatar\/7c7abf72cfde9902b6a60efe60c88d4c?s=96&d=mm&r=g","contentUrl":"https:\/\/secure.gravatar.com\/avatar\/7c7abf72cfde9902b6a60efe60c88d4c?s=96&d=mm&r=g","caption":"Mads Dreyer"},"description":"Skribent og fodboldn\u00f8rd, der lige nu fort\u00e6ller om alt og intet i fodboldverdenen p\u00e5 acefootball.com. Uddannet i kommunikation fra Aalborg Universitet.","sameAs":["https:\/\/www.linkedin.com\/in\/mads-dreyer-b9b08266\/"],"url":"https:\/\/acefootball.com\/da\/fodboldnyheder\/author\/mdnronaldo\/"}]}},"fimg_url":"https:\/\/acefootball.com\/da\/wp-content\/uploads\/sites\/2\/2020\/10\/GettyImages-1229259789.jpg","_links":{"self":[{"href":"https:\/\/acefootball.com\/da\/wp-json\/wp\/v2\/posts\/242104"}],"collection":[{"href":"https:\/\/acefootball.com\/da\/wp-json\/wp\/v2\/posts"}],"about":[{"href":"https:\/\/acefootball.com\/da\/wp-json\/wp\/v2\/types\/post"}],"author":[{"embeddable":true,"href":"https:\/\/acefootball.com\/da\/wp-json\/wp\/v2\/users\/705"}],"replies":[{"embeddable":true,"href":"https:\/\/acefootball.com\/da\/wp-json\/wp\/v2\/comments?post=242104"}],"version-history":[{"count":0,"href":"https:\/\/acefootball.com\/da\/wp-json\/wp\/v2\/posts\/242104\/revisions"}],"wp:featuredmedia":[{"embeddable":true,"href":"https:\/\/acefootball.com\/da\/wp-json\/wp\/v2\/media\/241598"}],"wp:attachment":[{"href":"https:\/\/acefootball.com\/da\/wp-json\/wp\/v2\/media?parent=242104"}],"wp:term":[{"taxonomy":"category","embeddable":true,"href":"https:\/\/acefootball.com\/da\/wp-json\/wp\/v2\/categories?post=242104"},{"taxonomy":"post_tag","embeddable":true,"href":"https:\/\/acefootball.com\/da\/wp-json\/wp\/v2\/tags?post=242104"}],"curies":[{"name":"wp","href":"https:\/\/api.w.org\/{rel}","templated":true}]}}