{"id":242074,"date":"2020-11-01T21:27:24","date_gmt":"2020-11-01T20:27:24","guid":{"rendered":"https:\/\/acefootball.com\/da\/?p=242074"},"modified":"2020-11-01T21:38:46","modified_gmt":"2020-11-01T20:38:46","slug":"boilesen-vil-ikke-noejes-med-et-halvt-maal","status":"publish","type":"post","link":"https:\/\/acefootball.com\/da\/fodboldnyheder\/boilesen-vil-ikke-noejes-med-et-halvt-maal\/","title":{"rendered":"Boilesen vil ikke n\u00f8jes med et halvt m\u00e5l"},"content":{"rendered":"\n<h2 id=\"h-nicolai-boilesen-er-ikke-tilfreds-med-at-jonas-wind-blev-noteret-for-m-let-til-3-2-i-dagens-sejr-over-lyngby\">Nicolai Boilesen er ikke tilfreds med, at Jonas Wind blev noteret for m\u00e5let til 3-2 i dagens sejr over Lyngby<\/h2>\n\n\n\n<div class=\"wp-block-si-widget wp-block-si-widget--center\"><si-lb-widget widget-id=\"MatchInfoWithOdds\" data-nopadding=\"true\" data-card=\"true\" width=\"440\" data-event-id=\"3389108\" data-theme-appearance=\"dark\"><\/si-lb-widget><\/div>\n\n\n\n<p>FC K\u00f8benhavn var i gennem lidt af en rutsjebanetur i dagens hjemmekamp mod Lyngby Boldklub.<\/p>\n\n\n\n<p>K\u00f8benhavnerne kom foran 2-0 lige inden pausen, og dermed lignede det en rolig dag p\u00e5 kontoret i anden halvleg, men g\u00e6sterne svarede hurtigt tilbage og fik udlignet.<\/p>\n\n\n\n<p>Kun to minutter efter udligningen trykkede Nicolai Boilesen dog p\u00e5 kassen, og efter en afretning str\u00f8g bolden i m\u00e5l til stor jubel for venstrebacken.<\/p>\n\n\n\n<p>Efterf\u00f8lgende blev en liggende Jonas Wind dog noteret for m\u00e5let, og det er ikke noget, der passer Boilesen.<\/p>\n\n\n\n\n        <div class=\"svf-video-single only-video\">\n            <div class=\"svf-video-container svf-embedded embedded\">\n                <script>(function(){const el = document.createElement('iframe');el.allow = 'autoplay';el.frameBorder = '0';el.classList.add('svf-video');el.allowFullscreen = true;document.currentScript.parentNode.style.display = 'none';el.src = \"https:\/\/www.viafree.dk\/embed\/sport\/id\/8e567de2-3038-46d5-ac33-a2277c4af30f?partnerId=a788403f-2c83-488f-adb0-2650ac7278a3\";el.addEventListener( 'load', function(){ this.parentNode.style.display = ''; });document.currentScript.parentNode.insertBefore(el, document.currentScript.nextSibling);})();<\/script>\n                <noscript><iframe allow=\"autoplay\" allowfullscreen frameborder=\"0\" class=\"svf-video\" src=\"https:\/\/www.viafree.dk\/embed\/sport\/id\/8e567de2-3038-46d5-ac33-a2277c4af30f?partnerId=a788403f-2c83-488f-adb0-2650ac7278a3\"><\/iframe><\/noscript>\n            <\/div>\n                    <\/div>\n        \n\n\n\n<p><\/p>\n\n\n\n<p>&#8220;Jeg synes jo egentlig, at det er et helt m\u00e5l jeg b\u00f8r have &#8211; og ikke kun \u2018et halvt\u2019! Hvis jeg fik scoringen mod FC Nordsj\u00e6lland, s\u00e5 er det vel samme princip. Men jeg kan godt godtage en assist, hvis de ikke vil tildele mig m\u00e5let,&#8221; udtaler Boilesen med et glimt i \u00f8jet if\u00f8lge <a href=\"https:\/\/www.fck.dk\/nyhed\/boilesen-om-sit-halve-maal-sigtede-efter-jonas-bagdel\" target=\"_blank\" rel=\"noreferrer noopener\">FC K\u00f8benhavns hjemmeside<\/a>.<\/p>\n\n\n\n<p>Der var ogs\u00e5 plads til en lille stikpille til holdkammerat Wind, som ikke var sen til at tage \u00e6ren for m\u00e5let.<\/p>\n\n\n\n<div class=\"wp-block-si-widget wp-block-si-widget--center\"><si-lb-widget widget-id=\"BookmakerPromotionsSlider\" data-nopadding=\"true\" data-transparent=\"true\" width=\"440\" data-providers=\"comeon\"><\/si-lb-widget><\/div>\n\n\n\n<figure class=\"wp-block-embed-twitter wp-block-embed is-type-rich is-provider-twitter\"><div class=\"wp-block-embed__wrapper\">\n<blockquote class=\"twitter-tweet\" data-width=\"550\" data-dnt=\"true\"><p lang=\"da\" dir=\"ltr\">\ud83d\udde3\ufe0f <a href=\"https:\/\/twitter.com\/NicoBoilesen?ref_src=twsrc%5Etfw\">@NicoBoilesen<\/a>: Man kan jo ikke ligge ned og f\u00e5 bolden sparket ind p\u00e5 bagdelen, og s\u00e5 stille sig op og juble som om, at det er \u00e9n selv, der har lagt den i nettet! Men hans bagdel er trods alt ogs\u00e5 en af de st\u00f8rre &#8211; s\u00e5 det var faktisk den jeg sigtede efter!\u201d \ud83d\ude09\ud83c\udf51 <a href=\"https:\/\/twitter.com\/hashtag\/fcklive?src=hash&amp;ref_src=twsrc%5Etfw\">#fcklive<\/a> <a href=\"https:\/\/t.co\/esmBRzpDKX\">pic.twitter.com\/esmBRzpDKX<\/a><\/p>&mdash; F.C. K\u00f8benhavn (@FCKobenhavn) <a href=\"https:\/\/twitter.com\/FCKobenhavn\/status\/1322982562063654912?ref_src=twsrc%5Etfw\">November 1, 2020<\/a><\/blockquote><script async src=\"https:\/\/platform.twitter.com\/widgets.js\" charset=\"utf-8\"><\/script>\n<\/div><\/figure>\n\n\n\n<p>Fc K\u00f8benhavn kravler med sejren t\u00e6ttere p\u00e5 Superligaens tophold. Der er nu kun tre point op til FC Midtjylland.<\/p>\n","protected":false},"excerpt":{"rendered":"<p>Nicolai Boilesen er ikke tilfreds med, at Jonas Wind blev noteret for m\u00e5let til 3-2 i dagens sejr over Lyngby<\/p>\n","protected":false},"author":705,"featured_media":238941,"comment_status":"open","ping_status":"closed","sticky":false,"template":"","format":"video","meta":{"om_disable_all_campaigns":false,"push_articles_ronaldo":{"active":false,"canonical":0,"publish":false},"force_updates":null},"categories":[8060],"tags":[16,2167,230,588],"enet_tags":{"team":["8391"],"player":["889785","191994"],"league":["46"],"sport_events":[3389108]},"yoast_head":"<!-- This site is optimized with the Yoast SEO plugin v18.3 - https:\/\/yoast.com\/wordpress\/plugins\/seo\/ -->\n<title>Boilesen vil ikke n\u00f8jes med et halvt m\u00e5l<\/title>\n<meta name=\"description\" content=\"Nicolai Boilesen er ikke tilfreds med, at Jonas Wind blev noteret for m\u00e5let til 3-2 i dagens sejr over Lyngby\" \/>\n<meta name=\"robots\" content=\"index, follow, max-snippet:-1, max-image-preview:large, max-video-preview:-1\" \/>\n<link rel=\"canonical\" href=\"https:\/\/acefootball.com\/da\/fodboldnyheder\/boilesen-vil-ikke-noejes-med-et-halvt-maal\/\" \/>\n<meta property=\"og:locale\" content=\"en_US\" \/>\n<meta property=\"og:type\" content=\"article\" \/>\n<meta property=\"og:title\" content=\"Boilesen vil ikke n\u00f8jes med et halvt m\u00e5l\" \/>\n<meta property=\"og:description\" content=\"Nicolai Boilesen er ikke tilfreds med, at Jonas Wind blev noteret for m\u00e5let til 3-2 i dagens sejr over Lyngby\" \/>\n<meta property=\"og:url\" content=\"https:\/\/acefootball.com\/da\/fodboldnyheder\/boilesen-vil-ikke-noejes-med-et-halvt-maal\/\" \/>\n<meta property=\"og:site_name\" content=\"Ace Football Danmark\" \/>\n<meta property=\"article:publisher\" content=\"https:\/\/www.facebook.com\/acefootballdk\" \/>\n<meta property=\"article:published_time\" content=\"2020-11-01T20:27:24+00:00\" \/>\n<meta property=\"article:modified_time\" content=\"2020-11-01T20:38:46+00:00\" \/>\n<meta property=\"og:image\" content=\"https:\/\/acefootball.com\/da\/wp-content\/uploads\/sites\/2\/2020\/11\/FCK-1-1.jpg\" \/>\n\t<meta property=\"og:image:width\" content=\"1920\" \/>\n\t<meta property=\"og:image:height\" content=\"1008\" \/>\n\t<meta property=\"og:image:type\" content=\"image\/jpeg\" \/>\n<meta name=\"twitter:card\" content=\"summary_large_image\" \/>\n<meta name=\"twitter:label1\" content=\"Written by\" \/>\n\t<meta name=\"twitter:data1\" content=\"Mads Dreyer\" \/>\n\t<meta name=\"twitter:label2\" content=\"Est. reading time\" \/>\n\t<meta name=\"twitter:data2\" content=\"1 minute\" \/>\n<script type=\"application\/ld+json\" class=\"yoast-schema-graph\">{\"@context\":\"https:\/\/schema.org\",\"@graph\":[{\"@type\":\"Organization\",\"@id\":\"https:\/\/acefootball.com\/da\/#organization\",\"name\":\"Ace Football\",\"url\":\"https:\/\/acefootball.com\/da\/\",\"sameAs\":[\"https:\/\/www.facebook.com\/acefootballdk\"],\"logo\":{\"@type\":\"ImageObject\",\"@id\":\"https:\/\/acefootball.com\/da\/#logo\",\"inLanguage\":\"en-US\",\"url\":\"https:\/\/acefootball.com\/da\/wp-content\/uploads\/sites\/2\/2020\/07\/Ace-Football-30-07-2020-2.png\",\"contentUrl\":\"https:\/\/acefootball.com\/da\/wp-content\/uploads\/sites\/2\/2020\/07\/Ace-Football-30-07-2020-2.png\",\"width\":1200,\"height\":600,\"caption\":\"Ace Football\"},\"image\":{\"@id\":\"https:\/\/acefootball.com\/da\/#logo\"}},{\"@type\":\"WebSite\",\"@id\":\"https:\/\/acefootball.com\/da\/#website\",\"url\":\"https:\/\/acefootball.com\/da\/\",\"name\":\"Ace Football Danmark\",\"description\":\"Nyheder, Spiltips &amp; Livescore\",\"publisher\":{\"@id\":\"https:\/\/acefootball.com\/da\/#organization\"},\"potentialAction\":[{\"@type\":\"SearchAction\",\"target\":{\"@type\":\"EntryPoint\",\"urlTemplate\":\"https:\/\/acefootball.com\/da\/?s={search_term_string}\"},\"query-input\":\"required name=search_term_string\"}],\"inLanguage\":\"en-US\"},{\"@type\":\"ImageObject\",\"@id\":\"https:\/\/acefootball.com\/da\/fodboldnyheder\/boilesen-vil-ikke-noejes-med-et-halvt-maal\/#primaryimage\",\"inLanguage\":\"en-US\",\"url\":\"https:\/\/acefootball.com\/da\/wp-content\/uploads\/sites\/2\/2020\/11\/FCK-1-1.jpg\",\"contentUrl\":\"https:\/\/acefootball.com\/da\/wp-content\/uploads\/sites\/2\/2020\/11\/FCK-1-1.jpg\",\"width\":1920,\"height\":1008},{\"@type\":\"WebPage\",\"@id\":\"https:\/\/acefootball.com\/da\/fodboldnyheder\/boilesen-vil-ikke-noejes-med-et-halvt-maal\/#webpage\",\"url\":\"https:\/\/acefootball.com\/da\/fodboldnyheder\/boilesen-vil-ikke-noejes-med-et-halvt-maal\/\",\"name\":\"Boilesen vil ikke n\u00f8jes med et halvt m\u00e5l\",\"isPartOf\":{\"@id\":\"https:\/\/acefootball.com\/da\/#website\"},\"primaryImageOfPage\":{\"@id\":\"https:\/\/acefootball.com\/da\/fodboldnyheder\/boilesen-vil-ikke-noejes-med-et-halvt-maal\/#primaryimage\"},\"datePublished\":\"2020-11-01T20:27:24+00:00\",\"dateModified\":\"2020-11-01T20:38:46+00:00\",\"description\":\"Nicolai Boilesen er ikke tilfreds med, at Jonas Wind blev noteret for m\u00e5let til 3-2 i dagens sejr over Lyngby\",\"breadcrumb\":{\"@id\":\"https:\/\/acefootball.com\/da\/fodboldnyheder\/boilesen-vil-ikke-noejes-med-et-halvt-maal\/#breadcrumb\"},\"inLanguage\":\"en-US\",\"potentialAction\":[{\"@type\":\"ReadAction\",\"target\":[\"https:\/\/acefootball.com\/da\/fodboldnyheder\/boilesen-vil-ikke-noejes-med-et-halvt-maal\/\"]}]},{\"@type\":\"BreadcrumbList\",\"@id\":\"https:\/\/acefootball.com\/da\/fodboldnyheder\/boilesen-vil-ikke-noejes-med-et-halvt-maal\/#breadcrumb\",\"itemListElement\":[{\"@type\":\"ListItem\",\"position\":1,\"name\":\"Home\",\"item\":\"https:\/\/acefootball.com\/da\/\"},{\"@type\":\"ListItem\",\"position\":2,\"name\":\"Boilesen vil ikke n\u00f8jes med et halvt m\u00e5l\"}]},{\"@type\":\"Article\",\"@id\":\"https:\/\/acefootball.com\/da\/fodboldnyheder\/boilesen-vil-ikke-noejes-med-et-halvt-maal\/#article\",\"isPartOf\":{\"@id\":\"https:\/\/acefootball.com\/da\/fodboldnyheder\/boilesen-vil-ikke-noejes-med-et-halvt-maal\/#webpage\"},\"author\":{\"@id\":\"https:\/\/acefootball.com\/da\/#\/schema\/person\/ee67e9cf04a276f144100ffa722f10cd\"},\"headline\":\"Boilesen vil ikke n\u00f8jes med et halvt m\u00e5l\",\"datePublished\":\"2020-11-01T20:27:24+00:00\",\"dateModified\":\"2020-11-01T20:38:46+00:00\",\"mainEntityOfPage\":{\"@id\":\"https:\/\/acefootball.com\/da\/fodboldnyheder\/boilesen-vil-ikke-noejes-med-et-halvt-maal\/#webpage\"},\"wordCount\":248,\"commentCount\":0,\"publisher\":{\"@id\":\"https:\/\/acefootball.com\/da\/#organization\"},\"image\":{\"@id\":\"https:\/\/acefootball.com\/da\/fodboldnyheder\/boilesen-vil-ikke-noejes-med-et-halvt-maal\/#primaryimage\"},\"thumbnailUrl\":\"https:\/\/acefootball.com\/da\/wp-content\/uploads\/sites\/2\/2020\/09\/GettyImages-1138039861.jpg\",\"keywords\":[\"FC K\u00f8benhavn\",\"Jonas Wind\",\"Nicolai Boilesen\",\"Superligaen\"],\"articleSection\":[\"Reaktion\"],\"inLanguage\":\"en-US\",\"potentialAction\":[{\"@type\":\"CommentAction\",\"name\":\"Comment\",\"target\":[\"https:\/\/acefootball.com\/da\/fodboldnyheder\/boilesen-vil-ikke-noejes-med-et-halvt-maal\/#respond\"]}]},{\"@type\":\"Person\",\"@id\":\"https:\/\/acefootball.com\/da\/#\/schema\/person\/ee67e9cf04a276f144100ffa722f10cd\",\"name\":\"Mads Dreyer\",\"image\":{\"@type\":\"ImageObject\",\"@id\":\"https:\/\/acefootball.com\/da\/#personlogo\",\"inLanguage\":\"en-US\",\"url\":\"https:\/\/secure.gravatar.com\/avatar\/7c7abf72cfde9902b6a60efe60c88d4c?s=96&d=mm&r=g\",\"contentUrl\":\"https:\/\/secure.gravatar.com\/avatar\/7c7abf72cfde9902b6a60efe60c88d4c?s=96&d=mm&r=g\",\"caption\":\"Mads Dreyer\"},\"description\":\"Skribent og fodboldn\u00f8rd, der lige nu fort\u00e6ller om alt og intet i fodboldverdenen p\u00e5 acefootball.com. Uddannet i kommunikation fra Aalborg Universitet.\",\"sameAs\":[\"https:\/\/www.linkedin.com\/in\/mads-dreyer-b9b08266\/\"],\"url\":\"https:\/\/acefootball.com\/da\/fodboldnyheder\/author\/mdnronaldo\/\"}]}<\/script>\n<!-- \/ Yoast SEO plugin. -->","yoast_head_json":{"title":"Boilesen vil ikke n\u00f8jes med et halvt m\u00e5l","description":"Nicolai Boilesen er ikke tilfreds med, at Jonas Wind blev noteret for m\u00e5let til 3-2 i dagens sejr over Lyngby","robots":{"index":"index","follow":"follow","max-snippet":"max-snippet:-1","max-image-preview":"max-image-preview:large","max-video-preview":"max-video-preview:-1"},"canonical":"https:\/\/acefootball.com\/da\/fodboldnyheder\/boilesen-vil-ikke-noejes-med-et-halvt-maal\/","og_locale":"en_US","og_type":"article","og_title":"Boilesen vil ikke n\u00f8jes med et halvt m\u00e5l","og_description":"Nicolai Boilesen er ikke tilfreds med, at Jonas Wind blev noteret for m\u00e5let til 3-2 i dagens sejr over Lyngby","og_url":"https:\/\/acefootball.com\/da\/fodboldnyheder\/boilesen-vil-ikke-noejes-med-et-halvt-maal\/","og_site_name":"Ace Football Danmark","article_publisher":"https:\/\/www.facebook.com\/acefootballdk","article_published_time":"2020-11-01T20:27:24+00:00","article_modified_time":"2020-11-01T20:38:46+00:00","og_image":[{"width":1920,"height":1008,"url":"https:\/\/acefootball.com\/da\/wp-content\/uploads\/sites\/2\/2020\/11\/FCK-1-1.jpg","type":"image\/jpeg"}],"twitter_card":"summary_large_image","twitter_misc":{"Written by":"Mads Dreyer","Est. reading time":"1 minute"},"schema":{"@context":"https:\/\/schema.org","@graph":[{"@type":"Organization","@id":"https:\/\/acefootball.com\/da\/#organization","name":"Ace Football","url":"https:\/\/acefootball.com\/da\/","sameAs":["https:\/\/www.facebook.com\/acefootballdk"],"logo":{"@type":"ImageObject","@id":"https:\/\/acefootball.com\/da\/#logo","inLanguage":"en-US","url":"https:\/\/acefootball.com\/da\/wp-content\/uploads\/sites\/2\/2020\/07\/Ace-Football-30-07-2020-2.png","contentUrl":"https:\/\/acefootball.com\/da\/wp-content\/uploads\/sites\/2\/2020\/07\/Ace-Football-30-07-2020-2.png","width":1200,"height":600,"caption":"Ace Football"},"image":{"@id":"https:\/\/acefootball.com\/da\/#logo"}},{"@type":"WebSite","@id":"https:\/\/acefootball.com\/da\/#website","url":"https:\/\/acefootball.com\/da\/","name":"Ace Football Danmark","description":"Nyheder, Spiltips &amp; Livescore","publisher":{"@id":"https:\/\/acefootball.com\/da\/#organization"},"potentialAction":[{"@type":"SearchAction","target":{"@type":"EntryPoint","urlTemplate":"https:\/\/acefootball.com\/da\/?s={search_term_string}"},"query-input":"required name=search_term_string"}],"inLanguage":"en-US"},{"@type":"ImageObject","@id":"https:\/\/acefootball.com\/da\/fodboldnyheder\/boilesen-vil-ikke-noejes-med-et-halvt-maal\/#primaryimage","inLanguage":"en-US","url":"https:\/\/acefootball.com\/da\/wp-content\/uploads\/sites\/2\/2020\/11\/FCK-1-1.jpg","contentUrl":"https:\/\/acefootball.com\/da\/wp-content\/uploads\/sites\/2\/2020\/11\/FCK-1-1.jpg","width":1920,"height":1008},{"@type":"WebPage","@id":"https:\/\/acefootball.com\/da\/fodboldnyheder\/boilesen-vil-ikke-noejes-med-et-halvt-maal\/#webpage","url":"https:\/\/acefootball.com\/da\/fodboldnyheder\/boilesen-vil-ikke-noejes-med-et-halvt-maal\/","name":"Boilesen vil ikke n\u00f8jes med et halvt m\u00e5l","isPartOf":{"@id":"https:\/\/acefootball.com\/da\/#website"},"primaryImageOfPage":{"@id":"https:\/\/acefootball.com\/da\/fodboldnyheder\/boilesen-vil-ikke-noejes-med-et-halvt-maal\/#primaryimage"},"datePublished":"2020-11-01T20:27:24+00:00","dateModified":"2020-11-01T20:38:46+00:00","description":"Nicolai Boilesen er ikke tilfreds med, at Jonas Wind blev noteret for m\u00e5let til 3-2 i dagens sejr over Lyngby","breadcrumb":{"@id":"https:\/\/acefootball.com\/da\/fodboldnyheder\/boilesen-vil-ikke-noejes-med-et-halvt-maal\/#breadcrumb"},"inLanguage":"en-US","potentialAction":[{"@type":"ReadAction","target":["https:\/\/acefootball.com\/da\/fodboldnyheder\/boilesen-vil-ikke-noejes-med-et-halvt-maal\/"]}]},{"@type":"BreadcrumbList","@id":"https:\/\/acefootball.com\/da\/fodboldnyheder\/boilesen-vil-ikke-noejes-med-et-halvt-maal\/#breadcrumb","itemListElement":[{"@type":"ListItem","position":1,"name":"Home","item":"https:\/\/acefootball.com\/da\/"},{"@type":"ListItem","position":2,"name":"Boilesen vil ikke n\u00f8jes med et halvt m\u00e5l"}]},{"@type":"Article","@id":"https:\/\/acefootball.com\/da\/fodboldnyheder\/boilesen-vil-ikke-noejes-med-et-halvt-maal\/#article","isPartOf":{"@id":"https:\/\/acefootball.com\/da\/fodboldnyheder\/boilesen-vil-ikke-noejes-med-et-halvt-maal\/#webpage"},"author":{"@id":"https:\/\/acefootball.com\/da\/#\/schema\/person\/ee67e9cf04a276f144100ffa722f10cd"},"headline":"Boilesen vil ikke n\u00f8jes med et halvt m\u00e5l","datePublished":"2020-11-01T20:27:24+00:00","dateModified":"2020-11-01T20:38:46+00:00","mainEntityOfPage":{"@id":"https:\/\/acefootball.com\/da\/fodboldnyheder\/boilesen-vil-ikke-noejes-med-et-halvt-maal\/#webpage"},"wordCount":248,"commentCount":0,"publisher":{"@id":"https:\/\/acefootball.com\/da\/#organization"},"image":{"@id":"https:\/\/acefootball.com\/da\/fodboldnyheder\/boilesen-vil-ikke-noejes-med-et-halvt-maal\/#primaryimage"},"thumbnailUrl":"https:\/\/acefootball.com\/da\/wp-content\/uploads\/sites\/2\/2020\/09\/GettyImages-1138039861.jpg","keywords":["FC K\u00f8benhavn","Jonas Wind","Nicolai Boilesen","Superligaen"],"articleSection":["Reaktion"],"inLanguage":"en-US","potentialAction":[{"@type":"CommentAction","name":"Comment","target":["https:\/\/acefootball.com\/da\/fodboldnyheder\/boilesen-vil-ikke-noejes-med-et-halvt-maal\/#respond"]}]},{"@type":"Person","@id":"https:\/\/acefootball.com\/da\/#\/schema\/person\/ee67e9cf04a276f144100ffa722f10cd","name":"Mads Dreyer","image":{"@type":"ImageObject","@id":"https:\/\/acefootball.com\/da\/#personlogo","inLanguage":"en-US","url":"https:\/\/secure.gravatar.com\/avatar\/7c7abf72cfde9902b6a60efe60c88d4c?s=96&d=mm&r=g","contentUrl":"https:\/\/secure.gravatar.com\/avatar\/7c7abf72cfde9902b6a60efe60c88d4c?s=96&d=mm&r=g","caption":"Mads Dreyer"},"description":"Skribent og fodboldn\u00f8rd, der lige nu fort\u00e6ller om alt og intet i fodboldverdenen p\u00e5 acefootball.com. Uddannet i kommunikation fra Aalborg Universitet.","sameAs":["https:\/\/www.linkedin.com\/in\/mads-dreyer-b9b08266\/"],"url":"https:\/\/acefootball.com\/da\/fodboldnyheder\/author\/mdnronaldo\/"}]}},"fimg_url":"https:\/\/acefootball.com\/da\/wp-content\/uploads\/sites\/2\/2020\/09\/GettyImages-1138039861.jpg","_links":{"self":[{"href":"https:\/\/acefootball.com\/da\/wp-json\/wp\/v2\/posts\/242074"}],"collection":[{"href":"https:\/\/acefootball.com\/da\/wp-json\/wp\/v2\/posts"}],"about":[{"href":"https:\/\/acefootball.com\/da\/wp-json\/wp\/v2\/types\/post"}],"author":[{"embeddable":true,"href":"https:\/\/acefootball.com\/da\/wp-json\/wp\/v2\/users\/705"}],"replies":[{"embeddable":true,"href":"https:\/\/acefootball.com\/da\/wp-json\/wp\/v2\/comments?post=242074"}],"version-history":[{"count":0,"href":"https:\/\/acefootball.com\/da\/wp-json\/wp\/v2\/posts\/242074\/revisions"}],"wp:featuredmedia":[{"embeddable":true,"href":"https:\/\/acefootball.com\/da\/wp-json\/wp\/v2\/media\/238941"}],"wp:attachment":[{"href":"https:\/\/acefootball.com\/da\/wp-json\/wp\/v2\/media?parent=242074"}],"wp:term":[{"taxonomy":"category","embeddable":true,"href":"https:\/\/acefootball.com\/da\/wp-json\/wp\/v2\/categories?post=242074"},{"taxonomy":"post_tag","embeddable":true,"href":"https:\/\/acefootball.com\/da\/wp-json\/wp\/v2\/tags?post=242074"}],"curies":[{"name":"wp","href":"https:\/\/api.w.org\/{rel}","templated":true}]}}