{"id":242047,"date":"2020-11-01T16:22:51","date_gmt":"2020-11-01T15:22:51","guid":{"rendered":"https:\/\/acefootball.com\/da\/?p=242047"},"modified":"2020-11-01T16:22:51","modified_gmt":"2020-11-01T15:22:51","slug":"manchester-united-legende-ramt-af-demens","status":"publish","type":"post","link":"https:\/\/acefootball.com\/da\/fodboldnyheder\/manchester-united-legende-ramt-af-demens\/","title":{"rendered":"Manchester United-legende ramt af demens"},"content":{"rendered":"\n<h2 id=\"h-manchester-united-legenden-sir-bobby-charlton-er-blevet-erkl-ret-dement-det-oplyser-det-engelske-medie-the-telegraph\">Manchester United-legenden Sir Bobby Charlton er blevet erkl\u00e6ret dement. Det oplyser det engelske medie The Telegraph<\/h2>\n\n\n\n<div class=\"wp-block-si-widget wp-block-si-widget--center\"><si-lb-widget widget-id=\"MatchInfoWithOdds\" data-nopadding=\"true\" data-card=\"true\" width=\"440\" data-event-id=\"3411414\" data-provider=\"mrgreen\" data-theme-appearance=\"dark\"><\/si-lb-widget><\/div>\n\n\n\n<p>Kort inden Manchester Uniteds opg\u00f8r mod Arsenal er klubben blevet ramt af d\u00e5rligt nyt, da en af dens st\u00f8rste spillere nogensinde er blevet diagnosticeret med demens.<\/p>\n\n\n\n<p>Der er tale om legendariske Sir Bobby Charlton, som n\u00e5ede 352 kampe og 101 m\u00e5l for Manchester United. Det oplyser <a href=\"https:\/\/www.telegraph.co.uk\/football\/2020\/11\/01\/sir-bobby-charlton-diagnosed-dementia\/\" target=\"_blank\" rel=\"noreferrer noopener\">The Telegraph<\/a>.<\/p>\n\n\n\n<figure class=\"wp-block-embed-twitter wp-block-embed is-type-rich is-provider-twitter\"><div class=\"wp-block-embed__wrapper\">\n<blockquote class=\"twitter-tweet\" data-width=\"550\" data-dnt=\"true\"><p lang=\"en\" dir=\"ltr\">Really awful news to hear that Sir Bobby Charlton has been diagnosed with dementia. This news has been released with the blessing of his wife Lady Norma Charlton. [<a href=\"https:\/\/twitter.com\/JWTelegraph?ref_src=twsrc%5Etfw\">@JWTelegraph<\/a>] <a href=\"https:\/\/t.co\/qHnTL4z5as\">pic.twitter.com\/qHnTL4z5as<\/a><\/p>&mdash; The United Stand (@UnitedStandMUFC) <a href=\"https:\/\/twitter.com\/UnitedStandMUFC\/status\/1322892956253212672?ref_src=twsrc%5Etfw\">November 1, 2020<\/a><\/blockquote><script async src=\"https:\/\/platform.twitter.com\/widgets.js\" charset=\"utf-8\"><\/script>\n<\/div><\/figure>\n\n\n\n<p>Mediet skriver samtidig, at man har f\u00e5et lov til at bringe nyheden af Charltons hustru, Norma, som h\u00e5ber, at det kan v\u00e6re med til at hj\u00e6lpe andre.<\/p>\n\n\n\n<p>Sir Bobby Charlton spillede p\u00e5 Manchester Uniteds f\u00f8rstehold i perioden 1965-1973 og var klubbens alletiders topscorer, inden rekorden blev taget af Wayne Rooney.<\/p>\n\n\n\n<p>Han vandt desuden VM med England i 1966 og blev samme \u00e5r k\u00e5ret som vinder af Ballon d&#8217;Or.<\/p>\n","protected":false},"excerpt":{"rendered":"<p>Manchester United-legenden Sir Bobby Charlton er blevet erkl\u00e6ret dement. Det oplyser det engelske medie The Telegraph<\/p>\n","protected":false},"author":705,"featured_media":242049,"comment_status":"open","ping_status":"closed","sticky":false,"template":"","format":"standard","meta":{"om_disable_all_campaigns":false,"push_articles_ronaldo":{"active":false,"canonical":0,"publish":false},"force_updates":null},"categories":[1],"tags":[126,134],"enet_tags":{"team":["10260"],"league":["47"],"sport_events":[3411414]},"yoast_head":"<!-- This site is optimized with the Yoast SEO plugin v18.3 - https:\/\/yoast.com\/wordpress\/plugins\/seo\/ -->\n<title>Manchester United-legende ramt af demens<\/title>\n<meta name=\"description\" content=\"Manchester United-legenden Sir Bobby Charlton er blevet erkl\u00e6ret dement. Det oplyser det engelske medie The Telegraph\" \/>\n<meta name=\"robots\" content=\"index, follow, max-snippet:-1, max-image-preview:large, max-video-preview:-1\" \/>\n<link rel=\"canonical\" href=\"https:\/\/acefootball.com\/da\/fodboldnyheder\/manchester-united-legende-ramt-af-demens\/\" \/>\n<meta property=\"og:locale\" content=\"en_US\" \/>\n<meta property=\"og:type\" content=\"article\" \/>\n<meta property=\"og:title\" content=\"Manchester United-legende ramt af demens\" \/>\n<meta property=\"og:description\" content=\"Manchester United-legenden Sir Bobby Charlton er blevet erkl\u00e6ret dement. Det oplyser det engelske medie The Telegraph\" \/>\n<meta property=\"og:url\" content=\"https:\/\/acefootball.com\/da\/fodboldnyheder\/manchester-united-legende-ramt-af-demens\/\" \/>\n<meta property=\"og:site_name\" content=\"Ace Football Danmark\" \/>\n<meta property=\"article:publisher\" content=\"https:\/\/www.facebook.com\/acefootballdk\" \/>\n<meta property=\"article:published_time\" content=\"2020-11-01T15:22:51+00:00\" \/>\n<meta property=\"og:image\" content=\"https:\/\/acefootball.com\/da\/wp-content\/uploads\/sites\/2\/2020\/11\/Ace-1.jpg\" \/>\n\t<meta property=\"og:image:width\" content=\"1920\" \/>\n\t<meta property=\"og:image:height\" content=\"1008\" \/>\n\t<meta property=\"og:image:type\" content=\"image\/jpeg\" \/>\n<meta name=\"twitter:card\" content=\"summary_large_image\" \/>\n<meta name=\"twitter:label1\" content=\"Written by\" \/>\n\t<meta name=\"twitter:data1\" content=\"Mads Dreyer\" \/>\n\t<meta name=\"twitter:label2\" content=\"Est. reading time\" \/>\n\t<meta name=\"twitter:data2\" content=\"1 minute\" \/>\n<script type=\"application\/ld+json\" class=\"yoast-schema-graph\">{\"@context\":\"https:\/\/schema.org\",\"@graph\":[{\"@type\":\"Organization\",\"@id\":\"https:\/\/acefootball.com\/da\/#organization\",\"name\":\"Ace Football\",\"url\":\"https:\/\/acefootball.com\/da\/\",\"sameAs\":[\"https:\/\/www.facebook.com\/acefootballdk\"],\"logo\":{\"@type\":\"ImageObject\",\"@id\":\"https:\/\/acefootball.com\/da\/#logo\",\"inLanguage\":\"en-US\",\"url\":\"https:\/\/acefootball.com\/da\/wp-content\/uploads\/sites\/2\/2020\/07\/Ace-Football-30-07-2020-2.png\",\"contentUrl\":\"https:\/\/acefootball.com\/da\/wp-content\/uploads\/sites\/2\/2020\/07\/Ace-Football-30-07-2020-2.png\",\"width\":1200,\"height\":600,\"caption\":\"Ace Football\"},\"image\":{\"@id\":\"https:\/\/acefootball.com\/da\/#logo\"}},{\"@type\":\"WebSite\",\"@id\":\"https:\/\/acefootball.com\/da\/#website\",\"url\":\"https:\/\/acefootball.com\/da\/\",\"name\":\"Ace Football Danmark\",\"description\":\"Nyheder, Spiltips &amp; Livescore\",\"publisher\":{\"@id\":\"https:\/\/acefootball.com\/da\/#organization\"},\"potentialAction\":[{\"@type\":\"SearchAction\",\"target\":{\"@type\":\"EntryPoint\",\"urlTemplate\":\"https:\/\/acefootball.com\/da\/?s={search_term_string}\"},\"query-input\":\"required name=search_term_string\"}],\"inLanguage\":\"en-US\"},{\"@type\":\"ImageObject\",\"@id\":\"https:\/\/acefootball.com\/da\/fodboldnyheder\/manchester-united-legende-ramt-af-demens\/#primaryimage\",\"inLanguage\":\"en-US\",\"url\":\"https:\/\/acefootball.com\/da\/wp-content\/uploads\/sites\/2\/2020\/11\/Ace-1.jpg\",\"contentUrl\":\"https:\/\/acefootball.com\/da\/wp-content\/uploads\/sites\/2\/2020\/11\/Ace-1.jpg\",\"width\":1920,\"height\":1008},{\"@type\":\"WebPage\",\"@id\":\"https:\/\/acefootball.com\/da\/fodboldnyheder\/manchester-united-legende-ramt-af-demens\/#webpage\",\"url\":\"https:\/\/acefootball.com\/da\/fodboldnyheder\/manchester-united-legende-ramt-af-demens\/\",\"name\":\"Manchester United-legende ramt af demens\",\"isPartOf\":{\"@id\":\"https:\/\/acefootball.com\/da\/#website\"},\"primaryImageOfPage\":{\"@id\":\"https:\/\/acefootball.com\/da\/fodboldnyheder\/manchester-united-legende-ramt-af-demens\/#primaryimage\"},\"datePublished\":\"2020-11-01T15:22:51+00:00\",\"dateModified\":\"2020-11-01T15:22:51+00:00\",\"description\":\"Manchester United-legenden Sir Bobby Charlton er blevet erkl\u00e6ret dement. Det oplyser det engelske medie The Telegraph\",\"breadcrumb\":{\"@id\":\"https:\/\/acefootball.com\/da\/fodboldnyheder\/manchester-united-legende-ramt-af-demens\/#breadcrumb\"},\"inLanguage\":\"en-US\",\"potentialAction\":[{\"@type\":\"ReadAction\",\"target\":[\"https:\/\/acefootball.com\/da\/fodboldnyheder\/manchester-united-legende-ramt-af-demens\/\"]}]},{\"@type\":\"BreadcrumbList\",\"@id\":\"https:\/\/acefootball.com\/da\/fodboldnyheder\/manchester-united-legende-ramt-af-demens\/#breadcrumb\",\"itemListElement\":[{\"@type\":\"ListItem\",\"position\":1,\"name\":\"Home\",\"item\":\"https:\/\/acefootball.com\/da\/\"},{\"@type\":\"ListItem\",\"position\":2,\"name\":\"Manchester United-legende ramt af demens\"}]},{\"@type\":\"Article\",\"@id\":\"https:\/\/acefootball.com\/da\/fodboldnyheder\/manchester-united-legende-ramt-af-demens\/#article\",\"isPartOf\":{\"@id\":\"https:\/\/acefootball.com\/da\/fodboldnyheder\/manchester-united-legende-ramt-af-demens\/#webpage\"},\"author\":{\"@id\":\"https:\/\/acefootball.com\/da\/#\/schema\/person\/ee67e9cf04a276f144100ffa722f10cd\"},\"headline\":\"Manchester United-legende ramt af demens\",\"datePublished\":\"2020-11-01T15:22:51+00:00\",\"dateModified\":\"2020-11-01T15:22:51+00:00\",\"mainEntityOfPage\":{\"@id\":\"https:\/\/acefootball.com\/da\/fodboldnyheder\/manchester-united-legende-ramt-af-demens\/#webpage\"},\"wordCount\":151,\"commentCount\":0,\"publisher\":{\"@id\":\"https:\/\/acefootball.com\/da\/#organization\"},\"image\":{\"@id\":\"https:\/\/acefootball.com\/da\/fodboldnyheder\/manchester-united-legende-ramt-af-demens\/#primaryimage\"},\"thumbnailUrl\":\"https:\/\/acefootball.com\/da\/wp-content\/uploads\/sites\/2\/2020\/11\/GettyImages-462572888.jpg\",\"keywords\":[\"Manchester United\",\"Premier League\"],\"articleSection\":[\"Nyhed\"],\"inLanguage\":\"en-US\",\"potentialAction\":[{\"@type\":\"CommentAction\",\"name\":\"Comment\",\"target\":[\"https:\/\/acefootball.com\/da\/fodboldnyheder\/manchester-united-legende-ramt-af-demens\/#respond\"]}]},{\"@type\":\"Person\",\"@id\":\"https:\/\/acefootball.com\/da\/#\/schema\/person\/ee67e9cf04a276f144100ffa722f10cd\",\"name\":\"Mads Dreyer\",\"image\":{\"@type\":\"ImageObject\",\"@id\":\"https:\/\/acefootball.com\/da\/#personlogo\",\"inLanguage\":\"en-US\",\"url\":\"https:\/\/secure.gravatar.com\/avatar\/7c7abf72cfde9902b6a60efe60c88d4c?s=96&d=mm&r=g\",\"contentUrl\":\"https:\/\/secure.gravatar.com\/avatar\/7c7abf72cfde9902b6a60efe60c88d4c?s=96&d=mm&r=g\",\"caption\":\"Mads Dreyer\"},\"description\":\"Skribent og fodboldn\u00f8rd, der lige nu fort\u00e6ller om alt og intet i fodboldverdenen p\u00e5 acefootball.com. Uddannet i kommunikation fra Aalborg Universitet.\",\"sameAs\":[\"https:\/\/www.linkedin.com\/in\/mads-dreyer-b9b08266\/\"],\"url\":\"https:\/\/acefootball.com\/da\/fodboldnyheder\/author\/mdnronaldo\/\"}]}<\/script>\n<!-- \/ Yoast SEO plugin. -->","yoast_head_json":{"title":"Manchester United-legende ramt af demens","description":"Manchester United-legenden Sir Bobby Charlton er blevet erkl\u00e6ret dement. Det oplyser det engelske medie The Telegraph","robots":{"index":"index","follow":"follow","max-snippet":"max-snippet:-1","max-image-preview":"max-image-preview:large","max-video-preview":"max-video-preview:-1"},"canonical":"https:\/\/acefootball.com\/da\/fodboldnyheder\/manchester-united-legende-ramt-af-demens\/","og_locale":"en_US","og_type":"article","og_title":"Manchester United-legende ramt af demens","og_description":"Manchester United-legenden Sir Bobby Charlton er blevet erkl\u00e6ret dement. Det oplyser det engelske medie The Telegraph","og_url":"https:\/\/acefootball.com\/da\/fodboldnyheder\/manchester-united-legende-ramt-af-demens\/","og_site_name":"Ace Football Danmark","article_publisher":"https:\/\/www.facebook.com\/acefootballdk","article_published_time":"2020-11-01T15:22:51+00:00","og_image":[{"width":1920,"height":1008,"url":"https:\/\/acefootball.com\/da\/wp-content\/uploads\/sites\/2\/2020\/11\/Ace-1.jpg","type":"image\/jpeg"}],"twitter_card":"summary_large_image","twitter_misc":{"Written by":"Mads Dreyer","Est. reading time":"1 minute"},"schema":{"@context":"https:\/\/schema.org","@graph":[{"@type":"Organization","@id":"https:\/\/acefootball.com\/da\/#organization","name":"Ace Football","url":"https:\/\/acefootball.com\/da\/","sameAs":["https:\/\/www.facebook.com\/acefootballdk"],"logo":{"@type":"ImageObject","@id":"https:\/\/acefootball.com\/da\/#logo","inLanguage":"en-US","url":"https:\/\/acefootball.com\/da\/wp-content\/uploads\/sites\/2\/2020\/07\/Ace-Football-30-07-2020-2.png","contentUrl":"https:\/\/acefootball.com\/da\/wp-content\/uploads\/sites\/2\/2020\/07\/Ace-Football-30-07-2020-2.png","width":1200,"height":600,"caption":"Ace Football"},"image":{"@id":"https:\/\/acefootball.com\/da\/#logo"}},{"@type":"WebSite","@id":"https:\/\/acefootball.com\/da\/#website","url":"https:\/\/acefootball.com\/da\/","name":"Ace Football Danmark","description":"Nyheder, Spiltips &amp; Livescore","publisher":{"@id":"https:\/\/acefootball.com\/da\/#organization"},"potentialAction":[{"@type":"SearchAction","target":{"@type":"EntryPoint","urlTemplate":"https:\/\/acefootball.com\/da\/?s={search_term_string}"},"query-input":"required name=search_term_string"}],"inLanguage":"en-US"},{"@type":"ImageObject","@id":"https:\/\/acefootball.com\/da\/fodboldnyheder\/manchester-united-legende-ramt-af-demens\/#primaryimage","inLanguage":"en-US","url":"https:\/\/acefootball.com\/da\/wp-content\/uploads\/sites\/2\/2020\/11\/Ace-1.jpg","contentUrl":"https:\/\/acefootball.com\/da\/wp-content\/uploads\/sites\/2\/2020\/11\/Ace-1.jpg","width":1920,"height":1008},{"@type":"WebPage","@id":"https:\/\/acefootball.com\/da\/fodboldnyheder\/manchester-united-legende-ramt-af-demens\/#webpage","url":"https:\/\/acefootball.com\/da\/fodboldnyheder\/manchester-united-legende-ramt-af-demens\/","name":"Manchester United-legende ramt af demens","isPartOf":{"@id":"https:\/\/acefootball.com\/da\/#website"},"primaryImageOfPage":{"@id":"https:\/\/acefootball.com\/da\/fodboldnyheder\/manchester-united-legende-ramt-af-demens\/#primaryimage"},"datePublished":"2020-11-01T15:22:51+00:00","dateModified":"2020-11-01T15:22:51+00:00","description":"Manchester United-legenden Sir Bobby Charlton er blevet erkl\u00e6ret dement. Det oplyser det engelske medie The Telegraph","breadcrumb":{"@id":"https:\/\/acefootball.com\/da\/fodboldnyheder\/manchester-united-legende-ramt-af-demens\/#breadcrumb"},"inLanguage":"en-US","potentialAction":[{"@type":"ReadAction","target":["https:\/\/acefootball.com\/da\/fodboldnyheder\/manchester-united-legende-ramt-af-demens\/"]}]},{"@type":"BreadcrumbList","@id":"https:\/\/acefootball.com\/da\/fodboldnyheder\/manchester-united-legende-ramt-af-demens\/#breadcrumb","itemListElement":[{"@type":"ListItem","position":1,"name":"Home","item":"https:\/\/acefootball.com\/da\/"},{"@type":"ListItem","position":2,"name":"Manchester United-legende ramt af demens"}]},{"@type":"Article","@id":"https:\/\/acefootball.com\/da\/fodboldnyheder\/manchester-united-legende-ramt-af-demens\/#article","isPartOf":{"@id":"https:\/\/acefootball.com\/da\/fodboldnyheder\/manchester-united-legende-ramt-af-demens\/#webpage"},"author":{"@id":"https:\/\/acefootball.com\/da\/#\/schema\/person\/ee67e9cf04a276f144100ffa722f10cd"},"headline":"Manchester United-legende ramt af demens","datePublished":"2020-11-01T15:22:51+00:00","dateModified":"2020-11-01T15:22:51+00:00","mainEntityOfPage":{"@id":"https:\/\/acefootball.com\/da\/fodboldnyheder\/manchester-united-legende-ramt-af-demens\/#webpage"},"wordCount":151,"commentCount":0,"publisher":{"@id":"https:\/\/acefootball.com\/da\/#organization"},"image":{"@id":"https:\/\/acefootball.com\/da\/fodboldnyheder\/manchester-united-legende-ramt-af-demens\/#primaryimage"},"thumbnailUrl":"https:\/\/acefootball.com\/da\/wp-content\/uploads\/sites\/2\/2020\/11\/GettyImages-462572888.jpg","keywords":["Manchester United","Premier League"],"articleSection":["Nyhed"],"inLanguage":"en-US","potentialAction":[{"@type":"CommentAction","name":"Comment","target":["https:\/\/acefootball.com\/da\/fodboldnyheder\/manchester-united-legende-ramt-af-demens\/#respond"]}]},{"@type":"Person","@id":"https:\/\/acefootball.com\/da\/#\/schema\/person\/ee67e9cf04a276f144100ffa722f10cd","name":"Mads Dreyer","image":{"@type":"ImageObject","@id":"https:\/\/acefootball.com\/da\/#personlogo","inLanguage":"en-US","url":"https:\/\/secure.gravatar.com\/avatar\/7c7abf72cfde9902b6a60efe60c88d4c?s=96&d=mm&r=g","contentUrl":"https:\/\/secure.gravatar.com\/avatar\/7c7abf72cfde9902b6a60efe60c88d4c?s=96&d=mm&r=g","caption":"Mads Dreyer"},"description":"Skribent og fodboldn\u00f8rd, der lige nu fort\u00e6ller om alt og intet i fodboldverdenen p\u00e5 acefootball.com. Uddannet i kommunikation fra Aalborg Universitet.","sameAs":["https:\/\/www.linkedin.com\/in\/mads-dreyer-b9b08266\/"],"url":"https:\/\/acefootball.com\/da\/fodboldnyheder\/author\/mdnronaldo\/"}]}},"fimg_url":"https:\/\/acefootball.com\/da\/wp-content\/uploads\/sites\/2\/2020\/11\/GettyImages-462572888.jpg","_links":{"self":[{"href":"https:\/\/acefootball.com\/da\/wp-json\/wp\/v2\/posts\/242047"}],"collection":[{"href":"https:\/\/acefootball.com\/da\/wp-json\/wp\/v2\/posts"}],"about":[{"href":"https:\/\/acefootball.com\/da\/wp-json\/wp\/v2\/types\/post"}],"author":[{"embeddable":true,"href":"https:\/\/acefootball.com\/da\/wp-json\/wp\/v2\/users\/705"}],"replies":[{"embeddable":true,"href":"https:\/\/acefootball.com\/da\/wp-json\/wp\/v2\/comments?post=242047"}],"version-history":[{"count":0,"href":"https:\/\/acefootball.com\/da\/wp-json\/wp\/v2\/posts\/242047\/revisions"}],"wp:featuredmedia":[{"embeddable":true,"href":"https:\/\/acefootball.com\/da\/wp-json\/wp\/v2\/media\/242049"}],"wp:attachment":[{"href":"https:\/\/acefootball.com\/da\/wp-json\/wp\/v2\/media?parent=242047"}],"wp:term":[{"taxonomy":"category","embeddable":true,"href":"https:\/\/acefootball.com\/da\/wp-json\/wp\/v2\/categories?post=242047"},{"taxonomy":"post_tag","embeddable":true,"href":"https:\/\/acefootball.com\/da\/wp-json\/wp\/v2\/tags?post=242047"}],"curies":[{"name":"wp","href":"https:\/\/api.w.org\/{rel}","templated":true}]}}