{"id":241884,"date":"2020-10-30T21:14:29","date_gmt":"2020-10-30T20:14:29","guid":{"rendered":"https:\/\/acefootball.com\/da\/?p=241884"},"modified":"2020-10-30T21:16:11","modified_gmt":"2020-10-30T20:16:11","slug":"corona-flytter-dansk-landskamp-ud-af-nationalarena","status":"publish","type":"post","link":"https:\/\/acefootball.com\/da\/fodboldnyheder\/corona-flytter-dansk-landskamp-ud-af-nationalarena\/","title":{"rendered":"Corona flytter dansk landskamp ud af nationalarena"},"content":{"rendered":"\n<h2 id=\"h-belgien-har-valgt-at-flytte-novembers-landskampe-v-k-fra-hovedstaden-bruxelles-p-grund-af-stigende-corona-smitte\">Belgien har valgt at flytte novembers landskampe v\u00e6k fra hovedstaden Bruxelles p\u00e5 grund af stigende corona-smitte<\/h2>\n\n\n\n<div class=\"wp-block-si-widget wp-block-si-widget--center\"><si-lb-widget widget-id=\"MatchInfoWithOdds\" data-nopadding=\"true\" data-card=\"true\" width=\"440\" data-event-id=\"3287051\" data-provider=\"mrgreen\" data-theme-appearance=\"dark\"><\/si-lb-widget><\/div>\n\n\n\n<p>Det er snart tid til at f\u00e5 afsluttet efter\u00e5rets gruppespil i Nations League, og her venter der Danmark en hjemmekamp mod Island, inden man har Belgien p\u00e5 udebane.<\/p>\n\n\n\n<p>I sidstn\u00e6vnte tilf\u00e6lde var der lagt op til et opg\u00f8r p\u00e5 nationalstadionet Koning Boudewijnstadion i Bruxelles, men den kamp har belgierne nu valgt at flytte til Leuven, der ligger lige udenfor hovedstaden.<\/p>\n\n\n\n<p>Grunden er det stigende smittetryk, man i tiden oplever i Belgien, og der tager man fra fodboldforbundets side ingen chancer.<\/p>\n\n\n\n<figure class=\"wp-block-embed-twitter wp-block-embed is-type-rich is-provider-twitter\"><div class=\"wp-block-embed__wrapper\">\n<blockquote class=\"twitter-tweet\" data-width=\"550\" data-dnt=\"true\"><p lang=\"en\" dir=\"ltr\">UPDATE: our November games will be played <a href=\"https:\/\/twitter.com\/OHLeuven?ref_src=twsrc%5Etfw\">@OHLeuven<\/a> instead of Brussels <a href=\"https:\/\/twitter.com\/hashtag\/COMEONBELGIUM?src=hash&amp;ref_src=twsrc%5Etfw\">#COMEONBELGIUM<\/a> \ud83c\udde7\ud83c\uddea<\/p>&mdash; Belgian Red Devils (@BelRedDevils) <a href=\"https:\/\/twitter.com\/BelRedDevils\/status\/1322173901145858048?ref_src=twsrc%5Etfw\">October 30, 2020<\/a><\/blockquote><script async src=\"https:\/\/platform.twitter.com\/widgets.js\" charset=\"utf-8\"><\/script>\n<\/div><\/figure>\n\n\n\n<p>Det g\u00e6lder i \u00f8vrigt for alle landets kampe, der ogs\u00e5 t\u00e6ller en venskabskamp mod Schweiz, hvorefter man m\u00f8der England og Danmark i Nations League.<\/p>\n\n\n\n<p>I Belgien registrerede man i onsdags 13.571 nye tilf\u00e6lde af coronavirus. I alt har man haft 392.000 smittede.<\/p>\n","protected":false},"excerpt":{"rendered":"<p>Belgien har valgt at flytte novembers landskampe v\u00e6k fra hovedstaden Bruxelles p\u00e5 grund af stigende corona-smitte<\/p>\n","protected":false},"author":705,"featured_media":236634,"comment_status":"open","ping_status":"closed","sticky":false,"template":"","format":"standard","meta":{"om_disable_all_campaigns":false,"push_articles_ronaldo":{"active":false,"canonical":0,"publish":false},"force_updates":null},"categories":[1],"tags":[1018,692,2017],"enet_tags":{"team":["8263","8238"],"sport_events":[3287051]},"yoast_head":"<!-- This site is optimized with the Yoast SEO plugin v18.3 - https:\/\/yoast.com\/wordpress\/plugins\/seo\/ -->\n<title>Corona flytter dansk landskamp ud af nationalarena<\/title>\n<meta name=\"description\" content=\"Belgien har valgt at flytte novembers landskampe v\u00e6k fra hovedstaden Bruxelles p\u00e5 grund af stigende corona-smitte\" \/>\n<meta name=\"robots\" content=\"index, follow, max-snippet:-1, max-image-preview:large, max-video-preview:-1\" \/>\n<link rel=\"canonical\" href=\"https:\/\/acefootball.com\/da\/fodboldnyheder\/corona-flytter-dansk-landskamp-ud-af-nationalarena\/\" \/>\n<meta property=\"og:locale\" content=\"en_US\" \/>\n<meta property=\"og:type\" content=\"article\" \/>\n<meta property=\"og:title\" content=\"Corona flytter dansk landskamp ud af nationalarena\" \/>\n<meta property=\"og:description\" content=\"Belgien har valgt at flytte novembers landskampe v\u00e6k fra hovedstaden Bruxelles p\u00e5 grund af stigende corona-smitte\" \/>\n<meta property=\"og:url\" content=\"https:\/\/acefootball.com\/da\/fodboldnyheder\/corona-flytter-dansk-landskamp-ud-af-nationalarena\/\" \/>\n<meta property=\"og:site_name\" content=\"Ace Football Danmark\" \/>\n<meta property=\"article:publisher\" content=\"https:\/\/www.facebook.com\/acefootballdk\" \/>\n<meta property=\"article:published_time\" content=\"2020-10-30T20:14:29+00:00\" \/>\n<meta property=\"article:modified_time\" content=\"2020-10-30T20:16:11+00:00\" \/>\n<meta property=\"og:image\" content=\"https:\/\/acefootball.com\/da\/wp-content\/uploads\/sites\/2\/2020\/10\/Ace-9-2.jpg\" \/>\n\t<meta property=\"og:image:width\" content=\"1920\" \/>\n\t<meta property=\"og:image:height\" content=\"1008\" \/>\n\t<meta property=\"og:image:type\" content=\"image\/jpeg\" \/>\n<meta name=\"twitter:card\" content=\"summary_large_image\" \/>\n<meta name=\"twitter:label1\" content=\"Written by\" \/>\n\t<meta name=\"twitter:data1\" content=\"Mads Dreyer\" \/>\n\t<meta name=\"twitter:label2\" content=\"Est. reading time\" \/>\n\t<meta name=\"twitter:data2\" content=\"1 minute\" \/>\n<script type=\"application\/ld+json\" class=\"yoast-schema-graph\">{\"@context\":\"https:\/\/schema.org\",\"@graph\":[{\"@type\":\"Organization\",\"@id\":\"https:\/\/acefootball.com\/da\/#organization\",\"name\":\"Ace Football\",\"url\":\"https:\/\/acefootball.com\/da\/\",\"sameAs\":[\"https:\/\/www.facebook.com\/acefootballdk\"],\"logo\":{\"@type\":\"ImageObject\",\"@id\":\"https:\/\/acefootball.com\/da\/#logo\",\"inLanguage\":\"en-US\",\"url\":\"https:\/\/acefootball.com\/da\/wp-content\/uploads\/sites\/2\/2020\/07\/Ace-Football-30-07-2020-2.png\",\"contentUrl\":\"https:\/\/acefootball.com\/da\/wp-content\/uploads\/sites\/2\/2020\/07\/Ace-Football-30-07-2020-2.png\",\"width\":1200,\"height\":600,\"caption\":\"Ace Football\"},\"image\":{\"@id\":\"https:\/\/acefootball.com\/da\/#logo\"}},{\"@type\":\"WebSite\",\"@id\":\"https:\/\/acefootball.com\/da\/#website\",\"url\":\"https:\/\/acefootball.com\/da\/\",\"name\":\"Ace Football Danmark\",\"description\":\"Nyheder, Spiltips &amp; Livescore\",\"publisher\":{\"@id\":\"https:\/\/acefootball.com\/da\/#organization\"},\"potentialAction\":[{\"@type\":\"SearchAction\",\"target\":{\"@type\":\"EntryPoint\",\"urlTemplate\":\"https:\/\/acefootball.com\/da\/?s={search_term_string}\"},\"query-input\":\"required name=search_term_string\"}],\"inLanguage\":\"en-US\"},{\"@type\":\"ImageObject\",\"@id\":\"https:\/\/acefootball.com\/da\/fodboldnyheder\/corona-flytter-dansk-landskamp-ud-af-nationalarena\/#primaryimage\",\"inLanguage\":\"en-US\",\"url\":\"https:\/\/acefootball.com\/da\/wp-content\/uploads\/sites\/2\/2020\/10\/Ace-9-2.jpg\",\"contentUrl\":\"https:\/\/acefootball.com\/da\/wp-content\/uploads\/sites\/2\/2020\/10\/Ace-9-2.jpg\",\"width\":1920,\"height\":1008},{\"@type\":\"WebPage\",\"@id\":\"https:\/\/acefootball.com\/da\/fodboldnyheder\/corona-flytter-dansk-landskamp-ud-af-nationalarena\/#webpage\",\"url\":\"https:\/\/acefootball.com\/da\/fodboldnyheder\/corona-flytter-dansk-landskamp-ud-af-nationalarena\/\",\"name\":\"Corona flytter dansk landskamp ud af nationalarena\",\"isPartOf\":{\"@id\":\"https:\/\/acefootball.com\/da\/#website\"},\"primaryImageOfPage\":{\"@id\":\"https:\/\/acefootball.com\/da\/fodboldnyheder\/corona-flytter-dansk-landskamp-ud-af-nationalarena\/#primaryimage\"},\"datePublished\":\"2020-10-30T20:14:29+00:00\",\"dateModified\":\"2020-10-30T20:16:11+00:00\",\"description\":\"Belgien har valgt at flytte novembers landskampe v\u00e6k fra hovedstaden Bruxelles p\u00e5 grund af stigende corona-smitte\",\"breadcrumb\":{\"@id\":\"https:\/\/acefootball.com\/da\/fodboldnyheder\/corona-flytter-dansk-landskamp-ud-af-nationalarena\/#breadcrumb\"},\"inLanguage\":\"en-US\",\"potentialAction\":[{\"@type\":\"ReadAction\",\"target\":[\"https:\/\/acefootball.com\/da\/fodboldnyheder\/corona-flytter-dansk-landskamp-ud-af-nationalarena\/\"]}]},{\"@type\":\"BreadcrumbList\",\"@id\":\"https:\/\/acefootball.com\/da\/fodboldnyheder\/corona-flytter-dansk-landskamp-ud-af-nationalarena\/#breadcrumb\",\"itemListElement\":[{\"@type\":\"ListItem\",\"position\":1,\"name\":\"Home\",\"item\":\"https:\/\/acefootball.com\/da\/\"},{\"@type\":\"ListItem\",\"position\":2,\"name\":\"Corona flytter dansk landskamp ud af nationalarena\"}]},{\"@type\":\"Article\",\"@id\":\"https:\/\/acefootball.com\/da\/fodboldnyheder\/corona-flytter-dansk-landskamp-ud-af-nationalarena\/#article\",\"isPartOf\":{\"@id\":\"https:\/\/acefootball.com\/da\/fodboldnyheder\/corona-flytter-dansk-landskamp-ud-af-nationalarena\/#webpage\"},\"author\":{\"@id\":\"https:\/\/acefootball.com\/da\/#\/schema\/person\/ee67e9cf04a276f144100ffa722f10cd\"},\"headline\":\"Corona flytter dansk landskamp ud af nationalarena\",\"datePublished\":\"2020-10-30T20:14:29+00:00\",\"dateModified\":\"2020-10-30T20:16:11+00:00\",\"mainEntityOfPage\":{\"@id\":\"https:\/\/acefootball.com\/da\/fodboldnyheder\/corona-flytter-dansk-landskamp-ud-af-nationalarena\/#webpage\"},\"wordCount\":157,\"commentCount\":0,\"publisher\":{\"@id\":\"https:\/\/acefootball.com\/da\/#organization\"},\"image\":{\"@id\":\"https:\/\/acefootball.com\/da\/fodboldnyheder\/corona-flytter-dansk-landskamp-ud-af-nationalarena\/#primaryimage\"},\"thumbnailUrl\":\"https:\/\/acefootball.com\/da\/wp-content\/uploads\/sites\/2\/2020\/09\/GettyImages-1228367285.jpg\",\"keywords\":[\"Belgien\",\"Danmark\",\"UEFA Nations League\"],\"articleSection\":[\"Nyhed\"],\"inLanguage\":\"en-US\",\"potentialAction\":[{\"@type\":\"CommentAction\",\"name\":\"Comment\",\"target\":[\"https:\/\/acefootball.com\/da\/fodboldnyheder\/corona-flytter-dansk-landskamp-ud-af-nationalarena\/#respond\"]}]},{\"@type\":\"Person\",\"@id\":\"https:\/\/acefootball.com\/da\/#\/schema\/person\/ee67e9cf04a276f144100ffa722f10cd\",\"name\":\"Mads Dreyer\",\"image\":{\"@type\":\"ImageObject\",\"@id\":\"https:\/\/acefootball.com\/da\/#personlogo\",\"inLanguage\":\"en-US\",\"url\":\"https:\/\/secure.gravatar.com\/avatar\/7c7abf72cfde9902b6a60efe60c88d4c?s=96&d=mm&r=g\",\"contentUrl\":\"https:\/\/secure.gravatar.com\/avatar\/7c7abf72cfde9902b6a60efe60c88d4c?s=96&d=mm&r=g\",\"caption\":\"Mads Dreyer\"},\"description\":\"Skribent og fodboldn\u00f8rd, der lige nu fort\u00e6ller om alt og intet i fodboldverdenen p\u00e5 acefootball.com. Uddannet i kommunikation fra Aalborg Universitet.\",\"sameAs\":[\"https:\/\/www.linkedin.com\/in\/mads-dreyer-b9b08266\/\"],\"url\":\"https:\/\/acefootball.com\/da\/fodboldnyheder\/author\/mdnronaldo\/\"}]}<\/script>\n<!-- \/ Yoast SEO plugin. -->","yoast_head_json":{"title":"Corona flytter dansk landskamp ud af nationalarena","description":"Belgien har valgt at flytte novembers landskampe v\u00e6k fra hovedstaden Bruxelles p\u00e5 grund af stigende corona-smitte","robots":{"index":"index","follow":"follow","max-snippet":"max-snippet:-1","max-image-preview":"max-image-preview:large","max-video-preview":"max-video-preview:-1"},"canonical":"https:\/\/acefootball.com\/da\/fodboldnyheder\/corona-flytter-dansk-landskamp-ud-af-nationalarena\/","og_locale":"en_US","og_type":"article","og_title":"Corona flytter dansk landskamp ud af nationalarena","og_description":"Belgien har valgt at flytte novembers landskampe v\u00e6k fra hovedstaden Bruxelles p\u00e5 grund af stigende corona-smitte","og_url":"https:\/\/acefootball.com\/da\/fodboldnyheder\/corona-flytter-dansk-landskamp-ud-af-nationalarena\/","og_site_name":"Ace Football Danmark","article_publisher":"https:\/\/www.facebook.com\/acefootballdk","article_published_time":"2020-10-30T20:14:29+00:00","article_modified_time":"2020-10-30T20:16:11+00:00","og_image":[{"width":1920,"height":1008,"url":"https:\/\/acefootball.com\/da\/wp-content\/uploads\/sites\/2\/2020\/10\/Ace-9-2.jpg","type":"image\/jpeg"}],"twitter_card":"summary_large_image","twitter_misc":{"Written by":"Mads Dreyer","Est. reading time":"1 minute"},"schema":{"@context":"https:\/\/schema.org","@graph":[{"@type":"Organization","@id":"https:\/\/acefootball.com\/da\/#organization","name":"Ace Football","url":"https:\/\/acefootball.com\/da\/","sameAs":["https:\/\/www.facebook.com\/acefootballdk"],"logo":{"@type":"ImageObject","@id":"https:\/\/acefootball.com\/da\/#logo","inLanguage":"en-US","url":"https:\/\/acefootball.com\/da\/wp-content\/uploads\/sites\/2\/2020\/07\/Ace-Football-30-07-2020-2.png","contentUrl":"https:\/\/acefootball.com\/da\/wp-content\/uploads\/sites\/2\/2020\/07\/Ace-Football-30-07-2020-2.png","width":1200,"height":600,"caption":"Ace Football"},"image":{"@id":"https:\/\/acefootball.com\/da\/#logo"}},{"@type":"WebSite","@id":"https:\/\/acefootball.com\/da\/#website","url":"https:\/\/acefootball.com\/da\/","name":"Ace Football Danmark","description":"Nyheder, Spiltips &amp; Livescore","publisher":{"@id":"https:\/\/acefootball.com\/da\/#organization"},"potentialAction":[{"@type":"SearchAction","target":{"@type":"EntryPoint","urlTemplate":"https:\/\/acefootball.com\/da\/?s={search_term_string}"},"query-input":"required name=search_term_string"}],"inLanguage":"en-US"},{"@type":"ImageObject","@id":"https:\/\/acefootball.com\/da\/fodboldnyheder\/corona-flytter-dansk-landskamp-ud-af-nationalarena\/#primaryimage","inLanguage":"en-US","url":"https:\/\/acefootball.com\/da\/wp-content\/uploads\/sites\/2\/2020\/10\/Ace-9-2.jpg","contentUrl":"https:\/\/acefootball.com\/da\/wp-content\/uploads\/sites\/2\/2020\/10\/Ace-9-2.jpg","width":1920,"height":1008},{"@type":"WebPage","@id":"https:\/\/acefootball.com\/da\/fodboldnyheder\/corona-flytter-dansk-landskamp-ud-af-nationalarena\/#webpage","url":"https:\/\/acefootball.com\/da\/fodboldnyheder\/corona-flytter-dansk-landskamp-ud-af-nationalarena\/","name":"Corona flytter dansk landskamp ud af nationalarena","isPartOf":{"@id":"https:\/\/acefootball.com\/da\/#website"},"primaryImageOfPage":{"@id":"https:\/\/acefootball.com\/da\/fodboldnyheder\/corona-flytter-dansk-landskamp-ud-af-nationalarena\/#primaryimage"},"datePublished":"2020-10-30T20:14:29+00:00","dateModified":"2020-10-30T20:16:11+00:00","description":"Belgien har valgt at flytte novembers landskampe v\u00e6k fra hovedstaden Bruxelles p\u00e5 grund af stigende corona-smitte","breadcrumb":{"@id":"https:\/\/acefootball.com\/da\/fodboldnyheder\/corona-flytter-dansk-landskamp-ud-af-nationalarena\/#breadcrumb"},"inLanguage":"en-US","potentialAction":[{"@type":"ReadAction","target":["https:\/\/acefootball.com\/da\/fodboldnyheder\/corona-flytter-dansk-landskamp-ud-af-nationalarena\/"]}]},{"@type":"BreadcrumbList","@id":"https:\/\/acefootball.com\/da\/fodboldnyheder\/corona-flytter-dansk-landskamp-ud-af-nationalarena\/#breadcrumb","itemListElement":[{"@type":"ListItem","position":1,"name":"Home","item":"https:\/\/acefootball.com\/da\/"},{"@type":"ListItem","position":2,"name":"Corona flytter dansk landskamp ud af nationalarena"}]},{"@type":"Article","@id":"https:\/\/acefootball.com\/da\/fodboldnyheder\/corona-flytter-dansk-landskamp-ud-af-nationalarena\/#article","isPartOf":{"@id":"https:\/\/acefootball.com\/da\/fodboldnyheder\/corona-flytter-dansk-landskamp-ud-af-nationalarena\/#webpage"},"author":{"@id":"https:\/\/acefootball.com\/da\/#\/schema\/person\/ee67e9cf04a276f144100ffa722f10cd"},"headline":"Corona flytter dansk landskamp ud af nationalarena","datePublished":"2020-10-30T20:14:29+00:00","dateModified":"2020-10-30T20:16:11+00:00","mainEntityOfPage":{"@id":"https:\/\/acefootball.com\/da\/fodboldnyheder\/corona-flytter-dansk-landskamp-ud-af-nationalarena\/#webpage"},"wordCount":157,"commentCount":0,"publisher":{"@id":"https:\/\/acefootball.com\/da\/#organization"},"image":{"@id":"https:\/\/acefootball.com\/da\/fodboldnyheder\/corona-flytter-dansk-landskamp-ud-af-nationalarena\/#primaryimage"},"thumbnailUrl":"https:\/\/acefootball.com\/da\/wp-content\/uploads\/sites\/2\/2020\/09\/GettyImages-1228367285.jpg","keywords":["Belgien","Danmark","UEFA Nations League"],"articleSection":["Nyhed"],"inLanguage":"en-US","potentialAction":[{"@type":"CommentAction","name":"Comment","target":["https:\/\/acefootball.com\/da\/fodboldnyheder\/corona-flytter-dansk-landskamp-ud-af-nationalarena\/#respond"]}]},{"@type":"Person","@id":"https:\/\/acefootball.com\/da\/#\/schema\/person\/ee67e9cf04a276f144100ffa722f10cd","name":"Mads Dreyer","image":{"@type":"ImageObject","@id":"https:\/\/acefootball.com\/da\/#personlogo","inLanguage":"en-US","url":"https:\/\/secure.gravatar.com\/avatar\/7c7abf72cfde9902b6a60efe60c88d4c?s=96&d=mm&r=g","contentUrl":"https:\/\/secure.gravatar.com\/avatar\/7c7abf72cfde9902b6a60efe60c88d4c?s=96&d=mm&r=g","caption":"Mads Dreyer"},"description":"Skribent og fodboldn\u00f8rd, der lige nu fort\u00e6ller om alt og intet i fodboldverdenen p\u00e5 acefootball.com. Uddannet i kommunikation fra Aalborg Universitet.","sameAs":["https:\/\/www.linkedin.com\/in\/mads-dreyer-b9b08266\/"],"url":"https:\/\/acefootball.com\/da\/fodboldnyheder\/author\/mdnronaldo\/"}]}},"fimg_url":"https:\/\/acefootball.com\/da\/wp-content\/uploads\/sites\/2\/2020\/09\/GettyImages-1228367285.jpg","_links":{"self":[{"href":"https:\/\/acefootball.com\/da\/wp-json\/wp\/v2\/posts\/241884"}],"collection":[{"href":"https:\/\/acefootball.com\/da\/wp-json\/wp\/v2\/posts"}],"about":[{"href":"https:\/\/acefootball.com\/da\/wp-json\/wp\/v2\/types\/post"}],"author":[{"embeddable":true,"href":"https:\/\/acefootball.com\/da\/wp-json\/wp\/v2\/users\/705"}],"replies":[{"embeddable":true,"href":"https:\/\/acefootball.com\/da\/wp-json\/wp\/v2\/comments?post=241884"}],"version-history":[{"count":0,"href":"https:\/\/acefootball.com\/da\/wp-json\/wp\/v2\/posts\/241884\/revisions"}],"wp:featuredmedia":[{"embeddable":true,"href":"https:\/\/acefootball.com\/da\/wp-json\/wp\/v2\/media\/236634"}],"wp:attachment":[{"href":"https:\/\/acefootball.com\/da\/wp-json\/wp\/v2\/media?parent=241884"}],"wp:term":[{"taxonomy":"category","embeddable":true,"href":"https:\/\/acefootball.com\/da\/wp-json\/wp\/v2\/categories?post=241884"},{"taxonomy":"post_tag","embeddable":true,"href":"https:\/\/acefootball.com\/da\/wp-json\/wp\/v2\/tags?post=241884"}],"curies":[{"name":"wp","href":"https:\/\/api.w.org\/{rel}","templated":true}]}}