{"id":241773,"date":"2020-10-29T22:46:47","date_gmt":"2020-10-29T21:46:47","guid":{"rendered":"https:\/\/acefootball.com\/da\/?p=241773"},"modified":"2020-10-29T22:47:49","modified_gmt":"2020-10-29T21:47:49","slug":"eriksen-afviser-ikke-skifte-hjem-til-ob","status":"publish","type":"post","link":"https:\/\/acefootball.com\/da\/fodboldnyheder\/eriksen-afviser-ikke-skifte-hjem-til-ob\/","title":{"rendered":"Eriksen afviser ikke skifte hjem til OB"},"content":{"rendered":"\n<h2 id=\"h-christian-eriksen-vil-ikke-afvise-at-han-kunne-finde-p-at-slutte-karrieren-i-ob-hvor-han-fik-en-del-af-fodboldopdragelsen\">Christian Eriksen vil ikke afvise, at han kunne finde p\u00e5 at slutte karrieren i OB, hvor han fik en del af fodboldopdragelsen<\/h2>\n\n\n\n<p>Der n\u00e5ede aldrig at komme Superliga-kampe p\u00e5 CV&#8217;et for Christian Eriksen, som allerede i en alder af 16 \u00e5r tog til den hollandske talentfabrik Ajax.<\/p>\n\n\n\n<p>Dengang forlod landsholdsstjernen barndomsklubben OB, men det kan v\u00e6re, at han n\u00e5r at repr\u00e6sentere &#8216;De Stribede&#8217; i landets bedste r\u00e6kke, inden st\u00f8vlerne bliver lagt p\u00e5 hylden.<\/p>\n\n\n\n<p>Eriksen er i hvert fald alt andet end afvisende for at vende tilbage til OB engang i fremtiden. Det fort\u00e6ller han i en video p\u00e5 <a href=\"https:\/\/www.facebook.com\/watch\/?v=662115027811425\" target=\"_blank\" rel=\"noreferrer noopener\">landsholdets Facebook-side<\/a>.<\/p>\n\n\n\n<figure class=\"wp-block-embed-wordpress wp-block-embed is-type-wp-embed is-provider-ace-football-danmark\"><div class=\"wp-block-embed__wrapper\">\n<blockquote class=\"wp-embedded-content\" data-secret=\"Qpke4OVVUd\"><a href=\"https:\/\/acefootball.com\/da\/fodboldnyheder\/tilbage-til-superligaen-dansk-keeper-faerdig-som-reserve\/\">Tilbage til Superligaen? Dansk keeper f\u00e6rdig som reserve<\/a><\/blockquote><iframe class=\"wp-embedded-content\" sandbox=\"allow-scripts\" security=\"restricted\" style=\"position: absolute; clip: rect(1px, 1px, 1px, 1px);\" title=\"&#8220;Tilbage til Superligaen? Dansk keeper f\u00e6rdig som reserve&#8221; &#8212; Ace Football Danmark\" src=\"https:\/\/acefootball.com\/da\/fodboldnyheder\/tilbage-til-superligaen-dansk-keeper-faerdig-som-reserve\/embed\/#?secret=Qpke4OVVUd\" data-secret=\"Qpke4OVVUd\" width=\"600\" height=\"338\" frameborder=\"0\" marginwidth=\"0\" marginheight=\"0\" scrolling=\"no\"><\/iframe>\n<\/div><\/figure>\n\n\n\n<p>&#8220;Det er jeg slet ikke afvisende overfor. Nu har vi trods alt ogs\u00e5 k\u00f8bt hus i Odense, s\u00e5 vores base kommer nok ogs\u00e5 til at ligge der senere hen. Det kan godt v\u00e6re, man skal slutte af i OB, hvis de vil have mig p\u00e5 det tidspunkt,&#8221; svarer Eriksen.<\/p>\n\n\n\n<p>Der g\u00e5r dog formentlig et par \u00e5r endnu, f\u00f8r et skifte kan blive aktuelt. Christian Eriksen er endnu kun 28 \u00e5r gammel.<\/p>\n","protected":false},"excerpt":{"rendered":"<p>Christian Eriksen vil ikke afvise, at han kunne finde p\u00e5 at slutte karrieren i OB, hvor han fik en del af fodboldopdragelsen<\/p>\n","protected":false},"author":705,"featured_media":236327,"comment_status":"open","ping_status":"closed","sticky":false,"template":"","format":"standard","meta":{"om_disable_all_campaigns":false,"push_articles_ronaldo":{"active":false,"canonical":0,"publish":false},"force_updates":null},"categories":[8204],"tags":[478,692,88,588],"enet_tags":{"player":["157723"],"team":["8238","8414"],"league":["46"],"sport_events":[]},"yoast_head":"<!-- This site is optimized with the Yoast SEO plugin v18.3 - https:\/\/yoast.com\/wordpress\/plugins\/seo\/ -->\n<title>Eriksen afviser ikke skifte hjem til OB<\/title>\n<meta name=\"description\" content=\"Christian Eriksen vil ikke afvise, at han kunne finde p\u00e5 at slutte karrieren i OB, hvor han fik en del af fodboldopdragelsen\" \/>\n<meta name=\"robots\" content=\"index, follow, max-snippet:-1, max-image-preview:large, max-video-preview:-1\" \/>\n<link rel=\"canonical\" href=\"https:\/\/acefootball.com\/da\/fodboldnyheder\/eriksen-afviser-ikke-skifte-hjem-til-ob\/\" \/>\n<meta property=\"og:locale\" content=\"en_US\" \/>\n<meta property=\"og:type\" content=\"article\" \/>\n<meta property=\"og:title\" content=\"Eriksen afviser ikke skifte hjem til OB\" \/>\n<meta property=\"og:description\" content=\"Christian Eriksen vil ikke afvise, at han kunne finde p\u00e5 at slutte karrieren i OB, hvor han fik en del af fodboldopdragelsen\" \/>\n<meta property=\"og:url\" content=\"https:\/\/acefootball.com\/da\/fodboldnyheder\/eriksen-afviser-ikke-skifte-hjem-til-ob\/\" \/>\n<meta property=\"og:site_name\" content=\"Ace Football Danmark\" \/>\n<meta property=\"article:publisher\" content=\"https:\/\/www.facebook.com\/acefootballdk\" \/>\n<meta property=\"article:published_time\" content=\"2020-10-29T21:46:47+00:00\" \/>\n<meta property=\"article:modified_time\" content=\"2020-10-29T21:47:49+00:00\" \/>\n<meta property=\"og:image\" content=\"https:\/\/acefootball.com\/da\/wp-content\/uploads\/sites\/2\/2020\/10\/Ace-13.jpg\" \/>\n\t<meta property=\"og:image:width\" content=\"1920\" \/>\n\t<meta property=\"og:image:height\" content=\"1008\" \/>\n\t<meta property=\"og:image:type\" content=\"image\/jpeg\" \/>\n<meta name=\"twitter:card\" content=\"summary_large_image\" \/>\n<meta name=\"twitter:label1\" content=\"Written by\" \/>\n\t<meta name=\"twitter:data1\" content=\"Mads Dreyer\" \/>\n\t<meta name=\"twitter:label2\" content=\"Est. reading time\" \/>\n\t<meta name=\"twitter:data2\" content=\"1 minute\" \/>\n<script type=\"application\/ld+json\" class=\"yoast-schema-graph\">{\"@context\":\"https:\/\/schema.org\",\"@graph\":[{\"@type\":\"Organization\",\"@id\":\"https:\/\/acefootball.com\/da\/#organization\",\"name\":\"Ace Football\",\"url\":\"https:\/\/acefootball.com\/da\/\",\"sameAs\":[\"https:\/\/www.facebook.com\/acefootballdk\"],\"logo\":{\"@type\":\"ImageObject\",\"@id\":\"https:\/\/acefootball.com\/da\/#logo\",\"inLanguage\":\"en-US\",\"url\":\"https:\/\/acefootball.com\/da\/wp-content\/uploads\/sites\/2\/2020\/07\/Ace-Football-30-07-2020-2.png\",\"contentUrl\":\"https:\/\/acefootball.com\/da\/wp-content\/uploads\/sites\/2\/2020\/07\/Ace-Football-30-07-2020-2.png\",\"width\":1200,\"height\":600,\"caption\":\"Ace Football\"},\"image\":{\"@id\":\"https:\/\/acefootball.com\/da\/#logo\"}},{\"@type\":\"WebSite\",\"@id\":\"https:\/\/acefootball.com\/da\/#website\",\"url\":\"https:\/\/acefootball.com\/da\/\",\"name\":\"Ace Football Danmark\",\"description\":\"Nyheder, Spiltips &amp; Livescore\",\"publisher\":{\"@id\":\"https:\/\/acefootball.com\/da\/#organization\"},\"potentialAction\":[{\"@type\":\"SearchAction\",\"target\":{\"@type\":\"EntryPoint\",\"urlTemplate\":\"https:\/\/acefootball.com\/da\/?s={search_term_string}\"},\"query-input\":\"required name=search_term_string\"}],\"inLanguage\":\"en-US\"},{\"@type\":\"ImageObject\",\"@id\":\"https:\/\/acefootball.com\/da\/fodboldnyheder\/eriksen-afviser-ikke-skifte-hjem-til-ob\/#primaryimage\",\"inLanguage\":\"en-US\",\"url\":\"https:\/\/acefootball.com\/da\/wp-content\/uploads\/sites\/2\/2020\/10\/Ace-13.jpg\",\"contentUrl\":\"https:\/\/acefootball.com\/da\/wp-content\/uploads\/sites\/2\/2020\/10\/Ace-13.jpg\",\"width\":1920,\"height\":1008},{\"@type\":\"WebPage\",\"@id\":\"https:\/\/acefootball.com\/da\/fodboldnyheder\/eriksen-afviser-ikke-skifte-hjem-til-ob\/#webpage\",\"url\":\"https:\/\/acefootball.com\/da\/fodboldnyheder\/eriksen-afviser-ikke-skifte-hjem-til-ob\/\",\"name\":\"Eriksen afviser ikke skifte hjem til OB\",\"isPartOf\":{\"@id\":\"https:\/\/acefootball.com\/da\/#website\"},\"primaryImageOfPage\":{\"@id\":\"https:\/\/acefootball.com\/da\/fodboldnyheder\/eriksen-afviser-ikke-skifte-hjem-til-ob\/#primaryimage\"},\"datePublished\":\"2020-10-29T21:46:47+00:00\",\"dateModified\":\"2020-10-29T21:47:49+00:00\",\"description\":\"Christian Eriksen vil ikke afvise, at han kunne finde p\u00e5 at slutte karrieren i OB, hvor han fik en del af fodboldopdragelsen\",\"breadcrumb\":{\"@id\":\"https:\/\/acefootball.com\/da\/fodboldnyheder\/eriksen-afviser-ikke-skifte-hjem-til-ob\/#breadcrumb\"},\"inLanguage\":\"en-US\",\"potentialAction\":[{\"@type\":\"ReadAction\",\"target\":[\"https:\/\/acefootball.com\/da\/fodboldnyheder\/eriksen-afviser-ikke-skifte-hjem-til-ob\/\"]}]},{\"@type\":\"BreadcrumbList\",\"@id\":\"https:\/\/acefootball.com\/da\/fodboldnyheder\/eriksen-afviser-ikke-skifte-hjem-til-ob\/#breadcrumb\",\"itemListElement\":[{\"@type\":\"ListItem\",\"position\":1,\"name\":\"Home\",\"item\":\"https:\/\/acefootball.com\/da\/\"},{\"@type\":\"ListItem\",\"position\":2,\"name\":\"Eriksen afviser ikke skifte hjem til OB\"}]},{\"@type\":\"Article\",\"@id\":\"https:\/\/acefootball.com\/da\/fodboldnyheder\/eriksen-afviser-ikke-skifte-hjem-til-ob\/#article\",\"isPartOf\":{\"@id\":\"https:\/\/acefootball.com\/da\/fodboldnyheder\/eriksen-afviser-ikke-skifte-hjem-til-ob\/#webpage\"},\"author\":{\"@id\":\"https:\/\/acefootball.com\/da\/#\/schema\/person\/ee67e9cf04a276f144100ffa722f10cd\"},\"headline\":\"Eriksen afviser ikke skifte hjem til OB\",\"datePublished\":\"2020-10-29T21:46:47+00:00\",\"dateModified\":\"2020-10-29T21:47:49+00:00\",\"mainEntityOfPage\":{\"@id\":\"https:\/\/acefootball.com\/da\/fodboldnyheder\/eriksen-afviser-ikke-skifte-hjem-til-ob\/#webpage\"},\"wordCount\":193,\"commentCount\":0,\"publisher\":{\"@id\":\"https:\/\/acefootball.com\/da\/#organization\"},\"image\":{\"@id\":\"https:\/\/acefootball.com\/da\/fodboldnyheder\/eriksen-afviser-ikke-skifte-hjem-til-ob\/#primaryimage\"},\"thumbnailUrl\":\"https:\/\/acefootball.com\/da\/wp-content\/uploads\/sites\/2\/2020\/09\/GettyImages-1228361591.jpg\",\"keywords\":[\"Christian Eriksen\",\"Danmark\",\"OB\",\"Superligaen\"],\"articleSection\":[\"Udtalelse\"],\"inLanguage\":\"en-US\",\"potentialAction\":[{\"@type\":\"CommentAction\",\"name\":\"Comment\",\"target\":[\"https:\/\/acefootball.com\/da\/fodboldnyheder\/eriksen-afviser-ikke-skifte-hjem-til-ob\/#respond\"]}]},{\"@type\":\"Person\",\"@id\":\"https:\/\/acefootball.com\/da\/#\/schema\/person\/ee67e9cf04a276f144100ffa722f10cd\",\"name\":\"Mads Dreyer\",\"image\":{\"@type\":\"ImageObject\",\"@id\":\"https:\/\/acefootball.com\/da\/#personlogo\",\"inLanguage\":\"en-US\",\"url\":\"https:\/\/secure.gravatar.com\/avatar\/7c7abf72cfde9902b6a60efe60c88d4c?s=96&d=mm&r=g\",\"contentUrl\":\"https:\/\/secure.gravatar.com\/avatar\/7c7abf72cfde9902b6a60efe60c88d4c?s=96&d=mm&r=g\",\"caption\":\"Mads Dreyer\"},\"description\":\"Skribent og fodboldn\u00f8rd, der lige nu fort\u00e6ller om alt og intet i fodboldverdenen p\u00e5 acefootball.com. Uddannet i kommunikation fra Aalborg Universitet.\",\"sameAs\":[\"https:\/\/www.linkedin.com\/in\/mads-dreyer-b9b08266\/\"],\"url\":\"https:\/\/acefootball.com\/da\/fodboldnyheder\/author\/mdnronaldo\/\"}]}<\/script>\n<!-- \/ Yoast SEO plugin. -->","yoast_head_json":{"title":"Eriksen afviser ikke skifte hjem til OB","description":"Christian Eriksen vil ikke afvise, at han kunne finde p\u00e5 at slutte karrieren i OB, hvor han fik en del af fodboldopdragelsen","robots":{"index":"index","follow":"follow","max-snippet":"max-snippet:-1","max-image-preview":"max-image-preview:large","max-video-preview":"max-video-preview:-1"},"canonical":"https:\/\/acefootball.com\/da\/fodboldnyheder\/eriksen-afviser-ikke-skifte-hjem-til-ob\/","og_locale":"en_US","og_type":"article","og_title":"Eriksen afviser ikke skifte hjem til OB","og_description":"Christian Eriksen vil ikke afvise, at han kunne finde p\u00e5 at slutte karrieren i OB, hvor han fik en del af fodboldopdragelsen","og_url":"https:\/\/acefootball.com\/da\/fodboldnyheder\/eriksen-afviser-ikke-skifte-hjem-til-ob\/","og_site_name":"Ace Football Danmark","article_publisher":"https:\/\/www.facebook.com\/acefootballdk","article_published_time":"2020-10-29T21:46:47+00:00","article_modified_time":"2020-10-29T21:47:49+00:00","og_image":[{"width":1920,"height":1008,"url":"https:\/\/acefootball.com\/da\/wp-content\/uploads\/sites\/2\/2020\/10\/Ace-13.jpg","type":"image\/jpeg"}],"twitter_card":"summary_large_image","twitter_misc":{"Written by":"Mads Dreyer","Est. reading time":"1 minute"},"schema":{"@context":"https:\/\/schema.org","@graph":[{"@type":"Organization","@id":"https:\/\/acefootball.com\/da\/#organization","name":"Ace Football","url":"https:\/\/acefootball.com\/da\/","sameAs":["https:\/\/www.facebook.com\/acefootballdk"],"logo":{"@type":"ImageObject","@id":"https:\/\/acefootball.com\/da\/#logo","inLanguage":"en-US","url":"https:\/\/acefootball.com\/da\/wp-content\/uploads\/sites\/2\/2020\/07\/Ace-Football-30-07-2020-2.png","contentUrl":"https:\/\/acefootball.com\/da\/wp-content\/uploads\/sites\/2\/2020\/07\/Ace-Football-30-07-2020-2.png","width":1200,"height":600,"caption":"Ace Football"},"image":{"@id":"https:\/\/acefootball.com\/da\/#logo"}},{"@type":"WebSite","@id":"https:\/\/acefootball.com\/da\/#website","url":"https:\/\/acefootball.com\/da\/","name":"Ace Football Danmark","description":"Nyheder, Spiltips &amp; Livescore","publisher":{"@id":"https:\/\/acefootball.com\/da\/#organization"},"potentialAction":[{"@type":"SearchAction","target":{"@type":"EntryPoint","urlTemplate":"https:\/\/acefootball.com\/da\/?s={search_term_string}"},"query-input":"required name=search_term_string"}],"inLanguage":"en-US"},{"@type":"ImageObject","@id":"https:\/\/acefootball.com\/da\/fodboldnyheder\/eriksen-afviser-ikke-skifte-hjem-til-ob\/#primaryimage","inLanguage":"en-US","url":"https:\/\/acefootball.com\/da\/wp-content\/uploads\/sites\/2\/2020\/10\/Ace-13.jpg","contentUrl":"https:\/\/acefootball.com\/da\/wp-content\/uploads\/sites\/2\/2020\/10\/Ace-13.jpg","width":1920,"height":1008},{"@type":"WebPage","@id":"https:\/\/acefootball.com\/da\/fodboldnyheder\/eriksen-afviser-ikke-skifte-hjem-til-ob\/#webpage","url":"https:\/\/acefootball.com\/da\/fodboldnyheder\/eriksen-afviser-ikke-skifte-hjem-til-ob\/","name":"Eriksen afviser ikke skifte hjem til OB","isPartOf":{"@id":"https:\/\/acefootball.com\/da\/#website"},"primaryImageOfPage":{"@id":"https:\/\/acefootball.com\/da\/fodboldnyheder\/eriksen-afviser-ikke-skifte-hjem-til-ob\/#primaryimage"},"datePublished":"2020-10-29T21:46:47+00:00","dateModified":"2020-10-29T21:47:49+00:00","description":"Christian Eriksen vil ikke afvise, at han kunne finde p\u00e5 at slutte karrieren i OB, hvor han fik en del af fodboldopdragelsen","breadcrumb":{"@id":"https:\/\/acefootball.com\/da\/fodboldnyheder\/eriksen-afviser-ikke-skifte-hjem-til-ob\/#breadcrumb"},"inLanguage":"en-US","potentialAction":[{"@type":"ReadAction","target":["https:\/\/acefootball.com\/da\/fodboldnyheder\/eriksen-afviser-ikke-skifte-hjem-til-ob\/"]}]},{"@type":"BreadcrumbList","@id":"https:\/\/acefootball.com\/da\/fodboldnyheder\/eriksen-afviser-ikke-skifte-hjem-til-ob\/#breadcrumb","itemListElement":[{"@type":"ListItem","position":1,"name":"Home","item":"https:\/\/acefootball.com\/da\/"},{"@type":"ListItem","position":2,"name":"Eriksen afviser ikke skifte hjem til OB"}]},{"@type":"Article","@id":"https:\/\/acefootball.com\/da\/fodboldnyheder\/eriksen-afviser-ikke-skifte-hjem-til-ob\/#article","isPartOf":{"@id":"https:\/\/acefootball.com\/da\/fodboldnyheder\/eriksen-afviser-ikke-skifte-hjem-til-ob\/#webpage"},"author":{"@id":"https:\/\/acefootball.com\/da\/#\/schema\/person\/ee67e9cf04a276f144100ffa722f10cd"},"headline":"Eriksen afviser ikke skifte hjem til OB","datePublished":"2020-10-29T21:46:47+00:00","dateModified":"2020-10-29T21:47:49+00:00","mainEntityOfPage":{"@id":"https:\/\/acefootball.com\/da\/fodboldnyheder\/eriksen-afviser-ikke-skifte-hjem-til-ob\/#webpage"},"wordCount":193,"commentCount":0,"publisher":{"@id":"https:\/\/acefootball.com\/da\/#organization"},"image":{"@id":"https:\/\/acefootball.com\/da\/fodboldnyheder\/eriksen-afviser-ikke-skifte-hjem-til-ob\/#primaryimage"},"thumbnailUrl":"https:\/\/acefootball.com\/da\/wp-content\/uploads\/sites\/2\/2020\/09\/GettyImages-1228361591.jpg","keywords":["Christian Eriksen","Danmark","OB","Superligaen"],"articleSection":["Udtalelse"],"inLanguage":"en-US","potentialAction":[{"@type":"CommentAction","name":"Comment","target":["https:\/\/acefootball.com\/da\/fodboldnyheder\/eriksen-afviser-ikke-skifte-hjem-til-ob\/#respond"]}]},{"@type":"Person","@id":"https:\/\/acefootball.com\/da\/#\/schema\/person\/ee67e9cf04a276f144100ffa722f10cd","name":"Mads Dreyer","image":{"@type":"ImageObject","@id":"https:\/\/acefootball.com\/da\/#personlogo","inLanguage":"en-US","url":"https:\/\/secure.gravatar.com\/avatar\/7c7abf72cfde9902b6a60efe60c88d4c?s=96&d=mm&r=g","contentUrl":"https:\/\/secure.gravatar.com\/avatar\/7c7abf72cfde9902b6a60efe60c88d4c?s=96&d=mm&r=g","caption":"Mads Dreyer"},"description":"Skribent og fodboldn\u00f8rd, der lige nu fort\u00e6ller om alt og intet i fodboldverdenen p\u00e5 acefootball.com. Uddannet i kommunikation fra Aalborg Universitet.","sameAs":["https:\/\/www.linkedin.com\/in\/mads-dreyer-b9b08266\/"],"url":"https:\/\/acefootball.com\/da\/fodboldnyheder\/author\/mdnronaldo\/"}]}},"fimg_url":"https:\/\/acefootball.com\/da\/wp-content\/uploads\/sites\/2\/2020\/09\/GettyImages-1228361591.jpg","_links":{"self":[{"href":"https:\/\/acefootball.com\/da\/wp-json\/wp\/v2\/posts\/241773"}],"collection":[{"href":"https:\/\/acefootball.com\/da\/wp-json\/wp\/v2\/posts"}],"about":[{"href":"https:\/\/acefootball.com\/da\/wp-json\/wp\/v2\/types\/post"}],"author":[{"embeddable":true,"href":"https:\/\/acefootball.com\/da\/wp-json\/wp\/v2\/users\/705"}],"replies":[{"embeddable":true,"href":"https:\/\/acefootball.com\/da\/wp-json\/wp\/v2\/comments?post=241773"}],"version-history":[{"count":0,"href":"https:\/\/acefootball.com\/da\/wp-json\/wp\/v2\/posts\/241773\/revisions"}],"wp:featuredmedia":[{"embeddable":true,"href":"https:\/\/acefootball.com\/da\/wp-json\/wp\/v2\/media\/236327"}],"wp:attachment":[{"href":"https:\/\/acefootball.com\/da\/wp-json\/wp\/v2\/media?parent=241773"}],"wp:term":[{"taxonomy":"category","embeddable":true,"href":"https:\/\/acefootball.com\/da\/wp-json\/wp\/v2\/categories?post=241773"},{"taxonomy":"post_tag","embeddable":true,"href":"https:\/\/acefootball.com\/da\/wp-json\/wp\/v2\/tags?post=241773"}],"curies":[{"name":"wp","href":"https:\/\/api.w.org\/{rel}","templated":true}]}}