{"id":241767,"date":"2020-10-29T21:53:41","date_gmt":"2020-10-29T20:53:41","guid":{"rendered":"https:\/\/acefootball.com\/da\/?p=241767"},"modified":"2020-10-29T21:53:42","modified_gmt":"2020-10-29T20:53:42","slug":"godt-nyt-for-real-madrid-inter-stjerne-tvivlsom-til-cl-brag","status":"publish","type":"post","link":"https:\/\/acefootball.com\/da\/fodboldnyheder\/godt-nyt-for-real-madrid-inter-stjerne-tvivlsom-til-cl-brag\/","title":{"rendered":"Godt nyt for Real Madrid: Inter-stjerne tvivlsom til CL-brag"},"content":{"rendered":"\n<h2 id=\"h-real-madrid-kan-have-f-et-sig-en-hj-lpende-h-nd-frem-mod-champions-league-opg-ret-mod-inter-da-romelu-lukaku-er-blevet-skadet\">Real Madrid kan have f\u00e5et sig en hj\u00e6lpende h\u00e5nd frem mod Champions League-opg\u00f8ret mod Inter, da Romelu Lukaku er blevet skadet<\/h2>\n\n\n\n<div class=\"wp-block-si-widget wp-block-si-widget--center\"><si-lb-widget widget-id=\"MatchInfoWithOdds\" data-nopadding=\"true\" data-card=\"true\" width=\"440\" data-event-id=\"3461654\" data-provider=\"mrgreen\" data-theme-appearance=\"dark\"><\/si-lb-widget><\/div>\n\n\n\n<p>Real Madrid har ikke f\u00e5et nogen imponerende start p\u00e5 Champions League-gruppespillet, da det blev til et nederlag f\u00f8rste kamp mod Shakthar Donetsk, mens men kun reddede et enkelt point i tirsdags mod Gladbach.<\/p>\n\n\n\n<p>Det efterlader spanierne med kun \u00e9t point efter de f\u00f8rste to kampe, og i n\u00e6ste uge venter der et brag hjemme i Madrid mod Inter. Der er dog dumpet fornuftige nyheder ind af brevspr\u00e6kken p\u00e5 Santiago Bernabeu denne torsdag.<\/p>\n\n\n\n<p>Italienerne har nemlig meddelt p\u00e5 sin <a href=\"https:\/\/www.inter.it\/en\/news\/2020\/10\/29\/lukaku-october.html\" target=\"_blank\" rel=\"noreferrer noopener\">hjemmeside<\/a>, at angrebsstjernen Romelu Lukaku p\u00e5drog sig en skade i deres kamp mod Shakhtar, og en scanning viser en forstr\u00e6kning i venstre l\u00e5r.<\/p>\n\n\n\n<div class=\"wp-block-si-widget wp-block-si-widget--center\"><si-lb-widget widget-id=\"SignUpWidget\" width=\"440\" data-provider=\"mrgreen\" data-card=\"true\" data-theme-appearance=\"dark\"><\/si-lb-widget><\/div>\n\n\n\n<p>Inter oplyser ikke, hvor l\u00e6nge belgieren m\u00e5 sidde ude, men at man vil vurdere situationen dag for dag. Det kan dog betyde, at Lukaku ikke bliver klar til kampen mod Real Madrid p\u00e5 tirsdag.<\/p>\n\n\n\n<p>Det ville v\u00e6re et h\u00e5rdt slag for Inter, som dermed kan v\u00e6re uden sin topscorer. Lukaku har i denne s\u00e6son scoret syv m\u00e5l i lige s\u00e5 mange kampe.<\/p>\n\n\n\n<p>Med danske briller kan man h\u00e5be p\u00e5, at det giver plads til Christian Eriksen, men italienske medier peger p\u00e5, at Lukaku vil blive erstattet af Andrea Pinamonti.<\/p>\n","protected":false},"excerpt":{"rendered":"<p>Real Madrid kan have f\u00e5et sig en hj\u00e6lpende h\u00e5nd frem mod Champions League-opg\u00f8ret mod Inter, da Romelu Lukaku er blevet skadet<\/p>\n","protected":false},"author":705,"featured_media":241768,"comment_status":"open","ping_status":"closed","sticky":false,"template":"","format":"standard","meta":{"om_disable_all_campaigns":false,"push_articles_ronaldo":{"active":false,"canonical":0,"publish":false},"force_updates":null},"categories":[1],"tags":[206,394,85,249],"enet_tags":{"league":["42"],"team":["8636","8633"],"player":["181276"],"sport_events":[3461654]},"yoast_head":"<!-- This site is optimized with the Yoast SEO plugin v18.3 - https:\/\/yoast.com\/wordpress\/plugins\/seo\/ -->\n<title>Godt nyt for Real Madrid: Inter-stjerne tvivlsom til CL-brag<\/title>\n<meta name=\"description\" content=\"Real Madrid kan have f\u00e5et sig en hj\u00e6lpende h\u00e5nd frem mod Champions League-opg\u00f8ret mod Inter, da Romelu Lukaku er blevet skadet\" \/>\n<meta name=\"robots\" content=\"index, follow, max-snippet:-1, max-image-preview:large, max-video-preview:-1\" \/>\n<link rel=\"canonical\" href=\"https:\/\/acefootball.com\/da\/fodboldnyheder\/godt-nyt-for-real-madrid-inter-stjerne-tvivlsom-til-cl-brag\/\" \/>\n<meta property=\"og:locale\" content=\"en_US\" \/>\n<meta property=\"og:type\" content=\"article\" \/>\n<meta property=\"og:title\" content=\"Godt nyt for Real Madrid: Inter-stjerne tvivlsom til CL-brag\" \/>\n<meta property=\"og:description\" content=\"Real Madrid kan have f\u00e5et sig en hj\u00e6lpende h\u00e5nd frem mod Champions League-opg\u00f8ret mod Inter, da Romelu Lukaku er blevet skadet\" \/>\n<meta property=\"og:url\" content=\"https:\/\/acefootball.com\/da\/fodboldnyheder\/godt-nyt-for-real-madrid-inter-stjerne-tvivlsom-til-cl-brag\/\" \/>\n<meta property=\"og:site_name\" content=\"Ace Football Danmark\" \/>\n<meta property=\"article:publisher\" content=\"https:\/\/www.facebook.com\/acefootballdk\" \/>\n<meta property=\"article:published_time\" content=\"2020-10-29T20:53:41+00:00\" \/>\n<meta property=\"article:modified_time\" content=\"2020-10-29T20:53:42+00:00\" \/>\n<meta property=\"og:image\" content=\"https:\/\/acefootball.com\/da\/wp-content\/uploads\/sites\/2\/2020\/10\/Ace-11.jpg\" \/>\n\t<meta property=\"og:image:width\" content=\"1920\" \/>\n\t<meta property=\"og:image:height\" content=\"1008\" \/>\n\t<meta property=\"og:image:type\" content=\"image\/jpeg\" \/>\n<meta name=\"twitter:card\" content=\"summary_large_image\" \/>\n<meta name=\"twitter:label1\" content=\"Written by\" \/>\n\t<meta name=\"twitter:data1\" content=\"Mads Dreyer\" \/>\n\t<meta name=\"twitter:label2\" content=\"Est. reading time\" \/>\n\t<meta name=\"twitter:data2\" content=\"1 minute\" \/>\n<script type=\"application\/ld+json\" class=\"yoast-schema-graph\">{\"@context\":\"https:\/\/schema.org\",\"@graph\":[{\"@type\":\"Organization\",\"@id\":\"https:\/\/acefootball.com\/da\/#organization\",\"name\":\"Ace Football\",\"url\":\"https:\/\/acefootball.com\/da\/\",\"sameAs\":[\"https:\/\/www.facebook.com\/acefootballdk\"],\"logo\":{\"@type\":\"ImageObject\",\"@id\":\"https:\/\/acefootball.com\/da\/#logo\",\"inLanguage\":\"en-US\",\"url\":\"https:\/\/acefootball.com\/da\/wp-content\/uploads\/sites\/2\/2020\/07\/Ace-Football-30-07-2020-2.png\",\"contentUrl\":\"https:\/\/acefootball.com\/da\/wp-content\/uploads\/sites\/2\/2020\/07\/Ace-Football-30-07-2020-2.png\",\"width\":1200,\"height\":600,\"caption\":\"Ace Football\"},\"image\":{\"@id\":\"https:\/\/acefootball.com\/da\/#logo\"}},{\"@type\":\"WebSite\",\"@id\":\"https:\/\/acefootball.com\/da\/#website\",\"url\":\"https:\/\/acefootball.com\/da\/\",\"name\":\"Ace Football Danmark\",\"description\":\"Nyheder, Spiltips &amp; Livescore\",\"publisher\":{\"@id\":\"https:\/\/acefootball.com\/da\/#organization\"},\"potentialAction\":[{\"@type\":\"SearchAction\",\"target\":{\"@type\":\"EntryPoint\",\"urlTemplate\":\"https:\/\/acefootball.com\/da\/?s={search_term_string}\"},\"query-input\":\"required name=search_term_string\"}],\"inLanguage\":\"en-US\"},{\"@type\":\"ImageObject\",\"@id\":\"https:\/\/acefootball.com\/da\/fodboldnyheder\/godt-nyt-for-real-madrid-inter-stjerne-tvivlsom-til-cl-brag\/#primaryimage\",\"inLanguage\":\"en-US\",\"url\":\"https:\/\/acefootball.com\/da\/wp-content\/uploads\/sites\/2\/2020\/10\/Ace-11.jpg\",\"contentUrl\":\"https:\/\/acefootball.com\/da\/wp-content\/uploads\/sites\/2\/2020\/10\/Ace-11.jpg\",\"width\":1920,\"height\":1008},{\"@type\":\"WebPage\",\"@id\":\"https:\/\/acefootball.com\/da\/fodboldnyheder\/godt-nyt-for-real-madrid-inter-stjerne-tvivlsom-til-cl-brag\/#webpage\",\"url\":\"https:\/\/acefootball.com\/da\/fodboldnyheder\/godt-nyt-for-real-madrid-inter-stjerne-tvivlsom-til-cl-brag\/\",\"name\":\"Godt nyt for Real Madrid: Inter-stjerne tvivlsom til CL-brag\",\"isPartOf\":{\"@id\":\"https:\/\/acefootball.com\/da\/#website\"},\"primaryImageOfPage\":{\"@id\":\"https:\/\/acefootball.com\/da\/fodboldnyheder\/godt-nyt-for-real-madrid-inter-stjerne-tvivlsom-til-cl-brag\/#primaryimage\"},\"datePublished\":\"2020-10-29T20:53:41+00:00\",\"dateModified\":\"2020-10-29T20:53:42+00:00\",\"description\":\"Real Madrid kan have f\u00e5et sig en hj\u00e6lpende h\u00e5nd frem mod Champions League-opg\u00f8ret mod Inter, da Romelu Lukaku er blevet skadet\",\"breadcrumb\":{\"@id\":\"https:\/\/acefootball.com\/da\/fodboldnyheder\/godt-nyt-for-real-madrid-inter-stjerne-tvivlsom-til-cl-brag\/#breadcrumb\"},\"inLanguage\":\"en-US\",\"potentialAction\":[{\"@type\":\"ReadAction\",\"target\":[\"https:\/\/acefootball.com\/da\/fodboldnyheder\/godt-nyt-for-real-madrid-inter-stjerne-tvivlsom-til-cl-brag\/\"]}]},{\"@type\":\"BreadcrumbList\",\"@id\":\"https:\/\/acefootball.com\/da\/fodboldnyheder\/godt-nyt-for-real-madrid-inter-stjerne-tvivlsom-til-cl-brag\/#breadcrumb\",\"itemListElement\":[{\"@type\":\"ListItem\",\"position\":1,\"name\":\"Home\",\"item\":\"https:\/\/acefootball.com\/da\/\"},{\"@type\":\"ListItem\",\"position\":2,\"name\":\"Godt nyt for Real Madrid: Inter-stjerne tvivlsom til CL-brag\"}]},{\"@type\":\"Article\",\"@id\":\"https:\/\/acefootball.com\/da\/fodboldnyheder\/godt-nyt-for-real-madrid-inter-stjerne-tvivlsom-til-cl-brag\/#article\",\"isPartOf\":{\"@id\":\"https:\/\/acefootball.com\/da\/fodboldnyheder\/godt-nyt-for-real-madrid-inter-stjerne-tvivlsom-til-cl-brag\/#webpage\"},\"author\":{\"@id\":\"https:\/\/acefootball.com\/da\/#\/schema\/person\/ee67e9cf04a276f144100ffa722f10cd\"},\"headline\":\"Godt nyt for Real Madrid: Inter-stjerne tvivlsom til CL-brag\",\"datePublished\":\"2020-10-29T20:53:41+00:00\",\"dateModified\":\"2020-10-29T20:53:42+00:00\",\"mainEntityOfPage\":{\"@id\":\"https:\/\/acefootball.com\/da\/fodboldnyheder\/godt-nyt-for-real-madrid-inter-stjerne-tvivlsom-til-cl-brag\/#webpage\"},\"wordCount\":239,\"commentCount\":0,\"publisher\":{\"@id\":\"https:\/\/acefootball.com\/da\/#organization\"},\"image\":{\"@id\":\"https:\/\/acefootball.com\/da\/fodboldnyheder\/godt-nyt-for-real-madrid-inter-stjerne-tvivlsom-til-cl-brag\/#primaryimage\"},\"thumbnailUrl\":\"https:\/\/acefootball.com\/da\/wp-content\/uploads\/sites\/2\/2020\/10\/GettyImages-1255474932.jpg\",\"keywords\":[\"Champions League\",\"Inter Milan\",\"Real Madrid\",\"Romelu Lukaku\"],\"articleSection\":[\"Nyhed\"],\"inLanguage\":\"en-US\",\"potentialAction\":[{\"@type\":\"CommentAction\",\"name\":\"Comment\",\"target\":[\"https:\/\/acefootball.com\/da\/fodboldnyheder\/godt-nyt-for-real-madrid-inter-stjerne-tvivlsom-til-cl-brag\/#respond\"]}]},{\"@type\":\"Person\",\"@id\":\"https:\/\/acefootball.com\/da\/#\/schema\/person\/ee67e9cf04a276f144100ffa722f10cd\",\"name\":\"Mads Dreyer\",\"image\":{\"@type\":\"ImageObject\",\"@id\":\"https:\/\/acefootball.com\/da\/#personlogo\",\"inLanguage\":\"en-US\",\"url\":\"https:\/\/secure.gravatar.com\/avatar\/7c7abf72cfde9902b6a60efe60c88d4c?s=96&d=mm&r=g\",\"contentUrl\":\"https:\/\/secure.gravatar.com\/avatar\/7c7abf72cfde9902b6a60efe60c88d4c?s=96&d=mm&r=g\",\"caption\":\"Mads Dreyer\"},\"description\":\"Skribent og fodboldn\u00f8rd, der lige nu fort\u00e6ller om alt og intet i fodboldverdenen p\u00e5 acefootball.com. Uddannet i kommunikation fra Aalborg Universitet.\",\"sameAs\":[\"https:\/\/www.linkedin.com\/in\/mads-dreyer-b9b08266\/\"],\"url\":\"https:\/\/acefootball.com\/da\/fodboldnyheder\/author\/mdnronaldo\/\"}]}<\/script>\n<!-- \/ Yoast SEO plugin. -->","yoast_head_json":{"title":"Godt nyt for Real Madrid: Inter-stjerne tvivlsom til CL-brag","description":"Real Madrid kan have f\u00e5et sig en hj\u00e6lpende h\u00e5nd frem mod Champions League-opg\u00f8ret mod Inter, da Romelu Lukaku er blevet skadet","robots":{"index":"index","follow":"follow","max-snippet":"max-snippet:-1","max-image-preview":"max-image-preview:large","max-video-preview":"max-video-preview:-1"},"canonical":"https:\/\/acefootball.com\/da\/fodboldnyheder\/godt-nyt-for-real-madrid-inter-stjerne-tvivlsom-til-cl-brag\/","og_locale":"en_US","og_type":"article","og_title":"Godt nyt for Real Madrid: Inter-stjerne tvivlsom til CL-brag","og_description":"Real Madrid kan have f\u00e5et sig en hj\u00e6lpende h\u00e5nd frem mod Champions League-opg\u00f8ret mod Inter, da Romelu Lukaku er blevet skadet","og_url":"https:\/\/acefootball.com\/da\/fodboldnyheder\/godt-nyt-for-real-madrid-inter-stjerne-tvivlsom-til-cl-brag\/","og_site_name":"Ace Football Danmark","article_publisher":"https:\/\/www.facebook.com\/acefootballdk","article_published_time":"2020-10-29T20:53:41+00:00","article_modified_time":"2020-10-29T20:53:42+00:00","og_image":[{"width":1920,"height":1008,"url":"https:\/\/acefootball.com\/da\/wp-content\/uploads\/sites\/2\/2020\/10\/Ace-11.jpg","type":"image\/jpeg"}],"twitter_card":"summary_large_image","twitter_misc":{"Written by":"Mads Dreyer","Est. reading time":"1 minute"},"schema":{"@context":"https:\/\/schema.org","@graph":[{"@type":"Organization","@id":"https:\/\/acefootball.com\/da\/#organization","name":"Ace Football","url":"https:\/\/acefootball.com\/da\/","sameAs":["https:\/\/www.facebook.com\/acefootballdk"],"logo":{"@type":"ImageObject","@id":"https:\/\/acefootball.com\/da\/#logo","inLanguage":"en-US","url":"https:\/\/acefootball.com\/da\/wp-content\/uploads\/sites\/2\/2020\/07\/Ace-Football-30-07-2020-2.png","contentUrl":"https:\/\/acefootball.com\/da\/wp-content\/uploads\/sites\/2\/2020\/07\/Ace-Football-30-07-2020-2.png","width":1200,"height":600,"caption":"Ace Football"},"image":{"@id":"https:\/\/acefootball.com\/da\/#logo"}},{"@type":"WebSite","@id":"https:\/\/acefootball.com\/da\/#website","url":"https:\/\/acefootball.com\/da\/","name":"Ace Football Danmark","description":"Nyheder, Spiltips &amp; Livescore","publisher":{"@id":"https:\/\/acefootball.com\/da\/#organization"},"potentialAction":[{"@type":"SearchAction","target":{"@type":"EntryPoint","urlTemplate":"https:\/\/acefootball.com\/da\/?s={search_term_string}"},"query-input":"required name=search_term_string"}],"inLanguage":"en-US"},{"@type":"ImageObject","@id":"https:\/\/acefootball.com\/da\/fodboldnyheder\/godt-nyt-for-real-madrid-inter-stjerne-tvivlsom-til-cl-brag\/#primaryimage","inLanguage":"en-US","url":"https:\/\/acefootball.com\/da\/wp-content\/uploads\/sites\/2\/2020\/10\/Ace-11.jpg","contentUrl":"https:\/\/acefootball.com\/da\/wp-content\/uploads\/sites\/2\/2020\/10\/Ace-11.jpg","width":1920,"height":1008},{"@type":"WebPage","@id":"https:\/\/acefootball.com\/da\/fodboldnyheder\/godt-nyt-for-real-madrid-inter-stjerne-tvivlsom-til-cl-brag\/#webpage","url":"https:\/\/acefootball.com\/da\/fodboldnyheder\/godt-nyt-for-real-madrid-inter-stjerne-tvivlsom-til-cl-brag\/","name":"Godt nyt for Real Madrid: Inter-stjerne tvivlsom til CL-brag","isPartOf":{"@id":"https:\/\/acefootball.com\/da\/#website"},"primaryImageOfPage":{"@id":"https:\/\/acefootball.com\/da\/fodboldnyheder\/godt-nyt-for-real-madrid-inter-stjerne-tvivlsom-til-cl-brag\/#primaryimage"},"datePublished":"2020-10-29T20:53:41+00:00","dateModified":"2020-10-29T20:53:42+00:00","description":"Real Madrid kan have f\u00e5et sig en hj\u00e6lpende h\u00e5nd frem mod Champions League-opg\u00f8ret mod Inter, da Romelu Lukaku er blevet skadet","breadcrumb":{"@id":"https:\/\/acefootball.com\/da\/fodboldnyheder\/godt-nyt-for-real-madrid-inter-stjerne-tvivlsom-til-cl-brag\/#breadcrumb"},"inLanguage":"en-US","potentialAction":[{"@type":"ReadAction","target":["https:\/\/acefootball.com\/da\/fodboldnyheder\/godt-nyt-for-real-madrid-inter-stjerne-tvivlsom-til-cl-brag\/"]}]},{"@type":"BreadcrumbList","@id":"https:\/\/acefootball.com\/da\/fodboldnyheder\/godt-nyt-for-real-madrid-inter-stjerne-tvivlsom-til-cl-brag\/#breadcrumb","itemListElement":[{"@type":"ListItem","position":1,"name":"Home","item":"https:\/\/acefootball.com\/da\/"},{"@type":"ListItem","position":2,"name":"Godt nyt for Real Madrid: Inter-stjerne tvivlsom til CL-brag"}]},{"@type":"Article","@id":"https:\/\/acefootball.com\/da\/fodboldnyheder\/godt-nyt-for-real-madrid-inter-stjerne-tvivlsom-til-cl-brag\/#article","isPartOf":{"@id":"https:\/\/acefootball.com\/da\/fodboldnyheder\/godt-nyt-for-real-madrid-inter-stjerne-tvivlsom-til-cl-brag\/#webpage"},"author":{"@id":"https:\/\/acefootball.com\/da\/#\/schema\/person\/ee67e9cf04a276f144100ffa722f10cd"},"headline":"Godt nyt for Real Madrid: Inter-stjerne tvivlsom til CL-brag","datePublished":"2020-10-29T20:53:41+00:00","dateModified":"2020-10-29T20:53:42+00:00","mainEntityOfPage":{"@id":"https:\/\/acefootball.com\/da\/fodboldnyheder\/godt-nyt-for-real-madrid-inter-stjerne-tvivlsom-til-cl-brag\/#webpage"},"wordCount":239,"commentCount":0,"publisher":{"@id":"https:\/\/acefootball.com\/da\/#organization"},"image":{"@id":"https:\/\/acefootball.com\/da\/fodboldnyheder\/godt-nyt-for-real-madrid-inter-stjerne-tvivlsom-til-cl-brag\/#primaryimage"},"thumbnailUrl":"https:\/\/acefootball.com\/da\/wp-content\/uploads\/sites\/2\/2020\/10\/GettyImages-1255474932.jpg","keywords":["Champions League","Inter Milan","Real Madrid","Romelu Lukaku"],"articleSection":["Nyhed"],"inLanguage":"en-US","potentialAction":[{"@type":"CommentAction","name":"Comment","target":["https:\/\/acefootball.com\/da\/fodboldnyheder\/godt-nyt-for-real-madrid-inter-stjerne-tvivlsom-til-cl-brag\/#respond"]}]},{"@type":"Person","@id":"https:\/\/acefootball.com\/da\/#\/schema\/person\/ee67e9cf04a276f144100ffa722f10cd","name":"Mads Dreyer","image":{"@type":"ImageObject","@id":"https:\/\/acefootball.com\/da\/#personlogo","inLanguage":"en-US","url":"https:\/\/secure.gravatar.com\/avatar\/7c7abf72cfde9902b6a60efe60c88d4c?s=96&d=mm&r=g","contentUrl":"https:\/\/secure.gravatar.com\/avatar\/7c7abf72cfde9902b6a60efe60c88d4c?s=96&d=mm&r=g","caption":"Mads Dreyer"},"description":"Skribent og fodboldn\u00f8rd, der lige nu fort\u00e6ller om alt og intet i fodboldverdenen p\u00e5 acefootball.com. Uddannet i kommunikation fra Aalborg Universitet.","sameAs":["https:\/\/www.linkedin.com\/in\/mads-dreyer-b9b08266\/"],"url":"https:\/\/acefootball.com\/da\/fodboldnyheder\/author\/mdnronaldo\/"}]}},"fimg_url":"https:\/\/acefootball.com\/da\/wp-content\/uploads\/sites\/2\/2020\/10\/GettyImages-1255474932.jpg","_links":{"self":[{"href":"https:\/\/acefootball.com\/da\/wp-json\/wp\/v2\/posts\/241767"}],"collection":[{"href":"https:\/\/acefootball.com\/da\/wp-json\/wp\/v2\/posts"}],"about":[{"href":"https:\/\/acefootball.com\/da\/wp-json\/wp\/v2\/types\/post"}],"author":[{"embeddable":true,"href":"https:\/\/acefootball.com\/da\/wp-json\/wp\/v2\/users\/705"}],"replies":[{"embeddable":true,"href":"https:\/\/acefootball.com\/da\/wp-json\/wp\/v2\/comments?post=241767"}],"version-history":[{"count":0,"href":"https:\/\/acefootball.com\/da\/wp-json\/wp\/v2\/posts\/241767\/revisions"}],"wp:featuredmedia":[{"embeddable":true,"href":"https:\/\/acefootball.com\/da\/wp-json\/wp\/v2\/media\/241768"}],"wp:attachment":[{"href":"https:\/\/acefootball.com\/da\/wp-json\/wp\/v2\/media?parent=241767"}],"wp:term":[{"taxonomy":"category","embeddable":true,"href":"https:\/\/acefootball.com\/da\/wp-json\/wp\/v2\/categories?post=241767"},{"taxonomy":"post_tag","embeddable":true,"href":"https:\/\/acefootball.com\/da\/wp-json\/wp\/v2\/tags?post=241767"}],"curies":[{"name":"wp","href":"https:\/\/api.w.org\/{rel}","templated":true}]}}