{"id":241753,"date":"2020-10-29T20:06:00","date_gmt":"2020-10-29T19:06:00","guid":{"rendered":"https:\/\/acefootball.com\/da\/?p=241753"},"modified":"2020-10-29T20:06:01","modified_gmt":"2020-10-29T19:06:01","slug":"liverpool-tilstande-i-barcelona-midtstopper-ude-i-en-maaned","status":"publish","type":"post","link":"https:\/\/acefootball.com\/da\/fodboldnyheder\/liverpool-tilstande-i-barcelona-midtstopper-ude-i-en-maaned\/","title":{"rendered":"Liverpool-tilstande i Barcelona: Midtstopper ude i en m\u00e5ned"},"content":{"rendered":"\n<h2 id=\"h-det-er-ikke-kun-liverpool-der-er-tyndt-besat-i-forsvaret-ogs-fc-barcelona-er-i-underskud-af-midterforsvarere-den-kommende-m-ned\">Det er ikke kun Liverpool, der er tyndt besat i forsvaret. Ogs\u00e5 FC Barcelona er i underskud af midterforsvarere den kommende m\u00e5ned<\/h2>\n\n\n\n<div class=\"wp-block-si-widget wp-block-si-widget--center\"><si-lb-widget widget-id=\"MatchInfoWithOdds\" data-nopadding=\"true\" data-card=\"true\" width=\"440\" data-event-id=\"3462009\" data-theme-appearance=\"dark\"><\/si-lb-widget><\/div>\n\n\n\n<p>I Liverpool har man v\u00e6ret s\u00e6rdeles uheldige med skader i midterforsvaret, og nu opleves der noget lignende i FC Barcelona.<\/p>\n\n\n\n<p>Klubben er lige nu nede p\u00e5 kun to kampklare stoppere, da der i dag er tikket en skade ind til Ronald Araujo, som startede i onsdagens Champions League-sejr over Juventus.<\/p>\n\n\n\n<p>Barcelona meddeler s\u00e5ledes, at uruguayaneren har p\u00e5draget sig en fiberskade i h\u00f8jre l\u00e5r, og if\u00f8lge <a href=\"https:\/\/as.com\/futbol\/2020\/10\/29\/primera\/1603995210_014979.html#?ref=rss&amp;format=simple&amp;link=link\" target=\"_blank\" rel=\"noreferrer noopener\">AS <\/a>bliver han ikke klar f\u00f8r efter den kommende landskampspause.<\/p>\n\n\n\n<figure class=\"wp-block-embed-twitter wp-block-embed is-type-rich is-provider-twitter\"><div class=\"wp-block-embed__wrapper\">\n<blockquote class=\"twitter-tweet\" data-width=\"550\" data-dnt=\"true\"><p lang=\"en\" dir=\"ltr\">\u2757\ufe0f MEDICAL NEWS<br>Ronald Araujo has a biceps femoris injury in his right thigh. All the details: <a href=\"https:\/\/t.co\/eHoJsESuvA\">https:\/\/t.co\/eHoJsESuvA<\/a> <a href=\"https:\/\/t.co\/YNxmreqJpG\">pic.twitter.com\/YNxmreqJpG<\/a><\/p>&mdash; FC Barcelona (@FCBarcelona) <a href=\"https:\/\/twitter.com\/FCBarcelona\/status\/1321876442796404737?ref_src=twsrc%5Etfw\">October 29, 2020<\/a><\/blockquote><script async src=\"https:\/\/platform.twitter.com\/widgets.js\" charset=\"utf-8\"><\/script>\n<\/div><\/figure>\n\n\n\n<p>Det betyder, at Araujo g\u00e5r glip af kampene mod Alav\u00e9s, Dynamo Kiev og Real Betis, ligesom han formentlig heller ikke bliver klar til kamp for Uruguay.<\/p>\n\n\n\n<p>FC Barcelona har kun Gerard Piqu\u00e9 og Clement Lenglet klar af midterforsvarere, da evigt uheldige Samuel Umtiti ogs\u00e5 sidder ude.<\/p>\n","protected":false},"excerpt":{"rendered":"<p>Det er ikke kun Liverpool, der er tyndt besat i forsvaret. Ogs\u00e5 FC Barcelona er i underskud af midterforsvarere den kommende m\u00e5ned<\/p>\n","protected":false},"author":705,"featured_media":234579,"comment_status":"open","ping_status":"closed","sticky":false,"template":"","format":"standard","meta":{"om_disable_all_campaigns":false,"push_articles_ronaldo":{"active":false,"canonical":0,"publish":false},"force_updates":null},"categories":[1],"tags":[41,303],"enet_tags":{"team":["8634"],"league":["87"],"sport_events":[3462009]},"yoast_head":"<!-- This site is optimized with the Yoast SEO plugin v18.3 - https:\/\/yoast.com\/wordpress\/plugins\/seo\/ -->\n<title>Liverpool-tilstande i Barcelona: Midtstopper ude i en m\u00e5ned<\/title>\n<meta name=\"description\" content=\"Det er ikke kun Liverpool, der er tyndt besat i forsvaret. Ogs\u00e5 FC Barcelona er i underskud af midterforsvarere den kommende m\u00e5ned\" \/>\n<meta name=\"robots\" content=\"index, follow, max-snippet:-1, max-image-preview:large, max-video-preview:-1\" \/>\n<link rel=\"canonical\" href=\"https:\/\/acefootball.com\/da\/fodboldnyheder\/liverpool-tilstande-i-barcelona-midtstopper-ude-i-en-maaned\/\" \/>\n<meta property=\"og:locale\" content=\"en_US\" \/>\n<meta property=\"og:type\" content=\"article\" \/>\n<meta property=\"og:title\" content=\"Liverpool-tilstande i Barcelona: Midtstopper ude i en m\u00e5ned\" \/>\n<meta property=\"og:description\" content=\"Det er ikke kun Liverpool, der er tyndt besat i forsvaret. Ogs\u00e5 FC Barcelona er i underskud af midterforsvarere den kommende m\u00e5ned\" \/>\n<meta property=\"og:url\" content=\"https:\/\/acefootball.com\/da\/fodboldnyheder\/liverpool-tilstande-i-barcelona-midtstopper-ude-i-en-maaned\/\" \/>\n<meta property=\"og:site_name\" content=\"Ace Football Danmark\" \/>\n<meta property=\"article:publisher\" content=\"https:\/\/www.facebook.com\/acefootballdk\" \/>\n<meta property=\"article:published_time\" content=\"2020-10-29T19:06:00+00:00\" \/>\n<meta property=\"article:modified_time\" content=\"2020-10-29T19:06:01+00:00\" \/>\n<meta property=\"og:image\" content=\"https:\/\/acefootball.com\/da\/wp-content\/uploads\/sites\/2\/2020\/10\/Ace-8-1.jpg\" \/>\n\t<meta property=\"og:image:width\" content=\"1920\" \/>\n\t<meta property=\"og:image:height\" content=\"1008\" \/>\n\t<meta property=\"og:image:type\" content=\"image\/jpeg\" \/>\n<meta name=\"twitter:card\" content=\"summary_large_image\" \/>\n<meta name=\"twitter:label1\" content=\"Written by\" \/>\n\t<meta name=\"twitter:data1\" content=\"Mads Dreyer\" \/>\n\t<meta name=\"twitter:label2\" content=\"Est. reading time\" \/>\n\t<meta name=\"twitter:data2\" content=\"1 minute\" \/>\n<script type=\"application\/ld+json\" class=\"yoast-schema-graph\">{\"@context\":\"https:\/\/schema.org\",\"@graph\":[{\"@type\":\"Organization\",\"@id\":\"https:\/\/acefootball.com\/da\/#organization\",\"name\":\"Ace Football\",\"url\":\"https:\/\/acefootball.com\/da\/\",\"sameAs\":[\"https:\/\/www.facebook.com\/acefootballdk\"],\"logo\":{\"@type\":\"ImageObject\",\"@id\":\"https:\/\/acefootball.com\/da\/#logo\",\"inLanguage\":\"en-US\",\"url\":\"https:\/\/acefootball.com\/da\/wp-content\/uploads\/sites\/2\/2020\/07\/Ace-Football-30-07-2020-2.png\",\"contentUrl\":\"https:\/\/acefootball.com\/da\/wp-content\/uploads\/sites\/2\/2020\/07\/Ace-Football-30-07-2020-2.png\",\"width\":1200,\"height\":600,\"caption\":\"Ace Football\"},\"image\":{\"@id\":\"https:\/\/acefootball.com\/da\/#logo\"}},{\"@type\":\"WebSite\",\"@id\":\"https:\/\/acefootball.com\/da\/#website\",\"url\":\"https:\/\/acefootball.com\/da\/\",\"name\":\"Ace Football Danmark\",\"description\":\"Nyheder, Spiltips &amp; Livescore\",\"publisher\":{\"@id\":\"https:\/\/acefootball.com\/da\/#organization\"},\"potentialAction\":[{\"@type\":\"SearchAction\",\"target\":{\"@type\":\"EntryPoint\",\"urlTemplate\":\"https:\/\/acefootball.com\/da\/?s={search_term_string}\"},\"query-input\":\"required name=search_term_string\"}],\"inLanguage\":\"en-US\"},{\"@type\":\"ImageObject\",\"@id\":\"https:\/\/acefootball.com\/da\/fodboldnyheder\/liverpool-tilstande-i-barcelona-midtstopper-ude-i-en-maaned\/#primaryimage\",\"inLanguage\":\"en-US\",\"url\":\"https:\/\/acefootball.com\/da\/wp-content\/uploads\/sites\/2\/2020\/10\/Ace-8-1.jpg\",\"contentUrl\":\"https:\/\/acefootball.com\/da\/wp-content\/uploads\/sites\/2\/2020\/10\/Ace-8-1.jpg\",\"width\":1920,\"height\":1008},{\"@type\":\"WebPage\",\"@id\":\"https:\/\/acefootball.com\/da\/fodboldnyheder\/liverpool-tilstande-i-barcelona-midtstopper-ude-i-en-maaned\/#webpage\",\"url\":\"https:\/\/acefootball.com\/da\/fodboldnyheder\/liverpool-tilstande-i-barcelona-midtstopper-ude-i-en-maaned\/\",\"name\":\"Liverpool-tilstande i Barcelona: Midtstopper ude i en m\u00e5ned\",\"isPartOf\":{\"@id\":\"https:\/\/acefootball.com\/da\/#website\"},\"primaryImageOfPage\":{\"@id\":\"https:\/\/acefootball.com\/da\/fodboldnyheder\/liverpool-tilstande-i-barcelona-midtstopper-ude-i-en-maaned\/#primaryimage\"},\"datePublished\":\"2020-10-29T19:06:00+00:00\",\"dateModified\":\"2020-10-29T19:06:01+00:00\",\"description\":\"Det er ikke kun Liverpool, der er tyndt besat i forsvaret. Ogs\u00e5 FC Barcelona er i underskud af midterforsvarere den kommende m\u00e5ned\",\"breadcrumb\":{\"@id\":\"https:\/\/acefootball.com\/da\/fodboldnyheder\/liverpool-tilstande-i-barcelona-midtstopper-ude-i-en-maaned\/#breadcrumb\"},\"inLanguage\":\"en-US\",\"potentialAction\":[{\"@type\":\"ReadAction\",\"target\":[\"https:\/\/acefootball.com\/da\/fodboldnyheder\/liverpool-tilstande-i-barcelona-midtstopper-ude-i-en-maaned\/\"]}]},{\"@type\":\"BreadcrumbList\",\"@id\":\"https:\/\/acefootball.com\/da\/fodboldnyheder\/liverpool-tilstande-i-barcelona-midtstopper-ude-i-en-maaned\/#breadcrumb\",\"itemListElement\":[{\"@type\":\"ListItem\",\"position\":1,\"name\":\"Home\",\"item\":\"https:\/\/acefootball.com\/da\/\"},{\"@type\":\"ListItem\",\"position\":2,\"name\":\"Liverpool-tilstande i Barcelona: Midtstopper ude i en m\u00e5ned\"}]},{\"@type\":\"Article\",\"@id\":\"https:\/\/acefootball.com\/da\/fodboldnyheder\/liverpool-tilstande-i-barcelona-midtstopper-ude-i-en-maaned\/#article\",\"isPartOf\":{\"@id\":\"https:\/\/acefootball.com\/da\/fodboldnyheder\/liverpool-tilstande-i-barcelona-midtstopper-ude-i-en-maaned\/#webpage\"},\"author\":{\"@id\":\"https:\/\/acefootball.com\/da\/#\/schema\/person\/ee67e9cf04a276f144100ffa722f10cd\"},\"headline\":\"Liverpool-tilstande i Barcelona: Midtstopper ude i en m\u00e5ned\",\"datePublished\":\"2020-10-29T19:06:00+00:00\",\"dateModified\":\"2020-10-29T19:06:01+00:00\",\"mainEntityOfPage\":{\"@id\":\"https:\/\/acefootball.com\/da\/fodboldnyheder\/liverpool-tilstande-i-barcelona-midtstopper-ude-i-en-maaned\/#webpage\"},\"wordCount\":168,\"commentCount\":0,\"publisher\":{\"@id\":\"https:\/\/acefootball.com\/da\/#organization\"},\"image\":{\"@id\":\"https:\/\/acefootball.com\/da\/fodboldnyheder\/liverpool-tilstande-i-barcelona-midtstopper-ude-i-en-maaned\/#primaryimage\"},\"thumbnailUrl\":\"https:\/\/acefootball.com\/da\/wp-content\/uploads\/sites\/2\/2020\/08\/GettyImages-1173283798.jpg\",\"keywords\":[\"FC Barcelona\",\"La Liga\"],\"articleSection\":[\"Nyhed\"],\"inLanguage\":\"en-US\",\"potentialAction\":[{\"@type\":\"CommentAction\",\"name\":\"Comment\",\"target\":[\"https:\/\/acefootball.com\/da\/fodboldnyheder\/liverpool-tilstande-i-barcelona-midtstopper-ude-i-en-maaned\/#respond\"]}]},{\"@type\":\"Person\",\"@id\":\"https:\/\/acefootball.com\/da\/#\/schema\/person\/ee67e9cf04a276f144100ffa722f10cd\",\"name\":\"Mads Dreyer\",\"image\":{\"@type\":\"ImageObject\",\"@id\":\"https:\/\/acefootball.com\/da\/#personlogo\",\"inLanguage\":\"en-US\",\"url\":\"https:\/\/secure.gravatar.com\/avatar\/7c7abf72cfde9902b6a60efe60c88d4c?s=96&d=mm&r=g\",\"contentUrl\":\"https:\/\/secure.gravatar.com\/avatar\/7c7abf72cfde9902b6a60efe60c88d4c?s=96&d=mm&r=g\",\"caption\":\"Mads Dreyer\"},\"description\":\"Skribent og fodboldn\u00f8rd, der lige nu fort\u00e6ller om alt og intet i fodboldverdenen p\u00e5 acefootball.com. Uddannet i kommunikation fra Aalborg Universitet.\",\"sameAs\":[\"https:\/\/www.linkedin.com\/in\/mads-dreyer-b9b08266\/\"],\"url\":\"https:\/\/acefootball.com\/da\/fodboldnyheder\/author\/mdnronaldo\/\"}]}<\/script>\n<!-- \/ Yoast SEO plugin. -->","yoast_head_json":{"title":"Liverpool-tilstande i Barcelona: Midtstopper ude i en m\u00e5ned","description":"Det er ikke kun Liverpool, der er tyndt besat i forsvaret. Ogs\u00e5 FC Barcelona er i underskud af midterforsvarere den kommende m\u00e5ned","robots":{"index":"index","follow":"follow","max-snippet":"max-snippet:-1","max-image-preview":"max-image-preview:large","max-video-preview":"max-video-preview:-1"},"canonical":"https:\/\/acefootball.com\/da\/fodboldnyheder\/liverpool-tilstande-i-barcelona-midtstopper-ude-i-en-maaned\/","og_locale":"en_US","og_type":"article","og_title":"Liverpool-tilstande i Barcelona: Midtstopper ude i en m\u00e5ned","og_description":"Det er ikke kun Liverpool, der er tyndt besat i forsvaret. Ogs\u00e5 FC Barcelona er i underskud af midterforsvarere den kommende m\u00e5ned","og_url":"https:\/\/acefootball.com\/da\/fodboldnyheder\/liverpool-tilstande-i-barcelona-midtstopper-ude-i-en-maaned\/","og_site_name":"Ace Football Danmark","article_publisher":"https:\/\/www.facebook.com\/acefootballdk","article_published_time":"2020-10-29T19:06:00+00:00","article_modified_time":"2020-10-29T19:06:01+00:00","og_image":[{"width":1920,"height":1008,"url":"https:\/\/acefootball.com\/da\/wp-content\/uploads\/sites\/2\/2020\/10\/Ace-8-1.jpg","type":"image\/jpeg"}],"twitter_card":"summary_large_image","twitter_misc":{"Written by":"Mads Dreyer","Est. reading time":"1 minute"},"schema":{"@context":"https:\/\/schema.org","@graph":[{"@type":"Organization","@id":"https:\/\/acefootball.com\/da\/#organization","name":"Ace Football","url":"https:\/\/acefootball.com\/da\/","sameAs":["https:\/\/www.facebook.com\/acefootballdk"],"logo":{"@type":"ImageObject","@id":"https:\/\/acefootball.com\/da\/#logo","inLanguage":"en-US","url":"https:\/\/acefootball.com\/da\/wp-content\/uploads\/sites\/2\/2020\/07\/Ace-Football-30-07-2020-2.png","contentUrl":"https:\/\/acefootball.com\/da\/wp-content\/uploads\/sites\/2\/2020\/07\/Ace-Football-30-07-2020-2.png","width":1200,"height":600,"caption":"Ace Football"},"image":{"@id":"https:\/\/acefootball.com\/da\/#logo"}},{"@type":"WebSite","@id":"https:\/\/acefootball.com\/da\/#website","url":"https:\/\/acefootball.com\/da\/","name":"Ace Football Danmark","description":"Nyheder, Spiltips &amp; Livescore","publisher":{"@id":"https:\/\/acefootball.com\/da\/#organization"},"potentialAction":[{"@type":"SearchAction","target":{"@type":"EntryPoint","urlTemplate":"https:\/\/acefootball.com\/da\/?s={search_term_string}"},"query-input":"required name=search_term_string"}],"inLanguage":"en-US"},{"@type":"ImageObject","@id":"https:\/\/acefootball.com\/da\/fodboldnyheder\/liverpool-tilstande-i-barcelona-midtstopper-ude-i-en-maaned\/#primaryimage","inLanguage":"en-US","url":"https:\/\/acefootball.com\/da\/wp-content\/uploads\/sites\/2\/2020\/10\/Ace-8-1.jpg","contentUrl":"https:\/\/acefootball.com\/da\/wp-content\/uploads\/sites\/2\/2020\/10\/Ace-8-1.jpg","width":1920,"height":1008},{"@type":"WebPage","@id":"https:\/\/acefootball.com\/da\/fodboldnyheder\/liverpool-tilstande-i-barcelona-midtstopper-ude-i-en-maaned\/#webpage","url":"https:\/\/acefootball.com\/da\/fodboldnyheder\/liverpool-tilstande-i-barcelona-midtstopper-ude-i-en-maaned\/","name":"Liverpool-tilstande i Barcelona: Midtstopper ude i en m\u00e5ned","isPartOf":{"@id":"https:\/\/acefootball.com\/da\/#website"},"primaryImageOfPage":{"@id":"https:\/\/acefootball.com\/da\/fodboldnyheder\/liverpool-tilstande-i-barcelona-midtstopper-ude-i-en-maaned\/#primaryimage"},"datePublished":"2020-10-29T19:06:00+00:00","dateModified":"2020-10-29T19:06:01+00:00","description":"Det er ikke kun Liverpool, der er tyndt besat i forsvaret. Ogs\u00e5 FC Barcelona er i underskud af midterforsvarere den kommende m\u00e5ned","breadcrumb":{"@id":"https:\/\/acefootball.com\/da\/fodboldnyheder\/liverpool-tilstande-i-barcelona-midtstopper-ude-i-en-maaned\/#breadcrumb"},"inLanguage":"en-US","potentialAction":[{"@type":"ReadAction","target":["https:\/\/acefootball.com\/da\/fodboldnyheder\/liverpool-tilstande-i-barcelona-midtstopper-ude-i-en-maaned\/"]}]},{"@type":"BreadcrumbList","@id":"https:\/\/acefootball.com\/da\/fodboldnyheder\/liverpool-tilstande-i-barcelona-midtstopper-ude-i-en-maaned\/#breadcrumb","itemListElement":[{"@type":"ListItem","position":1,"name":"Home","item":"https:\/\/acefootball.com\/da\/"},{"@type":"ListItem","position":2,"name":"Liverpool-tilstande i Barcelona: Midtstopper ude i en m\u00e5ned"}]},{"@type":"Article","@id":"https:\/\/acefootball.com\/da\/fodboldnyheder\/liverpool-tilstande-i-barcelona-midtstopper-ude-i-en-maaned\/#article","isPartOf":{"@id":"https:\/\/acefootball.com\/da\/fodboldnyheder\/liverpool-tilstande-i-barcelona-midtstopper-ude-i-en-maaned\/#webpage"},"author":{"@id":"https:\/\/acefootball.com\/da\/#\/schema\/person\/ee67e9cf04a276f144100ffa722f10cd"},"headline":"Liverpool-tilstande i Barcelona: Midtstopper ude i en m\u00e5ned","datePublished":"2020-10-29T19:06:00+00:00","dateModified":"2020-10-29T19:06:01+00:00","mainEntityOfPage":{"@id":"https:\/\/acefootball.com\/da\/fodboldnyheder\/liverpool-tilstande-i-barcelona-midtstopper-ude-i-en-maaned\/#webpage"},"wordCount":168,"commentCount":0,"publisher":{"@id":"https:\/\/acefootball.com\/da\/#organization"},"image":{"@id":"https:\/\/acefootball.com\/da\/fodboldnyheder\/liverpool-tilstande-i-barcelona-midtstopper-ude-i-en-maaned\/#primaryimage"},"thumbnailUrl":"https:\/\/acefootball.com\/da\/wp-content\/uploads\/sites\/2\/2020\/08\/GettyImages-1173283798.jpg","keywords":["FC Barcelona","La Liga"],"articleSection":["Nyhed"],"inLanguage":"en-US","potentialAction":[{"@type":"CommentAction","name":"Comment","target":["https:\/\/acefootball.com\/da\/fodboldnyheder\/liverpool-tilstande-i-barcelona-midtstopper-ude-i-en-maaned\/#respond"]}]},{"@type":"Person","@id":"https:\/\/acefootball.com\/da\/#\/schema\/person\/ee67e9cf04a276f144100ffa722f10cd","name":"Mads Dreyer","image":{"@type":"ImageObject","@id":"https:\/\/acefootball.com\/da\/#personlogo","inLanguage":"en-US","url":"https:\/\/secure.gravatar.com\/avatar\/7c7abf72cfde9902b6a60efe60c88d4c?s=96&d=mm&r=g","contentUrl":"https:\/\/secure.gravatar.com\/avatar\/7c7abf72cfde9902b6a60efe60c88d4c?s=96&d=mm&r=g","caption":"Mads Dreyer"},"description":"Skribent og fodboldn\u00f8rd, der lige nu fort\u00e6ller om alt og intet i fodboldverdenen p\u00e5 acefootball.com. Uddannet i kommunikation fra Aalborg Universitet.","sameAs":["https:\/\/www.linkedin.com\/in\/mads-dreyer-b9b08266\/"],"url":"https:\/\/acefootball.com\/da\/fodboldnyheder\/author\/mdnronaldo\/"}]}},"fimg_url":"https:\/\/acefootball.com\/da\/wp-content\/uploads\/sites\/2\/2020\/08\/GettyImages-1173283798.jpg","_links":{"self":[{"href":"https:\/\/acefootball.com\/da\/wp-json\/wp\/v2\/posts\/241753"}],"collection":[{"href":"https:\/\/acefootball.com\/da\/wp-json\/wp\/v2\/posts"}],"about":[{"href":"https:\/\/acefootball.com\/da\/wp-json\/wp\/v2\/types\/post"}],"author":[{"embeddable":true,"href":"https:\/\/acefootball.com\/da\/wp-json\/wp\/v2\/users\/705"}],"replies":[{"embeddable":true,"href":"https:\/\/acefootball.com\/da\/wp-json\/wp\/v2\/comments?post=241753"}],"version-history":[{"count":0,"href":"https:\/\/acefootball.com\/da\/wp-json\/wp\/v2\/posts\/241753\/revisions"}],"wp:featuredmedia":[{"embeddable":true,"href":"https:\/\/acefootball.com\/da\/wp-json\/wp\/v2\/media\/234579"}],"wp:attachment":[{"href":"https:\/\/acefootball.com\/da\/wp-json\/wp\/v2\/media?parent=241753"}],"wp:term":[{"taxonomy":"category","embeddable":true,"href":"https:\/\/acefootball.com\/da\/wp-json\/wp\/v2\/categories?post=241753"},{"taxonomy":"post_tag","embeddable":true,"href":"https:\/\/acefootball.com\/da\/wp-json\/wp\/v2\/tags?post=241753"}],"curies":[{"name":"wp","href":"https:\/\/api.w.org\/{rel}","templated":true}]}}