{"id":241739,"date":"2020-10-29T17:45:38","date_gmt":"2020-10-29T16:45:38","guid":{"rendered":"https:\/\/acefootball.com\/da\/?p=241739"},"modified":"2020-10-29T17:45:38","modified_gmt":"2020-10-29T16:45:38","slug":"voksevaerk-i-fc-midtjylland-planer-om-store-investeringer","status":"publish","type":"post","link":"https:\/\/acefootball.com\/da\/fodboldnyheder\/voksevaerk-i-fc-midtjylland-planer-om-store-investeringer\/","title":{"rendered":"Voksev\u00e6rk i FC Midtjylland: Planer om store investeringer"},"content":{"rendered":"\n<h2 id=\"h-claus-steinlein-har-allerede-planer-for-hvordan-fc-midtjyllands-mange-champions-league-millioner-skal-investeres\">Claus Steinlein har allerede planer for, hvordan FC Midtjyllands mange Champions League-millioner skal investeres<\/h2>\n\n\n\n<div class=\"wp-block-si-widget wp-block-si-widget--center\"><si-lb-widget widget-id=\"MatchInfoWithOdds\" data-nopadding=\"true\" data-card=\"true\" width=\"440\" data-event-id=\"3389111\" data-provider=\"mrgreen\" data-theme-appearance=\"dark\"><\/si-lb-widget><\/div>\n\n\n\n<p>Der er for alvor kommet penge p\u00e5 kontoen i FC Midtjylland, som kan forvente et trecifret millionbel\u00f8b i indt\u00e6gter i forbindelse med Champions League-gruppespillet.<\/p>\n\n\n\n<p>Men det er ikke penge, der f\u00e5r lov at st\u00e5 p\u00e5 bogen i mange \u00e5r. Der er s\u00e5ledes store planer om at forbedre flere faciliteterne, mens klubben skal samles under en enkelt kommandocentral.<\/p>\n\n\n\n<figure class=\"wp-block-embed-wordpress wp-block-embed is-type-wp-embed is-provider-ace-football-danmark\"><div class=\"wp-block-embed__wrapper\">\n<blockquote class=\"wp-embedded-content\" data-secret=\"ic5fMx5kT3\"><a href=\"https:\/\/acefootball.com\/da\/fodboldnyheder\/fc-midtjylland-haanes-efter-tweet-barnligt\/\">FC Midtjylland h\u00e5nes efter tweet: Barnligt!<\/a><\/blockquote><iframe class=\"wp-embedded-content\" sandbox=\"allow-scripts\" security=\"restricted\" style=\"position: absolute; clip: rect(1px, 1px, 1px, 1px);\" title=\"&#8220;FC Midtjylland h\u00e5nes efter tweet: Barnligt!&#8221; &#8212; Ace Football Danmark\" src=\"https:\/\/acefootball.com\/da\/fodboldnyheder\/fc-midtjylland-haanes-efter-tweet-barnligt\/embed\/#?secret=ic5fMx5kT3\" data-secret=\"ic5fMx5kT3\" width=\"600\" height=\"338\" frameborder=\"0\" marginwidth=\"0\" marginheight=\"0\" scrolling=\"no\"><\/iframe>\n<\/div><\/figure>\n\n\n\n<p>&#8220;Vi skal have endnu bedre forhold for talentudviklingen, og den skal fortsat ligge i Ikast. Vi skal have samlet Superliga-holdet, akademiet og Guldminen i \u00e9n bygning. Det er det, vi kigger p\u00e5. Det blev bygget i 2004, s\u00e5 det er ved at v\u00e6re for\u00e6ldet. Vi skal have opgraderet faciliteterne,&#8221; udtaler administrerende direkt\u00f8r Claus Steinlein til <a href=\"https:\/\/www.tipsbladet.dk\/nyhed\/superliga\/store-planer-i-fc-midtjylland-vil-bygge-superfaciliteter-i-ikast\" target=\"_blank\" rel=\"noreferrer noopener\">Tipsbladet<\/a>.<\/p>\n\n\n\n<p>Ud over ovenn\u00e6vnte projekt er det ogs\u00e5 planen, at hjemmebanen MCH Arena skal have et ansigtsl\u00f8ft, mens tr\u00e6ningsanl\u00e6gget ogs\u00e5 skal have bedre forhold.<\/p>\n","protected":false},"excerpt":{"rendered":"<p>Claus Steinlein har allerede planer for, hvordan FC Midtjyllands mange Champions League-millioner skal investeres<\/p>\n","protected":false},"author":705,"featured_media":235764,"comment_status":"open","ping_status":"closed","sticky":false,"template":"","format":"standard","meta":{"om_disable_all_campaigns":false,"push_articles_ronaldo":{"active":false,"canonical":0,"publish":false},"force_updates":null},"categories":[8204],"tags":[51,588],"enet_tags":{"team":["8113"],"league":["46"],"sport_events":[3389111]},"yoast_head":"<!-- This site is optimized with the Yoast SEO plugin v18.3 - https:\/\/yoast.com\/wordpress\/plugins\/seo\/ -->\n<title>Voksev\u00e6rk i FC Midtjylland: Planer om store investeringer<\/title>\n<meta name=\"description\" content=\"Claus Steinlein har allerede planer for, hvordan FC Midtjyllands mange Champions League-millioner skal investeres\" \/>\n<meta name=\"robots\" content=\"index, follow, max-snippet:-1, max-image-preview:large, max-video-preview:-1\" \/>\n<link rel=\"canonical\" href=\"https:\/\/acefootball.com\/da\/fodboldnyheder\/voksevaerk-i-fc-midtjylland-planer-om-store-investeringer\/\" \/>\n<meta property=\"og:locale\" content=\"en_US\" \/>\n<meta property=\"og:type\" content=\"article\" \/>\n<meta property=\"og:title\" content=\"Voksev\u00e6rk i FC Midtjylland: Planer om store investeringer\" \/>\n<meta property=\"og:description\" content=\"Claus Steinlein har allerede planer for, hvordan FC Midtjyllands mange Champions League-millioner skal investeres\" \/>\n<meta property=\"og:url\" content=\"https:\/\/acefootball.com\/da\/fodboldnyheder\/voksevaerk-i-fc-midtjylland-planer-om-store-investeringer\/\" \/>\n<meta property=\"og:site_name\" content=\"Ace Football Danmark\" \/>\n<meta property=\"article:publisher\" content=\"https:\/\/www.facebook.com\/acefootballdk\" \/>\n<meta property=\"article:published_time\" content=\"2020-10-29T16:45:38+00:00\" \/>\n<meta property=\"og:image\" content=\"https:\/\/acefootball.com\/da\/wp-content\/uploads\/sites\/2\/2020\/10\/Ace-3-4.jpg\" \/>\n\t<meta property=\"og:image:width\" content=\"1920\" \/>\n\t<meta property=\"og:image:height\" content=\"1008\" \/>\n\t<meta property=\"og:image:type\" content=\"image\/jpeg\" \/>\n<meta name=\"twitter:card\" content=\"summary_large_image\" \/>\n<meta name=\"twitter:label1\" content=\"Written by\" \/>\n\t<meta name=\"twitter:data1\" content=\"Mads Dreyer\" \/>\n\t<meta name=\"twitter:label2\" content=\"Est. reading time\" \/>\n\t<meta name=\"twitter:data2\" content=\"1 minute\" \/>\n<script type=\"application\/ld+json\" class=\"yoast-schema-graph\">{\"@context\":\"https:\/\/schema.org\",\"@graph\":[{\"@type\":\"Organization\",\"@id\":\"https:\/\/acefootball.com\/da\/#organization\",\"name\":\"Ace Football\",\"url\":\"https:\/\/acefootball.com\/da\/\",\"sameAs\":[\"https:\/\/www.facebook.com\/acefootballdk\"],\"logo\":{\"@type\":\"ImageObject\",\"@id\":\"https:\/\/acefootball.com\/da\/#logo\",\"inLanguage\":\"en-US\",\"url\":\"https:\/\/acefootball.com\/da\/wp-content\/uploads\/sites\/2\/2020\/07\/Ace-Football-30-07-2020-2.png\",\"contentUrl\":\"https:\/\/acefootball.com\/da\/wp-content\/uploads\/sites\/2\/2020\/07\/Ace-Football-30-07-2020-2.png\",\"width\":1200,\"height\":600,\"caption\":\"Ace Football\"},\"image\":{\"@id\":\"https:\/\/acefootball.com\/da\/#logo\"}},{\"@type\":\"WebSite\",\"@id\":\"https:\/\/acefootball.com\/da\/#website\",\"url\":\"https:\/\/acefootball.com\/da\/\",\"name\":\"Ace Football Danmark\",\"description\":\"Nyheder, Spiltips &amp; Livescore\",\"publisher\":{\"@id\":\"https:\/\/acefootball.com\/da\/#organization\"},\"potentialAction\":[{\"@type\":\"SearchAction\",\"target\":{\"@type\":\"EntryPoint\",\"urlTemplate\":\"https:\/\/acefootball.com\/da\/?s={search_term_string}\"},\"query-input\":\"required name=search_term_string\"}],\"inLanguage\":\"en-US\"},{\"@type\":\"ImageObject\",\"@id\":\"https:\/\/acefootball.com\/da\/fodboldnyheder\/voksevaerk-i-fc-midtjylland-planer-om-store-investeringer\/#primaryimage\",\"inLanguage\":\"en-US\",\"url\":\"https:\/\/acefootball.com\/da\/wp-content\/uploads\/sites\/2\/2020\/10\/Ace-3-4.jpg\",\"contentUrl\":\"https:\/\/acefootball.com\/da\/wp-content\/uploads\/sites\/2\/2020\/10\/Ace-3-4.jpg\",\"width\":1920,\"height\":1008},{\"@type\":\"WebPage\",\"@id\":\"https:\/\/acefootball.com\/da\/fodboldnyheder\/voksevaerk-i-fc-midtjylland-planer-om-store-investeringer\/#webpage\",\"url\":\"https:\/\/acefootball.com\/da\/fodboldnyheder\/voksevaerk-i-fc-midtjylland-planer-om-store-investeringer\/\",\"name\":\"Voksev\u00e6rk i FC Midtjylland: Planer om store investeringer\",\"isPartOf\":{\"@id\":\"https:\/\/acefootball.com\/da\/#website\"},\"primaryImageOfPage\":{\"@id\":\"https:\/\/acefootball.com\/da\/fodboldnyheder\/voksevaerk-i-fc-midtjylland-planer-om-store-investeringer\/#primaryimage\"},\"datePublished\":\"2020-10-29T16:45:38+00:00\",\"dateModified\":\"2020-10-29T16:45:38+00:00\",\"description\":\"Claus Steinlein har allerede planer for, hvordan FC Midtjyllands mange Champions League-millioner skal investeres\",\"breadcrumb\":{\"@id\":\"https:\/\/acefootball.com\/da\/fodboldnyheder\/voksevaerk-i-fc-midtjylland-planer-om-store-investeringer\/#breadcrumb\"},\"inLanguage\":\"en-US\",\"potentialAction\":[{\"@type\":\"ReadAction\",\"target\":[\"https:\/\/acefootball.com\/da\/fodboldnyheder\/voksevaerk-i-fc-midtjylland-planer-om-store-investeringer\/\"]}]},{\"@type\":\"BreadcrumbList\",\"@id\":\"https:\/\/acefootball.com\/da\/fodboldnyheder\/voksevaerk-i-fc-midtjylland-planer-om-store-investeringer\/#breadcrumb\",\"itemListElement\":[{\"@type\":\"ListItem\",\"position\":1,\"name\":\"Home\",\"item\":\"https:\/\/acefootball.com\/da\/\"},{\"@type\":\"ListItem\",\"position\":2,\"name\":\"Voksev\u00e6rk i FC Midtjylland: Planer om store investeringer\"}]},{\"@type\":\"Article\",\"@id\":\"https:\/\/acefootball.com\/da\/fodboldnyheder\/voksevaerk-i-fc-midtjylland-planer-om-store-investeringer\/#article\",\"isPartOf\":{\"@id\":\"https:\/\/acefootball.com\/da\/fodboldnyheder\/voksevaerk-i-fc-midtjylland-planer-om-store-investeringer\/#webpage\"},\"author\":{\"@id\":\"https:\/\/acefootball.com\/da\/#\/schema\/person\/ee67e9cf04a276f144100ffa722f10cd\"},\"headline\":\"Voksev\u00e6rk i FC Midtjylland: Planer om store investeringer\",\"datePublished\":\"2020-10-29T16:45:38+00:00\",\"dateModified\":\"2020-10-29T16:45:38+00:00\",\"mainEntityOfPage\":{\"@id\":\"https:\/\/acefootball.com\/da\/fodboldnyheder\/voksevaerk-i-fc-midtjylland-planer-om-store-investeringer\/#webpage\"},\"wordCount\":175,\"commentCount\":0,\"publisher\":{\"@id\":\"https:\/\/acefootball.com\/da\/#organization\"},\"image\":{\"@id\":\"https:\/\/acefootball.com\/da\/fodboldnyheder\/voksevaerk-i-fc-midtjylland-planer-om-store-investeringer\/#primaryimage\"},\"thumbnailUrl\":\"https:\/\/acefootball.com\/da\/wp-content\/uploads\/sites\/2\/2020\/08\/GettyImages-1227791823.jpg\",\"keywords\":[\"FC Midtjylland\",\"Superligaen\"],\"articleSection\":[\"Udtalelse\"],\"inLanguage\":\"en-US\",\"potentialAction\":[{\"@type\":\"CommentAction\",\"name\":\"Comment\",\"target\":[\"https:\/\/acefootball.com\/da\/fodboldnyheder\/voksevaerk-i-fc-midtjylland-planer-om-store-investeringer\/#respond\"]}]},{\"@type\":\"Person\",\"@id\":\"https:\/\/acefootball.com\/da\/#\/schema\/person\/ee67e9cf04a276f144100ffa722f10cd\",\"name\":\"Mads Dreyer\",\"image\":{\"@type\":\"ImageObject\",\"@id\":\"https:\/\/acefootball.com\/da\/#personlogo\",\"inLanguage\":\"en-US\",\"url\":\"https:\/\/secure.gravatar.com\/avatar\/7c7abf72cfde9902b6a60efe60c88d4c?s=96&d=mm&r=g\",\"contentUrl\":\"https:\/\/secure.gravatar.com\/avatar\/7c7abf72cfde9902b6a60efe60c88d4c?s=96&d=mm&r=g\",\"caption\":\"Mads Dreyer\"},\"description\":\"Skribent og fodboldn\u00f8rd, der lige nu fort\u00e6ller om alt og intet i fodboldverdenen p\u00e5 acefootball.com. Uddannet i kommunikation fra Aalborg Universitet.\",\"sameAs\":[\"https:\/\/www.linkedin.com\/in\/mads-dreyer-b9b08266\/\"],\"url\":\"https:\/\/acefootball.com\/da\/fodboldnyheder\/author\/mdnronaldo\/\"}]}<\/script>\n<!-- \/ Yoast SEO plugin. -->","yoast_head_json":{"title":"Voksev\u00e6rk i FC Midtjylland: Planer om store investeringer","description":"Claus Steinlein har allerede planer for, hvordan FC Midtjyllands mange Champions League-millioner skal investeres","robots":{"index":"index","follow":"follow","max-snippet":"max-snippet:-1","max-image-preview":"max-image-preview:large","max-video-preview":"max-video-preview:-1"},"canonical":"https:\/\/acefootball.com\/da\/fodboldnyheder\/voksevaerk-i-fc-midtjylland-planer-om-store-investeringer\/","og_locale":"en_US","og_type":"article","og_title":"Voksev\u00e6rk i FC Midtjylland: Planer om store investeringer","og_description":"Claus Steinlein har allerede planer for, hvordan FC Midtjyllands mange Champions League-millioner skal investeres","og_url":"https:\/\/acefootball.com\/da\/fodboldnyheder\/voksevaerk-i-fc-midtjylland-planer-om-store-investeringer\/","og_site_name":"Ace Football Danmark","article_publisher":"https:\/\/www.facebook.com\/acefootballdk","article_published_time":"2020-10-29T16:45:38+00:00","og_image":[{"width":1920,"height":1008,"url":"https:\/\/acefootball.com\/da\/wp-content\/uploads\/sites\/2\/2020\/10\/Ace-3-4.jpg","type":"image\/jpeg"}],"twitter_card":"summary_large_image","twitter_misc":{"Written by":"Mads Dreyer","Est. reading time":"1 minute"},"schema":{"@context":"https:\/\/schema.org","@graph":[{"@type":"Organization","@id":"https:\/\/acefootball.com\/da\/#organization","name":"Ace Football","url":"https:\/\/acefootball.com\/da\/","sameAs":["https:\/\/www.facebook.com\/acefootballdk"],"logo":{"@type":"ImageObject","@id":"https:\/\/acefootball.com\/da\/#logo","inLanguage":"en-US","url":"https:\/\/acefootball.com\/da\/wp-content\/uploads\/sites\/2\/2020\/07\/Ace-Football-30-07-2020-2.png","contentUrl":"https:\/\/acefootball.com\/da\/wp-content\/uploads\/sites\/2\/2020\/07\/Ace-Football-30-07-2020-2.png","width":1200,"height":600,"caption":"Ace Football"},"image":{"@id":"https:\/\/acefootball.com\/da\/#logo"}},{"@type":"WebSite","@id":"https:\/\/acefootball.com\/da\/#website","url":"https:\/\/acefootball.com\/da\/","name":"Ace Football Danmark","description":"Nyheder, Spiltips &amp; Livescore","publisher":{"@id":"https:\/\/acefootball.com\/da\/#organization"},"potentialAction":[{"@type":"SearchAction","target":{"@type":"EntryPoint","urlTemplate":"https:\/\/acefootball.com\/da\/?s={search_term_string}"},"query-input":"required name=search_term_string"}],"inLanguage":"en-US"},{"@type":"ImageObject","@id":"https:\/\/acefootball.com\/da\/fodboldnyheder\/voksevaerk-i-fc-midtjylland-planer-om-store-investeringer\/#primaryimage","inLanguage":"en-US","url":"https:\/\/acefootball.com\/da\/wp-content\/uploads\/sites\/2\/2020\/10\/Ace-3-4.jpg","contentUrl":"https:\/\/acefootball.com\/da\/wp-content\/uploads\/sites\/2\/2020\/10\/Ace-3-4.jpg","width":1920,"height":1008},{"@type":"WebPage","@id":"https:\/\/acefootball.com\/da\/fodboldnyheder\/voksevaerk-i-fc-midtjylland-planer-om-store-investeringer\/#webpage","url":"https:\/\/acefootball.com\/da\/fodboldnyheder\/voksevaerk-i-fc-midtjylland-planer-om-store-investeringer\/","name":"Voksev\u00e6rk i FC Midtjylland: Planer om store investeringer","isPartOf":{"@id":"https:\/\/acefootball.com\/da\/#website"},"primaryImageOfPage":{"@id":"https:\/\/acefootball.com\/da\/fodboldnyheder\/voksevaerk-i-fc-midtjylland-planer-om-store-investeringer\/#primaryimage"},"datePublished":"2020-10-29T16:45:38+00:00","dateModified":"2020-10-29T16:45:38+00:00","description":"Claus Steinlein har allerede planer for, hvordan FC Midtjyllands mange Champions League-millioner skal investeres","breadcrumb":{"@id":"https:\/\/acefootball.com\/da\/fodboldnyheder\/voksevaerk-i-fc-midtjylland-planer-om-store-investeringer\/#breadcrumb"},"inLanguage":"en-US","potentialAction":[{"@type":"ReadAction","target":["https:\/\/acefootball.com\/da\/fodboldnyheder\/voksevaerk-i-fc-midtjylland-planer-om-store-investeringer\/"]}]},{"@type":"BreadcrumbList","@id":"https:\/\/acefootball.com\/da\/fodboldnyheder\/voksevaerk-i-fc-midtjylland-planer-om-store-investeringer\/#breadcrumb","itemListElement":[{"@type":"ListItem","position":1,"name":"Home","item":"https:\/\/acefootball.com\/da\/"},{"@type":"ListItem","position":2,"name":"Voksev\u00e6rk i FC Midtjylland: Planer om store investeringer"}]},{"@type":"Article","@id":"https:\/\/acefootball.com\/da\/fodboldnyheder\/voksevaerk-i-fc-midtjylland-planer-om-store-investeringer\/#article","isPartOf":{"@id":"https:\/\/acefootball.com\/da\/fodboldnyheder\/voksevaerk-i-fc-midtjylland-planer-om-store-investeringer\/#webpage"},"author":{"@id":"https:\/\/acefootball.com\/da\/#\/schema\/person\/ee67e9cf04a276f144100ffa722f10cd"},"headline":"Voksev\u00e6rk i FC Midtjylland: Planer om store investeringer","datePublished":"2020-10-29T16:45:38+00:00","dateModified":"2020-10-29T16:45:38+00:00","mainEntityOfPage":{"@id":"https:\/\/acefootball.com\/da\/fodboldnyheder\/voksevaerk-i-fc-midtjylland-planer-om-store-investeringer\/#webpage"},"wordCount":175,"commentCount":0,"publisher":{"@id":"https:\/\/acefootball.com\/da\/#organization"},"image":{"@id":"https:\/\/acefootball.com\/da\/fodboldnyheder\/voksevaerk-i-fc-midtjylland-planer-om-store-investeringer\/#primaryimage"},"thumbnailUrl":"https:\/\/acefootball.com\/da\/wp-content\/uploads\/sites\/2\/2020\/08\/GettyImages-1227791823.jpg","keywords":["FC Midtjylland","Superligaen"],"articleSection":["Udtalelse"],"inLanguage":"en-US","potentialAction":[{"@type":"CommentAction","name":"Comment","target":["https:\/\/acefootball.com\/da\/fodboldnyheder\/voksevaerk-i-fc-midtjylland-planer-om-store-investeringer\/#respond"]}]},{"@type":"Person","@id":"https:\/\/acefootball.com\/da\/#\/schema\/person\/ee67e9cf04a276f144100ffa722f10cd","name":"Mads Dreyer","image":{"@type":"ImageObject","@id":"https:\/\/acefootball.com\/da\/#personlogo","inLanguage":"en-US","url":"https:\/\/secure.gravatar.com\/avatar\/7c7abf72cfde9902b6a60efe60c88d4c?s=96&d=mm&r=g","contentUrl":"https:\/\/secure.gravatar.com\/avatar\/7c7abf72cfde9902b6a60efe60c88d4c?s=96&d=mm&r=g","caption":"Mads Dreyer"},"description":"Skribent og fodboldn\u00f8rd, der lige nu fort\u00e6ller om alt og intet i fodboldverdenen p\u00e5 acefootball.com. Uddannet i kommunikation fra Aalborg Universitet.","sameAs":["https:\/\/www.linkedin.com\/in\/mads-dreyer-b9b08266\/"],"url":"https:\/\/acefootball.com\/da\/fodboldnyheder\/author\/mdnronaldo\/"}]}},"fimg_url":"https:\/\/acefootball.com\/da\/wp-content\/uploads\/sites\/2\/2020\/08\/GettyImages-1227791823.jpg","_links":{"self":[{"href":"https:\/\/acefootball.com\/da\/wp-json\/wp\/v2\/posts\/241739"}],"collection":[{"href":"https:\/\/acefootball.com\/da\/wp-json\/wp\/v2\/posts"}],"about":[{"href":"https:\/\/acefootball.com\/da\/wp-json\/wp\/v2\/types\/post"}],"author":[{"embeddable":true,"href":"https:\/\/acefootball.com\/da\/wp-json\/wp\/v2\/users\/705"}],"replies":[{"embeddable":true,"href":"https:\/\/acefootball.com\/da\/wp-json\/wp\/v2\/comments?post=241739"}],"version-history":[{"count":0,"href":"https:\/\/acefootball.com\/da\/wp-json\/wp\/v2\/posts\/241739\/revisions"}],"wp:featuredmedia":[{"embeddable":true,"href":"https:\/\/acefootball.com\/da\/wp-json\/wp\/v2\/media\/235764"}],"wp:attachment":[{"href":"https:\/\/acefootball.com\/da\/wp-json\/wp\/v2\/media?parent=241739"}],"wp:term":[{"taxonomy":"category","embeddable":true,"href":"https:\/\/acefootball.com\/da\/wp-json\/wp\/v2\/categories?post=241739"},{"taxonomy":"post_tag","embeddable":true,"href":"https:\/\/acefootball.com\/da\/wp-json\/wp\/v2\/tags?post=241739"}],"curies":[{"name":"wp","href":"https:\/\/api.w.org\/{rel}","templated":true}]}}