{"id":241727,"date":"2020-10-29T16:06:04","date_gmt":"2020-10-29T15:06:04","guid":{"rendered":"https:\/\/acefootball.com\/da\/?p=241727"},"modified":"2020-10-29T16:06:05","modified_gmt":"2020-10-29T15:06:05","slug":"zeca-forklarer-fck-rundkreds-for-begge-familier","status":"publish","type":"post","link":"https:\/\/acefootball.com\/da\/fodboldnyheder\/zeca-forklarer-fck-rundkreds-for-begge-familier\/","title":{"rendered":"Zeca forklarer FCK-rundkreds: For begge familier"},"content":{"rendered":"\n<h2 id=\"h-carlos-zeca-kaldte-efter-sejren-over-agf-holdkammeraterne-sammen-til-en-peptalk-som-efterf-lgende-har-f-et-masser-af-omtale\">Carlos Zeca kaldte efter sejren over AGF holdkammeraterne sammen til en peptalk, som efterf\u00f8lgende har f\u00e5et masser af omtale<\/h2>\n\n\n\n<div class=\"wp-block-si-widget wp-block-si-widget--center\"><si-lb-widget widget-id=\"MatchInfoWithOdds\" data-nopadding=\"true\" data-card=\"true\" width=\"440\" data-event-id=\"3389103\" data-theme-appearance=\"dark\"><\/si-lb-widget><\/div>\n\n\n\n<p>FC K\u00f8benhavn tog i s\u00f8ndags et skridt ud af krisen, da man slog AGF med 1-0 p\u00e5 udebane efter en h\u00f8jdramatisk kamp.<\/p>\n\n\n\n<p>I fokus var selvf\u00f8lgelig Jonas Winds panenka-scoring, men der har v\u00e6ret lige s\u00e5 meget omtale af den rundkreds, Carlos Zeca kaldte FCK-spillerne ind til efter slutfl\u00f8jt.<\/p>\n\n\n\n<figure class=\"wp-block-embed-twitter wp-block-embed is-type-rich is-provider-twitter\"><div class=\"wp-block-embed__wrapper\">\n<blockquote class=\"twitter-tweet\" data-width=\"550\" data-dnt=\"true\"><p lang=\"da\" dir=\"ltr\">&quot;Boys, we are a fucking family!!!&quot; H\u00f8r Zecas tale til holdkammeraterne efter sejren i Aarhus \u26aa\ufe0f\ud83d\udd35\ud83d\udc4a\ud83c\udffc <a href=\"https:\/\/twitter.com\/hashtag\/fcklive?src=hash&amp;ref_src=twsrc%5Etfw\">#fcklive<\/a> <a href=\"https:\/\/twitter.com\/hashtag\/sldk?src=hash&amp;ref_src=twsrc%5Etfw\">#sldk<\/a> <a href=\"https:\/\/t.co\/n1YzDXimr0\">pic.twitter.com\/n1YzDXimr0<\/a><\/p>&mdash; F.C. K\u00f8benhavn (@FCKobenhavn) <a href=\"https:\/\/twitter.com\/FCKobenhavn\/status\/1320479112599900160?ref_src=twsrc%5Etfw\">October 25, 2020<\/a><\/blockquote><script async src=\"https:\/\/platform.twitter.com\/widgets.js\" charset=\"utf-8\"><\/script>\n<\/div><\/figure>\n\n\n\n<p>Videoen af peptalken gik til anf\u00f8rerens store overraskelse efterf\u00f8lgende viralt, og nu giver han selv en forklaring p\u00e5 tankerne bag.<\/p>\n\n\n\n<p>&#8220;Det var bare et specielt \u00f8jeblik for mig, som jeg ville dele med drengene. Jeg kunne se p\u00e5 dem, at de forstod budskabet &#8211; at vi er en familie, som vokser op sammen, og som holder sammen. Og for mig personligt passer det virkelig,&#8221; siger Zeca til <a href=\"https:\/\/www.fck.dk\/nyhed\/zeca-forklarer-sin-tale-drengene-er-min-familie-her\" target=\"_blank\" rel=\"noreferrer noopener\">klubbens hjemmeside<\/a>.<\/p>\n\n\n\n<figure class=\"wp-block-embed-wordpress wp-block-embed is-type-wp-embed is-provider-ace-football-danmark\"><div class=\"wp-block-embed__wrapper\">\n<blockquote class=\"wp-embedded-content\" data-secret=\"xHawGOlrLX\"><a href=\"https:\/\/acefootball.com\/da\/fodboldnyheder\/klubberne-venter-paa-regeringen-kan-give-langvarige-skader\/\">Klubberne venter p\u00e5 regeringen: Kan give langvarige skader<\/a><\/blockquote><iframe class=\"wp-embedded-content\" sandbox=\"allow-scripts\" security=\"restricted\" style=\"position: absolute; clip: rect(1px, 1px, 1px, 1px);\" title=\"&#8220;Klubberne venter p\u00e5 regeringen: Kan give langvarige skader&#8221; &#8212; Ace Football Danmark\" src=\"https:\/\/acefootball.com\/da\/fodboldnyheder\/klubberne-venter-paa-regeringen-kan-give-langvarige-skader\/embed\/#?secret=xHawGOlrLX\" data-secret=\"xHawGOlrLX\" width=\"600\" height=\"338\" frameborder=\"0\" marginwidth=\"0\" marginheight=\"0\" scrolling=\"no\"><\/iframe>\n<\/div><\/figure>\n\n\n\n<p>&#8220;Mine holdkammerater ved, at jeg er langt v\u00e6k fra min rigtige familie. Og derfor er drengene min familie, n\u00e5r jeg er her i K\u00f8benhavn. Jeg bruger meget mere tid sammen med dem, end med min rigtige familie. Og fordi det i s\u00f8ndags var min yngste datters f\u00f8dselsdag, var vi n\u00f8dt til at vinde for begge \u2019familiers\u2019 skyld. Det var bare det, jeg sagde til dem efter kampen. Og derfor var jeg ekstra glad for sejren.&#8221;<\/p>\n\n\n\n<p>FC K\u00f8benhavn spiller n\u00e6ste kamp i Superligaen p\u00e5 s\u00f8ndag, hvor man f\u00e5r bes\u00f8g af Lyngby.<\/p>\n\n\n\n<div class=\"wp-block-si-widget wp-block-si-widget--center\"><si-lb-widget widget-id=\"SignUpWidget\" width=\"440\" data-provider=\"mrgreen\" data-card=\"true\" data-theme-appearance=\"dark\"><\/si-lb-widget><\/div>\n","protected":false},"excerpt":{"rendered":"<p>Carlos Zeca kaldte efter sejren over AGF holdkammeraterne sammen til en peptalk, som efterf\u00f8lgende har f\u00e5et masser af omtale<\/p>\n","protected":false},"author":705,"featured_media":241387,"comment_status":"open","ping_status":"closed","sticky":false,"template":"","format":"standard","meta":{"om_disable_all_campaigns":false,"push_articles_ronaldo":{"active":false,"canonical":0,"publish":false},"force_updates":null},"categories":[8204],"tags":[872,16,588],"enet_tags":{"player":["11798"],"team":["8391"],"league":["46"],"sport_events":[3389103]},"yoast_head":"<!-- This site is optimized with the Yoast SEO plugin v18.3 - https:\/\/yoast.com\/wordpress\/plugins\/seo\/ -->\n<title>Zeca forklarer FCK-rundkreds: For begge familier<\/title>\n<meta name=\"description\" content=\"Carlos Zeca kaldte efter sejren over AGF holdkammeraterne sammen til en peptalk, som efterf\u00f8lgende har f\u00e5et masser af omtale\" \/>\n<meta name=\"robots\" content=\"index, follow, max-snippet:-1, max-image-preview:large, max-video-preview:-1\" \/>\n<link rel=\"canonical\" href=\"https:\/\/acefootball.com\/da\/fodboldnyheder\/zeca-forklarer-fck-rundkreds-for-begge-familier\/\" \/>\n<meta property=\"og:locale\" content=\"en_US\" \/>\n<meta property=\"og:type\" content=\"article\" \/>\n<meta property=\"og:title\" content=\"Zeca forklarer FCK-rundkreds: For begge familier\" \/>\n<meta property=\"og:description\" content=\"Carlos Zeca kaldte efter sejren over AGF holdkammeraterne sammen til en peptalk, som efterf\u00f8lgende har f\u00e5et masser af omtale\" \/>\n<meta property=\"og:url\" content=\"https:\/\/acefootball.com\/da\/fodboldnyheder\/zeca-forklarer-fck-rundkreds-for-begge-familier\/\" \/>\n<meta property=\"og:site_name\" content=\"Ace Football Danmark\" \/>\n<meta property=\"article:publisher\" content=\"https:\/\/www.facebook.com\/acefootballdk\" \/>\n<meta property=\"article:published_time\" content=\"2020-10-29T15:06:04+00:00\" \/>\n<meta property=\"article:modified_time\" content=\"2020-10-29T15:06:05+00:00\" \/>\n<meta property=\"og:image\" content=\"https:\/\/acefootball.com\/da\/wp-content\/uploads\/sites\/2\/2020\/10\/FCK-1.jpg\" \/>\n\t<meta property=\"og:image:width\" content=\"1920\" \/>\n\t<meta property=\"og:image:height\" content=\"1008\" \/>\n\t<meta property=\"og:image:type\" content=\"image\/jpeg\" \/>\n<meta name=\"twitter:card\" content=\"summary_large_image\" \/>\n<meta name=\"twitter:label1\" content=\"Written by\" \/>\n\t<meta name=\"twitter:data1\" content=\"Mads Dreyer\" \/>\n\t<meta name=\"twitter:label2\" content=\"Est. reading time\" \/>\n\t<meta name=\"twitter:data2\" content=\"1 minute\" \/>\n<script type=\"application\/ld+json\" class=\"yoast-schema-graph\">{\"@context\":\"https:\/\/schema.org\",\"@graph\":[{\"@type\":\"Organization\",\"@id\":\"https:\/\/acefootball.com\/da\/#organization\",\"name\":\"Ace Football\",\"url\":\"https:\/\/acefootball.com\/da\/\",\"sameAs\":[\"https:\/\/www.facebook.com\/acefootballdk\"],\"logo\":{\"@type\":\"ImageObject\",\"@id\":\"https:\/\/acefootball.com\/da\/#logo\",\"inLanguage\":\"en-US\",\"url\":\"https:\/\/acefootball.com\/da\/wp-content\/uploads\/sites\/2\/2020\/07\/Ace-Football-30-07-2020-2.png\",\"contentUrl\":\"https:\/\/acefootball.com\/da\/wp-content\/uploads\/sites\/2\/2020\/07\/Ace-Football-30-07-2020-2.png\",\"width\":1200,\"height\":600,\"caption\":\"Ace Football\"},\"image\":{\"@id\":\"https:\/\/acefootball.com\/da\/#logo\"}},{\"@type\":\"WebSite\",\"@id\":\"https:\/\/acefootball.com\/da\/#website\",\"url\":\"https:\/\/acefootball.com\/da\/\",\"name\":\"Ace Football Danmark\",\"description\":\"Nyheder, Spiltips &amp; Livescore\",\"publisher\":{\"@id\":\"https:\/\/acefootball.com\/da\/#organization\"},\"potentialAction\":[{\"@type\":\"SearchAction\",\"target\":{\"@type\":\"EntryPoint\",\"urlTemplate\":\"https:\/\/acefootball.com\/da\/?s={search_term_string}\"},\"query-input\":\"required name=search_term_string\"}],\"inLanguage\":\"en-US\"},{\"@type\":\"ImageObject\",\"@id\":\"https:\/\/acefootball.com\/da\/fodboldnyheder\/zeca-forklarer-fck-rundkreds-for-begge-familier\/#primaryimage\",\"inLanguage\":\"en-US\",\"url\":\"https:\/\/acefootball.com\/da\/wp-content\/uploads\/sites\/2\/2020\/10\/FCK-1.jpg\",\"contentUrl\":\"https:\/\/acefootball.com\/da\/wp-content\/uploads\/sites\/2\/2020\/10\/FCK-1.jpg\",\"width\":1920,\"height\":1008},{\"@type\":\"WebPage\",\"@id\":\"https:\/\/acefootball.com\/da\/fodboldnyheder\/zeca-forklarer-fck-rundkreds-for-begge-familier\/#webpage\",\"url\":\"https:\/\/acefootball.com\/da\/fodboldnyheder\/zeca-forklarer-fck-rundkreds-for-begge-familier\/\",\"name\":\"Zeca forklarer FCK-rundkreds: For begge familier\",\"isPartOf\":{\"@id\":\"https:\/\/acefootball.com\/da\/#website\"},\"primaryImageOfPage\":{\"@id\":\"https:\/\/acefootball.com\/da\/fodboldnyheder\/zeca-forklarer-fck-rundkreds-for-begge-familier\/#primaryimage\"},\"datePublished\":\"2020-10-29T15:06:04+00:00\",\"dateModified\":\"2020-10-29T15:06:05+00:00\",\"description\":\"Carlos Zeca kaldte efter sejren over AGF holdkammeraterne sammen til en peptalk, som efterf\u00f8lgende har f\u00e5et masser af omtale\",\"breadcrumb\":{\"@id\":\"https:\/\/acefootball.com\/da\/fodboldnyheder\/zeca-forklarer-fck-rundkreds-for-begge-familier\/#breadcrumb\"},\"inLanguage\":\"en-US\",\"potentialAction\":[{\"@type\":\"ReadAction\",\"target\":[\"https:\/\/acefootball.com\/da\/fodboldnyheder\/zeca-forklarer-fck-rundkreds-for-begge-familier\/\"]}]},{\"@type\":\"BreadcrumbList\",\"@id\":\"https:\/\/acefootball.com\/da\/fodboldnyheder\/zeca-forklarer-fck-rundkreds-for-begge-familier\/#breadcrumb\",\"itemListElement\":[{\"@type\":\"ListItem\",\"position\":1,\"name\":\"Home\",\"item\":\"https:\/\/acefootball.com\/da\/\"},{\"@type\":\"ListItem\",\"position\":2,\"name\":\"Zeca forklarer FCK-rundkreds: For begge familier\"}]},{\"@type\":\"Article\",\"@id\":\"https:\/\/acefootball.com\/da\/fodboldnyheder\/zeca-forklarer-fck-rundkreds-for-begge-familier\/#article\",\"isPartOf\":{\"@id\":\"https:\/\/acefootball.com\/da\/fodboldnyheder\/zeca-forklarer-fck-rundkreds-for-begge-familier\/#webpage\"},\"author\":{\"@id\":\"https:\/\/acefootball.com\/da\/#\/schema\/person\/ee67e9cf04a276f144100ffa722f10cd\"},\"headline\":\"Zeca forklarer FCK-rundkreds: For begge familier\",\"datePublished\":\"2020-10-29T15:06:04+00:00\",\"dateModified\":\"2020-10-29T15:06:05+00:00\",\"mainEntityOfPage\":{\"@id\":\"https:\/\/acefootball.com\/da\/fodboldnyheder\/zeca-forklarer-fck-rundkreds-for-begge-familier\/#webpage\"},\"wordCount\":264,\"commentCount\":0,\"publisher\":{\"@id\":\"https:\/\/acefootball.com\/da\/#organization\"},\"image\":{\"@id\":\"https:\/\/acefootball.com\/da\/fodboldnyheder\/zeca-forklarer-fck-rundkreds-for-begge-familier\/#primaryimage\"},\"thumbnailUrl\":\"https:\/\/acefootball.com\/da\/wp-content\/uploads\/sites\/2\/2020\/10\/GettyImages-1229280479.jpg\",\"keywords\":[\"Carlos Zeca\",\"FC K\u00f8benhavn\",\"Superligaen\"],\"articleSection\":[\"Udtalelse\"],\"inLanguage\":\"en-US\",\"potentialAction\":[{\"@type\":\"CommentAction\",\"name\":\"Comment\",\"target\":[\"https:\/\/acefootball.com\/da\/fodboldnyheder\/zeca-forklarer-fck-rundkreds-for-begge-familier\/#respond\"]}]},{\"@type\":\"Person\",\"@id\":\"https:\/\/acefootball.com\/da\/#\/schema\/person\/ee67e9cf04a276f144100ffa722f10cd\",\"name\":\"Mads Dreyer\",\"image\":{\"@type\":\"ImageObject\",\"@id\":\"https:\/\/acefootball.com\/da\/#personlogo\",\"inLanguage\":\"en-US\",\"url\":\"https:\/\/secure.gravatar.com\/avatar\/7c7abf72cfde9902b6a60efe60c88d4c?s=96&d=mm&r=g\",\"contentUrl\":\"https:\/\/secure.gravatar.com\/avatar\/7c7abf72cfde9902b6a60efe60c88d4c?s=96&d=mm&r=g\",\"caption\":\"Mads Dreyer\"},\"description\":\"Skribent og fodboldn\u00f8rd, der lige nu fort\u00e6ller om alt og intet i fodboldverdenen p\u00e5 acefootball.com. Uddannet i kommunikation fra Aalborg Universitet.\",\"sameAs\":[\"https:\/\/www.linkedin.com\/in\/mads-dreyer-b9b08266\/\"],\"url\":\"https:\/\/acefootball.com\/da\/fodboldnyheder\/author\/mdnronaldo\/\"}]}<\/script>\n<!-- \/ Yoast SEO plugin. -->","yoast_head_json":{"title":"Zeca forklarer FCK-rundkreds: For begge familier","description":"Carlos Zeca kaldte efter sejren over AGF holdkammeraterne sammen til en peptalk, som efterf\u00f8lgende har f\u00e5et masser af omtale","robots":{"index":"index","follow":"follow","max-snippet":"max-snippet:-1","max-image-preview":"max-image-preview:large","max-video-preview":"max-video-preview:-1"},"canonical":"https:\/\/acefootball.com\/da\/fodboldnyheder\/zeca-forklarer-fck-rundkreds-for-begge-familier\/","og_locale":"en_US","og_type":"article","og_title":"Zeca forklarer FCK-rundkreds: For begge familier","og_description":"Carlos Zeca kaldte efter sejren over AGF holdkammeraterne sammen til en peptalk, som efterf\u00f8lgende har f\u00e5et masser af omtale","og_url":"https:\/\/acefootball.com\/da\/fodboldnyheder\/zeca-forklarer-fck-rundkreds-for-begge-familier\/","og_site_name":"Ace Football Danmark","article_publisher":"https:\/\/www.facebook.com\/acefootballdk","article_published_time":"2020-10-29T15:06:04+00:00","article_modified_time":"2020-10-29T15:06:05+00:00","og_image":[{"width":1920,"height":1008,"url":"https:\/\/acefootball.com\/da\/wp-content\/uploads\/sites\/2\/2020\/10\/FCK-1.jpg","type":"image\/jpeg"}],"twitter_card":"summary_large_image","twitter_misc":{"Written by":"Mads Dreyer","Est. reading time":"1 minute"},"schema":{"@context":"https:\/\/schema.org","@graph":[{"@type":"Organization","@id":"https:\/\/acefootball.com\/da\/#organization","name":"Ace Football","url":"https:\/\/acefootball.com\/da\/","sameAs":["https:\/\/www.facebook.com\/acefootballdk"],"logo":{"@type":"ImageObject","@id":"https:\/\/acefootball.com\/da\/#logo","inLanguage":"en-US","url":"https:\/\/acefootball.com\/da\/wp-content\/uploads\/sites\/2\/2020\/07\/Ace-Football-30-07-2020-2.png","contentUrl":"https:\/\/acefootball.com\/da\/wp-content\/uploads\/sites\/2\/2020\/07\/Ace-Football-30-07-2020-2.png","width":1200,"height":600,"caption":"Ace Football"},"image":{"@id":"https:\/\/acefootball.com\/da\/#logo"}},{"@type":"WebSite","@id":"https:\/\/acefootball.com\/da\/#website","url":"https:\/\/acefootball.com\/da\/","name":"Ace Football Danmark","description":"Nyheder, Spiltips &amp; Livescore","publisher":{"@id":"https:\/\/acefootball.com\/da\/#organization"},"potentialAction":[{"@type":"SearchAction","target":{"@type":"EntryPoint","urlTemplate":"https:\/\/acefootball.com\/da\/?s={search_term_string}"},"query-input":"required name=search_term_string"}],"inLanguage":"en-US"},{"@type":"ImageObject","@id":"https:\/\/acefootball.com\/da\/fodboldnyheder\/zeca-forklarer-fck-rundkreds-for-begge-familier\/#primaryimage","inLanguage":"en-US","url":"https:\/\/acefootball.com\/da\/wp-content\/uploads\/sites\/2\/2020\/10\/FCK-1.jpg","contentUrl":"https:\/\/acefootball.com\/da\/wp-content\/uploads\/sites\/2\/2020\/10\/FCK-1.jpg","width":1920,"height":1008},{"@type":"WebPage","@id":"https:\/\/acefootball.com\/da\/fodboldnyheder\/zeca-forklarer-fck-rundkreds-for-begge-familier\/#webpage","url":"https:\/\/acefootball.com\/da\/fodboldnyheder\/zeca-forklarer-fck-rundkreds-for-begge-familier\/","name":"Zeca forklarer FCK-rundkreds: For begge familier","isPartOf":{"@id":"https:\/\/acefootball.com\/da\/#website"},"primaryImageOfPage":{"@id":"https:\/\/acefootball.com\/da\/fodboldnyheder\/zeca-forklarer-fck-rundkreds-for-begge-familier\/#primaryimage"},"datePublished":"2020-10-29T15:06:04+00:00","dateModified":"2020-10-29T15:06:05+00:00","description":"Carlos Zeca kaldte efter sejren over AGF holdkammeraterne sammen til en peptalk, som efterf\u00f8lgende har f\u00e5et masser af omtale","breadcrumb":{"@id":"https:\/\/acefootball.com\/da\/fodboldnyheder\/zeca-forklarer-fck-rundkreds-for-begge-familier\/#breadcrumb"},"inLanguage":"en-US","potentialAction":[{"@type":"ReadAction","target":["https:\/\/acefootball.com\/da\/fodboldnyheder\/zeca-forklarer-fck-rundkreds-for-begge-familier\/"]}]},{"@type":"BreadcrumbList","@id":"https:\/\/acefootball.com\/da\/fodboldnyheder\/zeca-forklarer-fck-rundkreds-for-begge-familier\/#breadcrumb","itemListElement":[{"@type":"ListItem","position":1,"name":"Home","item":"https:\/\/acefootball.com\/da\/"},{"@type":"ListItem","position":2,"name":"Zeca forklarer FCK-rundkreds: For begge familier"}]},{"@type":"Article","@id":"https:\/\/acefootball.com\/da\/fodboldnyheder\/zeca-forklarer-fck-rundkreds-for-begge-familier\/#article","isPartOf":{"@id":"https:\/\/acefootball.com\/da\/fodboldnyheder\/zeca-forklarer-fck-rundkreds-for-begge-familier\/#webpage"},"author":{"@id":"https:\/\/acefootball.com\/da\/#\/schema\/person\/ee67e9cf04a276f144100ffa722f10cd"},"headline":"Zeca forklarer FCK-rundkreds: For begge familier","datePublished":"2020-10-29T15:06:04+00:00","dateModified":"2020-10-29T15:06:05+00:00","mainEntityOfPage":{"@id":"https:\/\/acefootball.com\/da\/fodboldnyheder\/zeca-forklarer-fck-rundkreds-for-begge-familier\/#webpage"},"wordCount":264,"commentCount":0,"publisher":{"@id":"https:\/\/acefootball.com\/da\/#organization"},"image":{"@id":"https:\/\/acefootball.com\/da\/fodboldnyheder\/zeca-forklarer-fck-rundkreds-for-begge-familier\/#primaryimage"},"thumbnailUrl":"https:\/\/acefootball.com\/da\/wp-content\/uploads\/sites\/2\/2020\/10\/GettyImages-1229280479.jpg","keywords":["Carlos Zeca","FC K\u00f8benhavn","Superligaen"],"articleSection":["Udtalelse"],"inLanguage":"en-US","potentialAction":[{"@type":"CommentAction","name":"Comment","target":["https:\/\/acefootball.com\/da\/fodboldnyheder\/zeca-forklarer-fck-rundkreds-for-begge-familier\/#respond"]}]},{"@type":"Person","@id":"https:\/\/acefootball.com\/da\/#\/schema\/person\/ee67e9cf04a276f144100ffa722f10cd","name":"Mads Dreyer","image":{"@type":"ImageObject","@id":"https:\/\/acefootball.com\/da\/#personlogo","inLanguage":"en-US","url":"https:\/\/secure.gravatar.com\/avatar\/7c7abf72cfde9902b6a60efe60c88d4c?s=96&d=mm&r=g","contentUrl":"https:\/\/secure.gravatar.com\/avatar\/7c7abf72cfde9902b6a60efe60c88d4c?s=96&d=mm&r=g","caption":"Mads Dreyer"},"description":"Skribent og fodboldn\u00f8rd, der lige nu fort\u00e6ller om alt og intet i fodboldverdenen p\u00e5 acefootball.com. Uddannet i kommunikation fra Aalborg Universitet.","sameAs":["https:\/\/www.linkedin.com\/in\/mads-dreyer-b9b08266\/"],"url":"https:\/\/acefootball.com\/da\/fodboldnyheder\/author\/mdnronaldo\/"}]}},"fimg_url":"https:\/\/acefootball.com\/da\/wp-content\/uploads\/sites\/2\/2020\/10\/GettyImages-1229280479.jpg","_links":{"self":[{"href":"https:\/\/acefootball.com\/da\/wp-json\/wp\/v2\/posts\/241727"}],"collection":[{"href":"https:\/\/acefootball.com\/da\/wp-json\/wp\/v2\/posts"}],"about":[{"href":"https:\/\/acefootball.com\/da\/wp-json\/wp\/v2\/types\/post"}],"author":[{"embeddable":true,"href":"https:\/\/acefootball.com\/da\/wp-json\/wp\/v2\/users\/705"}],"replies":[{"embeddable":true,"href":"https:\/\/acefootball.com\/da\/wp-json\/wp\/v2\/comments?post=241727"}],"version-history":[{"count":0,"href":"https:\/\/acefootball.com\/da\/wp-json\/wp\/v2\/posts\/241727\/revisions"}],"wp:featuredmedia":[{"embeddable":true,"href":"https:\/\/acefootball.com\/da\/wp-json\/wp\/v2\/media\/241387"}],"wp:attachment":[{"href":"https:\/\/acefootball.com\/da\/wp-json\/wp\/v2\/media?parent=241727"}],"wp:term":[{"taxonomy":"category","embeddable":true,"href":"https:\/\/acefootball.com\/da\/wp-json\/wp\/v2\/categories?post=241727"},{"taxonomy":"post_tag","embeddable":true,"href":"https:\/\/acefootball.com\/da\/wp-json\/wp\/v2\/tags?post=241727"}],"curies":[{"name":"wp","href":"https:\/\/api.w.org\/{rel}","templated":true}]}}